{"id":8762,"date":"2023-06-13T21:43:21","date_gmt":"2023-06-13T21:43:21","guid":{"rendered":"https:\/\/kibrisdakik.com\/index.php\/2023\/06\/13\/mecliste-guncel-konusmalar-yapiliyor-2\/"},"modified":"2023-06-13T21:43:21","modified_gmt":"2023-06-13T21:43:21","slug":"mecliste-guncel-konusmalar-yapiliyor-2","status":"publish","type":"post","link":"https:\/\/kibrisdakik.com\/?p=8762","title":{"rendered":"Meclis\u2019te g\u00fcncel konu\u015fmalar yap\u0131l\u0131yor"},"content":{"rendered":"<p><\/p>\n<div>\n<div class=\"mariselle-image-container center\">\n                <img width=\"1800\" height=\"1200\" class=\"lazy-image\" alt=\"\" decoding=\"async\" loading=\"lazy\" sizes=\"auto, (max-width: 1800px) 100vw, 1800px\" src=\"https:\/\/brtk.net\/wp-content\/uploads\/2023\/06\/13\/meclis-1-11.jpg?ver=f0dafbf0c436ab893ee51786b7c6ec4a\" srcset=\"https:\/\/brtk.net\/wp-content\/uploads\/2023\/06\/13\/meclis-1-11.jpg?ver=f0dafbf0c436ab893ee51786b7c6ec4a 1800w, https:\/\/brtk.net\/wp-content\/uploads\/2023\/06\/13\/meclis-1-11-300x200.jpg?ver=f0dafbf0c436ab893ee51786b7c6ec4a 300w, https:\/\/brtk.net\/wp-content\/uploads\/2023\/06\/13\/meclis-1-11-1024x683.jpg?ver=4f299fcc19e4b2aa1c9a2ae3f64aafca 1024w, https:\/\/brtk.net\/wp-content\/uploads\/2023\/06\/13\/meclis-1-11-768x512.jpg?ver=4f299fcc19e4b2aa1c9a2ae3f64aafca 768w, https:\/\/brtk.net\/wp-content\/uploads\/2023\/06\/13\/meclis-1-11-1536x1024.jpg?ver=c509b465cd4939c69329a2338b029425 1536w\"\/>                            <\/div>\n<p>Cumhuriyet Meclisi Genel Kurulu devam ediyor.<\/p>\n<p><a href=\"https:\/\/brtk.net\/\">CTP<\/a> Lefko\u015fa Milletvekili \u00dcr\u00fcn Solyal\u0131, g\u00fcncel konu\u015fmas\u0131nda, Mali ve \u0130ktisadi \u0130\u015fbirli\u011fi Protokol\u00fc\u2019n\u00fc okurken \u201cutand\u0131\u011f\u0131n\u0131\u201d ifade ederek, metnin i\u00e7erisinde uluslararas\u0131 bir protokolde olmamas\u0131 gereken \u201c\u00e7ok basit i\u015flemler\u201d yer ald\u0131\u011f\u0131n\u0131 belirtti. Solyal\u0131, \u201cBunlar\u0131, toplum olarak uygulamaktan aciz bir taraf olarak m\u0131 buraya koyuyoruz yoksa kar\u015f\u0131 taraf m\u0131 biz\u0131 \u00f6yle g\u00f6r\u00fcyor?\u201d diye sordu.<\/p>\n<p>Protokolde bir\u00e7ok yasaya ili\u015fkin de\u011fi\u015fiklik \u00f6ng\u00f6r\u00fcld\u00fc\u011f\u00fcn\u00fc s\u00f6yleyen Solyal\u0131, Anayasa\u2019n\u0131n 90\u2019\u0131nc\u0131 maddesine yer vererek, e\u011fer yasalarda bir de\u011fi\u015fiklik \u00f6ng\u00f6r\u00fcl\u00fcyorsa, bir onay yasas\u0131 al\u0131nmas\u0131 gerekti\u011fini s\u00f6yledi.<\/p>\n<p>Solyal\u0131, protokol\u00fcn s\u00fcresinin dolmas\u0131na 7 ay kald\u0131\u011f\u0131n\u0131 ancak \u00e7ok eylem \u00f6ng\u00f6rd\u00fc\u011f\u00fcnden yap\u0131lmas\u0131n\u0131n m\u00fcmk\u00fcn olmayaca\u011f\u0131 g\u00f6r\u00fc\u015f\u00fcnde olduklar\u0131n\u0131 belirtti.<\/p>\n<p>Protokol\u00fcn d\u00f6vize endeksli haz\u0131rland\u0131\u011f\u0131n\u0131 savunan Solyal\u0131, protokol\u00fcn haz\u0131rlad\u0131\u011f\u0131 g\u00fcnden bug\u00fcne b\u00fct\u00e7ede, TL\u2019nin de\u011fer kayb\u0131ndan kaynaklanan 100 milyon <a href=\"https:\/\/brtk.net\/\">sterlin<\/a>lik bir kay\u0131p ya\u015fanmas\u0131n\u0131n bir \u201c\u00f6ng\u00f6r\u00fcs\u00fczl\u00fck\u201d \u00f6rne\u011fi oldu\u011funu s\u00f6yledi. Solyal\u0131, toplumun \u201cbile isteye\u201d fakirle\u015ftirilmeye \u00e7al\u0131\u015f\u0131ld\u0131\u011f\u0131n\u0131 iddia etti.<\/p>\n<p>Toplu i\u015f s\u00f6zle\u015fmelerine ili\u015fkin maddeleri de ele\u015ftiren Solyal\u0131, Anayasa\u2019n\u0131n 54\u2019\u00fcnc\u00fc maddesinin toplu i\u015f s\u00f6zle\u015fmeleri d\u00fczenledi\u011fine i\u015faret ederek, mevcut yasa gere\u011fi toplu i\u015f s\u00f6zle\u015fmelerin bitmesinin ard\u0131ndan 1 y\u0131l ayn\u0131 ko\u015fullar\u0131n devam etti\u011fini hat\u0131rlatt\u0131.<\/p>\n<p>Bu konuda daha fazla \u00e7al\u0131\u015f\u0131lmas\u0131 \u00e7a\u011fr\u0131s\u0131nda bulunan Solyal\u0131, \u201c\u0130nsanlar\u0131n gelece\u011fidir, \u00e7al\u0131\u015fma hayat\u0131d\u0131r\u201d ifadelerini kulland\u0131 ve b\u00f6yle protokollerle m\u00fcdahale edilmemesi gerekti\u011fini s\u00f6yledi.<\/p>\n<p>Solyal\u0131, protokolde yer alan \u201cTL kullan\u0131m\u0131n\u0131n yayg\u0131nla\u015ft\u0131r\u0131lmas\u0131\u201d ibaresine de i\u015faret ederek, enflasyon vergisini, en az\u0131ndan bir para politikas\u0131 olarak protokol anla\u015fmas\u0131na neden konmad\u0131\u011f\u0131n\u0131 sordu.<\/p>\n<p>Ba\u015fbakan\u0131n d\u00f6vize ili\u015fkin bir komite kurulaca\u011f\u0131n\u0131 a\u00e7\u0131klad\u0131\u011f\u0131n\u0131 ancak ard\u0131ndan hi\u00e7bir eylemde bulunmad\u0131\u011f\u0131n\u0131 savunan Solyal\u0131, 2018 y\u0131l\u0131ndaki ekonomik krizde 4\u2019l\u00fc h\u00fck\u00fcmetin alm\u0131\u015f oldu\u011fu tedbirleri hat\u0131rlatt\u0131.<\/p>\n<p>Hintli bir ekonomistin \u201cFakirle\u015ftiren b\u00fcy\u00fcme\u201d tabirine de\u011finen Solyal\u0131, enflasyon ve zamlara ili\u015fkin baz\u0131 haber ba\u015fl\u0131klar\u0131na yer vererek, \u201cbize hi\u00e7bir \u00f6nlem bulamayan, aciz bir h\u00fck\u00fcmetle kar\u015f\u0131 kar\u015f\u0131yay\u0131z\u201d dedi.<\/p>\n<p>Solyal\u0131, h\u00fck\u00fcmete seslenerek \u201cgerekeni yap\u0131n\u201d \u00e7a\u011fr\u0131s\u0131nda bulundu.<\/p>\n<p>Muhalefet milletvekillerine yan\u0131t veren \u00c7al\u0131\u015fma ve Sosyal G\u00fcvenlik Bakan\u0131 Hasan Ta\u00e7oy, h\u00fck\u00fcmetin bir y\u0131ld\u0131r iktidarda oldu\u011funu ve 2022 y\u0131l\u0131 protokol\u00fcnde yer alan maddelerin bir\u00e7o\u011funun hayata ge\u00e7irildi\u011fini, be\u011fenilmeyen k\u0131s\u0131mlar\u0131n\u0131n kar\u015f\u0131l\u0131kl\u0131 g\u00f6r\u00fc\u015fmeyle yumu\u015fat\u0131ld\u0131\u011f\u0131n\u0131 s\u00f6yledi.<\/p>\n<p>Sendikalar ve toplu i\u015f s\u00f6zle\u015fmelerine ili\u015fkin, toplu i\u015f s\u00f6zle\u015fmesi olmad\u0131\u011f\u0131 durumlarda i\u015f yasas\u0131 kurallar\u0131n\u0131n ge\u00e7erli oldu\u011funu hat\u0131rlatan Ta\u00e7oy, i\u015f yasas\u0131nda olmamas\u0131 halinde toplu i\u015f s\u00f6zle\u015fmesinde yer alan maddelerin ge\u00e7erli oldu\u011funu kaydetti. <\/p>\n<p>Hasan Ta\u00e7oy, iki \u00fclke aras\u0131ndaki anla\u015fma gere\u011fi, T\u00fcrkiye\u2019den gelen \u00fcr\u00fcnlerin TL de\u011feriyle adaya geldi\u011fini ve bunlar\u0131n \u00fczerinden g\u00fcmr\u00fci al\u0131nd\u0131\u011f\u0131n\u0131 ancak <a href=\"https:\/\/brtk.net\/\">euro<\/a> endeksli bir muhasebede bunlar\u0131n <a href=\"https:\/\/brtk.net\/\">Euro<\/a>\u2019ya \u00e7evrilmesi halinde fiyatlar\u0131n g\u00fcnl\u00fck de\u011fiece\u011fini ifade etti.<\/p>\n<p>G\u00fcmr\u00fcklendirmedeki fiyat hesaplamalar\u0131 konusunda da bilgi vererek, d\u00f6viz ve TL olarak yap\u0131lan hesaplamalardaki farkl\u0131l\u0131klar\u0131 aktaran Ta\u00e7oy, \u201cTL ile mal etti\u011finiz bir \u015feyin hesab\u0131n\u0131 <a href=\"https:\/\/brtk.net\/\">Euro<\/a>\u2019yla yapamazs\u0131n\u0131z\u201d dedi.<\/p>\n<p><a href=\"https:\/\/brtk.net\/\">CTP<\/a> Lefko\u015fa Milletvekili Do\u011fu\u015f Derya, \u201cDevlet yoksullar\u0131 nas\u0131l \u00f6ld\u00fcr\u00fcr?\u201d konulu g\u00fcncel konu\u015fmas\u0131na ba\u015flamadan \u00f6nce \u00c7al\u0131\u015fma ve Sosyal G\u00fcvenlik Bakan\u0131 Hasan Ta\u00e7oy\u2019a \u201ckonular\u0131 doland\u0131rma\u201d ele\u015ftirisinde bulunarak, ger\u00e7ekle\u015fti denilen maddelerin toplumun menfaatine olacak maddeler olmad\u0131\u011f\u0131n\u0131 savundu.<\/p>\n<p>Derya, \u015fu an ya\u015fan\u0131lan ekonomik krizde imzalanan protokoller sonucunda devletin sosyal devlet mahiyetini yitirdi\u011fini \u00f6ne s\u00fcrd\u00fc.<\/p>\n<p>T\u00fcrk Liras\u0131 kullan\u0131m\u0131ndan dolay\u0131 T\u00fcrkiye\u2019nin neden senyoraj vergisi vermedi\u011finin yan\u0131t\u0131n\u0131 kimsenin veremedi\u011fini s\u00f6yleyen Derya, amac\u0131n, k\u00fc\u00e7\u00fcc\u00fck bir toplumu yok etmeye y\u00f6nelik ekonomik tedbirler uygulay\u0131p, sosyal m\u00fchendislikle yeniden dizayn etmek oldu\u011funu savundu.<\/p>\n<p>Toplumun dezavantajl\u0131 gruplar\u0131na ili\u015fkin baz\u0131 verileri payla\u015farak, bu gruplar\u0131n ya\u015fad\u0131\u011f\u0131 s\u0131k\u0131nt\u0131lara dikkat \u00e7eken Derya, kad\u0131n i\u015fsizlik oranlar\u0131n\u0131n erkeklerden 2 kat\u0131 fazla oldu\u011funu ve e\u015fit i\u015fe e\u015fit \u00fccret uygulanmamas\u0131ndan dolay\u0131 kad\u0131nlar\u0131n ma\u011fdur oldu\u011funu s\u00f6yledi. Derya, i\u015fsiz olan kad\u0131n say\u0131s\u0131n\u0131n da y\u0131llar itibar\u0131yla artmakta oldu\u011funu kaydetti.<\/p>\n<p>Dul \u00e7ocuk sahibi kad\u0131nlara 6 bin 499 TL \u201canal\u0131k yard\u0131m\u0131\u201d verildi\u011fini an\u0131msatan Derya, bu rakam\u0131n mevcut \u015fartlarda insan haysiyetine uygun olmad\u0131\u011f\u0131n\u0131 s\u00f6yledi ve kad\u0131n\u0131n i\u015fe ba\u015flamas\u0131 halinde bu yard\u0131m\u0131n kesildi\u011fini aktard\u0131. \u201cBu insanlara nas\u0131l istihdam alan\u0131 yarataca\u011f\u0131z\u0131 konu\u015fmak yerine, kazan\u0131lan haklar\u0131n nas\u0131l budand\u0131\u011f\u0131n\u0131 konu\u015fuyoruz\u201d diyen Derya, bu konularda herhangi bir \u00f6nlemin g\u00fcndeme gelmemesini ele\u015ftirdi.<\/p>\n<p>Derya, veriler hesapland\u0131\u011f\u0131nda ortalama g\u00fcnde 3 kad\u0131n\u0131n polise \u015fiddet bildiriminde bulundu\u011funu s\u00f6yleyerek, TO\u00c7ED\u2019e Ocak-Nisan 2023 d\u00f6neminde 27 kad\u0131n\u0131n Lefko\u015fa T\u00fcrk Belediyesi\u2019ne ait s\u0131\u011f\u0131nma evine ba\u015fvuruda bulundu\u011funu belirtti. Derya, Lefko\u015fa d\u0131\u015f\u0131nda polis \u015fiddet birimlerinin art\u0131k aktif olmad\u0131\u011f\u0131n\u0131 s\u00f6yledi.<\/p>\n<p>Do\u011fu\u015f Derya, 0-3 ya\u015f \u00e7ocuklar i\u00e7in devlet kre\u015fi olmamas\u0131n\u0131 ele\u015ftirerek, paras\u0131 olmayan ve akraba deste\u011fi bulamayan ki\u015filerin, kre\u015f olmad\u0131\u011f\u0131 i\u00e7in \u00e7al\u0131\u015famad\u0131\u011f\u0131n\u0131, bu nedenle ge\u00e7inemedi\u011fini kaydetti. Derya, bu durumun \u00e7ocuklar aras\u0131nda da e\u015fitsizlik yaratt\u0131\u011f\u0131n\u0131 belirtti.<\/p>\n<p>\u00c7ocuk istismar <a href=\"https:\/\/brtk.net\/\">vaka<\/a>lar\u0131nda y\u0131llar i\u00e7inde art\u0131\u015f ya\u015fand\u0131\u011f\u0131n\u0131n g\u00f6zlemledi\u011fini kaydeden Derya, zaman\u0131nda \u00e7ocuk ve gen\u00e7lere y\u00f6nelik TOGEM a\u00e7\u0131ld\u0131\u011f\u0131n\u0131 ancak bug\u00fcn TOGEM olmad\u0131\u011f\u0131n\u0131 ama \u201c\u00e7ok g\u00fczel protokoller\u201d oldu\u011funu s\u00f6yledi,<\/p>\n<p>Ate\u015fli siyahlara y\u00f6nelik bir kay\u0131t sisteminin hi\u00e7bir kamu kurumunda olmad\u0131\u011f\u0131n\u0131 da iddia eden Derya, \u201c\u00dclkede silahlanman\u0131n ne durumda oldu\u011funu bilmiyorsunuz\u201d dedi. Derya, ev i\u00e7i \u015fiddet olaylar\u0131nda av t\u00fcfe\u011fiyle \u00f6l\u00fcmler ya\u015fand\u0131\u011f\u0131na dikkkat \u00e7ekti.<\/p>\n<p>\u00dclke n\u00fcfusunun ya\u015flan\u0131yor oldu\u011funu da s\u00f6yleyen Derya, EVKAF\u2019a ait Lapta Huzurevi binas\u0131n\u0131n bir \u00f6zel ki\u015fiye kiraland\u0131\u011f\u0131n\u0131, bu \u00f6zel ki\u015finin de binay\u0131 ayda 5 bin <a href=\"https:\/\/brtk.net\/\">Sterlin<\/a>\u2018e devlete kiralad\u0131\u011f\u0131n\u0131 \u00f6ne s\u00fcrerek, \u201cDevlet kendi binas\u0131na kira \u00f6d\u00fcyor\u201d dedi.<\/p>\n<p>Engellilere y\u00f6nelik politikalar\u0131 da ele\u015ftiren Derya, 0-18 ya\u015f engellilere y\u00f6nelik e\u011fitimi \u00f6zel bir vak\u0131f olan \u00d6ZEV d\u0131\u015f\u0131nda veren bir kurumu olmad\u0131\u011f\u0131n\u0131 s\u00f6yledi. Derya, 18+ engelli bireylere y\u00f6nelik de \u00e7\u00f6z\u00fclemeyen sorunlar ve ayr\u0131mc\u0131l\u0131k ya\u015fand\u0131\u011f\u0131n\u0131 savundu.<\/p>\n<p>Derya, bu t\u00fcr sorunlar\u0131n \u00e7\u00f6z\u00fclmesi yerine, protokollerle yabanc\u0131lar\u0131n daha fazla mal ve arsa almas\u0131n\u0131n \u00f6n\u00fcn\u00fcn a\u00e7\u0131ld\u0131\u011f\u0131n\u0131 iddia ederek, \u201cSiz, kimin menfaati i\u00e7in orada oturuyorsunuz?\u201d diye sordu. Y\u00fcksek tahsilli gen\u00e7lerin \u00fclkeyi terk etti\u011fine i\u015faret eden Derya, \u201cYapt\u0131\u011f\u0131n\u0131z bug\u00fcn\u00fcn de\u011fil, gelece\u011fin tahribat\u0131d\u0131r\u201d dedi.<\/p>\n<p>\u00c7al\u0131\u015fma ve Sosyal G\u00fcvenlik Bakan\u0131 Hasan Ta\u00e7oy, Engelsiz Ya\u015fam Evi\u2019ne S\u0131\u011f\u0131nak Fonu\u2019ndan aktar\u0131m yapt\u0131klar\u0131n\u0131 s\u00f6yledi.<\/p>\n<p>Lapta Huzerevi i\u00e7in 2008\u2019de kiralanan evin huzur evi olarak kullan\u0131ld\u0131\u011f\u0131n\u0131 kaydeden Ta\u00e7oy, Kalkanl\u0131\u2019da ise bina sorununun d\u00fczenlemelerle planlamas\u0131n\u0131n yap\u0131ld\u0131\u011f\u0131n\u0131 belirtti.<\/p>\n<p>Zihinsel engelli ve kendi ayaklar\u0131 \u00fczerinde durabilen insanlar\u0131n da birlikte ya\u015famalar\u0131ndan kaynaklanan s\u0131k\u0131nt\u0131lar oldu\u011funu kaydeden Ta\u00e7oy, sosyal devlet olman\u0131n gereklerini yerine getiremediklerini belirterek, \u00fczerinde \u00e7al\u0131\u015ft\u0131klar\u0131 projeler hakk\u0131nda bilgi verdi.<\/p>\n<p>Ya\u015fl\u0131l\u0131k maa\u015flar\u0131ndan da bahseden Ta\u00e7oy, bu maa\u015flar\u0131n asgari \u00fccret \u00fczerinden hesapland\u0131\u011f\u0131n\u0131 s\u00f6yleyerek, \u00f6denen miktar\u0131n asgari \u00fccretin yakla\u015f\u0131k y\u00fczde 45\u2019i kadar oldu\u011funu belirtti.<\/p>\n<p>Engelli bir ki\u015finin \u00e7al\u0131\u015fma hayat\u0131na kazand\u0131r\u0131lmas\u0131n\u0131n yard\u0131m maa\u015f\u0131n\u0131n kesilmesi anlam\u0131nda olmamas\u0131 gerekti\u011fini dile getiren Ta\u00e7oy, gen\u00e7 bir ki\u015finin topluma kazand\u0131r\u0131lmas\u0131n\u0131n sa\u011flanmas\u0131 gerekti\u011fini kaydetti.<\/p>\n<p>Yap\u0131lan tadilatlar\u0131 hep ba\u011f\u0131\u015flarla yapmaya \u00e7al\u0131\u015ft\u0131klar\u0131n\u0131 s\u00f6yleyen Ta\u00e7oy, engelsiz ya\u015fam i\u00e7in bir\u00e7ok projenin hayata ge\u00e7mesi y\u00f6n\u00fcnde ad\u0131m att\u0131klar\u0131n\u0131 belirtti.<\/p>\n<p>Bir\u00e7ok eksik ve yap\u0131lmas\u0131 gereken projeler hakk\u0131nda bilgi veren Ta\u00e7oy, T\u00fcrkiye\u2019ye giderek oradaki yap\u0131lar\u0131 inceledi\u011fini ve imrendi\u011fini kaydetti.<\/p>\n<p>Yeni i\u015fe ba\u015flam\u0131\u015f kad\u0131n giri\u015fimcilere \u00f6deme yap\u0131ld\u0131\u011f\u0131n\u0131 dile getiren Ta\u00e7oy, bu ki\u015filerin kendilerine ula\u015fmas\u0131n\u0131 istedi.<\/p>\n<p>Toplumda sosyal devlet anlay\u0131\u015f\u0131n\u0131n s\u0131f\u0131r oldu\u011funu dile getiren Ta\u00e7oy, el birli\u011fiyle bu \u00e7itan\u0131n y\u00fckseltilmesi gerekti\u011fini belirtti.<\/p>\n<p>Ta\u00e7oy ayr\u0131ca, engelsiz ya\u015fam evi i\u00e7in kaynak veren TC b\u00fcy\u00fckel\u00e7ili\u011fi, KE\u0130 ofisi ve EVKAF\u2019a te\u015fekk\u00fcr etti.<\/p>\n<p>Lapta Huzurevi\u2019nin 15 Kas\u0131m\u2019a kadar bitirilmesi i\u00e7in \u00e7al\u0131\u015fmalar yapt\u0131\u011f\u0131n\u0131 dile getiren Ta\u00e7oy, bir\u00e7ok \u00e7al\u0131\u015fmaya giri\u015fimlerin s\u00fcrd\u00fc\u011f\u00fcn\u00fc kaydetti.<\/p>\n<\/p><\/div>\n<p><script async\n                    defer\n                    crossorigin=\"anonymous\"\n                    src=\"https:\/\/connect.facebook.net\/tr_TR\/sdk.js#xfbml=1&#038;version=v3.3\"\n            ><\/script><\/p>\n","protected":false},"excerpt":{"rendered":"<p>Cumhuriyet Meclisi Genel Kurulu devam ediyor. CTP Lefko\u015fa Milletvekili \u00dcr\u00fcn Solyal\u0131, g\u00fcncel konu\u015fmas\u0131nda, Mali ve \u0130ktisadi \u0130\u015fbirli\u011fi Protokol\u00fc\u2019n\u00fc okurken \u201cutand\u0131\u011f\u0131n\u0131\u201d ifade ederek, metnin i\u00e7erisinde uluslararas\u0131 bir protokolde olmamas\u0131 gereken \u201c\u00e7ok basit i\u015flemler\u201d yer ald\u0131\u011f\u0131n\u0131 belirtti. Solyal\u0131, \u201cBunlar\u0131, toplum olarak uygulamaktan aciz bir taraf olarak m\u0131 buraya koyuyoruz yoksa kar\u015f\u0131 taraf m\u0131 biz\u0131 \u00f6yle g\u00f6r\u00fcyor?\u201d diye<\/p>\n","protected":false},"author":1,"featured_media":8763,"comment_status":"open","ping_status":"open","sticky":false,"template":"","format":"standard","meta":{"footnotes":""},"categories":[1],"tags":[],"class_list":["post-8762","post","type-post","status-publish","format-standard","has-post-thumbnail","hentry","category-gundem"],"yoast_head":"<!-- This site is optimized with the Yoast SEO plugin v27.5 - https:\/\/yoast.com\/product\/yoast-seo-wordpress\/ -->\n<title>Meclis\u2019te g\u00fcncel konu\u015fmalar yap\u0131l\u0131yor -<\/title>\n<meta name=\"robots\" content=\"index, follow, max-snippet:-1, max-image-preview:large, max-video-preview:-1\" \/>\n<link rel=\"canonical\" href=\"https:\/\/kibrisdakik.com\/?p=8762\" \/>\n<meta property=\"og:locale\" content=\"tr_TR\" \/>\n<meta property=\"og:type\" content=\"article\" \/>\n<meta property=\"og:title\" content=\"Meclis\u2019te g\u00fcncel konu\u015fmalar yap\u0131l\u0131yor -\" \/>\n<meta property=\"og:description\" content=\"Cumhuriyet Meclisi Genel Kurulu devam ediyor. CTP Lefko\u015fa Milletvekili \u00dcr\u00fcn Solyal\u0131, g\u00fcncel konu\u015fmas\u0131nda, Mali ve \u0130ktisadi \u0130\u015fbirli\u011fi Protokol\u00fc\u2019n\u00fc okurken \u201cutand\u0131\u011f\u0131n\u0131\u201d ifade ederek, metnin i\u00e7erisinde uluslararas\u0131 bir protokolde olmamas\u0131 gereken \u201c\u00e7ok basit i\u015flemler\u201d yer ald\u0131\u011f\u0131n\u0131 belirtti. Solyal\u0131, \u201cBunlar\u0131, toplum olarak uygulamaktan aciz bir taraf olarak m\u0131 buraya koyuyoruz yoksa kar\u015f\u0131 taraf m\u0131 biz\u0131 \u00f6yle g\u00f6r\u00fcyor?\u201d diye\" \/>\n<meta property=\"og:url\" content=\"https:\/\/kibrisdakik.com\/?p=8762\" \/>\n<meta property=\"article:published_time\" content=\"2023-06-13T21:43:21+00:00\" \/>\n<meta property=\"og:image\" content=\"https:\/\/kibrisdakik.com\/wp-content\/uploads\/2023\/06\/meclis-3-19-740x420.jpg\" \/>\n\t<meta property=\"og:image:width\" content=\"1800\" \/>\n\t<meta property=\"og:image:height\" content=\"1200\" \/>\n\t<meta property=\"og:image:type\" content=\"image\/jpeg\" \/>\n<meta name=\"author\" content=\"admin\" \/>\n<meta name=\"twitter:card\" content=\"summary_large_image\" \/>\n<meta name=\"twitter:label1\" content=\"Yazan:\" \/>\n\t<meta name=\"twitter:data1\" content=\"admin\" \/>\n\t<meta name=\"twitter:label2\" content=\"Tahmini okuma s\u00fcresi\" \/>\n\t<meta name=\"twitter:data2\" content=\"8 dakika\" \/>\n<script type=\"application\/ld+json\" class=\"yoast-schema-graph\">{\"@context\":\"https:\\\/\\\/schema.org\",\"@graph\":[{\"@type\":\"Article\",\"@id\":\"https:\\\/\\\/kibrisdakik.com\\\/?p=8762#article\",\"isPartOf\":{\"@id\":\"https:\\\/\\\/kibrisdakik.com\\\/?p=8762\"},\"author\":{\"name\":\"admin\",\"@id\":\"https:\\\/\\\/kibrisdakik.com\\\/#\\\/schema\\\/person\\\/9cd9d437bbb44f72b73ba127e06d8e79\"},\"headline\":\"Meclis\u2019te g\u00fcncel konu\u015fmalar yap\u0131l\u0131yor\",\"datePublished\":\"2023-06-13T21:43:21+00:00\",\"mainEntityOfPage\":{\"@id\":\"https:\\\/\\\/kibrisdakik.com\\\/?p=8762\"},\"wordCount\":1595,\"commentCount\":0,\"image\":{\"@id\":\"https:\\\/\\\/kibrisdakik.com\\\/?p=8762#primaryimage\"},\"thumbnailUrl\":\"https:\\\/\\\/kibrisdakik.com\\\/wp-content\\\/uploads\\\/2023\\\/06\\\/meclis-3-19-740x420.jpg\",\"articleSection\":[\"G\u00fcndem\"],\"inLanguage\":\"tr\",\"potentialAction\":[{\"@type\":\"CommentAction\",\"name\":\"Comment\",\"target\":[\"https:\\\/\\\/kibrisdakik.com\\\/?p=8762#respond\"]}]},{\"@type\":\"WebPage\",\"@id\":\"https:\\\/\\\/kibrisdakik.com\\\/?p=8762\",\"url\":\"https:\\\/\\\/kibrisdakik.com\\\/?p=8762\",\"name\":\"Meclis\u2019te g\u00fcncel konu\u015fmalar yap\u0131l\u0131yor -\",\"isPartOf\":{\"@id\":\"https:\\\/\\\/kibrisdakik.com\\\/#website\"},\"primaryImageOfPage\":{\"@id\":\"https:\\\/\\\/kibrisdakik.com\\\/?p=8762#primaryimage\"},\"image\":{\"@id\":\"https:\\\/\\\/kibrisdakik.com\\\/?p=8762#primaryimage\"},\"thumbnailUrl\":\"https:\\\/\\\/kibrisdakik.com\\\/wp-content\\\/uploads\\\/2023\\\/06\\\/meclis-3-19-740x420.jpg\",\"datePublished\":\"2023-06-13T21:43:21+00:00\",\"author\":{\"@id\":\"https:\\\/\\\/kibrisdakik.com\\\/#\\\/schema\\\/person\\\/9cd9d437bbb44f72b73ba127e06d8e79\"},\"breadcrumb\":{\"@id\":\"https:\\\/\\\/kibrisdakik.com\\\/?p=8762#breadcrumb\"},\"inLanguage\":\"tr\",\"potentialAction\":[{\"@type\":\"ReadAction\",\"target\":[\"https:\\\/\\\/kibrisdakik.com\\\/?p=8762\"]}]},{\"@type\":\"ImageObject\",\"inLanguage\":\"tr\",\"@id\":\"https:\\\/\\\/kibrisdakik.com\\\/?p=8762#primaryimage\",\"url\":\"https:\\\/\\\/kibrisdakik.com\\\/wp-content\\\/uploads\\\/2023\\\/06\\\/meclis-3-19-740x420.jpg\",\"contentUrl\":\"https:\\\/\\\/kibrisdakik.com\\\/wp-content\\\/uploads\\\/2023\\\/06\\\/meclis-3-19-740x420.jpg\",\"width\":1800,\"height\":1200},{\"@type\":\"BreadcrumbList\",\"@id\":\"https:\\\/\\\/kibrisdakik.com\\\/?p=8762#breadcrumb\",\"itemListElement\":[{\"@type\":\"ListItem\",\"position\":1,\"name\":\"Home\",\"item\":\"https:\\\/\\\/kibrisdakik.com\\\/\"},{\"@type\":\"ListItem\",\"position\":2,\"name\":\"Meclis\u2019te g\u00fcncel konu\u015fmalar yap\u0131l\u0131yor\"}]},{\"@type\":\"WebSite\",\"@id\":\"https:\\\/\\\/kibrisdakik.com\\\/#website\",\"url\":\"https:\\\/\\\/kibrisdakik.com\\\/\",\"name\":\"\",\"description\":\"Tam vaktinde haber\",\"potentialAction\":[{\"@type\":\"SearchAction\",\"target\":{\"@type\":\"EntryPoint\",\"urlTemplate\":\"https:\\\/\\\/kibrisdakik.com\\\/?s={search_term_string}\"},\"query-input\":{\"@type\":\"PropertyValueSpecification\",\"valueRequired\":true,\"valueName\":\"search_term_string\"}}],\"inLanguage\":\"tr\"},{\"@type\":\"Person\",\"@id\":\"https:\\\/\\\/kibrisdakik.com\\\/#\\\/schema\\\/person\\\/9cd9d437bbb44f72b73ba127e06d8e79\",\"name\":\"admin\",\"image\":{\"@type\":\"ImageObject\",\"inLanguage\":\"tr\",\"@id\":\"https:\\\/\\\/secure.gravatar.com\\\/avatar\\\/ccc17943b9d660506c869530f897617f7cb1c21a4bf30023f252596d83e1f007?s=96&d=mm&r=g\",\"url\":\"https:\\\/\\\/secure.gravatar.com\\\/avatar\\\/ccc17943b9d660506c869530f897617f7cb1c21a4bf30023f252596d83e1f007?s=96&d=mm&r=g\",\"contentUrl\":\"https:\\\/\\\/secure.gravatar.com\\\/avatar\\\/ccc17943b9d660506c869530f897617f7cb1c21a4bf30023f252596d83e1f007?s=96&d=mm&r=g\",\"caption\":\"admin\"},\"sameAs\":[\"https:\\\/\\\/kibrisdakik.com\"],\"url\":\"https:\\\/\\\/kibrisdakik.com\\\/?author=1\"}]}<\/script>\n<!-- \/ Yoast SEO plugin. -->","yoast_head_json":{"title":"Meclis\u2019te g\u00fcncel konu\u015fmalar yap\u0131l\u0131yor -","robots":{"index":"index","follow":"follow","max-snippet":"max-snippet:-1","max-image-preview":"max-image-preview:large","max-video-preview":"max-video-preview:-1"},"canonical":"https:\/\/kibrisdakik.com\/?p=8762","og_locale":"tr_TR","og_type":"article","og_title":"Meclis\u2019te g\u00fcncel konu\u015fmalar yap\u0131l\u0131yor -","og_description":"Cumhuriyet Meclisi Genel Kurulu devam ediyor. CTP Lefko\u015fa Milletvekili \u00dcr\u00fcn Solyal\u0131, g\u00fcncel konu\u015fmas\u0131nda, Mali ve \u0130ktisadi \u0130\u015fbirli\u011fi Protokol\u00fc\u2019n\u00fc okurken \u201cutand\u0131\u011f\u0131n\u0131\u201d ifade ederek, metnin i\u00e7erisinde uluslararas\u0131 bir protokolde olmamas\u0131 gereken \u201c\u00e7ok basit i\u015flemler\u201d yer ald\u0131\u011f\u0131n\u0131 belirtti. Solyal\u0131, \u201cBunlar\u0131, toplum olarak uygulamaktan aciz bir taraf olarak m\u0131 buraya koyuyoruz yoksa kar\u015f\u0131 taraf m\u0131 biz\u0131 \u00f6yle g\u00f6r\u00fcyor?\u201d diye","og_url":"https:\/\/kibrisdakik.com\/?p=8762","article_published_time":"2023-06-13T21:43:21+00:00","og_image":[{"width":1800,"height":1200,"url":"https:\/\/kibrisdakik.com\/wp-content\/uploads\/2023\/06\/meclis-3-19-740x420.jpg","type":"image\/jpeg"}],"author":"admin","twitter_card":"summary_large_image","twitter_misc":{"Yazan:":"admin","Tahmini okuma s\u00fcresi":"8 dakika"},"schema":{"@context":"https:\/\/schema.org","@graph":[{"@type":"Article","@id":"https:\/\/kibrisdakik.com\/?p=8762#article","isPartOf":{"@id":"https:\/\/kibrisdakik.com\/?p=8762"},"author":{"name":"admin","@id":"https:\/\/kibrisdakik.com\/#\/schema\/person\/9cd9d437bbb44f72b73ba127e06d8e79"},"headline":"Meclis\u2019te g\u00fcncel konu\u015fmalar yap\u0131l\u0131yor","datePublished":"2023-06-13T21:43:21+00:00","mainEntityOfPage":{"@id":"https:\/\/kibrisdakik.com\/?p=8762"},"wordCount":1595,"commentCount":0,"image":{"@id":"https:\/\/kibrisdakik.com\/?p=8762#primaryimage"},"thumbnailUrl":"https:\/\/kibrisdakik.com\/wp-content\/uploads\/2023\/06\/meclis-3-19-740x420.jpg","articleSection":["G\u00fcndem"],"inLanguage":"tr","potentialAction":[{"@type":"CommentAction","name":"Comment","target":["https:\/\/kibrisdakik.com\/?p=8762#respond"]}]},{"@type":"WebPage","@id":"https:\/\/kibrisdakik.com\/?p=8762","url":"https:\/\/kibrisdakik.com\/?p=8762","name":"Meclis\u2019te g\u00fcncel konu\u015fmalar yap\u0131l\u0131yor -","isPartOf":{"@id":"https:\/\/kibrisdakik.com\/#website"},"primaryImageOfPage":{"@id":"https:\/\/kibrisdakik.com\/?p=8762#primaryimage"},"image":{"@id":"https:\/\/kibrisdakik.com\/?p=8762#primaryimage"},"thumbnailUrl":"https:\/\/kibrisdakik.com\/wp-content\/uploads\/2023\/06\/meclis-3-19-740x420.jpg","datePublished":"2023-06-13T21:43:21+00:00","author":{"@id":"https:\/\/kibrisdakik.com\/#\/schema\/person\/9cd9d437bbb44f72b73ba127e06d8e79"},"breadcrumb":{"@id":"https:\/\/kibrisdakik.com\/?p=8762#breadcrumb"},"inLanguage":"tr","potentialAction":[{"@type":"ReadAction","target":["https:\/\/kibrisdakik.com\/?p=8762"]}]},{"@type":"ImageObject","inLanguage":"tr","@id":"https:\/\/kibrisdakik.com\/?p=8762#primaryimage","url":"https:\/\/kibrisdakik.com\/wp-content\/uploads\/2023\/06\/meclis-3-19-740x420.jpg","contentUrl":"https:\/\/kibrisdakik.com\/wp-content\/uploads\/2023\/06\/meclis-3-19-740x420.jpg","width":1800,"height":1200},{"@type":"BreadcrumbList","@id":"https:\/\/kibrisdakik.com\/?p=8762#breadcrumb","itemListElement":[{"@type":"ListItem","position":1,"name":"Home","item":"https:\/\/kibrisdakik.com\/"},{"@type":"ListItem","position":2,"name":"Meclis\u2019te g\u00fcncel konu\u015fmalar yap\u0131l\u0131yor"}]},{"@type":"WebSite","@id":"https:\/\/kibrisdakik.com\/#website","url":"https:\/\/kibrisdakik.com\/","name":"","description":"Tam vaktinde haber","potentialAction":[{"@type":"SearchAction","target":{"@type":"EntryPoint","urlTemplate":"https:\/\/kibrisdakik.com\/?s={search_term_string}"},"query-input":{"@type":"PropertyValueSpecification","valueRequired":true,"valueName":"search_term_string"}}],"inLanguage":"tr"},{"@type":"Person","@id":"https:\/\/kibrisdakik.com\/#\/schema\/person\/9cd9d437bbb44f72b73ba127e06d8e79","name":"admin","image":{"@type":"ImageObject","inLanguage":"tr","@id":"https:\/\/secure.gravatar.com\/avatar\/ccc17943b9d660506c869530f897617f7cb1c21a4bf30023f252596d83e1f007?s=96&d=mm&r=g","url":"https:\/\/secure.gravatar.com\/avatar\/ccc17943b9d660506c869530f897617f7cb1c21a4bf30023f252596d83e1f007?s=96&d=mm&r=g","contentUrl":"https:\/\/secure.gravatar.com\/avatar\/ccc17943b9d660506c869530f897617f7cb1c21a4bf30023f252596d83e1f007?s=96&d=mm&r=g","caption":"admin"},"sameAs":["https:\/\/kibrisdakik.com"],"url":"https:\/\/kibrisdakik.com\/?author=1"}]}},"_links":{"self":[{"href":"https:\/\/kibrisdakik.com\/index.php?rest_route=\/wp\/v2\/posts\/8762","targetHints":{"allow":["GET"]}}],"collection":[{"href":"https:\/\/kibrisdakik.com\/index.php?rest_route=\/wp\/v2\/posts"}],"about":[{"href":"https:\/\/kibrisdakik.com\/index.php?rest_route=\/wp\/v2\/types\/post"}],"author":[{"embeddable":true,"href":"https:\/\/kibrisdakik.com\/index.php?rest_route=\/wp\/v2\/users\/1"}],"replies":[{"embeddable":true,"href":"https:\/\/kibrisdakik.com\/index.php?rest_route=%2Fwp%2Fv2%2Fcomments&post=8762"}],"version-history":[{"count":0,"href":"https:\/\/kibrisdakik.com\/index.php?rest_route=\/wp\/v2\/posts\/8762\/revisions"}],"wp:featuredmedia":[{"embeddable":true,"href":"https:\/\/kibrisdakik.com\/index.php?rest_route=\/wp\/v2\/media\/8763"}],"wp:attachment":[{"href":"https:\/\/kibrisdakik.com\/index.php?rest_route=%2Fwp%2Fv2%2Fmedia&parent=8762"}],"wp:term":[{"taxonomy":"category","embeddable":true,"href":"https:\/\/kibrisdakik.com\/index.php?rest_route=%2Fwp%2Fv2%2Fcategories&post=8762"},{"taxonomy":"post_tag","embeddable":true,"href":"https:\/\/kibrisdakik.com\/index.php?rest_route=%2Fwp%2Fv2%2Ftags&post=8762"}],"curies":[{"name":"wp","href":"https:\/\/api.w.org\/{rel}","templated":true}]}}