{"id":8766,"date":"2023-06-14T00:46:40","date_gmt":"2023-06-14T00:46:40","guid":{"rendered":"https:\/\/kibrisdakik.com\/index.php\/2023\/06\/14\/mecliste-ulke-ekonomisi-konusuldu\/"},"modified":"2023-06-14T00:46:40","modified_gmt":"2023-06-14T00:46:40","slug":"mecliste-ulke-ekonomisi-konusuldu","status":"publish","type":"post","link":"https:\/\/kibrisdakik.com\/?p=8766","title":{"rendered":"Meclis\u2019te \u00fclke ekonomisi konu\u015fuldu"},"content":{"rendered":"<p><\/p>\n<div>\n<div class=\"mariselle-image-container center\">\n                <img width=\"1600\" height=\"872\" class=\"lazy-image\" alt=\"\" decoding=\"async\" loading=\"lazy\" sizes=\"auto, (max-width: 1600px) 100vw, 1600px\" src=\"https:\/\/brtk.net\/wp-content\/uploads\/2023\/06\/05\/meclis-4-19-1.jpg?ver=eaaefd02e514fc842d873e3b226ba4cf\" srcset=\"https:\/\/brtk.net\/wp-content\/uploads\/2023\/06\/05\/meclis-4-19-1.jpg?ver=eaaefd02e514fc842d873e3b226ba4cf 1600w, https:\/\/brtk.net\/wp-content\/uploads\/2023\/06\/05\/meclis-4-19-1-300x164.jpg?ver=3ae42805ab5a3da18ec54e9fc7290d4a 300w, https:\/\/brtk.net\/wp-content\/uploads\/2023\/06\/05\/meclis-4-19-1-1024x558.jpg?ver=3ae42805ab5a3da18ec54e9fc7290d4a 1024w, https:\/\/brtk.net\/wp-content\/uploads\/2023\/06\/05\/meclis-4-19-1-768x419.jpg?ver=3ae42805ab5a3da18ec54e9fc7290d4a 768w, https:\/\/brtk.net\/wp-content\/uploads\/2023\/06\/05\/meclis-4-19-1-1536x837.jpg?ver=195f6fe4308ac05f00b838a74aa759ac 1536w\"\/>                            <\/div>\n<p>Cumhuriyet Meclisi Genel Kurulu\u2019nda bug\u00fcn \u00fclke ekonomisi de g\u00fcndemdeydi.<\/p>\n<p>Ele\u015ftirileri yan\u0131tlayan Maliye Bakan\u0131 Ali\u015fan \u015ean, \u00fclkede stabil para birimine endeksli muhasebe sisteminin hayat bulmas\u0131n\u0131n zor bir d\u00fc\u015f\u00fcnce oldu\u011funu s\u00f6yledi.<\/p>\n<p>\u015ean, B\u00fct\u00e7e Yasas\u0131\u2019n\u0131n ge\u00e7ti\u011fini, stabil para birimine ge\u00e7ilirse t\u00fcm maa\u015f ve devletin sorumluluklar\u0131 d\u00fc\u015f\u00fcn\u00fcld\u00fc\u011f\u00fcnde \u00f6ng\u00f6r\u00fclemez bir b\u00fct\u00e7eyle kar\u015f\u0131 kar\u015f\u0131ya kal\u0131nabilece\u011fini belirtti.<\/p>\n<p>Cumhuriyet\u00e7i T\u00fcrk Partisi Genel Ba\u015fkan\u0131 Tufan Erh\u00fcrman, Cumhuriyet Meclisi Genel Kurulu\u2019nda 62\u2019inci madde taht\u0131nda s\u00f6z ald\u0131, \u00fclke ekonomisine ili\u015fkin ele\u015ftiri ve \u00f6nerilerde bulundu.<\/p>\n<p>T\u00fcrkiye ile <a href=\"https:\/\/brtk.net\/\">KKTC<\/a> aras\u0131nda imzalanan protokol metnine de\u011finen Erh\u00fcrman, Mart ay\u0131nda imzalanan metnin Meclis\u2019in bilgisine 13 Haziran\u2019da geldi\u011fine de\u011findi.<\/p>\n<p>Protokolde, Haziran 2023\u2019\u00fcn son tarih olarak verildi\u011fini maddeler bulundu\u011funu s\u00f6yleyen Erh\u00fcrman, TL\u2019deki de\u011fer kay\u0131plar\u0131na y\u00f6nelik hi\u00e7bir \u00f6nlemin protokolde yer almad\u0131\u011f\u0131n\u0131 kaydetti. <\/p>\n<p>Stabil para birimine endeksli muhasebeye y\u00f6nelik herhangi bir \u00e7al\u0131\u015fma olmad\u0131\u011f\u0131n\u0131 kaydeden Erh\u00fcrman, giderlerin d\u00f6viz cinsinden oldu\u011funu, sat\u0131lan \u00fcr\u00fcnlerin d\u00f6viz \u00fczerinden hesapland\u0131\u011f\u0131n\u0131 ve piyasan\u0131n stabil para birimine endeksli muhasebeye ge\u00e7mi\u015f oldu\u011funu belirtti.<\/p>\n<p>Erh\u00fcrman, maliye ve piyasan\u0131n stabil para birimine endeksli muhasebeye ge\u00e7ti\u011fini ancak sabit maa\u015fl\u0131lar\u0131n ge\u00e7medi\u011fini ve al\u0131m g\u00fcc\u00fcn\u00fcn s\u00fcrekli d\u00fc\u015ft\u00fc\u011f\u00fcn\u00fc kaydetti.<\/p>\n<p>Maliye Bakan\u0131 Ali\u015fan \u015ean, T\u00fcrkiye ile <a href=\"https:\/\/brtk.net\/\">KKTC<\/a> aras\u0131nda imzalanan iktisadi ve mali i\u015fbirli\u011fi anla\u015fmas\u0131na de\u011finerek, temelinde \u00f6ng\u00f6r\u00fclenin gelirlerin art\u0131r\u0131lmas\u0131, giderlerin azalt\u0131lmas\u0131 oldu\u011funu kaydetti.<\/p>\n<p>\u015ean, planlanan her \u015feyin bu do\u011frultuda yap\u0131ld\u0131\u011f\u0131n\u0131, baz\u0131 maddelerin farkl\u0131 yorumlara sebep olabilece\u011fini ancak \u00f6z\u00fcnde giderlerin azalt\u0131lmas\u0131 ve gelirlerin art\u0131r\u0131lmas\u0131n\u0131n bulundu\u011funu belirtti.<\/p>\n<p>Protokol\u00fcn amac\u0131n\u0131n T\u00fcrkiye Cumhuriyeti\u2019nin bilgi birikim ve tecr\u00fcbesinden yararlanmak oldu\u011funu kaydeden \u015ean, baz\u0131 \u015feylerin dikte edildi\u011finin s\u00f6ylenmesini do\u011fru bulmad\u0131\u011f\u0131n\u0131 s\u00f6yledi. \u015ean, ge\u00e7en y\u0131lki protokole ili\u015fkin maddelere de de\u011findi.<\/p>\n<p>T\u00fcrkiye\u2019de ya\u015fanan deprem ve se\u00e7im s\u00fcre\u00e7lerine de\u011finen \u015ean, son tarih olmas\u0131na ra\u011fmen haziran ay\u0131nda bitirilemeyen maddelerin ileride bitirilmesinin herkesin g\u00f6revi oldu\u011funu ifade etti.<\/p>\n<p>Stabil para birimine endeksli muhasebe sisteminin hayat bulmas\u0131n\u0131n zor bir d\u00fc\u015f\u00fcnce oldu\u011funu dile getiren \u015ean, B\u00fct\u00e7e Yasas\u0131\u2019n\u0131n ge\u00e7ti\u011fini, stabil para birimine ge\u00e7ilirse t\u00fcm maa\u015f ve devletin sorumluluklar\u0131 d\u00fc\u015f\u00fcn\u00fcld\u00fc\u011f\u00fcnde \u00f6ng\u00f6r\u00fclemez bir b\u00fct\u00e7eyle kar\u015f\u0131 kar\u015f\u0131ya kal\u0131nabilece\u011fini belirtti.<\/p>\n<p>Maliye Bakan\u0131 \u015ean, piyasada ucu y\u0131rt\u0131k, bozulmu\u015f farkl\u0131 d\u00f6viz cinsi paralar\u0131 toplayan Merkez Bankas\u0131\u2019n\u0131n son 1 y\u0131lda 1 bu\u00e7uk milyon <a href=\"https:\/\/brtk.net\/\">Euro<\/a> de\u011ferindeki paray\u0131 de\u011fi\u015ftirip, piyasaya arz edemedi\u011fini s\u00f6yledi.<\/p>\n<p>D\u0131\u015fi\u015fleri Bakanl\u0131\u011f\u0131 arac\u0131l\u0131\u011f\u0131yla bu de\u011fi\u015fimin sa\u011fland\u0131\u011f\u0131n\u0131 ancak \u015fu anda yap\u0131lamad\u0131\u011f\u0131n\u0131 belirten \u015ean, stabil para birimine endeksli muhasebe sisteminde piyasan\u0131n para arz\u0131n\u0131 sa\u011flama noktas\u0131nda s\u0131k\u0131nt\u0131lar olu\u015faca\u011f\u0131n\u0131 s\u00f6yledi.<\/p>\n<p>\u015ean, b\u00fct\u00e7enin \u00fc\u00e7te birinin T\u00fcrkiye finansman\u0131yla olu\u015ftu\u011fundan farkl\u0131 bir para birimine ge\u00e7ilmesinin s\u0131k\u0131nt\u0131lar do\u011furaca\u011f\u0131ndan uygulanabilir olmad\u0131\u011f\u0131n\u0131 kaydetti.<\/p>\n<\/p><\/div>\n<p><script async\n                    defer\n                    crossorigin=\"anonymous\"\n                    src=\"https:\/\/connect.facebook.net\/tr_TR\/sdk.js#xfbml=1&#038;version=v3.3\"\n            ><\/script><\/p>\n","protected":false},"excerpt":{"rendered":"<p>Cumhuriyet Meclisi Genel Kurulu\u2019nda bug\u00fcn \u00fclke ekonomisi de g\u00fcndemdeydi. Ele\u015ftirileri yan\u0131tlayan Maliye Bakan\u0131 Ali\u015fan \u015ean, \u00fclkede stabil para birimine endeksli muhasebe sisteminin hayat bulmas\u0131n\u0131n zor bir d\u00fc\u015f\u00fcnce oldu\u011funu s\u00f6yledi. \u015ean, B\u00fct\u00e7e Yasas\u0131\u2019n\u0131n ge\u00e7ti\u011fini, stabil para birimine ge\u00e7ilirse t\u00fcm maa\u015f ve devletin sorumluluklar\u0131 d\u00fc\u015f\u00fcn\u00fcld\u00fc\u011f\u00fcnde \u00f6ng\u00f6r\u00fclemez bir b\u00fct\u00e7eyle kar\u015f\u0131 kar\u015f\u0131ya kal\u0131nabilece\u011fini belirtti. Cumhuriyet\u00e7i T\u00fcrk Partisi Genel Ba\u015fkan\u0131<\/p>\n","protected":false},"author":1,"featured_media":8767,"comment_status":"open","ping_status":"open","sticky":false,"template":"","format":"standard","meta":{"footnotes":""},"categories":[1],"tags":[],"class_list":["post-8766","post","type-post","status-publish","format-standard","has-post-thumbnail","hentry","category-gundem"],"yoast_head":"<!-- This site is optimized with the Yoast SEO plugin v27.5 - https:\/\/yoast.com\/product\/yoast-seo-wordpress\/ -->\n<title>Meclis\u2019te \u00fclke ekonomisi konu\u015fuldu -<\/title>\n<meta name=\"robots\" content=\"index, follow, max-snippet:-1, max-image-preview:large, max-video-preview:-1\" \/>\n<link rel=\"canonical\" href=\"https:\/\/kibrisdakik.com\/?p=8766\" \/>\n<meta property=\"og:locale\" content=\"tr_TR\" \/>\n<meta property=\"og:type\" content=\"article\" \/>\n<meta property=\"og:title\" content=\"Meclis\u2019te \u00fclke ekonomisi konu\u015fuldu -\" \/>\n<meta property=\"og:description\" content=\"Cumhuriyet Meclisi Genel Kurulu\u2019nda bug\u00fcn \u00fclke ekonomisi de g\u00fcndemdeydi. Ele\u015ftirileri yan\u0131tlayan Maliye Bakan\u0131 Ali\u015fan \u015ean, \u00fclkede stabil para birimine endeksli muhasebe sisteminin hayat bulmas\u0131n\u0131n zor bir d\u00fc\u015f\u00fcnce oldu\u011funu s\u00f6yledi. \u015ean, B\u00fct\u00e7e Yasas\u0131\u2019n\u0131n ge\u00e7ti\u011fini, stabil para birimine ge\u00e7ilirse t\u00fcm maa\u015f ve devletin sorumluluklar\u0131 d\u00fc\u015f\u00fcn\u00fcld\u00fc\u011f\u00fcnde \u00f6ng\u00f6r\u00fclemez bir b\u00fct\u00e7eyle kar\u015f\u0131 kar\u015f\u0131ya kal\u0131nabilece\u011fini belirtti. Cumhuriyet\u00e7i T\u00fcrk Partisi Genel Ba\u015fkan\u0131\" \/>\n<meta property=\"og:url\" content=\"https:\/\/kibrisdakik.com\/?p=8766\" \/>\n<meta property=\"article:published_time\" content=\"2023-06-14T00:46:40+00:00\" \/>\n<meta property=\"og:image\" content=\"https:\/\/kibrisdakik.com\/wp-content\/uploads\/2023\/06\/meclis-4-19-740x420.jpg\" \/>\n\t<meta property=\"og:image:width\" content=\"1600\" \/>\n\t<meta property=\"og:image:height\" content=\"872\" \/>\n\t<meta property=\"og:image:type\" content=\"image\/jpeg\" \/>\n<meta name=\"author\" content=\"admin\" \/>\n<meta name=\"twitter:card\" content=\"summary_large_image\" \/>\n<meta name=\"twitter:label1\" content=\"Yazan:\" \/>\n\t<meta name=\"twitter:data1\" content=\"admin\" \/>\n\t<meta name=\"twitter:label2\" content=\"Tahmini okuma s\u00fcresi\" \/>\n\t<meta name=\"twitter:data2\" content=\"3 dakika\" \/>\n<script type=\"application\/ld+json\" class=\"yoast-schema-graph\">{\"@context\":\"https:\\\/\\\/schema.org\",\"@graph\":[{\"@type\":\"Article\",\"@id\":\"https:\\\/\\\/kibrisdakik.com\\\/?p=8766#article\",\"isPartOf\":{\"@id\":\"https:\\\/\\\/kibrisdakik.com\\\/?p=8766\"},\"author\":{\"name\":\"admin\",\"@id\":\"https:\\\/\\\/kibrisdakik.com\\\/#\\\/schema\\\/person\\\/9cd9d437bbb44f72b73ba127e06d8e79\"},\"headline\":\"Meclis\u2019te \u00fclke ekonomisi konu\u015fuldu\",\"datePublished\":\"2023-06-14T00:46:40+00:00\",\"mainEntityOfPage\":{\"@id\":\"https:\\\/\\\/kibrisdakik.com\\\/?p=8766\"},\"wordCount\":576,\"commentCount\":0,\"image\":{\"@id\":\"https:\\\/\\\/kibrisdakik.com\\\/?p=8766#primaryimage\"},\"thumbnailUrl\":\"https:\\\/\\\/kibrisdakik.com\\\/wp-content\\\/uploads\\\/2023\\\/06\\\/meclis-4-19-740x420.jpg\",\"articleSection\":[\"G\u00fcndem\"],\"inLanguage\":\"tr\",\"potentialAction\":[{\"@type\":\"CommentAction\",\"name\":\"Comment\",\"target\":[\"https:\\\/\\\/kibrisdakik.com\\\/?p=8766#respond\"]}]},{\"@type\":\"WebPage\",\"@id\":\"https:\\\/\\\/kibrisdakik.com\\\/?p=8766\",\"url\":\"https:\\\/\\\/kibrisdakik.com\\\/?p=8766\",\"name\":\"Meclis\u2019te \u00fclke ekonomisi konu\u015fuldu -\",\"isPartOf\":{\"@id\":\"https:\\\/\\\/kibrisdakik.com\\\/#website\"},\"primaryImageOfPage\":{\"@id\":\"https:\\\/\\\/kibrisdakik.com\\\/?p=8766#primaryimage\"},\"image\":{\"@id\":\"https:\\\/\\\/kibrisdakik.com\\\/?p=8766#primaryimage\"},\"thumbnailUrl\":\"https:\\\/\\\/kibrisdakik.com\\\/wp-content\\\/uploads\\\/2023\\\/06\\\/meclis-4-19-740x420.jpg\",\"datePublished\":\"2023-06-14T00:46:40+00:00\",\"author\":{\"@id\":\"https:\\\/\\\/kibrisdakik.com\\\/#\\\/schema\\\/person\\\/9cd9d437bbb44f72b73ba127e06d8e79\"},\"breadcrumb\":{\"@id\":\"https:\\\/\\\/kibrisdakik.com\\\/?p=8766#breadcrumb\"},\"inLanguage\":\"tr\",\"potentialAction\":[{\"@type\":\"ReadAction\",\"target\":[\"https:\\\/\\\/kibrisdakik.com\\\/?p=8766\"]}]},{\"@type\":\"ImageObject\",\"inLanguage\":\"tr\",\"@id\":\"https:\\\/\\\/kibrisdakik.com\\\/?p=8766#primaryimage\",\"url\":\"https:\\\/\\\/kibrisdakik.com\\\/wp-content\\\/uploads\\\/2023\\\/06\\\/meclis-4-19-740x420.jpg\",\"contentUrl\":\"https:\\\/\\\/kibrisdakik.com\\\/wp-content\\\/uploads\\\/2023\\\/06\\\/meclis-4-19-740x420.jpg\",\"width\":1600,\"height\":872},{\"@type\":\"BreadcrumbList\",\"@id\":\"https:\\\/\\\/kibrisdakik.com\\\/?p=8766#breadcrumb\",\"itemListElement\":[{\"@type\":\"ListItem\",\"position\":1,\"name\":\"Home\",\"item\":\"https:\\\/\\\/kibrisdakik.com\\\/\"},{\"@type\":\"ListItem\",\"position\":2,\"name\":\"Meclis\u2019te \u00fclke ekonomisi konu\u015fuldu\"}]},{\"@type\":\"WebSite\",\"@id\":\"https:\\\/\\\/kibrisdakik.com\\\/#website\",\"url\":\"https:\\\/\\\/kibrisdakik.com\\\/\",\"name\":\"\",\"description\":\"Tam vaktinde haber\",\"potentialAction\":[{\"@type\":\"SearchAction\",\"target\":{\"@type\":\"EntryPoint\",\"urlTemplate\":\"https:\\\/\\\/kibrisdakik.com\\\/?s={search_term_string}\"},\"query-input\":{\"@type\":\"PropertyValueSpecification\",\"valueRequired\":true,\"valueName\":\"search_term_string\"}}],\"inLanguage\":\"tr\"},{\"@type\":\"Person\",\"@id\":\"https:\\\/\\\/kibrisdakik.com\\\/#\\\/schema\\\/person\\\/9cd9d437bbb44f72b73ba127e06d8e79\",\"name\":\"admin\",\"image\":{\"@type\":\"ImageObject\",\"inLanguage\":\"tr\",\"@id\":\"https:\\\/\\\/secure.gravatar.com\\\/avatar\\\/ccc17943b9d660506c869530f897617f7cb1c21a4bf30023f252596d83e1f007?s=96&d=mm&r=g\",\"url\":\"https:\\\/\\\/secure.gravatar.com\\\/avatar\\\/ccc17943b9d660506c869530f897617f7cb1c21a4bf30023f252596d83e1f007?s=96&d=mm&r=g\",\"contentUrl\":\"https:\\\/\\\/secure.gravatar.com\\\/avatar\\\/ccc17943b9d660506c869530f897617f7cb1c21a4bf30023f252596d83e1f007?s=96&d=mm&r=g\",\"caption\":\"admin\"},\"sameAs\":[\"https:\\\/\\\/kibrisdakik.com\"],\"url\":\"https:\\\/\\\/kibrisdakik.com\\\/?author=1\"}]}<\/script>\n<!-- \/ Yoast SEO plugin. -->","yoast_head_json":{"title":"Meclis\u2019te \u00fclke ekonomisi konu\u015fuldu -","robots":{"index":"index","follow":"follow","max-snippet":"max-snippet:-1","max-image-preview":"max-image-preview:large","max-video-preview":"max-video-preview:-1"},"canonical":"https:\/\/kibrisdakik.com\/?p=8766","og_locale":"tr_TR","og_type":"article","og_title":"Meclis\u2019te \u00fclke ekonomisi konu\u015fuldu -","og_description":"Cumhuriyet Meclisi Genel Kurulu\u2019nda bug\u00fcn \u00fclke ekonomisi de g\u00fcndemdeydi. Ele\u015ftirileri yan\u0131tlayan Maliye Bakan\u0131 Ali\u015fan \u015ean, \u00fclkede stabil para birimine endeksli muhasebe sisteminin hayat bulmas\u0131n\u0131n zor bir d\u00fc\u015f\u00fcnce oldu\u011funu s\u00f6yledi. \u015ean, B\u00fct\u00e7e Yasas\u0131\u2019n\u0131n ge\u00e7ti\u011fini, stabil para birimine ge\u00e7ilirse t\u00fcm maa\u015f ve devletin sorumluluklar\u0131 d\u00fc\u015f\u00fcn\u00fcld\u00fc\u011f\u00fcnde \u00f6ng\u00f6r\u00fclemez bir b\u00fct\u00e7eyle kar\u015f\u0131 kar\u015f\u0131ya kal\u0131nabilece\u011fini belirtti. Cumhuriyet\u00e7i T\u00fcrk Partisi Genel Ba\u015fkan\u0131","og_url":"https:\/\/kibrisdakik.com\/?p=8766","article_published_time":"2023-06-14T00:46:40+00:00","og_image":[{"width":1600,"height":872,"url":"https:\/\/kibrisdakik.com\/wp-content\/uploads\/2023\/06\/meclis-4-19-740x420.jpg","type":"image\/jpeg"}],"author":"admin","twitter_card":"summary_large_image","twitter_misc":{"Yazan:":"admin","Tahmini okuma s\u00fcresi":"3 dakika"},"schema":{"@context":"https:\/\/schema.org","@graph":[{"@type":"Article","@id":"https:\/\/kibrisdakik.com\/?p=8766#article","isPartOf":{"@id":"https:\/\/kibrisdakik.com\/?p=8766"},"author":{"name":"admin","@id":"https:\/\/kibrisdakik.com\/#\/schema\/person\/9cd9d437bbb44f72b73ba127e06d8e79"},"headline":"Meclis\u2019te \u00fclke ekonomisi konu\u015fuldu","datePublished":"2023-06-14T00:46:40+00:00","mainEntityOfPage":{"@id":"https:\/\/kibrisdakik.com\/?p=8766"},"wordCount":576,"commentCount":0,"image":{"@id":"https:\/\/kibrisdakik.com\/?p=8766#primaryimage"},"thumbnailUrl":"https:\/\/kibrisdakik.com\/wp-content\/uploads\/2023\/06\/meclis-4-19-740x420.jpg","articleSection":["G\u00fcndem"],"inLanguage":"tr","potentialAction":[{"@type":"CommentAction","name":"Comment","target":["https:\/\/kibrisdakik.com\/?p=8766#respond"]}]},{"@type":"WebPage","@id":"https:\/\/kibrisdakik.com\/?p=8766","url":"https:\/\/kibrisdakik.com\/?p=8766","name":"Meclis\u2019te \u00fclke ekonomisi konu\u015fuldu -","isPartOf":{"@id":"https:\/\/kibrisdakik.com\/#website"},"primaryImageOfPage":{"@id":"https:\/\/kibrisdakik.com\/?p=8766#primaryimage"},"image":{"@id":"https:\/\/kibrisdakik.com\/?p=8766#primaryimage"},"thumbnailUrl":"https:\/\/kibrisdakik.com\/wp-content\/uploads\/2023\/06\/meclis-4-19-740x420.jpg","datePublished":"2023-06-14T00:46:40+00:00","author":{"@id":"https:\/\/kibrisdakik.com\/#\/schema\/person\/9cd9d437bbb44f72b73ba127e06d8e79"},"breadcrumb":{"@id":"https:\/\/kibrisdakik.com\/?p=8766#breadcrumb"},"inLanguage":"tr","potentialAction":[{"@type":"ReadAction","target":["https:\/\/kibrisdakik.com\/?p=8766"]}]},{"@type":"ImageObject","inLanguage":"tr","@id":"https:\/\/kibrisdakik.com\/?p=8766#primaryimage","url":"https:\/\/kibrisdakik.com\/wp-content\/uploads\/2023\/06\/meclis-4-19-740x420.jpg","contentUrl":"https:\/\/kibrisdakik.com\/wp-content\/uploads\/2023\/06\/meclis-4-19-740x420.jpg","width":1600,"height":872},{"@type":"BreadcrumbList","@id":"https:\/\/kibrisdakik.com\/?p=8766#breadcrumb","itemListElement":[{"@type":"ListItem","position":1,"name":"Home","item":"https:\/\/kibrisdakik.com\/"},{"@type":"ListItem","position":2,"name":"Meclis\u2019te \u00fclke ekonomisi konu\u015fuldu"}]},{"@type":"WebSite","@id":"https:\/\/kibrisdakik.com\/#website","url":"https:\/\/kibrisdakik.com\/","name":"","description":"Tam vaktinde haber","potentialAction":[{"@type":"SearchAction","target":{"@type":"EntryPoint","urlTemplate":"https:\/\/kibrisdakik.com\/?s={search_term_string}"},"query-input":{"@type":"PropertyValueSpecification","valueRequired":true,"valueName":"search_term_string"}}],"inLanguage":"tr"},{"@type":"Person","@id":"https:\/\/kibrisdakik.com\/#\/schema\/person\/9cd9d437bbb44f72b73ba127e06d8e79","name":"admin","image":{"@type":"ImageObject","inLanguage":"tr","@id":"https:\/\/secure.gravatar.com\/avatar\/ccc17943b9d660506c869530f897617f7cb1c21a4bf30023f252596d83e1f007?s=96&d=mm&r=g","url":"https:\/\/secure.gravatar.com\/avatar\/ccc17943b9d660506c869530f897617f7cb1c21a4bf30023f252596d83e1f007?s=96&d=mm&r=g","contentUrl":"https:\/\/secure.gravatar.com\/avatar\/ccc17943b9d660506c869530f897617f7cb1c21a4bf30023f252596d83e1f007?s=96&d=mm&r=g","caption":"admin"},"sameAs":["https:\/\/kibrisdakik.com"],"url":"https:\/\/kibrisdakik.com\/?author=1"}]}},"_links":{"self":[{"href":"https:\/\/kibrisdakik.com\/index.php?rest_route=\/wp\/v2\/posts\/8766","targetHints":{"allow":["GET"]}}],"collection":[{"href":"https:\/\/kibrisdakik.com\/index.php?rest_route=\/wp\/v2\/posts"}],"about":[{"href":"https:\/\/kibrisdakik.com\/index.php?rest_route=\/wp\/v2\/types\/post"}],"author":[{"embeddable":true,"href":"https:\/\/kibrisdakik.com\/index.php?rest_route=\/wp\/v2\/users\/1"}],"replies":[{"embeddable":true,"href":"https:\/\/kibrisdakik.com\/index.php?rest_route=%2Fwp%2Fv2%2Fcomments&post=8766"}],"version-history":[{"count":0,"href":"https:\/\/kibrisdakik.com\/index.php?rest_route=\/wp\/v2\/posts\/8766\/revisions"}],"wp:featuredmedia":[{"embeddable":true,"href":"https:\/\/kibrisdakik.com\/index.php?rest_route=\/wp\/v2\/media\/8767"}],"wp:attachment":[{"href":"https:\/\/kibrisdakik.com\/index.php?rest_route=%2Fwp%2Fv2%2Fmedia&parent=8766"}],"wp:term":[{"taxonomy":"category","embeddable":true,"href":"https:\/\/kibrisdakik.com\/index.php?rest_route=%2Fwp%2Fv2%2Fcategories&post=8766"},{"taxonomy":"post_tag","embeddable":true,"href":"https:\/\/kibrisdakik.com\/index.php?rest_route=%2Fwp%2Fv2%2Ftags&post=8766"}],"curies":[{"name":"wp","href":"https:\/\/api.w.org\/{rel}","templated":true}]}}