{"id":87699,"date":"2025-08-03T18:23:02","date_gmt":"2025-08-03T15:23:02","guid":{"rendered":"https:\/\/kibrisdakik.com\/index.php\/2025\/08\/03\/tekirdagda-anestezi-gazi-ureten-fabrikada-meydana-gelen-patlamada-2-isci-oldu\/"},"modified":"2025-08-03T18:23:02","modified_gmt":"2025-08-03T15:23:02","slug":"tekirdagda-anestezi-gazi-ureten-fabrikada-meydana-gelen-patlamada-2-isci-oldu","status":"publish","type":"post","link":"https:\/\/kibrisdakik.com\/?p=87699","title":{"rendered":"Tekirda\u011f\u2019da anestezi gaz\u0131 \u00fcreten fabrikada meydana gelen patlamada 2 i\u015f\u00e7i \u00f6ld\u00fc"},"content":{"rendered":"<p><\/p>\n<div>\n<div class=\"mariselle-image-container center\">\n                                            <\/div>\n<p>Tekirda\u011f\u2019\u0131n Ergene il\u00e7esinde anestezi gaz\u0131 \u00fcreten fabrikada meydana gelen patlamada 2 i\u015f\u00e7i hayat\u0131n\u0131 kaybetti.<\/p>\n<p>Avrupa Serbest B\u00f6lgesi\u2019nde anestezi gaz\u0131 \u00fcretimi yapan bir fabrikadaki azot protoksit kazan\u0131nda hen\u00fcz belirlenemeyen nedenle patlama meydana geldi.<\/p>\n<p>\u0130hbar \u00fczerine b\u00f6lgeye sa\u011fl\u0131k, AFAD, polis ve itfaiye ekipleri sevk edildi.<\/p>\n<p>Patlamada fabrikada \u00e7al\u0131\u015fan i\u015f\u00e7iler Hac\u0131 Ali Dellal ve Mehmet Alta\u015f hayat\u0131n\u0131 kaybetti.<\/p>\n<p>Ergene Kaymakam\u0131 Kadir Duman, olay yerine gelerek bilgi ald\u0131.<\/p>\n<p>Ekiplerin olay yerindeki incelemeleri devam ediyor.<\/p>\n<\/p><\/div>\n<p><script async\n                    defer\n                    crossorigin=\"anonymous\"\n                    src=\"https:\/\/connect.facebook.net\/tr_TR\/sdk.js#xfbml=1&#038;version=v3.3\"\n            ><\/script><\/p>\n","protected":false},"excerpt":{"rendered":"<p>Tekirda\u011f\u2019\u0131n Ergene il\u00e7esinde anestezi gaz\u0131 \u00fcreten fabrikada meydana gelen patlamada 2 i\u015f\u00e7i hayat\u0131n\u0131 kaybetti. Avrupa Serbest B\u00f6lgesi\u2019nde anestezi gaz\u0131 \u00fcretimi yapan bir fabrikadaki azot protoksit kazan\u0131nda hen\u00fcz belirlenemeyen nedenle patlama meydana geldi. \u0130hbar \u00fczerine b\u00f6lgeye sa\u011fl\u0131k, AFAD, polis ve itfaiye ekipleri sevk edildi. Patlamada fabrikada \u00e7al\u0131\u015fan i\u015f\u00e7iler Hac\u0131 Ali Dellal ve Mehmet Alta\u015f hayat\u0131n\u0131 kaybetti.<\/p>\n","protected":false},"author":1,"featured_media":87700,"comment_status":"open","ping_status":"open","sticky":false,"template":"","format":"standard","meta":{"footnotes":""},"categories":[101,86],"tags":[],"class_list":["post-87699","post","type-post","status-publish","format-standard","has-post-thumbnail","hentry","category-manset","category-turkiye"],"yoast_head":"<!-- This site is optimized with the Yoast SEO plugin v27.4 - https:\/\/yoast.com\/product\/yoast-seo-wordpress\/ -->\n<title>Tekirda\u011f\u2019da anestezi gaz\u0131 \u00fcreten fabrikada meydana gelen patlamada 2 i\u015f\u00e7i \u00f6ld\u00fc -<\/title>\n<meta name=\"robots\" content=\"index, follow, max-snippet:-1, max-image-preview:large, max-video-preview:-1\" \/>\n<link rel=\"canonical\" href=\"https:\/\/kibrisdakik.com\/?p=87699\" \/>\n<meta property=\"og:locale\" content=\"tr_TR\" \/>\n<meta property=\"og:type\" content=\"article\" \/>\n<meta property=\"og:title\" content=\"Tekirda\u011f\u2019da anestezi gaz\u0131 \u00fcreten fabrikada meydana gelen patlamada 2 i\u015f\u00e7i \u00f6ld\u00fc -\" \/>\n<meta property=\"og:description\" content=\"Tekirda\u011f\u2019\u0131n Ergene il\u00e7esinde anestezi gaz\u0131 \u00fcreten fabrikada meydana gelen patlamada 2 i\u015f\u00e7i hayat\u0131n\u0131 kaybetti. Avrupa Serbest B\u00f6lgesi\u2019nde anestezi gaz\u0131 \u00fcretimi yapan bir fabrikadaki azot protoksit kazan\u0131nda hen\u00fcz belirlenemeyen nedenle patlama meydana geldi. \u0130hbar \u00fczerine b\u00f6lgeye sa\u011fl\u0131k, AFAD, polis ve itfaiye ekipleri sevk edildi. Patlamada fabrikada \u00e7al\u0131\u015fan i\u015f\u00e7iler Hac\u0131 Ali Dellal ve Mehmet Alta\u015f hayat\u0131n\u0131 kaybetti.\" \/>\n<meta property=\"og:url\" content=\"https:\/\/kibrisdakik.com\/?p=87699\" \/>\n<meta property=\"article:published_time\" content=\"2025-08-03T15:23:02+00:00\" \/>\n<meta property=\"og:image\" content=\"https:\/\/kibrisdakik.com\/wp-content\/uploads\/2025\/08\/1754225133166tekirdag-da-anestezi-gazi-uretilen-fabrikada-patlama-2-isci-hayatini-kaybetti-740x420.jpg\" \/>\n\t<meta property=\"og:image:width\" content=\"1280\" \/>\n\t<meta property=\"og:image:height\" content=\"720\" \/>\n\t<meta property=\"og:image:type\" content=\"image\/jpeg\" \/>\n<meta name=\"author\" content=\"admin\" \/>\n<meta name=\"twitter:card\" content=\"summary_large_image\" \/>\n<meta name=\"twitter:label1\" content=\"Yazan:\" \/>\n\t<meta name=\"twitter:data1\" content=\"admin\" \/>\n<script type=\"application\/ld+json\" class=\"yoast-schema-graph\">{\"@context\":\"https:\\\/\\\/schema.org\",\"@graph\":[{\"@type\":\"Article\",\"@id\":\"https:\\\/\\\/kibrisdakik.com\\\/?p=87699#article\",\"isPartOf\":{\"@id\":\"https:\\\/\\\/kibrisdakik.com\\\/?p=87699\"},\"author\":{\"name\":\"admin\",\"@id\":\"https:\\\/\\\/kibrisdakik.com\\\/#\\\/schema\\\/person\\\/9cd9d437bbb44f72b73ba127e06d8e79\"},\"headline\":\"Tekirda\u011f\u2019da anestezi gaz\u0131 \u00fcreten fabrikada meydana gelen patlamada 2 i\u015f\u00e7i \u00f6ld\u00fc\",\"datePublished\":\"2025-08-03T15:23:02+00:00\",\"mainEntityOfPage\":{\"@id\":\"https:\\\/\\\/kibrisdakik.com\\\/?p=87699\"},\"wordCount\":95,\"commentCount\":0,\"image\":{\"@id\":\"https:\\\/\\\/kibrisdakik.com\\\/?p=87699#primaryimage\"},\"thumbnailUrl\":\"https:\\\/\\\/kibrisdakik.com\\\/wp-content\\\/uploads\\\/2025\\\/08\\\/1754225133166tekirdag-da-anestezi-gazi-uretilen-fabrikada-patlama-2-isci-hayatini-kaybetti-740x420.jpg\",\"articleSection\":[\"Man\u015fet\",\"T\u00fcrkiye\"],\"inLanguage\":\"tr\",\"potentialAction\":[{\"@type\":\"CommentAction\",\"name\":\"Comment\",\"target\":[\"https:\\\/\\\/kibrisdakik.com\\\/?p=87699#respond\"]}]},{\"@type\":\"WebPage\",\"@id\":\"https:\\\/\\\/kibrisdakik.com\\\/?p=87699\",\"url\":\"https:\\\/\\\/kibrisdakik.com\\\/?p=87699\",\"name\":\"Tekirda\u011f\u2019da anestezi gaz\u0131 \u00fcreten fabrikada meydana gelen patlamada 2 i\u015f\u00e7i \u00f6ld\u00fc -\",\"isPartOf\":{\"@id\":\"https:\\\/\\\/kibrisdakik.com\\\/#website\"},\"primaryImageOfPage\":{\"@id\":\"https:\\\/\\\/kibrisdakik.com\\\/?p=87699#primaryimage\"},\"image\":{\"@id\":\"https:\\\/\\\/kibrisdakik.com\\\/?p=87699#primaryimage\"},\"thumbnailUrl\":\"https:\\\/\\\/kibrisdakik.com\\\/wp-content\\\/uploads\\\/2025\\\/08\\\/1754225133166tekirdag-da-anestezi-gazi-uretilen-fabrikada-patlama-2-isci-hayatini-kaybetti-740x420.jpg\",\"datePublished\":\"2025-08-03T15:23:02+00:00\",\"author\":{\"@id\":\"https:\\\/\\\/kibrisdakik.com\\\/#\\\/schema\\\/person\\\/9cd9d437bbb44f72b73ba127e06d8e79\"},\"breadcrumb\":{\"@id\":\"https:\\\/\\\/kibrisdakik.com\\\/?p=87699#breadcrumb\"},\"inLanguage\":\"tr\",\"potentialAction\":[{\"@type\":\"ReadAction\",\"target\":[\"https:\\\/\\\/kibrisdakik.com\\\/?p=87699\"]}]},{\"@type\":\"ImageObject\",\"inLanguage\":\"tr\",\"@id\":\"https:\\\/\\\/kibrisdakik.com\\\/?p=87699#primaryimage\",\"url\":\"https:\\\/\\\/kibrisdakik.com\\\/wp-content\\\/uploads\\\/2025\\\/08\\\/1754225133166tekirdag-da-anestezi-gazi-uretilen-fabrikada-patlama-2-isci-hayatini-kaybetti-740x420.jpg\",\"contentUrl\":\"https:\\\/\\\/kibrisdakik.com\\\/wp-content\\\/uploads\\\/2025\\\/08\\\/1754225133166tekirdag-da-anestezi-gazi-uretilen-fabrikada-patlama-2-isci-hayatini-kaybetti-740x420.jpg\",\"width\":1280,\"height\":720},{\"@type\":\"BreadcrumbList\",\"@id\":\"https:\\\/\\\/kibrisdakik.com\\\/?p=87699#breadcrumb\",\"itemListElement\":[{\"@type\":\"ListItem\",\"position\":1,\"name\":\"Home\",\"item\":\"https:\\\/\\\/kibrisdakik.com\\\/\"},{\"@type\":\"ListItem\",\"position\":2,\"name\":\"Tekirda\u011f\u2019da anestezi gaz\u0131 \u00fcreten fabrikada meydana gelen patlamada 2 i\u015f\u00e7i \u00f6ld\u00fc\"}]},{\"@type\":\"WebSite\",\"@id\":\"https:\\\/\\\/kibrisdakik.com\\\/#website\",\"url\":\"https:\\\/\\\/kibrisdakik.com\\\/\",\"name\":\"\",\"description\":\"Tam vaktinde haber\",\"potentialAction\":[{\"@type\":\"SearchAction\",\"target\":{\"@type\":\"EntryPoint\",\"urlTemplate\":\"https:\\\/\\\/kibrisdakik.com\\\/?s={search_term_string}\"},\"query-input\":{\"@type\":\"PropertyValueSpecification\",\"valueRequired\":true,\"valueName\":\"search_term_string\"}}],\"inLanguage\":\"tr\"},{\"@type\":\"Person\",\"@id\":\"https:\\\/\\\/kibrisdakik.com\\\/#\\\/schema\\\/person\\\/9cd9d437bbb44f72b73ba127e06d8e79\",\"name\":\"admin\",\"image\":{\"@type\":\"ImageObject\",\"inLanguage\":\"tr\",\"@id\":\"https:\\\/\\\/secure.gravatar.com\\\/avatar\\\/ccc17943b9d660506c869530f897617f7cb1c21a4bf30023f252596d83e1f007?s=96&d=mm&r=g\",\"url\":\"https:\\\/\\\/secure.gravatar.com\\\/avatar\\\/ccc17943b9d660506c869530f897617f7cb1c21a4bf30023f252596d83e1f007?s=96&d=mm&r=g\",\"contentUrl\":\"https:\\\/\\\/secure.gravatar.com\\\/avatar\\\/ccc17943b9d660506c869530f897617f7cb1c21a4bf30023f252596d83e1f007?s=96&d=mm&r=g\",\"caption\":\"admin\"},\"sameAs\":[\"https:\\\/\\\/kibrisdakik.com\"],\"url\":\"https:\\\/\\\/kibrisdakik.com\\\/?author=1\"}]}<\/script>\n<!-- \/ Yoast SEO plugin. -->","yoast_head_json":{"title":"Tekirda\u011f\u2019da anestezi gaz\u0131 \u00fcreten fabrikada meydana gelen patlamada 2 i\u015f\u00e7i \u00f6ld\u00fc -","robots":{"index":"index","follow":"follow","max-snippet":"max-snippet:-1","max-image-preview":"max-image-preview:large","max-video-preview":"max-video-preview:-1"},"canonical":"https:\/\/kibrisdakik.com\/?p=87699","og_locale":"tr_TR","og_type":"article","og_title":"Tekirda\u011f\u2019da anestezi gaz\u0131 \u00fcreten fabrikada meydana gelen patlamada 2 i\u015f\u00e7i \u00f6ld\u00fc -","og_description":"Tekirda\u011f\u2019\u0131n Ergene il\u00e7esinde anestezi gaz\u0131 \u00fcreten fabrikada meydana gelen patlamada 2 i\u015f\u00e7i hayat\u0131n\u0131 kaybetti. Avrupa Serbest B\u00f6lgesi\u2019nde anestezi gaz\u0131 \u00fcretimi yapan bir fabrikadaki azot protoksit kazan\u0131nda hen\u00fcz belirlenemeyen nedenle patlama meydana geldi. \u0130hbar \u00fczerine b\u00f6lgeye sa\u011fl\u0131k, AFAD, polis ve itfaiye ekipleri sevk edildi. Patlamada fabrikada \u00e7al\u0131\u015fan i\u015f\u00e7iler Hac\u0131 Ali Dellal ve Mehmet Alta\u015f hayat\u0131n\u0131 kaybetti.","og_url":"https:\/\/kibrisdakik.com\/?p=87699","article_published_time":"2025-08-03T15:23:02+00:00","og_image":[{"width":1280,"height":720,"url":"https:\/\/kibrisdakik.com\/wp-content\/uploads\/2025\/08\/1754225133166tekirdag-da-anestezi-gazi-uretilen-fabrikada-patlama-2-isci-hayatini-kaybetti-740x420.jpg","type":"image\/jpeg"}],"author":"admin","twitter_card":"summary_large_image","twitter_misc":{"Yazan:":"admin"},"schema":{"@context":"https:\/\/schema.org","@graph":[{"@type":"Article","@id":"https:\/\/kibrisdakik.com\/?p=87699#article","isPartOf":{"@id":"https:\/\/kibrisdakik.com\/?p=87699"},"author":{"name":"admin","@id":"https:\/\/kibrisdakik.com\/#\/schema\/person\/9cd9d437bbb44f72b73ba127e06d8e79"},"headline":"Tekirda\u011f\u2019da anestezi gaz\u0131 \u00fcreten fabrikada meydana gelen patlamada 2 i\u015f\u00e7i \u00f6ld\u00fc","datePublished":"2025-08-03T15:23:02+00:00","mainEntityOfPage":{"@id":"https:\/\/kibrisdakik.com\/?p=87699"},"wordCount":95,"commentCount":0,"image":{"@id":"https:\/\/kibrisdakik.com\/?p=87699#primaryimage"},"thumbnailUrl":"https:\/\/kibrisdakik.com\/wp-content\/uploads\/2025\/08\/1754225133166tekirdag-da-anestezi-gazi-uretilen-fabrikada-patlama-2-isci-hayatini-kaybetti-740x420.jpg","articleSection":["Man\u015fet","T\u00fcrkiye"],"inLanguage":"tr","potentialAction":[{"@type":"CommentAction","name":"Comment","target":["https:\/\/kibrisdakik.com\/?p=87699#respond"]}]},{"@type":"WebPage","@id":"https:\/\/kibrisdakik.com\/?p=87699","url":"https:\/\/kibrisdakik.com\/?p=87699","name":"Tekirda\u011f\u2019da anestezi gaz\u0131 \u00fcreten fabrikada meydana gelen patlamada 2 i\u015f\u00e7i \u00f6ld\u00fc -","isPartOf":{"@id":"https:\/\/kibrisdakik.com\/#website"},"primaryImageOfPage":{"@id":"https:\/\/kibrisdakik.com\/?p=87699#primaryimage"},"image":{"@id":"https:\/\/kibrisdakik.com\/?p=87699#primaryimage"},"thumbnailUrl":"https:\/\/kibrisdakik.com\/wp-content\/uploads\/2025\/08\/1754225133166tekirdag-da-anestezi-gazi-uretilen-fabrikada-patlama-2-isci-hayatini-kaybetti-740x420.jpg","datePublished":"2025-08-03T15:23:02+00:00","author":{"@id":"https:\/\/kibrisdakik.com\/#\/schema\/person\/9cd9d437bbb44f72b73ba127e06d8e79"},"breadcrumb":{"@id":"https:\/\/kibrisdakik.com\/?p=87699#breadcrumb"},"inLanguage":"tr","potentialAction":[{"@type":"ReadAction","target":["https:\/\/kibrisdakik.com\/?p=87699"]}]},{"@type":"ImageObject","inLanguage":"tr","@id":"https:\/\/kibrisdakik.com\/?p=87699#primaryimage","url":"https:\/\/kibrisdakik.com\/wp-content\/uploads\/2025\/08\/1754225133166tekirdag-da-anestezi-gazi-uretilen-fabrikada-patlama-2-isci-hayatini-kaybetti-740x420.jpg","contentUrl":"https:\/\/kibrisdakik.com\/wp-content\/uploads\/2025\/08\/1754225133166tekirdag-da-anestezi-gazi-uretilen-fabrikada-patlama-2-isci-hayatini-kaybetti-740x420.jpg","width":1280,"height":720},{"@type":"BreadcrumbList","@id":"https:\/\/kibrisdakik.com\/?p=87699#breadcrumb","itemListElement":[{"@type":"ListItem","position":1,"name":"Home","item":"https:\/\/kibrisdakik.com\/"},{"@type":"ListItem","position":2,"name":"Tekirda\u011f\u2019da anestezi gaz\u0131 \u00fcreten fabrikada meydana gelen patlamada 2 i\u015f\u00e7i \u00f6ld\u00fc"}]},{"@type":"WebSite","@id":"https:\/\/kibrisdakik.com\/#website","url":"https:\/\/kibrisdakik.com\/","name":"","description":"Tam vaktinde haber","potentialAction":[{"@type":"SearchAction","target":{"@type":"EntryPoint","urlTemplate":"https:\/\/kibrisdakik.com\/?s={search_term_string}"},"query-input":{"@type":"PropertyValueSpecification","valueRequired":true,"valueName":"search_term_string"}}],"inLanguage":"tr"},{"@type":"Person","@id":"https:\/\/kibrisdakik.com\/#\/schema\/person\/9cd9d437bbb44f72b73ba127e06d8e79","name":"admin","image":{"@type":"ImageObject","inLanguage":"tr","@id":"https:\/\/secure.gravatar.com\/avatar\/ccc17943b9d660506c869530f897617f7cb1c21a4bf30023f252596d83e1f007?s=96&d=mm&r=g","url":"https:\/\/secure.gravatar.com\/avatar\/ccc17943b9d660506c869530f897617f7cb1c21a4bf30023f252596d83e1f007?s=96&d=mm&r=g","contentUrl":"https:\/\/secure.gravatar.com\/avatar\/ccc17943b9d660506c869530f897617f7cb1c21a4bf30023f252596d83e1f007?s=96&d=mm&r=g","caption":"admin"},"sameAs":["https:\/\/kibrisdakik.com"],"url":"https:\/\/kibrisdakik.com\/?author=1"}]}},"_links":{"self":[{"href":"https:\/\/kibrisdakik.com\/index.php?rest_route=\/wp\/v2\/posts\/87699","targetHints":{"allow":["GET"]}}],"collection":[{"href":"https:\/\/kibrisdakik.com\/index.php?rest_route=\/wp\/v2\/posts"}],"about":[{"href":"https:\/\/kibrisdakik.com\/index.php?rest_route=\/wp\/v2\/types\/post"}],"author":[{"embeddable":true,"href":"https:\/\/kibrisdakik.com\/index.php?rest_route=\/wp\/v2\/users\/1"}],"replies":[{"embeddable":true,"href":"https:\/\/kibrisdakik.com\/index.php?rest_route=%2Fwp%2Fv2%2Fcomments&post=87699"}],"version-history":[{"count":0,"href":"https:\/\/kibrisdakik.com\/index.php?rest_route=\/wp\/v2\/posts\/87699\/revisions"}],"wp:featuredmedia":[{"embeddable":true,"href":"https:\/\/kibrisdakik.com\/index.php?rest_route=\/wp\/v2\/media\/87700"}],"wp:attachment":[{"href":"https:\/\/kibrisdakik.com\/index.php?rest_route=%2Fwp%2Fv2%2Fmedia&parent=87699"}],"wp:term":[{"taxonomy":"category","embeddable":true,"href":"https:\/\/kibrisdakik.com\/index.php?rest_route=%2Fwp%2Fv2%2Fcategories&post=87699"},{"taxonomy":"post_tag","embeddable":true,"href":"https:\/\/kibrisdakik.com\/index.php?rest_route=%2Fwp%2Fv2%2Ftags&post=87699"}],"curies":[{"name":"wp","href":"https:\/\/api.w.org\/{rel}","templated":true}]}}