{"id":87747,"date":"2025-08-05T09:51:03","date_gmt":"2025-08-05T06:51:03","guid":{"rendered":"https:\/\/kibrisdakik.com\/index.php\/2025\/08\/05\/basbakan-unal-ustel-colin-stewartin-aciklamalarini-degerlendirdigerceklerden-uzak-tarafli-bir-veda-mesaji\/"},"modified":"2025-08-05T09:51:03","modified_gmt":"2025-08-05T06:51:03","slug":"basbakan-unal-ustel-colin-stewartin-aciklamalarini-degerlendirdigerceklerden-uzak-tarafli-bir-veda-mesaji","status":"publish","type":"post","link":"https:\/\/kibrisdakik.com\/?p=87747","title":{"rendered":"Ba\u015fbakan \u00dcnal \u00dcstel, Colin Stewart\u2019\u0131n a\u00e7\u0131klamalar\u0131n\u0131 de\u011ferlendirdi:\u201dGer\u00e7eklerden uzak, tarafl\u0131 bir veda mesaj\u0131\u201d"},"content":{"rendered":"<p> <br \/>\n<\/p>\n<div>\n<div class=\"mariselle-image-container center\">\n                                            <\/div>\n<p>Ba\u015fbakan \u00dcnal \u00dcstel, Colin Stewart\u2019\u0131n a\u00e7\u0131klamalar\u0131n\u0131 de\u011ferlendirdi.<\/p>\n<p>Ba\u015fbakan \u00dcnal \u00dcstel\u2019in de\u011ferlendirmesi \u015f\u00f6yle;<\/p>\n<p>\u201cColin Stewart\u2019\u0131n A\u00e7\u0131klamalar\u0131 K\u0131br\u0131s T\u00fcrk Toplumu a\u00e7\u0131\u015f\u0131mdan \u00fcz\u00fcnt\u00fc ile kar\u015f\u0131lanm\u0131\u015ft\u0131r. <\/p>\n<p>Birle\u015fmi\u015f Milletler Genel Sekreteri\u2019nin K\u0131br\u0131s \u00d6zel Temsilcisi Colin Stewart\u2019\u0131n g\u00f6rev s\u00fcresinin sonunda yapt\u0131\u011f\u0131 a\u00e7\u0131klamalar, sadece K\u0131br\u0131s T\u00fcrk halk\u0131n\u0131 hayal k\u0131r\u0131kl\u0131\u011f\u0131na u\u011fratmakla kalmam\u0131\u015f, ayn\u0131 zamanda tarafs\u0131zl\u0131k ilkesine ve diplomatik nezakete ayk\u0131r\u0131 bir yakla\u015f\u0131m\u0131 da g\u00f6zler \u00f6n\u00fcne sermi\u015ftir.<\/p>\n<p>Say\u0131n Stewart\u2019\u0131n \u201ciki devletli \u00e7\u00f6z\u00fcme dair bir senaryo yoktur\u201d ifadesi, a\u00e7\u0131k\u00e7a tarafl\u0131 ve siyasi ger\u00e7eklikten uzak bir beyand\u0131r. K\u0131br\u0131s T\u00fcrk halk\u0131n\u0131n siyasi iradesini yok sayan, y\u0131llard\u0131r uluslararas\u0131 toplumun \u00e7\u00f6z\u00fcms\u00fczl\u00fc\u011fe g\u00f6z yummas\u0131 nedeniyle kendi kaderini tayin etme hakk\u0131n\u0131 talep eden bir topluma y\u00f6nelik bu yakla\u015f\u0131m kabul edilemezdir.<\/p>\n<p>K\u0131br\u0131s T\u00fcrk halk\u0131, 1960 Ortakl\u0131k Cumhuriyeti\u2019nin kurucu ve e\u015fit orta\u011f\u0131 olmas\u0131na ra\u011fmen, 1963 y\u0131l\u0131nda silah zoruyla devletten d\u0131\u015flanm\u0131\u015f, temel haklar\u0131 gasp edilmi\u015ftir. O g\u00fcnden bu yana ambargolar, izolasyonlar ve haks\u0131zl\u0131klarla ba\u015f ba\u015fa b\u0131rak\u0131lm\u0131\u015ft\u0131r. Bu tarihi ger\u00e7ekler ortadayken, 2025 y\u0131l\u0131nda hala K\u0131br\u0131s T\u00fcrk halk\u0131na \u201cfederasyon d\u0131\u015f\u0131nda ba\u015fka bir se\u00e7ene\u011finiz yok\u201d demek, en hafif tabiriyle adaletsizli\u011fin s\u00fcrd\u00fcr\u00fclmesine katk\u0131 koymakt\u0131r.<\/p>\n<p>G\u00f6rev s\u00fcresi boyunca ne taraflar aras\u0131nda g\u00fcven in\u015fa edecek ciddi ad\u0131mlar at\u0131lm\u0131\u015f, ne de K\u0131br\u0131s T\u00fcrk halk\u0131n\u0131n maruz kald\u0131\u011f\u0131 izolasyonlar\u0131n kald\u0131r\u0131lmas\u0131 i\u00e7in herhangi bir somut \u00e7aba g\u00f6sterilmi\u015ftir. Stewart\u2019\u0131n d\u00f6rt y\u0131ll\u0131k g\u00f6rev s\u00fcreci, K\u0131br\u0131s T\u00fcrk halk\u0131 a\u00e7\u0131s\u0131ndan sonu\u00e7suz ve duyars\u0131z bir d\u00f6nem olarak kay\u0131tlara ge\u00e7mi\u015ftir.<\/p>\n<p>\u00dcstelik yapt\u0131\u011f\u0131 a\u00e7\u0131klamada, K\u0131br\u0131s T\u00fcrk halk\u0131n\u0131n T\u00fcrkiye ile olan ili\u015fkisini \u201cabsorption\u201d yani ilhak imas\u0131yla yorumlamak, sayg\u0131s\u0131zca ve \u00f6n yarg\u0131l\u0131 bir yakla\u015f\u0131md\u0131r. K\u0131br\u0131s T\u00fcrk halk\u0131 Anavatan T\u00fcrkiye ile olan ba\u011f\u0131n\u0131 bir zorunluluk olarak de\u011fil, g\u00f6n\u00fcll\u00fc ve tarihsel karde\u015flik ili\u015fkisi i\u00e7inde s\u00fcrd\u00fcrmektedir.<\/p>\n<p>K\u0131br\u0131s\u2019ta ger\u00e7ek bir bar\u0131\u015f ve s\u00fcrd\u00fcr\u00fclebilir bir \u00e7\u00f6z\u00fcm isteniyorsa, bu \u00e7\u00f6z\u00fcm iki taraf\u0131n e\u015fitli\u011fi temelinde \u015fekillenmelidir. E\u015fit egemenlik, e\u015fit uluslararas\u0131 stat\u00fc ve kar\u015f\u0131l\u0131kl\u0131 sayg\u0131, adil bir \u00e7\u00f6z\u00fcm\u00fcn olmazsa olmaz ko\u015fullar\u0131d\u0131r. Bu ba\u011flamda, iki devletli \u00e7\u00f6z\u00fcm K\u0131br\u0131s T\u00fcrk halk\u0131 i\u00e7in yaln\u0131zca bir se\u00e7enek de\u011fil, ayn\u0131 zamanda me\u015fru bir taleptir.<\/p>\n<p>Uluslararas\u0131 toplumdan beklentimiz, art\u0131k \u00e7\u00f6z\u00fcms\u00fczl\u00fc\u011f\u00fc \u00f6d\u00fcllendiren de\u011fil, adil ve kal\u0131c\u0131 \u00e7\u00f6z\u00fcm\u00fc cesaretlendiren bir tutum sergilemesidir. Say\u0131n Stewart\u2019\u0131n g\u00f6rev s\u00fcresini b\u00f6ylesine tarafl\u0131 bir ifadeyle kapatmas\u0131, ne diplomasinin ruhuna ne de K\u0131br\u0131s\u2019taki hassas dengelere hizmet etmektedir.<\/p>\n<p>Gerek i\u00e7imizden gerek d\u0131\u015f\u0131m\u0131zdan, Kim ne isterse yaps\u0131n, Biz, K\u0131br\u0131s T\u00fcrk halk\u0131 olarak, hakk\u0131m\u0131z olan e\u015f it stat\u00fcy\u00fc ve \u00f6zg\u00fcr gelece\u011fimizi kararl\u0131l\u0131kla savunmaya devam edece\u011fiz.\u201d<\/p>\n<\/p><\/div>\n<p><script async\n                    defer\n                    crossorigin=\"anonymous\"\n                    src=\"https:\/\/connect.facebook.net\/tr_TR\/sdk.js#xfbml=1&#038;version=v3.3\"\n            ><\/script><br \/>\n<br \/><br \/>\n<br \/><a href=\"[kibrisdakik.com]\n<\/p>\n","protected":false},"excerpt":{"rendered":"<p>Ba\u015fbakan \u00dcnal \u00dcstel, Colin Stewart\u2019\u0131n a\u00e7\u0131klamalar\u0131n\u0131 de\u011ferlendirdi. Ba\u015fbakan \u00dcnal \u00dcstel\u2019in de\u011ferlendirmesi \u015f\u00f6yle; \u201cColin Stewart\u2019\u0131n A\u00e7\u0131klamalar\u0131 K\u0131br\u0131s T\u00fcrk Toplumu a\u00e7\u0131\u015f\u0131mdan \u00fcz\u00fcnt\u00fc ile kar\u015f\u0131lanm\u0131\u015ft\u0131r. Birle\u015fmi\u015f Milletler Genel Sekreteri\u2019nin K\u0131br\u0131s \u00d6zel Temsilcisi Colin Stewart\u2019\u0131n g\u00f6rev s\u00fcresinin sonunda yapt\u0131\u011f\u0131 a\u00e7\u0131klamalar, sadece K\u0131br\u0131s T\u00fcrk halk\u0131n\u0131 hayal k\u0131r\u0131kl\u0131\u011f\u0131na u\u011fratmakla kalmam\u0131\u015f, ayn\u0131 zamanda tarafs\u0131zl\u0131k ilkesine ve diplomatik nezakete ayk\u0131r\u0131 bir yakla\u015f\u0131m\u0131 da<\/p>\n","protected":false},"author":1,"featured_media":87748,"comment_status":"open","ping_status":"open","sticky":false,"template":"","format":"standard","meta":{"footnotes":""},"categories":[81,101],"tags":[],"class_list":["post-87747","post","type-post","status-publish","format-standard","has-post-thumbnail","hentry","category-kibris","category-manset"],"yoast_head":"<!-- This site is optimized with the Yoast SEO plugin v27.5 - https:\/\/yoast.com\/product\/yoast-seo-wordpress\/ -->\n<title>Ba\u015fbakan \u00dcnal \u00dcstel, Colin Stewart\u2019\u0131n a\u00e7\u0131klamalar\u0131n\u0131 de\u011ferlendirdi:\u201dGer\u00e7eklerden uzak, tarafl\u0131 bir veda mesaj\u0131\u201d -<\/title>\n<meta name=\"robots\" content=\"index, follow, max-snippet:-1, max-image-preview:large, max-video-preview:-1\" \/>\n<link rel=\"canonical\" href=\"https:\/\/kibrisdakik.com\/?p=87747\" \/>\n<meta property=\"og:locale\" content=\"tr_TR\" \/>\n<meta property=\"og:type\" content=\"article\" \/>\n<meta property=\"og:title\" content=\"Ba\u015fbakan \u00dcnal \u00dcstel, Colin Stewart\u2019\u0131n a\u00e7\u0131klamalar\u0131n\u0131 de\u011ferlendirdi:\u201dGer\u00e7eklerden uzak, tarafl\u0131 bir veda mesaj\u0131\u201d -\" \/>\n<meta property=\"og:description\" content=\"Ba\u015fbakan \u00dcnal \u00dcstel, Colin Stewart\u2019\u0131n a\u00e7\u0131klamalar\u0131n\u0131 de\u011ferlendirdi. Ba\u015fbakan \u00dcnal \u00dcstel\u2019in de\u011ferlendirmesi \u015f\u00f6yle; \u201cColin Stewart\u2019\u0131n A\u00e7\u0131klamalar\u0131 K\u0131br\u0131s T\u00fcrk Toplumu a\u00e7\u0131\u015f\u0131mdan \u00fcz\u00fcnt\u00fc ile kar\u015f\u0131lanm\u0131\u015ft\u0131r. Birle\u015fmi\u015f Milletler Genel Sekreteri\u2019nin K\u0131br\u0131s \u00d6zel Temsilcisi Colin Stewart\u2019\u0131n g\u00f6rev s\u00fcresinin sonunda yapt\u0131\u011f\u0131 a\u00e7\u0131klamalar, sadece K\u0131br\u0131s T\u00fcrk halk\u0131n\u0131 hayal k\u0131r\u0131kl\u0131\u011f\u0131na u\u011fratmakla kalmam\u0131\u015f, ayn\u0131 zamanda tarafs\u0131zl\u0131k ilkesine ve diplomatik nezakete ayk\u0131r\u0131 bir yakla\u015f\u0131m\u0131 da\" \/>\n<meta property=\"og:url\" content=\"https:\/\/kibrisdakik.com\/?p=87747\" \/>\n<meta property=\"article:published_time\" content=\"2025-08-05T06:51:03+00:00\" \/>\n<meta property=\"og:image\" content=\"https:\/\/kibrisdakik.com\/wp-content\/uploads\/2025\/08\/ustelllllll-740x420.jpg\" \/>\n\t<meta property=\"og:image:width\" content=\"1080\" \/>\n\t<meta property=\"og:image:height\" content=\"720\" \/>\n\t<meta property=\"og:image:type\" content=\"image\/jpeg\" \/>\n<meta name=\"author\" content=\"admin\" \/>\n<meta name=\"twitter:card\" content=\"summary_large_image\" \/>\n<meta name=\"twitter:label1\" content=\"Yazan:\" \/>\n\t<meta name=\"twitter:data1\" content=\"admin\" \/>\n\t<meta name=\"twitter:label2\" content=\"Tahmini okuma s\u00fcresi\" \/>\n\t<meta name=\"twitter:data2\" content=\"3 dakika\" \/>\n<script type=\"application\/ld+json\" class=\"yoast-schema-graph\">{\"@context\":\"https:\\\/\\\/schema.org\",\"@graph\":[{\"@type\":\"Article\",\"@id\":\"https:\\\/\\\/kibrisdakik.com\\\/?p=87747#article\",\"isPartOf\":{\"@id\":\"https:\\\/\\\/kibrisdakik.com\\\/?p=87747\"},\"author\":{\"name\":\"admin\",\"@id\":\"https:\\\/\\\/kibrisdakik.com\\\/#\\\/schema\\\/person\\\/9cd9d437bbb44f72b73ba127e06d8e79\"},\"headline\":\"Ba\u015fbakan \u00dcnal \u00dcstel, Colin Stewart\u2019\u0131n a\u00e7\u0131klamalar\u0131n\u0131 de\u011ferlendirdi:\u201dGer\u00e7eklerden uzak, tarafl\u0131 bir veda mesaj\u0131\u201d\",\"datePublished\":\"2025-08-05T06:51:03+00:00\",\"mainEntityOfPage\":{\"@id\":\"https:\\\/\\\/kibrisdakik.com\\\/?p=87747\"},\"wordCount\":591,\"commentCount\":0,\"image\":{\"@id\":\"https:\\\/\\\/kibrisdakik.com\\\/?p=87747#primaryimage\"},\"thumbnailUrl\":\"https:\\\/\\\/kibrisdakik.com\\\/wp-content\\\/uploads\\\/2025\\\/08\\\/ustelllllll-740x420.jpg\",\"articleSection\":[\"K\u0131br\u0131s\",\"Man\u015fet\"],\"inLanguage\":\"tr\",\"potentialAction\":[{\"@type\":\"CommentAction\",\"name\":\"Comment\",\"target\":[\"https:\\\/\\\/kibrisdakik.com\\\/?p=87747#respond\"]}]},{\"@type\":\"WebPage\",\"@id\":\"https:\\\/\\\/kibrisdakik.com\\\/?p=87747\",\"url\":\"https:\\\/\\\/kibrisdakik.com\\\/?p=87747\",\"name\":\"Ba\u015fbakan \u00dcnal \u00dcstel, Colin Stewart\u2019\u0131n a\u00e7\u0131klamalar\u0131n\u0131 de\u011ferlendirdi:\u201dGer\u00e7eklerden uzak, tarafl\u0131 bir veda mesaj\u0131\u201d -\",\"isPartOf\":{\"@id\":\"https:\\\/\\\/kibrisdakik.com\\\/#website\"},\"primaryImageOfPage\":{\"@id\":\"https:\\\/\\\/kibrisdakik.com\\\/?p=87747#primaryimage\"},\"image\":{\"@id\":\"https:\\\/\\\/kibrisdakik.com\\\/?p=87747#primaryimage\"},\"thumbnailUrl\":\"https:\\\/\\\/kibrisdakik.com\\\/wp-content\\\/uploads\\\/2025\\\/08\\\/ustelllllll-740x420.jpg\",\"datePublished\":\"2025-08-05T06:51:03+00:00\",\"author\":{\"@id\":\"https:\\\/\\\/kibrisdakik.com\\\/#\\\/schema\\\/person\\\/9cd9d437bbb44f72b73ba127e06d8e79\"},\"breadcrumb\":{\"@id\":\"https:\\\/\\\/kibrisdakik.com\\\/?p=87747#breadcrumb\"},\"inLanguage\":\"tr\",\"potentialAction\":[{\"@type\":\"ReadAction\",\"target\":[\"https:\\\/\\\/kibrisdakik.com\\\/?p=87747\"]}]},{\"@type\":\"ImageObject\",\"inLanguage\":\"tr\",\"@id\":\"https:\\\/\\\/kibrisdakik.com\\\/?p=87747#primaryimage\",\"url\":\"https:\\\/\\\/kibrisdakik.com\\\/wp-content\\\/uploads\\\/2025\\\/08\\\/ustelllllll-740x420.jpg\",\"contentUrl\":\"https:\\\/\\\/kibrisdakik.com\\\/wp-content\\\/uploads\\\/2025\\\/08\\\/ustelllllll-740x420.jpg\",\"width\":1080,\"height\":720},{\"@type\":\"BreadcrumbList\",\"@id\":\"https:\\\/\\\/kibrisdakik.com\\\/?p=87747#breadcrumb\",\"itemListElement\":[{\"@type\":\"ListItem\",\"position\":1,\"name\":\"Home\",\"item\":\"https:\\\/\\\/kibrisdakik.com\\\/\"},{\"@type\":\"ListItem\",\"position\":2,\"name\":\"Ba\u015fbakan \u00dcnal \u00dcstel, Colin Stewart\u2019\u0131n a\u00e7\u0131klamalar\u0131n\u0131 de\u011ferlendirdi:\u201dGer\u00e7eklerden uzak, tarafl\u0131 bir veda mesaj\u0131\u201d\"}]},{\"@type\":\"WebSite\",\"@id\":\"https:\\\/\\\/kibrisdakik.com\\\/#website\",\"url\":\"https:\\\/\\\/kibrisdakik.com\\\/\",\"name\":\"\",\"description\":\"Tam vaktinde haber\",\"potentialAction\":[{\"@type\":\"SearchAction\",\"target\":{\"@type\":\"EntryPoint\",\"urlTemplate\":\"https:\\\/\\\/kibrisdakik.com\\\/?s={search_term_string}\"},\"query-input\":{\"@type\":\"PropertyValueSpecification\",\"valueRequired\":true,\"valueName\":\"search_term_string\"}}],\"inLanguage\":\"tr\"},{\"@type\":\"Person\",\"@id\":\"https:\\\/\\\/kibrisdakik.com\\\/#\\\/schema\\\/person\\\/9cd9d437bbb44f72b73ba127e06d8e79\",\"name\":\"admin\",\"image\":{\"@type\":\"ImageObject\",\"inLanguage\":\"tr\",\"@id\":\"https:\\\/\\\/secure.gravatar.com\\\/avatar\\\/ccc17943b9d660506c869530f897617f7cb1c21a4bf30023f252596d83e1f007?s=96&d=mm&r=g\",\"url\":\"https:\\\/\\\/secure.gravatar.com\\\/avatar\\\/ccc17943b9d660506c869530f897617f7cb1c21a4bf30023f252596d83e1f007?s=96&d=mm&r=g\",\"contentUrl\":\"https:\\\/\\\/secure.gravatar.com\\\/avatar\\\/ccc17943b9d660506c869530f897617f7cb1c21a4bf30023f252596d83e1f007?s=96&d=mm&r=g\",\"caption\":\"admin\"},\"sameAs\":[\"https:\\\/\\\/kibrisdakik.com\"],\"url\":\"https:\\\/\\\/kibrisdakik.com\\\/?author=1\"}]}<\/script>\n<!-- \/ Yoast SEO plugin. -->","yoast_head_json":{"title":"Ba\u015fbakan \u00dcnal \u00dcstel, Colin Stewart\u2019\u0131n a\u00e7\u0131klamalar\u0131n\u0131 de\u011ferlendirdi:\u201dGer\u00e7eklerden uzak, tarafl\u0131 bir veda mesaj\u0131\u201d -","robots":{"index":"index","follow":"follow","max-snippet":"max-snippet:-1","max-image-preview":"max-image-preview:large","max-video-preview":"max-video-preview:-1"},"canonical":"https:\/\/kibrisdakik.com\/?p=87747","og_locale":"tr_TR","og_type":"article","og_title":"Ba\u015fbakan \u00dcnal \u00dcstel, Colin Stewart\u2019\u0131n a\u00e7\u0131klamalar\u0131n\u0131 de\u011ferlendirdi:\u201dGer\u00e7eklerden uzak, tarafl\u0131 bir veda mesaj\u0131\u201d -","og_description":"Ba\u015fbakan \u00dcnal \u00dcstel, Colin Stewart\u2019\u0131n a\u00e7\u0131klamalar\u0131n\u0131 de\u011ferlendirdi. Ba\u015fbakan \u00dcnal \u00dcstel\u2019in de\u011ferlendirmesi \u015f\u00f6yle; \u201cColin Stewart\u2019\u0131n A\u00e7\u0131klamalar\u0131 K\u0131br\u0131s T\u00fcrk Toplumu a\u00e7\u0131\u015f\u0131mdan \u00fcz\u00fcnt\u00fc ile kar\u015f\u0131lanm\u0131\u015ft\u0131r. Birle\u015fmi\u015f Milletler Genel Sekreteri\u2019nin K\u0131br\u0131s \u00d6zel Temsilcisi Colin Stewart\u2019\u0131n g\u00f6rev s\u00fcresinin sonunda yapt\u0131\u011f\u0131 a\u00e7\u0131klamalar, sadece K\u0131br\u0131s T\u00fcrk halk\u0131n\u0131 hayal k\u0131r\u0131kl\u0131\u011f\u0131na u\u011fratmakla kalmam\u0131\u015f, ayn\u0131 zamanda tarafs\u0131zl\u0131k ilkesine ve diplomatik nezakete ayk\u0131r\u0131 bir yakla\u015f\u0131m\u0131 da","og_url":"https:\/\/kibrisdakik.com\/?p=87747","article_published_time":"2025-08-05T06:51:03+00:00","og_image":[{"width":1080,"height":720,"url":"https:\/\/kibrisdakik.com\/wp-content\/uploads\/2025\/08\/ustelllllll-740x420.jpg","type":"image\/jpeg"}],"author":"admin","twitter_card":"summary_large_image","twitter_misc":{"Yazan:":"admin","Tahmini okuma s\u00fcresi":"3 dakika"},"schema":{"@context":"https:\/\/schema.org","@graph":[{"@type":"Article","@id":"https:\/\/kibrisdakik.com\/?p=87747#article","isPartOf":{"@id":"https:\/\/kibrisdakik.com\/?p=87747"},"author":{"name":"admin","@id":"https:\/\/kibrisdakik.com\/#\/schema\/person\/9cd9d437bbb44f72b73ba127e06d8e79"},"headline":"Ba\u015fbakan \u00dcnal \u00dcstel, Colin Stewart\u2019\u0131n a\u00e7\u0131klamalar\u0131n\u0131 de\u011ferlendirdi:\u201dGer\u00e7eklerden uzak, tarafl\u0131 bir veda mesaj\u0131\u201d","datePublished":"2025-08-05T06:51:03+00:00","mainEntityOfPage":{"@id":"https:\/\/kibrisdakik.com\/?p=87747"},"wordCount":591,"commentCount":0,"image":{"@id":"https:\/\/kibrisdakik.com\/?p=87747#primaryimage"},"thumbnailUrl":"https:\/\/kibrisdakik.com\/wp-content\/uploads\/2025\/08\/ustelllllll-740x420.jpg","articleSection":["K\u0131br\u0131s","Man\u015fet"],"inLanguage":"tr","potentialAction":[{"@type":"CommentAction","name":"Comment","target":["https:\/\/kibrisdakik.com\/?p=87747#respond"]}]},{"@type":"WebPage","@id":"https:\/\/kibrisdakik.com\/?p=87747","url":"https:\/\/kibrisdakik.com\/?p=87747","name":"Ba\u015fbakan \u00dcnal \u00dcstel, Colin Stewart\u2019\u0131n a\u00e7\u0131klamalar\u0131n\u0131 de\u011ferlendirdi:\u201dGer\u00e7eklerden uzak, tarafl\u0131 bir veda mesaj\u0131\u201d -","isPartOf":{"@id":"https:\/\/kibrisdakik.com\/#website"},"primaryImageOfPage":{"@id":"https:\/\/kibrisdakik.com\/?p=87747#primaryimage"},"image":{"@id":"https:\/\/kibrisdakik.com\/?p=87747#primaryimage"},"thumbnailUrl":"https:\/\/kibrisdakik.com\/wp-content\/uploads\/2025\/08\/ustelllllll-740x420.jpg","datePublished":"2025-08-05T06:51:03+00:00","author":{"@id":"https:\/\/kibrisdakik.com\/#\/schema\/person\/9cd9d437bbb44f72b73ba127e06d8e79"},"breadcrumb":{"@id":"https:\/\/kibrisdakik.com\/?p=87747#breadcrumb"},"inLanguage":"tr","potentialAction":[{"@type":"ReadAction","target":["https:\/\/kibrisdakik.com\/?p=87747"]}]},{"@type":"ImageObject","inLanguage":"tr","@id":"https:\/\/kibrisdakik.com\/?p=87747#primaryimage","url":"https:\/\/kibrisdakik.com\/wp-content\/uploads\/2025\/08\/ustelllllll-740x420.jpg","contentUrl":"https:\/\/kibrisdakik.com\/wp-content\/uploads\/2025\/08\/ustelllllll-740x420.jpg","width":1080,"height":720},{"@type":"BreadcrumbList","@id":"https:\/\/kibrisdakik.com\/?p=87747#breadcrumb","itemListElement":[{"@type":"ListItem","position":1,"name":"Home","item":"https:\/\/kibrisdakik.com\/"},{"@type":"ListItem","position":2,"name":"Ba\u015fbakan \u00dcnal \u00dcstel, Colin Stewart\u2019\u0131n a\u00e7\u0131klamalar\u0131n\u0131 de\u011ferlendirdi:\u201dGer\u00e7eklerden uzak, tarafl\u0131 bir veda mesaj\u0131\u201d"}]},{"@type":"WebSite","@id":"https:\/\/kibrisdakik.com\/#website","url":"https:\/\/kibrisdakik.com\/","name":"","description":"Tam vaktinde haber","potentialAction":[{"@type":"SearchAction","target":{"@type":"EntryPoint","urlTemplate":"https:\/\/kibrisdakik.com\/?s={search_term_string}"},"query-input":{"@type":"PropertyValueSpecification","valueRequired":true,"valueName":"search_term_string"}}],"inLanguage":"tr"},{"@type":"Person","@id":"https:\/\/kibrisdakik.com\/#\/schema\/person\/9cd9d437bbb44f72b73ba127e06d8e79","name":"admin","image":{"@type":"ImageObject","inLanguage":"tr","@id":"https:\/\/secure.gravatar.com\/avatar\/ccc17943b9d660506c869530f897617f7cb1c21a4bf30023f252596d83e1f007?s=96&d=mm&r=g","url":"https:\/\/secure.gravatar.com\/avatar\/ccc17943b9d660506c869530f897617f7cb1c21a4bf30023f252596d83e1f007?s=96&d=mm&r=g","contentUrl":"https:\/\/secure.gravatar.com\/avatar\/ccc17943b9d660506c869530f897617f7cb1c21a4bf30023f252596d83e1f007?s=96&d=mm&r=g","caption":"admin"},"sameAs":["https:\/\/kibrisdakik.com"],"url":"https:\/\/kibrisdakik.com\/?author=1"}]}},"_links":{"self":[{"href":"https:\/\/kibrisdakik.com\/index.php?rest_route=\/wp\/v2\/posts\/87747","targetHints":{"allow":["GET"]}}],"collection":[{"href":"https:\/\/kibrisdakik.com\/index.php?rest_route=\/wp\/v2\/posts"}],"about":[{"href":"https:\/\/kibrisdakik.com\/index.php?rest_route=\/wp\/v2\/types\/post"}],"author":[{"embeddable":true,"href":"https:\/\/kibrisdakik.com\/index.php?rest_route=\/wp\/v2\/users\/1"}],"replies":[{"embeddable":true,"href":"https:\/\/kibrisdakik.com\/index.php?rest_route=%2Fwp%2Fv2%2Fcomments&post=87747"}],"version-history":[{"count":0,"href":"https:\/\/kibrisdakik.com\/index.php?rest_route=\/wp\/v2\/posts\/87747\/revisions"}],"wp:featuredmedia":[{"embeddable":true,"href":"https:\/\/kibrisdakik.com\/index.php?rest_route=\/wp\/v2\/media\/87748"}],"wp:attachment":[{"href":"https:\/\/kibrisdakik.com\/index.php?rest_route=%2Fwp%2Fv2%2Fmedia&parent=87747"}],"wp:term":[{"taxonomy":"category","embeddable":true,"href":"https:\/\/kibrisdakik.com\/index.php?rest_route=%2Fwp%2Fv2%2Fcategories&post=87747"},{"taxonomy":"post_tag","embeddable":true,"href":"https:\/\/kibrisdakik.com\/index.php?rest_route=%2Fwp%2Fv2%2Ftags&post=87747"}],"curies":[{"name":"wp","href":"https:\/\/api.w.org\/{rel}","templated":true}]}}