{"id":87775,"date":"2025-08-05T15:34:06","date_gmt":"2025-08-05T12:34:06","guid":{"rendered":"https:\/\/kibrisdakik.com\/index.php\/2025\/08\/05\/tarim-ve-dogal-kaynaklar-bakanligi-mineri-sarikuyruk-avciligina-dair-uyarida-bulundu\/"},"modified":"2025-08-05T15:34:06","modified_gmt":"2025-08-05T12:34:06","slug":"tarim-ve-dogal-kaynaklar-bakanligi-mineri-sarikuyruk-avciligina-dair-uyarida-bulundu","status":"publish","type":"post","link":"https:\/\/kibrisdakik.com\/?p=87775","title":{"rendered":"Tar\u0131m ve Do\u011fal Kaynaklar Bakanl\u0131\u011f\u0131, Mineri\/Sar\u0131kuyruk avc\u0131l\u0131\u011f\u0131na dair uyar\u0131da bulundu"},"content":{"rendered":"<p> <br \/>\n<\/p>\n<div>\n<div class=\"mariselle-image-container none\">\n                                            <\/div>\n<p>Tar\u0131m ve Do\u011fal Kaynaklar Bakanl\u0131\u011f\u0131, yaz d\u00f6neminde k\u0131y\u0131larda s\u0131kl\u0131kla g\u00f6r\u00fclen Mineri\/Sar\u0131kuyruk (Seriola dumerili) bal\u0131\u011f\u0131 avc\u0131l\u0131\u011f\u0131na dair uyar\u0131da bulunarak yasal d\u00fczenlemeleri hat\u0131rlatt\u0131.<\/p>\n<p>Bakanl\u0131ktan yap\u0131lan yaz\u0131l\u0131 a\u00e7\u0131klamada, bu d\u00f6nemde t\u00fcr\u00fcn k\u0131y\u0131larda daha s\u0131k rastlanmas\u0131 nedeniyle, yasal avlanma kurallar\u0131n\u0131n hat\u0131rlat\u0131lmas\u0131na ihtiya\u00e7 duyuldu\u011fu belirtildi.<\/p>\n<p>A\u00e7\u0131klamada, 27\/2000 say\u0131l\u0131 Su \u00dcr\u00fcnleri Yasas\u0131 kapsam\u0131nda y\u00fcr\u00fcrl\u00fckte olan \u201cBal\u0131k\u00e7\u0131l\u0131k \u0130zinleri ve Bal\u0131k\u00e7\u0131l\u0131k Kaynaklar\u0131n\u0131n S\u00fcrd\u00fcr\u00fclebilir Kullan\u0131m\u0131 T\u00fcz\u00fc\u011f\u00fc\u201d uyar\u0131nca, Sar\u0131kuyruk avc\u0131l\u0131\u011f\u0131na y\u00f6nelik ge\u00e7erli kurallara dikkat \u00e7ekildi.<\/p>\n<p>30 santimetreden k\u00fc\u00e7\u00fck olan bireylerin avlanmas\u0131, sat\u0131lmas\u0131, sat\u0131n al\u0131nmas\u0131 ve sergilenmesinin yasak oldu\u011fu vurgulanan a\u00e7\u0131klamada, bu kural\u0131n, hem amat\u00f6r hem de profesyonel bal\u0131k\u00e7\u0131lar i\u00e7in ba\u011flay\u0131c\u0131 nitelik ta\u015f\u0131d\u0131\u011f\u0131 kaydedildi.<\/p>\n<p>Amat\u00f6r ve sportif bal\u0131k\u00e7\u0131lar i\u00e7in getirilen g\u00fcnl\u00fck adet s\u0131n\u0131rlamalar\u0131 ise \u015f\u00f6yle belirlendi:<\/p>\n<p>\u201c45 cm ve \u00fczerindeki bal\u0131klar i\u00e7in: G\u00fcnde en fazla 2 adet. 30\u201345 cm aras\u0131ndaki bal\u0131klar i\u00e7in g\u00fcnde en fazla 6 adet.\u201d<\/p>\n<p>Bu d\u00fczenlemelerin Sar\u0131kuyruk t\u00fcr\u00fcn\u00fcn pop\u00fclasyonunu korumak ve s\u00fcrd\u00fcr\u00fclebilir bal\u0131k\u00e7\u0131l\u0131\u011f\u0131 sa\u011flamak amac\u0131yla uyguland\u0131\u011f\u0131 vurgulanan a\u00e7\u0131klamada, bal\u0131k\u00e7\u0131lar\u0131n belirtilen kurallara \u00f6zen g\u00f6stermeleri, denizlerdeki biyolojik \u00e7e\u015fitlili\u011fin korunmas\u0131na ve gelecek nesillerin de bu kaynaklardan faydalanabilmesine katk\u0131 sa\u011flayaca\u011f\u0131 belirtildi.<\/p>\n<\/p><\/div>\n<p><script async\n                    defer\n                    crossorigin=\"anonymous\"\n                    src=\"https:\/\/connect.facebook.net\/tr_TR\/sdk.js#xfbml=1&#038;version=v3.3\"\n            ><\/script><br \/>\n<br \/><br \/>\n<br \/><a href=\"[kibrisdakik.com]\n<\/p>\n","protected":false},"excerpt":{"rendered":"<p>Tar\u0131m ve Do\u011fal Kaynaklar Bakanl\u0131\u011f\u0131, yaz d\u00f6neminde k\u0131y\u0131larda s\u0131kl\u0131kla g\u00f6r\u00fclen Mineri\/Sar\u0131kuyruk (Seriola dumerili) bal\u0131\u011f\u0131 avc\u0131l\u0131\u011f\u0131na dair uyar\u0131da bulunarak yasal d\u00fczenlemeleri hat\u0131rlatt\u0131. Bakanl\u0131ktan yap\u0131lan yaz\u0131l\u0131 a\u00e7\u0131klamada, bu d\u00f6nemde t\u00fcr\u00fcn k\u0131y\u0131larda daha s\u0131k rastlanmas\u0131 nedeniyle, yasal avlanma kurallar\u0131n\u0131n hat\u0131rlat\u0131lmas\u0131na ihtiya\u00e7 duyuldu\u011fu belirtildi. A\u00e7\u0131klamada, 27\/2000 say\u0131l\u0131 Su \u00dcr\u00fcnleri Yasas\u0131 kapsam\u0131nda y\u00fcr\u00fcrl\u00fckte olan \u201cBal\u0131k\u00e7\u0131l\u0131k \u0130zinleri ve Bal\u0131k\u00e7\u0131l\u0131k Kaynaklar\u0131n\u0131n S\u00fcrd\u00fcr\u00fclebilir<\/p>\n","protected":false},"author":1,"featured_media":87776,"comment_status":"open","ping_status":"open","sticky":false,"template":"","format":"standard","meta":{"footnotes":""},"categories":[81,101],"tags":[],"class_list":["post-87775","post","type-post","status-publish","format-standard","has-post-thumbnail","hentry","category-kibris","category-manset"],"yoast_head":"<!-- This site is optimized with the Yoast SEO plugin v27.5 - https:\/\/yoast.com\/product\/yoast-seo-wordpress\/ -->\n<title>Tar\u0131m ve Do\u011fal Kaynaklar Bakanl\u0131\u011f\u0131, Mineri\/Sar\u0131kuyruk avc\u0131l\u0131\u011f\u0131na dair uyar\u0131da bulundu -<\/title>\n<meta name=\"robots\" content=\"index, follow, max-snippet:-1, max-image-preview:large, max-video-preview:-1\" \/>\n<link rel=\"canonical\" href=\"https:\/\/kibrisdakik.com\/?p=87775\" \/>\n<meta property=\"og:locale\" content=\"tr_TR\" \/>\n<meta property=\"og:type\" content=\"article\" \/>\n<meta property=\"og:title\" content=\"Tar\u0131m ve Do\u011fal Kaynaklar Bakanl\u0131\u011f\u0131, Mineri\/Sar\u0131kuyruk avc\u0131l\u0131\u011f\u0131na dair uyar\u0131da bulundu -\" \/>\n<meta property=\"og:description\" content=\"Tar\u0131m ve Do\u011fal Kaynaklar Bakanl\u0131\u011f\u0131, yaz d\u00f6neminde k\u0131y\u0131larda s\u0131kl\u0131kla g\u00f6r\u00fclen Mineri\/Sar\u0131kuyruk (Seriola dumerili) bal\u0131\u011f\u0131 avc\u0131l\u0131\u011f\u0131na dair uyar\u0131da bulunarak yasal d\u00fczenlemeleri hat\u0131rlatt\u0131. Bakanl\u0131ktan yap\u0131lan yaz\u0131l\u0131 a\u00e7\u0131klamada, bu d\u00f6nemde t\u00fcr\u00fcn k\u0131y\u0131larda daha s\u0131k rastlanmas\u0131 nedeniyle, yasal avlanma kurallar\u0131n\u0131n hat\u0131rlat\u0131lmas\u0131na ihtiya\u00e7 duyuldu\u011fu belirtildi. A\u00e7\u0131klamada, 27\/2000 say\u0131l\u0131 Su \u00dcr\u00fcnleri Yasas\u0131 kapsam\u0131nda y\u00fcr\u00fcrl\u00fckte olan \u201cBal\u0131k\u00e7\u0131l\u0131k \u0130zinleri ve Bal\u0131k\u00e7\u0131l\u0131k Kaynaklar\u0131n\u0131n S\u00fcrd\u00fcr\u00fclebilir\" \/>\n<meta property=\"og:url\" content=\"https:\/\/kibrisdakik.com\/?p=87775\" \/>\n<meta property=\"article:published_time\" content=\"2025-08-05T12:34:06+00:00\" \/>\n<meta property=\"og:image\" content=\"https:\/\/kibrisdakik.com\/wp-content\/uploads\/2025\/08\/tarim-bakanligi-1024x576-1.webp-740x420.webp\" \/>\n\t<meta property=\"og:image:width\" content=\"1024\" \/>\n\t<meta property=\"og:image:height\" content=\"576\" \/>\n\t<meta property=\"og:image:type\" content=\"image\/webp\" \/>\n<meta name=\"author\" content=\"admin\" \/>\n<meta name=\"twitter:card\" content=\"summary_large_image\" \/>\n<meta name=\"twitter:label1\" content=\"Yazan:\" \/>\n\t<meta name=\"twitter:data1\" content=\"admin\" \/>\n\t<meta name=\"twitter:label2\" content=\"Tahmini okuma s\u00fcresi\" \/>\n\t<meta name=\"twitter:data2\" content=\"1 dakika\" \/>\n<script type=\"application\/ld+json\" class=\"yoast-schema-graph\">{\"@context\":\"https:\\\/\\\/schema.org\",\"@graph\":[{\"@type\":\"Article\",\"@id\":\"https:\\\/\\\/kibrisdakik.com\\\/?p=87775#article\",\"isPartOf\":{\"@id\":\"https:\\\/\\\/kibrisdakik.com\\\/?p=87775\"},\"author\":{\"name\":\"admin\",\"@id\":\"https:\\\/\\\/kibrisdakik.com\\\/#\\\/schema\\\/person\\\/9cd9d437bbb44f72b73ba127e06d8e79\"},\"headline\":\"Tar\u0131m ve Do\u011fal Kaynaklar Bakanl\u0131\u011f\u0131, Mineri\\\/Sar\u0131kuyruk avc\u0131l\u0131\u011f\u0131na dair uyar\u0131da bulundu\",\"datePublished\":\"2025-08-05T12:34:06+00:00\",\"mainEntityOfPage\":{\"@id\":\"https:\\\/\\\/kibrisdakik.com\\\/?p=87775\"},\"wordCount\":281,\"commentCount\":0,\"image\":{\"@id\":\"https:\\\/\\\/kibrisdakik.com\\\/?p=87775#primaryimage\"},\"thumbnailUrl\":\"https:\\\/\\\/kibrisdakik.com\\\/wp-content\\\/uploads\\\/2025\\\/08\\\/tarim-bakanligi-1024x576-1.webp-740x420.webp\",\"articleSection\":[\"K\u0131br\u0131s\",\"Man\u015fet\"],\"inLanguage\":\"tr\",\"potentialAction\":[{\"@type\":\"CommentAction\",\"name\":\"Comment\",\"target\":[\"https:\\\/\\\/kibrisdakik.com\\\/?p=87775#respond\"]}]},{\"@type\":\"WebPage\",\"@id\":\"https:\\\/\\\/kibrisdakik.com\\\/?p=87775\",\"url\":\"https:\\\/\\\/kibrisdakik.com\\\/?p=87775\",\"name\":\"Tar\u0131m ve Do\u011fal Kaynaklar Bakanl\u0131\u011f\u0131, Mineri\\\/Sar\u0131kuyruk avc\u0131l\u0131\u011f\u0131na dair uyar\u0131da bulundu -\",\"isPartOf\":{\"@id\":\"https:\\\/\\\/kibrisdakik.com\\\/#website\"},\"primaryImageOfPage\":{\"@id\":\"https:\\\/\\\/kibrisdakik.com\\\/?p=87775#primaryimage\"},\"image\":{\"@id\":\"https:\\\/\\\/kibrisdakik.com\\\/?p=87775#primaryimage\"},\"thumbnailUrl\":\"https:\\\/\\\/kibrisdakik.com\\\/wp-content\\\/uploads\\\/2025\\\/08\\\/tarim-bakanligi-1024x576-1.webp-740x420.webp\",\"datePublished\":\"2025-08-05T12:34:06+00:00\",\"author\":{\"@id\":\"https:\\\/\\\/kibrisdakik.com\\\/#\\\/schema\\\/person\\\/9cd9d437bbb44f72b73ba127e06d8e79\"},\"breadcrumb\":{\"@id\":\"https:\\\/\\\/kibrisdakik.com\\\/?p=87775#breadcrumb\"},\"inLanguage\":\"tr\",\"potentialAction\":[{\"@type\":\"ReadAction\",\"target\":[\"https:\\\/\\\/kibrisdakik.com\\\/?p=87775\"]}]},{\"@type\":\"ImageObject\",\"inLanguage\":\"tr\",\"@id\":\"https:\\\/\\\/kibrisdakik.com\\\/?p=87775#primaryimage\",\"url\":\"https:\\\/\\\/kibrisdakik.com\\\/wp-content\\\/uploads\\\/2025\\\/08\\\/tarim-bakanligi-1024x576-1.webp-740x420.webp\",\"contentUrl\":\"https:\\\/\\\/kibrisdakik.com\\\/wp-content\\\/uploads\\\/2025\\\/08\\\/tarim-bakanligi-1024x576-1.webp-740x420.webp\",\"width\":1024,\"height\":576},{\"@type\":\"BreadcrumbList\",\"@id\":\"https:\\\/\\\/kibrisdakik.com\\\/?p=87775#breadcrumb\",\"itemListElement\":[{\"@type\":\"ListItem\",\"position\":1,\"name\":\"Home\",\"item\":\"https:\\\/\\\/kibrisdakik.com\\\/\"},{\"@type\":\"ListItem\",\"position\":2,\"name\":\"Tar\u0131m ve Do\u011fal Kaynaklar Bakanl\u0131\u011f\u0131, Mineri\\\/Sar\u0131kuyruk avc\u0131l\u0131\u011f\u0131na dair uyar\u0131da bulundu\"}]},{\"@type\":\"WebSite\",\"@id\":\"https:\\\/\\\/kibrisdakik.com\\\/#website\",\"url\":\"https:\\\/\\\/kibrisdakik.com\\\/\",\"name\":\"\",\"description\":\"Tam vaktinde haber\",\"potentialAction\":[{\"@type\":\"SearchAction\",\"target\":{\"@type\":\"EntryPoint\",\"urlTemplate\":\"https:\\\/\\\/kibrisdakik.com\\\/?s={search_term_string}\"},\"query-input\":{\"@type\":\"PropertyValueSpecification\",\"valueRequired\":true,\"valueName\":\"search_term_string\"}}],\"inLanguage\":\"tr\"},{\"@type\":\"Person\",\"@id\":\"https:\\\/\\\/kibrisdakik.com\\\/#\\\/schema\\\/person\\\/9cd9d437bbb44f72b73ba127e06d8e79\",\"name\":\"admin\",\"image\":{\"@type\":\"ImageObject\",\"inLanguage\":\"tr\",\"@id\":\"https:\\\/\\\/secure.gravatar.com\\\/avatar\\\/ccc17943b9d660506c869530f897617f7cb1c21a4bf30023f252596d83e1f007?s=96&d=mm&r=g\",\"url\":\"https:\\\/\\\/secure.gravatar.com\\\/avatar\\\/ccc17943b9d660506c869530f897617f7cb1c21a4bf30023f252596d83e1f007?s=96&d=mm&r=g\",\"contentUrl\":\"https:\\\/\\\/secure.gravatar.com\\\/avatar\\\/ccc17943b9d660506c869530f897617f7cb1c21a4bf30023f252596d83e1f007?s=96&d=mm&r=g\",\"caption\":\"admin\"},\"sameAs\":[\"https:\\\/\\\/kibrisdakik.com\"],\"url\":\"https:\\\/\\\/kibrisdakik.com\\\/?author=1\"}]}<\/script>\n<!-- \/ Yoast SEO plugin. -->","yoast_head_json":{"title":"Tar\u0131m ve Do\u011fal Kaynaklar Bakanl\u0131\u011f\u0131, Mineri\/Sar\u0131kuyruk avc\u0131l\u0131\u011f\u0131na dair uyar\u0131da bulundu -","robots":{"index":"index","follow":"follow","max-snippet":"max-snippet:-1","max-image-preview":"max-image-preview:large","max-video-preview":"max-video-preview:-1"},"canonical":"https:\/\/kibrisdakik.com\/?p=87775","og_locale":"tr_TR","og_type":"article","og_title":"Tar\u0131m ve Do\u011fal Kaynaklar Bakanl\u0131\u011f\u0131, Mineri\/Sar\u0131kuyruk avc\u0131l\u0131\u011f\u0131na dair uyar\u0131da bulundu -","og_description":"Tar\u0131m ve Do\u011fal Kaynaklar Bakanl\u0131\u011f\u0131, yaz d\u00f6neminde k\u0131y\u0131larda s\u0131kl\u0131kla g\u00f6r\u00fclen Mineri\/Sar\u0131kuyruk (Seriola dumerili) bal\u0131\u011f\u0131 avc\u0131l\u0131\u011f\u0131na dair uyar\u0131da bulunarak yasal d\u00fczenlemeleri hat\u0131rlatt\u0131. Bakanl\u0131ktan yap\u0131lan yaz\u0131l\u0131 a\u00e7\u0131klamada, bu d\u00f6nemde t\u00fcr\u00fcn k\u0131y\u0131larda daha s\u0131k rastlanmas\u0131 nedeniyle, yasal avlanma kurallar\u0131n\u0131n hat\u0131rlat\u0131lmas\u0131na ihtiya\u00e7 duyuldu\u011fu belirtildi. A\u00e7\u0131klamada, 27\/2000 say\u0131l\u0131 Su \u00dcr\u00fcnleri Yasas\u0131 kapsam\u0131nda y\u00fcr\u00fcrl\u00fckte olan \u201cBal\u0131k\u00e7\u0131l\u0131k \u0130zinleri ve Bal\u0131k\u00e7\u0131l\u0131k Kaynaklar\u0131n\u0131n S\u00fcrd\u00fcr\u00fclebilir","og_url":"https:\/\/kibrisdakik.com\/?p=87775","article_published_time":"2025-08-05T12:34:06+00:00","og_image":[{"width":1024,"height":576,"url":"https:\/\/kibrisdakik.com\/wp-content\/uploads\/2025\/08\/tarim-bakanligi-1024x576-1.webp-740x420.webp","type":"image\/webp"}],"author":"admin","twitter_card":"summary_large_image","twitter_misc":{"Yazan:":"admin","Tahmini okuma s\u00fcresi":"1 dakika"},"schema":{"@context":"https:\/\/schema.org","@graph":[{"@type":"Article","@id":"https:\/\/kibrisdakik.com\/?p=87775#article","isPartOf":{"@id":"https:\/\/kibrisdakik.com\/?p=87775"},"author":{"name":"admin","@id":"https:\/\/kibrisdakik.com\/#\/schema\/person\/9cd9d437bbb44f72b73ba127e06d8e79"},"headline":"Tar\u0131m ve Do\u011fal Kaynaklar Bakanl\u0131\u011f\u0131, Mineri\/Sar\u0131kuyruk avc\u0131l\u0131\u011f\u0131na dair uyar\u0131da bulundu","datePublished":"2025-08-05T12:34:06+00:00","mainEntityOfPage":{"@id":"https:\/\/kibrisdakik.com\/?p=87775"},"wordCount":281,"commentCount":0,"image":{"@id":"https:\/\/kibrisdakik.com\/?p=87775#primaryimage"},"thumbnailUrl":"https:\/\/kibrisdakik.com\/wp-content\/uploads\/2025\/08\/tarim-bakanligi-1024x576-1.webp-740x420.webp","articleSection":["K\u0131br\u0131s","Man\u015fet"],"inLanguage":"tr","potentialAction":[{"@type":"CommentAction","name":"Comment","target":["https:\/\/kibrisdakik.com\/?p=87775#respond"]}]},{"@type":"WebPage","@id":"https:\/\/kibrisdakik.com\/?p=87775","url":"https:\/\/kibrisdakik.com\/?p=87775","name":"Tar\u0131m ve Do\u011fal Kaynaklar Bakanl\u0131\u011f\u0131, Mineri\/Sar\u0131kuyruk avc\u0131l\u0131\u011f\u0131na dair uyar\u0131da bulundu -","isPartOf":{"@id":"https:\/\/kibrisdakik.com\/#website"},"primaryImageOfPage":{"@id":"https:\/\/kibrisdakik.com\/?p=87775#primaryimage"},"image":{"@id":"https:\/\/kibrisdakik.com\/?p=87775#primaryimage"},"thumbnailUrl":"https:\/\/kibrisdakik.com\/wp-content\/uploads\/2025\/08\/tarim-bakanligi-1024x576-1.webp-740x420.webp","datePublished":"2025-08-05T12:34:06+00:00","author":{"@id":"https:\/\/kibrisdakik.com\/#\/schema\/person\/9cd9d437bbb44f72b73ba127e06d8e79"},"breadcrumb":{"@id":"https:\/\/kibrisdakik.com\/?p=87775#breadcrumb"},"inLanguage":"tr","potentialAction":[{"@type":"ReadAction","target":["https:\/\/kibrisdakik.com\/?p=87775"]}]},{"@type":"ImageObject","inLanguage":"tr","@id":"https:\/\/kibrisdakik.com\/?p=87775#primaryimage","url":"https:\/\/kibrisdakik.com\/wp-content\/uploads\/2025\/08\/tarim-bakanligi-1024x576-1.webp-740x420.webp","contentUrl":"https:\/\/kibrisdakik.com\/wp-content\/uploads\/2025\/08\/tarim-bakanligi-1024x576-1.webp-740x420.webp","width":1024,"height":576},{"@type":"BreadcrumbList","@id":"https:\/\/kibrisdakik.com\/?p=87775#breadcrumb","itemListElement":[{"@type":"ListItem","position":1,"name":"Home","item":"https:\/\/kibrisdakik.com\/"},{"@type":"ListItem","position":2,"name":"Tar\u0131m ve Do\u011fal Kaynaklar Bakanl\u0131\u011f\u0131, Mineri\/Sar\u0131kuyruk avc\u0131l\u0131\u011f\u0131na dair uyar\u0131da bulundu"}]},{"@type":"WebSite","@id":"https:\/\/kibrisdakik.com\/#website","url":"https:\/\/kibrisdakik.com\/","name":"","description":"Tam vaktinde haber","potentialAction":[{"@type":"SearchAction","target":{"@type":"EntryPoint","urlTemplate":"https:\/\/kibrisdakik.com\/?s={search_term_string}"},"query-input":{"@type":"PropertyValueSpecification","valueRequired":true,"valueName":"search_term_string"}}],"inLanguage":"tr"},{"@type":"Person","@id":"https:\/\/kibrisdakik.com\/#\/schema\/person\/9cd9d437bbb44f72b73ba127e06d8e79","name":"admin","image":{"@type":"ImageObject","inLanguage":"tr","@id":"https:\/\/secure.gravatar.com\/avatar\/ccc17943b9d660506c869530f897617f7cb1c21a4bf30023f252596d83e1f007?s=96&d=mm&r=g","url":"https:\/\/secure.gravatar.com\/avatar\/ccc17943b9d660506c869530f897617f7cb1c21a4bf30023f252596d83e1f007?s=96&d=mm&r=g","contentUrl":"https:\/\/secure.gravatar.com\/avatar\/ccc17943b9d660506c869530f897617f7cb1c21a4bf30023f252596d83e1f007?s=96&d=mm&r=g","caption":"admin"},"sameAs":["https:\/\/kibrisdakik.com"],"url":"https:\/\/kibrisdakik.com\/?author=1"}]}},"_links":{"self":[{"href":"https:\/\/kibrisdakik.com\/index.php?rest_route=\/wp\/v2\/posts\/87775","targetHints":{"allow":["GET"]}}],"collection":[{"href":"https:\/\/kibrisdakik.com\/index.php?rest_route=\/wp\/v2\/posts"}],"about":[{"href":"https:\/\/kibrisdakik.com\/index.php?rest_route=\/wp\/v2\/types\/post"}],"author":[{"embeddable":true,"href":"https:\/\/kibrisdakik.com\/index.php?rest_route=\/wp\/v2\/users\/1"}],"replies":[{"embeddable":true,"href":"https:\/\/kibrisdakik.com\/index.php?rest_route=%2Fwp%2Fv2%2Fcomments&post=87775"}],"version-history":[{"count":0,"href":"https:\/\/kibrisdakik.com\/index.php?rest_route=\/wp\/v2\/posts\/87775\/revisions"}],"wp:featuredmedia":[{"embeddable":true,"href":"https:\/\/kibrisdakik.com\/index.php?rest_route=\/wp\/v2\/media\/87776"}],"wp:attachment":[{"href":"https:\/\/kibrisdakik.com\/index.php?rest_route=%2Fwp%2Fv2%2Fmedia&parent=87775"}],"wp:term":[{"taxonomy":"category","embeddable":true,"href":"https:\/\/kibrisdakik.com\/index.php?rest_route=%2Fwp%2Fv2%2Fcategories&post=87775"},{"taxonomy":"post_tag","embeddable":true,"href":"https:\/\/kibrisdakik.com\/index.php?rest_route=%2Fwp%2Fv2%2Ftags&post=87775"}],"curies":[{"name":"wp","href":"https:\/\/api.w.org\/{rel}","templated":true}]}}