{"id":87779,"date":"2025-08-05T16:19:15","date_gmt":"2025-08-05T13:19:15","guid":{"rendered":"https:\/\/kibrisdakik.com\/index.php\/2025\/08\/05\/iki-yol-projesinde-son-asamaya-gelindi\/"},"modified":"2025-08-05T16:19:15","modified_gmt":"2025-08-05T13:19:15","slug":"iki-yol-projesinde-son-asamaya-gelindi","status":"publish","type":"post","link":"https:\/\/kibrisdakik.com\/?p=87779","title":{"rendered":"\u0130ki yol projesinde son a\u015famaya gelindi"},"content":{"rendered":"<p> <br \/>\n<\/p>\n<div>\n<div class=\"mariselle-image-container center\">\n                                            <\/div>\n<p>Uzun s\u00fcredir bak\u0131m ve onar\u0131m bekleyen G\u00fcvercinlik-\u00c7ay\u00f6n\u00fc Yolu\u2019ndaki asfaltlama \u00e7al\u0131\u015fmalar\u0131 ilerlerken, G\u00fcvercinlik kav\u015fa\u011f\u0131-eski Gazima\u011fusa Ana Yolu aras\u0131 ba\u011flant\u0131 yolunda asfaltlama \u00e7al\u0131\u015fmalar\u0131 ba\u015flad\u0131. Her iki projede de son a\u015famaya gelinmi\u015f oldu.<\/p>\n<p>Bay\u0131nd\u0131rl\u0131k ve Ula\u015ft\u0131rma Bakan\u0131 Erhan Ar\u0131kl\u0131, bug\u00fcn b\u00f6lgeye giderek her iki yolda devam eden \u00e7al\u0131\u015fmalar\u0131 inceledi.<\/p>\n<p>Bakanl\u0131ktan verilen bilgiye g\u00f6re, Ar\u0131kl\u0131, G\u00fcvercinlik-\u00c7ay\u00f6n\u00fc yolunun yenilenme s\u00fcrecine destek veren T\u00fcrkiye Cumhuriyeti\u2019ne ve G\u00fcvercinlik kav\u015fa\u011f\u0131-eski Gazima\u011fusa Ana Yolu aras\u0131 ba\u011flant\u0131 yolunun yap\u0131m\u0131nda Karayollar\u0131 Dairesi ile i\u015f birli\u011fi yapan Gazima\u011fusa Belediyesi (GMB), Beyarmudu Belediyesi ve asfaltlama \u00e7al\u0131\u015fmalar\u0131n\u0131 \u00fcstlenen b\u00f6lge m\u00fcteahhitlerine te\u015fekk\u00fcr etti.<\/p>\n<p>Ar\u0131kl\u0131, KKTC Karayollar\u0131 Master Plan\u0131 Uygulama Protokol\u00fc kapsam\u0131nda y\u00fcr\u00fct\u00fclen G\u00fcvercinlik-\u00c7ay\u00f6n\u00fc yolu \u00e7al\u0131\u015fmalar\u0131n\u0131n k\u0131sa bir duraksaman\u0131n ard\u0131ndan yeniden ba\u015flad\u0131\u011f\u0131n\u0131 ve art\u0131k son a\u015famaya gelindi\u011fini s\u00f6yledi.<\/p>\n<p>G\u00fcvercinlik Kav\u015fa\u011f\u0131-eski Gazima\u011fusa Ana Yolu aras\u0131 ba\u011flant\u0131 yolundaki yenileme \u00e7al\u0131\u015fmalar\u0131n\u0131n da yak\u0131nda tamamlanaca\u011f\u0131n\u0131 belirten Ar\u0131kl\u0131, \u201cHer iki g\u00fczerg\u00e2h\u0131n tamirat\u0131, b\u00f6lge halk\u0131 taraf\u0131ndan uzun zamand\u0131r talep ediliyordu. Gecikmeli de olsa halk\u0131m\u0131z\u0131n taleplerini yerine getirmek bizleri fazlas\u0131yla mutlu ediyor.\u201d dedi.<\/p>\n<p>Ar\u0131kl\u0131, G\u00fcvercinlik-\u00c7ay\u00f6n\u00fc Yolu ile G\u00fcvercinlik kav\u015fa\u011f\u0131-eski Gazima\u011fusa Ana Yolu aras\u0131 ba\u011flant\u0131 yolunun  b\u00f6lge halk\u0131na ve \u00fclkeye hay\u0131rl\u0131 olmas\u0131n\u0131 diledi.<\/p>\n<p>Ar\u0131kl\u0131, Gazima\u011fusa Belediye Ba\u015fkan\u0131 S\u00fcleyman Ulu\u00e7ay ve Beyarmudu Belediye Ba\u015fkan\u0131 B\u00fclent Bebek, ocak ay\u0131nda b\u00f6lgeye giderek G\u00fcvercinlik kav\u015fa\u011f\u0131-eski Gazima\u011fusa Ana Yolu aras\u0131 ba\u011flant\u0131 yolunda incelemelerde bulunmu\u015f ve yolun yeniden yap\u0131m\u0131 konusunda i\u015f birli\u011fi karar\u0131 alm\u0131\u015ft\u0131.<\/p>\n<p>Yakla\u015f\u0131k 900 metre uzunlu\u011funda ve sekiz metre geni\u015fli\u011finde olan yolun yeniden yap\u0131m\u0131 yakla\u015f\u0131k 22 milyon TL\u2019ye mal oldu.<\/p>\n<p>G\u00fcvercinlik-\u00c7ay\u00f6n\u00fc Yolu\u2019ndaki yenileme \u00e7al\u0131\u015fmas\u0131yla 17,5 kilometre uzunlu\u011fundaki yolda tehlike arz eden \u00e7\u00f6kmeler ve virajlar devre d\u0131\u015f\u0131 b\u0131rak\u0131lacak, ya\u011fmur sular\u0131n\u0131n birikti\u011fi yerler tamamen kaz\u0131narak yenilenecek ve yolun baz\u0131 b\u00f6l\u00fcmleri de geni\u015fletilerek daha geni\u015f seyahat imk\u00e2n\u0131 sa\u011flanacak.<\/p>\n<\/p><\/div>\n<p><script async\n                    defer\n                    crossorigin=\"anonymous\"\n                    src=\"https:\/\/connect.facebook.net\/tr_TR\/sdk.js#xfbml=1&#038;version=v3.3\"\n            ><\/script><br \/>\n<br \/><br \/>\n<br \/><a href=\"[kibrisdakik.com]\n<\/p>\n","protected":false},"excerpt":{"rendered":"<p>Uzun s\u00fcredir bak\u0131m ve onar\u0131m bekleyen G\u00fcvercinlik-\u00c7ay\u00f6n\u00fc Yolu\u2019ndaki asfaltlama \u00e7al\u0131\u015fmalar\u0131 ilerlerken, G\u00fcvercinlik kav\u015fa\u011f\u0131-eski Gazima\u011fusa Ana Yolu aras\u0131 ba\u011flant\u0131 yolunda asfaltlama \u00e7al\u0131\u015fmalar\u0131 ba\u015flad\u0131. Her iki projede de son a\u015famaya gelinmi\u015f oldu. Bay\u0131nd\u0131rl\u0131k ve Ula\u015ft\u0131rma Bakan\u0131 Erhan Ar\u0131kl\u0131, bug\u00fcn b\u00f6lgeye giderek her iki yolda devam eden \u00e7al\u0131\u015fmalar\u0131 inceledi. Bakanl\u0131ktan verilen bilgiye g\u00f6re, Ar\u0131kl\u0131, G\u00fcvercinlik-\u00c7ay\u00f6n\u00fc yolunun yenilenme s\u00fcrecine<\/p>\n","protected":false},"author":1,"featured_media":87780,"comment_status":"open","ping_status":"open","sticky":false,"template":"","format":"standard","meta":{"footnotes":""},"categories":[81,101],"tags":[],"class_list":["post-87779","post","type-post","status-publish","format-standard","has-post-thumbnail","hentry","category-kibris","category-manset"],"yoast_head":"<!-- This site is optimized with the Yoast SEO plugin v27.4 - https:\/\/yoast.com\/product\/yoast-seo-wordpress\/ -->\n<title>\u0130ki yol projesinde son a\u015famaya gelindi -<\/title>\n<meta name=\"robots\" content=\"index, follow, max-snippet:-1, max-image-preview:large, max-video-preview:-1\" \/>\n<link rel=\"canonical\" href=\"https:\/\/kibrisdakik.com\/?p=87779\" \/>\n<meta property=\"og:locale\" content=\"tr_TR\" \/>\n<meta property=\"og:type\" content=\"article\" \/>\n<meta property=\"og:title\" content=\"\u0130ki yol projesinde son a\u015famaya gelindi -\" \/>\n<meta property=\"og:description\" content=\"Uzun s\u00fcredir bak\u0131m ve onar\u0131m bekleyen G\u00fcvercinlik-\u00c7ay\u00f6n\u00fc Yolu\u2019ndaki asfaltlama \u00e7al\u0131\u015fmalar\u0131 ilerlerken, G\u00fcvercinlik kav\u015fa\u011f\u0131-eski Gazima\u011fusa Ana Yolu aras\u0131 ba\u011flant\u0131 yolunda asfaltlama \u00e7al\u0131\u015fmalar\u0131 ba\u015flad\u0131. Her iki projede de son a\u015famaya gelinmi\u015f oldu. Bay\u0131nd\u0131rl\u0131k ve Ula\u015ft\u0131rma Bakan\u0131 Erhan Ar\u0131kl\u0131, bug\u00fcn b\u00f6lgeye giderek her iki yolda devam eden \u00e7al\u0131\u015fmalar\u0131 inceledi. Bakanl\u0131ktan verilen bilgiye g\u00f6re, Ar\u0131kl\u0131, G\u00fcvercinlik-\u00c7ay\u00f6n\u00fc yolunun yenilenme s\u00fcrecine\" \/>\n<meta property=\"og:url\" content=\"https:\/\/kibrisdakik.com\/?p=87779\" \/>\n<meta property=\"article:published_time\" content=\"2025-08-05T13:19:15+00:00\" \/>\n<meta property=\"og:image\" content=\"https:\/\/kibrisdakik.com\/wp-content\/uploads\/2025\/08\/adaa-740x420.jpeg\" \/>\n\t<meta property=\"og:image:width\" content=\"1200\" \/>\n\t<meta property=\"og:image:height\" content=\"509\" \/>\n\t<meta property=\"og:image:type\" content=\"image\/jpeg\" \/>\n<meta name=\"author\" content=\"admin\" \/>\n<meta name=\"twitter:card\" content=\"summary_large_image\" \/>\n<meta name=\"twitter:label1\" content=\"Yazan:\" \/>\n\t<meta name=\"twitter:data1\" content=\"admin\" \/>\n\t<meta name=\"twitter:label2\" content=\"Tahmini okuma s\u00fcresi\" \/>\n\t<meta name=\"twitter:data2\" content=\"2 dakika\" \/>\n<script type=\"application\/ld+json\" class=\"yoast-schema-graph\">{\"@context\":\"https:\\\/\\\/schema.org\",\"@graph\":[{\"@type\":\"Article\",\"@id\":\"https:\\\/\\\/kibrisdakik.com\\\/?p=87779#article\",\"isPartOf\":{\"@id\":\"https:\\\/\\\/kibrisdakik.com\\\/?p=87779\"},\"author\":{\"name\":\"admin\",\"@id\":\"https:\\\/\\\/kibrisdakik.com\\\/#\\\/schema\\\/person\\\/9cd9d437bbb44f72b73ba127e06d8e79\"},\"headline\":\"\u0130ki yol projesinde son a\u015famaya gelindi\",\"datePublished\":\"2025-08-05T13:19:15+00:00\",\"mainEntityOfPage\":{\"@id\":\"https:\\\/\\\/kibrisdakik.com\\\/?p=87779\"},\"wordCount\":409,\"commentCount\":0,\"image\":{\"@id\":\"https:\\\/\\\/kibrisdakik.com\\\/?p=87779#primaryimage\"},\"thumbnailUrl\":\"https:\\\/\\\/kibrisdakik.com\\\/wp-content\\\/uploads\\\/2025\\\/08\\\/adaa-740x420.jpeg\",\"articleSection\":[\"K\u0131br\u0131s\",\"Man\u015fet\"],\"inLanguage\":\"tr\",\"potentialAction\":[{\"@type\":\"CommentAction\",\"name\":\"Comment\",\"target\":[\"https:\\\/\\\/kibrisdakik.com\\\/?p=87779#respond\"]}]},{\"@type\":\"WebPage\",\"@id\":\"https:\\\/\\\/kibrisdakik.com\\\/?p=87779\",\"url\":\"https:\\\/\\\/kibrisdakik.com\\\/?p=87779\",\"name\":\"\u0130ki yol projesinde son a\u015famaya gelindi -\",\"isPartOf\":{\"@id\":\"https:\\\/\\\/kibrisdakik.com\\\/#website\"},\"primaryImageOfPage\":{\"@id\":\"https:\\\/\\\/kibrisdakik.com\\\/?p=87779#primaryimage\"},\"image\":{\"@id\":\"https:\\\/\\\/kibrisdakik.com\\\/?p=87779#primaryimage\"},\"thumbnailUrl\":\"https:\\\/\\\/kibrisdakik.com\\\/wp-content\\\/uploads\\\/2025\\\/08\\\/adaa-740x420.jpeg\",\"datePublished\":\"2025-08-05T13:19:15+00:00\",\"author\":{\"@id\":\"https:\\\/\\\/kibrisdakik.com\\\/#\\\/schema\\\/person\\\/9cd9d437bbb44f72b73ba127e06d8e79\"},\"breadcrumb\":{\"@id\":\"https:\\\/\\\/kibrisdakik.com\\\/?p=87779#breadcrumb\"},\"inLanguage\":\"tr\",\"potentialAction\":[{\"@type\":\"ReadAction\",\"target\":[\"https:\\\/\\\/kibrisdakik.com\\\/?p=87779\"]}]},{\"@type\":\"ImageObject\",\"inLanguage\":\"tr\",\"@id\":\"https:\\\/\\\/kibrisdakik.com\\\/?p=87779#primaryimage\",\"url\":\"https:\\\/\\\/kibrisdakik.com\\\/wp-content\\\/uploads\\\/2025\\\/08\\\/adaa-740x420.jpeg\",\"contentUrl\":\"https:\\\/\\\/kibrisdakik.com\\\/wp-content\\\/uploads\\\/2025\\\/08\\\/adaa-740x420.jpeg\",\"width\":1200,\"height\":509},{\"@type\":\"BreadcrumbList\",\"@id\":\"https:\\\/\\\/kibrisdakik.com\\\/?p=87779#breadcrumb\",\"itemListElement\":[{\"@type\":\"ListItem\",\"position\":1,\"name\":\"Home\",\"item\":\"https:\\\/\\\/kibrisdakik.com\\\/\"},{\"@type\":\"ListItem\",\"position\":2,\"name\":\"\u0130ki yol projesinde son a\u015famaya gelindi\"}]},{\"@type\":\"WebSite\",\"@id\":\"https:\\\/\\\/kibrisdakik.com\\\/#website\",\"url\":\"https:\\\/\\\/kibrisdakik.com\\\/\",\"name\":\"\",\"description\":\"Tam vaktinde haber\",\"potentialAction\":[{\"@type\":\"SearchAction\",\"target\":{\"@type\":\"EntryPoint\",\"urlTemplate\":\"https:\\\/\\\/kibrisdakik.com\\\/?s={search_term_string}\"},\"query-input\":{\"@type\":\"PropertyValueSpecification\",\"valueRequired\":true,\"valueName\":\"search_term_string\"}}],\"inLanguage\":\"tr\"},{\"@type\":\"Person\",\"@id\":\"https:\\\/\\\/kibrisdakik.com\\\/#\\\/schema\\\/person\\\/9cd9d437bbb44f72b73ba127e06d8e79\",\"name\":\"admin\",\"image\":{\"@type\":\"ImageObject\",\"inLanguage\":\"tr\",\"@id\":\"https:\\\/\\\/secure.gravatar.com\\\/avatar\\\/ccc17943b9d660506c869530f897617f7cb1c21a4bf30023f252596d83e1f007?s=96&d=mm&r=g\",\"url\":\"https:\\\/\\\/secure.gravatar.com\\\/avatar\\\/ccc17943b9d660506c869530f897617f7cb1c21a4bf30023f252596d83e1f007?s=96&d=mm&r=g\",\"contentUrl\":\"https:\\\/\\\/secure.gravatar.com\\\/avatar\\\/ccc17943b9d660506c869530f897617f7cb1c21a4bf30023f252596d83e1f007?s=96&d=mm&r=g\",\"caption\":\"admin\"},\"sameAs\":[\"https:\\\/\\\/kibrisdakik.com\"],\"url\":\"https:\\\/\\\/kibrisdakik.com\\\/?author=1\"}]}<\/script>\n<!-- \/ Yoast SEO plugin. -->","yoast_head_json":{"title":"\u0130ki yol projesinde son a\u015famaya gelindi -","robots":{"index":"index","follow":"follow","max-snippet":"max-snippet:-1","max-image-preview":"max-image-preview:large","max-video-preview":"max-video-preview:-1"},"canonical":"https:\/\/kibrisdakik.com\/?p=87779","og_locale":"tr_TR","og_type":"article","og_title":"\u0130ki yol projesinde son a\u015famaya gelindi -","og_description":"Uzun s\u00fcredir bak\u0131m ve onar\u0131m bekleyen G\u00fcvercinlik-\u00c7ay\u00f6n\u00fc Yolu\u2019ndaki asfaltlama \u00e7al\u0131\u015fmalar\u0131 ilerlerken, G\u00fcvercinlik kav\u015fa\u011f\u0131-eski Gazima\u011fusa Ana Yolu aras\u0131 ba\u011flant\u0131 yolunda asfaltlama \u00e7al\u0131\u015fmalar\u0131 ba\u015flad\u0131. Her iki projede de son a\u015famaya gelinmi\u015f oldu. Bay\u0131nd\u0131rl\u0131k ve Ula\u015ft\u0131rma Bakan\u0131 Erhan Ar\u0131kl\u0131, bug\u00fcn b\u00f6lgeye giderek her iki yolda devam eden \u00e7al\u0131\u015fmalar\u0131 inceledi. Bakanl\u0131ktan verilen bilgiye g\u00f6re, Ar\u0131kl\u0131, G\u00fcvercinlik-\u00c7ay\u00f6n\u00fc yolunun yenilenme s\u00fcrecine","og_url":"https:\/\/kibrisdakik.com\/?p=87779","article_published_time":"2025-08-05T13:19:15+00:00","og_image":[{"width":1200,"height":509,"url":"https:\/\/kibrisdakik.com\/wp-content\/uploads\/2025\/08\/adaa-740x420.jpeg","type":"image\/jpeg"}],"author":"admin","twitter_card":"summary_large_image","twitter_misc":{"Yazan:":"admin","Tahmini okuma s\u00fcresi":"2 dakika"},"schema":{"@context":"https:\/\/schema.org","@graph":[{"@type":"Article","@id":"https:\/\/kibrisdakik.com\/?p=87779#article","isPartOf":{"@id":"https:\/\/kibrisdakik.com\/?p=87779"},"author":{"name":"admin","@id":"https:\/\/kibrisdakik.com\/#\/schema\/person\/9cd9d437bbb44f72b73ba127e06d8e79"},"headline":"\u0130ki yol projesinde son a\u015famaya gelindi","datePublished":"2025-08-05T13:19:15+00:00","mainEntityOfPage":{"@id":"https:\/\/kibrisdakik.com\/?p=87779"},"wordCount":409,"commentCount":0,"image":{"@id":"https:\/\/kibrisdakik.com\/?p=87779#primaryimage"},"thumbnailUrl":"https:\/\/kibrisdakik.com\/wp-content\/uploads\/2025\/08\/adaa-740x420.jpeg","articleSection":["K\u0131br\u0131s","Man\u015fet"],"inLanguage":"tr","potentialAction":[{"@type":"CommentAction","name":"Comment","target":["https:\/\/kibrisdakik.com\/?p=87779#respond"]}]},{"@type":"WebPage","@id":"https:\/\/kibrisdakik.com\/?p=87779","url":"https:\/\/kibrisdakik.com\/?p=87779","name":"\u0130ki yol projesinde son a\u015famaya gelindi -","isPartOf":{"@id":"https:\/\/kibrisdakik.com\/#website"},"primaryImageOfPage":{"@id":"https:\/\/kibrisdakik.com\/?p=87779#primaryimage"},"image":{"@id":"https:\/\/kibrisdakik.com\/?p=87779#primaryimage"},"thumbnailUrl":"https:\/\/kibrisdakik.com\/wp-content\/uploads\/2025\/08\/adaa-740x420.jpeg","datePublished":"2025-08-05T13:19:15+00:00","author":{"@id":"https:\/\/kibrisdakik.com\/#\/schema\/person\/9cd9d437bbb44f72b73ba127e06d8e79"},"breadcrumb":{"@id":"https:\/\/kibrisdakik.com\/?p=87779#breadcrumb"},"inLanguage":"tr","potentialAction":[{"@type":"ReadAction","target":["https:\/\/kibrisdakik.com\/?p=87779"]}]},{"@type":"ImageObject","inLanguage":"tr","@id":"https:\/\/kibrisdakik.com\/?p=87779#primaryimage","url":"https:\/\/kibrisdakik.com\/wp-content\/uploads\/2025\/08\/adaa-740x420.jpeg","contentUrl":"https:\/\/kibrisdakik.com\/wp-content\/uploads\/2025\/08\/adaa-740x420.jpeg","width":1200,"height":509},{"@type":"BreadcrumbList","@id":"https:\/\/kibrisdakik.com\/?p=87779#breadcrumb","itemListElement":[{"@type":"ListItem","position":1,"name":"Home","item":"https:\/\/kibrisdakik.com\/"},{"@type":"ListItem","position":2,"name":"\u0130ki yol projesinde son a\u015famaya gelindi"}]},{"@type":"WebSite","@id":"https:\/\/kibrisdakik.com\/#website","url":"https:\/\/kibrisdakik.com\/","name":"","description":"Tam vaktinde haber","potentialAction":[{"@type":"SearchAction","target":{"@type":"EntryPoint","urlTemplate":"https:\/\/kibrisdakik.com\/?s={search_term_string}"},"query-input":{"@type":"PropertyValueSpecification","valueRequired":true,"valueName":"search_term_string"}}],"inLanguage":"tr"},{"@type":"Person","@id":"https:\/\/kibrisdakik.com\/#\/schema\/person\/9cd9d437bbb44f72b73ba127e06d8e79","name":"admin","image":{"@type":"ImageObject","inLanguage":"tr","@id":"https:\/\/secure.gravatar.com\/avatar\/ccc17943b9d660506c869530f897617f7cb1c21a4bf30023f252596d83e1f007?s=96&d=mm&r=g","url":"https:\/\/secure.gravatar.com\/avatar\/ccc17943b9d660506c869530f897617f7cb1c21a4bf30023f252596d83e1f007?s=96&d=mm&r=g","contentUrl":"https:\/\/secure.gravatar.com\/avatar\/ccc17943b9d660506c869530f897617f7cb1c21a4bf30023f252596d83e1f007?s=96&d=mm&r=g","caption":"admin"},"sameAs":["https:\/\/kibrisdakik.com"],"url":"https:\/\/kibrisdakik.com\/?author=1"}]}},"_links":{"self":[{"href":"https:\/\/kibrisdakik.com\/index.php?rest_route=\/wp\/v2\/posts\/87779","targetHints":{"allow":["GET"]}}],"collection":[{"href":"https:\/\/kibrisdakik.com\/index.php?rest_route=\/wp\/v2\/posts"}],"about":[{"href":"https:\/\/kibrisdakik.com\/index.php?rest_route=\/wp\/v2\/types\/post"}],"author":[{"embeddable":true,"href":"https:\/\/kibrisdakik.com\/index.php?rest_route=\/wp\/v2\/users\/1"}],"replies":[{"embeddable":true,"href":"https:\/\/kibrisdakik.com\/index.php?rest_route=%2Fwp%2Fv2%2Fcomments&post=87779"}],"version-history":[{"count":0,"href":"https:\/\/kibrisdakik.com\/index.php?rest_route=\/wp\/v2\/posts\/87779\/revisions"}],"wp:featuredmedia":[{"embeddable":true,"href":"https:\/\/kibrisdakik.com\/index.php?rest_route=\/wp\/v2\/media\/87780"}],"wp:attachment":[{"href":"https:\/\/kibrisdakik.com\/index.php?rest_route=%2Fwp%2Fv2%2Fmedia&parent=87779"}],"wp:term":[{"taxonomy":"category","embeddable":true,"href":"https:\/\/kibrisdakik.com\/index.php?rest_route=%2Fwp%2Fv2%2Fcategories&post=87779"},{"taxonomy":"post_tag","embeddable":true,"href":"https:\/\/kibrisdakik.com\/index.php?rest_route=%2Fwp%2Fv2%2Ftags&post=87779"}],"curies":[{"name":"wp","href":"https:\/\/api.w.org\/{rel}","templated":true}]}}