{"id":8780,"date":"2023-06-14T09:54:51","date_gmt":"2023-06-14T09:54:51","guid":{"rendered":"https:\/\/kibrisdakik.com\/index.php\/2023\/06\/14\/karpazdaki-ureticiler-hur-eseklerden-rahatsiz\/"},"modified":"2023-06-14T09:54:51","modified_gmt":"2023-06-14T09:54:51","slug":"karpazdaki-ureticiler-hur-eseklerden-rahatsiz","status":"publish","type":"post","link":"https:\/\/kibrisdakik.com\/?p=8780","title":{"rendered":"Karpaz\u2019daki \u00fcreticiler h\u00fcr e\u015feklerden rahats\u0131z\u2026"},"content":{"rendered":"<p><\/p>\n<div>\n<div class=\"mariselle-image-container center\">\n                <img width=\"971\" height=\"551\" class=\"lazy-image\" alt=\"\" decoding=\"async\" loading=\"lazy\" sizes=\"auto, (max-width: 971px) 100vw, 971px\" src=\"https:\/\/brtk.net\/wp-content\/uploads\/2023\/06\/14\/esek_yeni_4f1ac86f.jpg?ver=f1f002879820cf44de506ee0d67b19be\" srcset=\"https:\/\/brtk.net\/wp-content\/uploads\/2023\/06\/14\/esek_yeni_4f1ac86f.jpg?ver=f1f002879820cf44de506ee0d67b19be 971w, https:\/\/brtk.net\/wp-content\/uploads\/2023\/06\/14\/esek_yeni_4f1ac86f-300x170.jpg?ver=f1f002879820cf44de506ee0d67b19be 300w, https:\/\/brtk.net\/wp-content\/uploads\/2023\/06\/14\/esek_yeni_4f1ac86f-768x436.jpg?ver=6fd7bbd916f5f33973db04f997d297cd 768w\"\/>                            <\/div>\n<p>Dipkarpaz \u00c7evre Koruma ve Sosyal Aktivite Derne\u011fi, \u00f6zelde Dipkarpaz, genelde Karpaz b\u00f6lgesinde hasat d\u00f6neminin ba\u015flad\u0131\u011f\u0131 bug\u00fcnlerde, h\u00fcr e\u015feklerin \u00fcreticiye verdi\u011fi zarar\u0131n a\u00e7\u0131k \u015fekilde bir kez daha ortaya \u00e7\u0131kt\u0131\u011f\u0131n\u0131 bildirdi.<\/p>\n<p>Dipkarpaz \u00c7evre Koruma ve Sosyal Aktivite Derne\u011fi Ba\u015fkan\u0131 F\u0131rat Borak konuyla ilgili a\u00e7\u0131klamas\u0131nda, y\u0131llard\u0131r e\u015fek sorunuyla ilgili kal\u0131c\u0131 bir proje \u00fcretilememesi nedeniyle Karpaz halk\u0131n\u0131n olduk\u00e7a ma\u011fdur durumda oldu\u011funu ve bu ma\u011fduriyetin Karpaz halk\u0131n\u0131 ekonomik olarak baltalad\u0131\u011f\u0131n\u0131 kaydetti.<\/p>\n<p>Borak, Turizm Bakanl\u0131\u011f\u0131 ve \u00c7evre Koruma Dairesine \u00e7a\u011fr\u0131da bulunarak, \u201cKal\u0131c\u0131 bir politika ile t\u00fcm payda\u015flar\u0131n ayn\u0131 masada oldu\u011fu, bilimsel veriler \u0131\u015f\u0131\u011f\u0131nda hareket ederek, e\u015feklerin yurti\u00e7i ve yurtd\u0131\u015f\u0131 sahiplendirilmesi se\u00e7enekleri dahil, t\u00fcm \u00e7\u00f6z\u00fcm \u00f6nerileri de\u011ferlendirmelidir\u201d ifadelerini kulland\u0131.<\/p>\n<p>F\u0131rat Borak, \u201cKarpaz halk\u0131n\u0131n 40 y\u0131ld\u0131r ayn\u0131 sorunu konu\u015fmaktan ve sadece bu sorun etraf\u0131nda d\u00f6nen siyasi hamlelerden usand\u0131\u011f\u0131n\u0131\u201d da s\u00f6zlerine ekledi.<\/p>\n<\/p><\/div>\n<p><script async\n                    defer\n                    crossorigin=\"anonymous\"\n                    src=\"https:\/\/connect.facebook.net\/tr_TR\/sdk.js#xfbml=1&#038;version=v3.3\"\n            ><\/script><\/p>\n","protected":false},"excerpt":{"rendered":"<p>Dipkarpaz \u00c7evre Koruma ve Sosyal Aktivite Derne\u011fi, \u00f6zelde Dipkarpaz, genelde Karpaz b\u00f6lgesinde hasat d\u00f6neminin ba\u015flad\u0131\u011f\u0131 bug\u00fcnlerde, h\u00fcr e\u015feklerin \u00fcreticiye verdi\u011fi zarar\u0131n a\u00e7\u0131k \u015fekilde bir kez daha ortaya \u00e7\u0131kt\u0131\u011f\u0131n\u0131 bildirdi. Dipkarpaz \u00c7evre Koruma ve Sosyal Aktivite Derne\u011fi Ba\u015fkan\u0131 F\u0131rat Borak konuyla ilgili a\u00e7\u0131klamas\u0131nda, y\u0131llard\u0131r e\u015fek sorunuyla ilgili kal\u0131c\u0131 bir proje \u00fcretilememesi nedeniyle Karpaz halk\u0131n\u0131n olduk\u00e7a ma\u011fdur<\/p>\n","protected":false},"author":1,"featured_media":8781,"comment_status":"open","ping_status":"open","sticky":false,"template":"","format":"standard","meta":{"footnotes":""},"categories":[1],"tags":[],"class_list":["post-8780","post","type-post","status-publish","format-standard","has-post-thumbnail","hentry","category-gundem"],"yoast_head":"<!-- This site is optimized with the Yoast SEO plugin v27.5 - https:\/\/yoast.com\/product\/yoast-seo-wordpress\/ -->\n<title>Karpaz\u2019daki \u00fcreticiler h\u00fcr e\u015feklerden rahats\u0131z\u2026 -<\/title>\n<meta name=\"robots\" content=\"index, follow, max-snippet:-1, max-image-preview:large, max-video-preview:-1\" \/>\n<link rel=\"canonical\" href=\"https:\/\/kibrisdakik.com\/?p=8780\" \/>\n<meta property=\"og:locale\" content=\"tr_TR\" \/>\n<meta property=\"og:type\" content=\"article\" \/>\n<meta property=\"og:title\" content=\"Karpaz\u2019daki \u00fcreticiler h\u00fcr e\u015feklerden rahats\u0131z\u2026 -\" \/>\n<meta property=\"og:description\" content=\"Dipkarpaz \u00c7evre Koruma ve Sosyal Aktivite Derne\u011fi, \u00f6zelde Dipkarpaz, genelde Karpaz b\u00f6lgesinde hasat d\u00f6neminin ba\u015flad\u0131\u011f\u0131 bug\u00fcnlerde, h\u00fcr e\u015feklerin \u00fcreticiye verdi\u011fi zarar\u0131n a\u00e7\u0131k \u015fekilde bir kez daha ortaya \u00e7\u0131kt\u0131\u011f\u0131n\u0131 bildirdi. Dipkarpaz \u00c7evre Koruma ve Sosyal Aktivite Derne\u011fi Ba\u015fkan\u0131 F\u0131rat Borak konuyla ilgili a\u00e7\u0131klamas\u0131nda, y\u0131llard\u0131r e\u015fek sorunuyla ilgili kal\u0131c\u0131 bir proje \u00fcretilememesi nedeniyle Karpaz halk\u0131n\u0131n olduk\u00e7a ma\u011fdur\" \/>\n<meta property=\"og:url\" content=\"https:\/\/kibrisdakik.com\/?p=8780\" \/>\n<meta property=\"article:published_time\" content=\"2023-06-14T09:54:51+00:00\" \/>\n<meta property=\"og:image\" content=\"https:\/\/kibrisdakik.com\/wp-content\/uploads\/2023\/06\/esek_yeni_4f1ac86f-740x420.jpg\" \/>\n\t<meta property=\"og:image:width\" content=\"971\" \/>\n\t<meta property=\"og:image:height\" content=\"551\" \/>\n\t<meta property=\"og:image:type\" content=\"image\/jpeg\" \/>\n<meta name=\"author\" content=\"admin\" \/>\n<meta name=\"twitter:card\" content=\"summary_large_image\" \/>\n<meta name=\"twitter:label1\" content=\"Yazan:\" \/>\n\t<meta name=\"twitter:data1\" content=\"admin\" \/>\n\t<meta name=\"twitter:label2\" content=\"Tahmini okuma s\u00fcresi\" \/>\n\t<meta name=\"twitter:data2\" content=\"1 dakika\" \/>\n<script type=\"application\/ld+json\" class=\"yoast-schema-graph\">{\"@context\":\"https:\\\/\\\/schema.org\",\"@graph\":[{\"@type\":\"Article\",\"@id\":\"https:\\\/\\\/kibrisdakik.com\\\/?p=8780#article\",\"isPartOf\":{\"@id\":\"https:\\\/\\\/kibrisdakik.com\\\/?p=8780\"},\"author\":{\"name\":\"admin\",\"@id\":\"https:\\\/\\\/kibrisdakik.com\\\/#\\\/schema\\\/person\\\/9cd9d437bbb44f72b73ba127e06d8e79\"},\"headline\":\"Karpaz\u2019daki \u00fcreticiler h\u00fcr e\u015feklerden rahats\u0131z\u2026\",\"datePublished\":\"2023-06-14T09:54:51+00:00\",\"mainEntityOfPage\":{\"@id\":\"https:\\\/\\\/kibrisdakik.com\\\/?p=8780\"},\"wordCount\":182,\"commentCount\":0,\"image\":{\"@id\":\"https:\\\/\\\/kibrisdakik.com\\\/?p=8780#primaryimage\"},\"thumbnailUrl\":\"https:\\\/\\\/kibrisdakik.com\\\/wp-content\\\/uploads\\\/2023\\\/06\\\/esek_yeni_4f1ac86f-740x420.jpg\",\"articleSection\":[\"G\u00fcndem\"],\"inLanguage\":\"tr\",\"potentialAction\":[{\"@type\":\"CommentAction\",\"name\":\"Comment\",\"target\":[\"https:\\\/\\\/kibrisdakik.com\\\/?p=8780#respond\"]}]},{\"@type\":\"WebPage\",\"@id\":\"https:\\\/\\\/kibrisdakik.com\\\/?p=8780\",\"url\":\"https:\\\/\\\/kibrisdakik.com\\\/?p=8780\",\"name\":\"Karpaz\u2019daki \u00fcreticiler h\u00fcr e\u015feklerden rahats\u0131z\u2026 -\",\"isPartOf\":{\"@id\":\"https:\\\/\\\/kibrisdakik.com\\\/#website\"},\"primaryImageOfPage\":{\"@id\":\"https:\\\/\\\/kibrisdakik.com\\\/?p=8780#primaryimage\"},\"image\":{\"@id\":\"https:\\\/\\\/kibrisdakik.com\\\/?p=8780#primaryimage\"},\"thumbnailUrl\":\"https:\\\/\\\/kibrisdakik.com\\\/wp-content\\\/uploads\\\/2023\\\/06\\\/esek_yeni_4f1ac86f-740x420.jpg\",\"datePublished\":\"2023-06-14T09:54:51+00:00\",\"author\":{\"@id\":\"https:\\\/\\\/kibrisdakik.com\\\/#\\\/schema\\\/person\\\/9cd9d437bbb44f72b73ba127e06d8e79\"},\"breadcrumb\":{\"@id\":\"https:\\\/\\\/kibrisdakik.com\\\/?p=8780#breadcrumb\"},\"inLanguage\":\"tr\",\"potentialAction\":[{\"@type\":\"ReadAction\",\"target\":[\"https:\\\/\\\/kibrisdakik.com\\\/?p=8780\"]}]},{\"@type\":\"ImageObject\",\"inLanguage\":\"tr\",\"@id\":\"https:\\\/\\\/kibrisdakik.com\\\/?p=8780#primaryimage\",\"url\":\"https:\\\/\\\/kibrisdakik.com\\\/wp-content\\\/uploads\\\/2023\\\/06\\\/esek_yeni_4f1ac86f-740x420.jpg\",\"contentUrl\":\"https:\\\/\\\/kibrisdakik.com\\\/wp-content\\\/uploads\\\/2023\\\/06\\\/esek_yeni_4f1ac86f-740x420.jpg\",\"width\":971,\"height\":551},{\"@type\":\"BreadcrumbList\",\"@id\":\"https:\\\/\\\/kibrisdakik.com\\\/?p=8780#breadcrumb\",\"itemListElement\":[{\"@type\":\"ListItem\",\"position\":1,\"name\":\"Home\",\"item\":\"https:\\\/\\\/kibrisdakik.com\\\/\"},{\"@type\":\"ListItem\",\"position\":2,\"name\":\"Karpaz\u2019daki \u00fcreticiler h\u00fcr e\u015feklerden rahats\u0131z\u2026\"}]},{\"@type\":\"WebSite\",\"@id\":\"https:\\\/\\\/kibrisdakik.com\\\/#website\",\"url\":\"https:\\\/\\\/kibrisdakik.com\\\/\",\"name\":\"\",\"description\":\"Tam vaktinde haber\",\"potentialAction\":[{\"@type\":\"SearchAction\",\"target\":{\"@type\":\"EntryPoint\",\"urlTemplate\":\"https:\\\/\\\/kibrisdakik.com\\\/?s={search_term_string}\"},\"query-input\":{\"@type\":\"PropertyValueSpecification\",\"valueRequired\":true,\"valueName\":\"search_term_string\"}}],\"inLanguage\":\"tr\"},{\"@type\":\"Person\",\"@id\":\"https:\\\/\\\/kibrisdakik.com\\\/#\\\/schema\\\/person\\\/9cd9d437bbb44f72b73ba127e06d8e79\",\"name\":\"admin\",\"image\":{\"@type\":\"ImageObject\",\"inLanguage\":\"tr\",\"@id\":\"https:\\\/\\\/secure.gravatar.com\\\/avatar\\\/ccc17943b9d660506c869530f897617f7cb1c21a4bf30023f252596d83e1f007?s=96&d=mm&r=g\",\"url\":\"https:\\\/\\\/secure.gravatar.com\\\/avatar\\\/ccc17943b9d660506c869530f897617f7cb1c21a4bf30023f252596d83e1f007?s=96&d=mm&r=g\",\"contentUrl\":\"https:\\\/\\\/secure.gravatar.com\\\/avatar\\\/ccc17943b9d660506c869530f897617f7cb1c21a4bf30023f252596d83e1f007?s=96&d=mm&r=g\",\"caption\":\"admin\"},\"sameAs\":[\"https:\\\/\\\/kibrisdakik.com\"],\"url\":\"https:\\\/\\\/kibrisdakik.com\\\/?author=1\"}]}<\/script>\n<!-- \/ Yoast SEO plugin. -->","yoast_head_json":{"title":"Karpaz\u2019daki \u00fcreticiler h\u00fcr e\u015feklerden rahats\u0131z\u2026 -","robots":{"index":"index","follow":"follow","max-snippet":"max-snippet:-1","max-image-preview":"max-image-preview:large","max-video-preview":"max-video-preview:-1"},"canonical":"https:\/\/kibrisdakik.com\/?p=8780","og_locale":"tr_TR","og_type":"article","og_title":"Karpaz\u2019daki \u00fcreticiler h\u00fcr e\u015feklerden rahats\u0131z\u2026 -","og_description":"Dipkarpaz \u00c7evre Koruma ve Sosyal Aktivite Derne\u011fi, \u00f6zelde Dipkarpaz, genelde Karpaz b\u00f6lgesinde hasat d\u00f6neminin ba\u015flad\u0131\u011f\u0131 bug\u00fcnlerde, h\u00fcr e\u015feklerin \u00fcreticiye verdi\u011fi zarar\u0131n a\u00e7\u0131k \u015fekilde bir kez daha ortaya \u00e7\u0131kt\u0131\u011f\u0131n\u0131 bildirdi. Dipkarpaz \u00c7evre Koruma ve Sosyal Aktivite Derne\u011fi Ba\u015fkan\u0131 F\u0131rat Borak konuyla ilgili a\u00e7\u0131klamas\u0131nda, y\u0131llard\u0131r e\u015fek sorunuyla ilgili kal\u0131c\u0131 bir proje \u00fcretilememesi nedeniyle Karpaz halk\u0131n\u0131n olduk\u00e7a ma\u011fdur","og_url":"https:\/\/kibrisdakik.com\/?p=8780","article_published_time":"2023-06-14T09:54:51+00:00","og_image":[{"width":971,"height":551,"url":"https:\/\/kibrisdakik.com\/wp-content\/uploads\/2023\/06\/esek_yeni_4f1ac86f-740x420.jpg","type":"image\/jpeg"}],"author":"admin","twitter_card":"summary_large_image","twitter_misc":{"Yazan:":"admin","Tahmini okuma s\u00fcresi":"1 dakika"},"schema":{"@context":"https:\/\/schema.org","@graph":[{"@type":"Article","@id":"https:\/\/kibrisdakik.com\/?p=8780#article","isPartOf":{"@id":"https:\/\/kibrisdakik.com\/?p=8780"},"author":{"name":"admin","@id":"https:\/\/kibrisdakik.com\/#\/schema\/person\/9cd9d437bbb44f72b73ba127e06d8e79"},"headline":"Karpaz\u2019daki \u00fcreticiler h\u00fcr e\u015feklerden rahats\u0131z\u2026","datePublished":"2023-06-14T09:54:51+00:00","mainEntityOfPage":{"@id":"https:\/\/kibrisdakik.com\/?p=8780"},"wordCount":182,"commentCount":0,"image":{"@id":"https:\/\/kibrisdakik.com\/?p=8780#primaryimage"},"thumbnailUrl":"https:\/\/kibrisdakik.com\/wp-content\/uploads\/2023\/06\/esek_yeni_4f1ac86f-740x420.jpg","articleSection":["G\u00fcndem"],"inLanguage":"tr","potentialAction":[{"@type":"CommentAction","name":"Comment","target":["https:\/\/kibrisdakik.com\/?p=8780#respond"]}]},{"@type":"WebPage","@id":"https:\/\/kibrisdakik.com\/?p=8780","url":"https:\/\/kibrisdakik.com\/?p=8780","name":"Karpaz\u2019daki \u00fcreticiler h\u00fcr e\u015feklerden rahats\u0131z\u2026 -","isPartOf":{"@id":"https:\/\/kibrisdakik.com\/#website"},"primaryImageOfPage":{"@id":"https:\/\/kibrisdakik.com\/?p=8780#primaryimage"},"image":{"@id":"https:\/\/kibrisdakik.com\/?p=8780#primaryimage"},"thumbnailUrl":"https:\/\/kibrisdakik.com\/wp-content\/uploads\/2023\/06\/esek_yeni_4f1ac86f-740x420.jpg","datePublished":"2023-06-14T09:54:51+00:00","author":{"@id":"https:\/\/kibrisdakik.com\/#\/schema\/person\/9cd9d437bbb44f72b73ba127e06d8e79"},"breadcrumb":{"@id":"https:\/\/kibrisdakik.com\/?p=8780#breadcrumb"},"inLanguage":"tr","potentialAction":[{"@type":"ReadAction","target":["https:\/\/kibrisdakik.com\/?p=8780"]}]},{"@type":"ImageObject","inLanguage":"tr","@id":"https:\/\/kibrisdakik.com\/?p=8780#primaryimage","url":"https:\/\/kibrisdakik.com\/wp-content\/uploads\/2023\/06\/esek_yeni_4f1ac86f-740x420.jpg","contentUrl":"https:\/\/kibrisdakik.com\/wp-content\/uploads\/2023\/06\/esek_yeni_4f1ac86f-740x420.jpg","width":971,"height":551},{"@type":"BreadcrumbList","@id":"https:\/\/kibrisdakik.com\/?p=8780#breadcrumb","itemListElement":[{"@type":"ListItem","position":1,"name":"Home","item":"https:\/\/kibrisdakik.com\/"},{"@type":"ListItem","position":2,"name":"Karpaz\u2019daki \u00fcreticiler h\u00fcr e\u015feklerden rahats\u0131z\u2026"}]},{"@type":"WebSite","@id":"https:\/\/kibrisdakik.com\/#website","url":"https:\/\/kibrisdakik.com\/","name":"","description":"Tam vaktinde haber","potentialAction":[{"@type":"SearchAction","target":{"@type":"EntryPoint","urlTemplate":"https:\/\/kibrisdakik.com\/?s={search_term_string}"},"query-input":{"@type":"PropertyValueSpecification","valueRequired":true,"valueName":"search_term_string"}}],"inLanguage":"tr"},{"@type":"Person","@id":"https:\/\/kibrisdakik.com\/#\/schema\/person\/9cd9d437bbb44f72b73ba127e06d8e79","name":"admin","image":{"@type":"ImageObject","inLanguage":"tr","@id":"https:\/\/secure.gravatar.com\/avatar\/ccc17943b9d660506c869530f897617f7cb1c21a4bf30023f252596d83e1f007?s=96&d=mm&r=g","url":"https:\/\/secure.gravatar.com\/avatar\/ccc17943b9d660506c869530f897617f7cb1c21a4bf30023f252596d83e1f007?s=96&d=mm&r=g","contentUrl":"https:\/\/secure.gravatar.com\/avatar\/ccc17943b9d660506c869530f897617f7cb1c21a4bf30023f252596d83e1f007?s=96&d=mm&r=g","caption":"admin"},"sameAs":["https:\/\/kibrisdakik.com"],"url":"https:\/\/kibrisdakik.com\/?author=1"}]}},"_links":{"self":[{"href":"https:\/\/kibrisdakik.com\/index.php?rest_route=\/wp\/v2\/posts\/8780","targetHints":{"allow":["GET"]}}],"collection":[{"href":"https:\/\/kibrisdakik.com\/index.php?rest_route=\/wp\/v2\/posts"}],"about":[{"href":"https:\/\/kibrisdakik.com\/index.php?rest_route=\/wp\/v2\/types\/post"}],"author":[{"embeddable":true,"href":"https:\/\/kibrisdakik.com\/index.php?rest_route=\/wp\/v2\/users\/1"}],"replies":[{"embeddable":true,"href":"https:\/\/kibrisdakik.com\/index.php?rest_route=%2Fwp%2Fv2%2Fcomments&post=8780"}],"version-history":[{"count":0,"href":"https:\/\/kibrisdakik.com\/index.php?rest_route=\/wp\/v2\/posts\/8780\/revisions"}],"wp:featuredmedia":[{"embeddable":true,"href":"https:\/\/kibrisdakik.com\/index.php?rest_route=\/wp\/v2\/media\/8781"}],"wp:attachment":[{"href":"https:\/\/kibrisdakik.com\/index.php?rest_route=%2Fwp%2Fv2%2Fmedia&parent=8780"}],"wp:term":[{"taxonomy":"category","embeddable":true,"href":"https:\/\/kibrisdakik.com\/index.php?rest_route=%2Fwp%2Fv2%2Fcategories&post=8780"},{"taxonomy":"post_tag","embeddable":true,"href":"https:\/\/kibrisdakik.com\/index.php?rest_route=%2Fwp%2Fv2%2Ftags&post=8780"}],"curies":[{"name":"wp","href":"https:\/\/api.w.org\/{rel}","templated":true}]}}