{"id":87829,"date":"2025-08-06T13:56:20","date_gmt":"2025-08-06T10:56:20","guid":{"rendered":"https:\/\/kibrisdakik.com\/index.php\/2025\/08\/06\/calisma-ve-sosyal-guvenlik-bakani-gardiyanogluyabanci-uyruklu-calisanlarin-farkli-asgari-ucreti-almasi-adaleti-sagladi\/"},"modified":"2025-08-06T13:56:20","modified_gmt":"2025-08-06T10:56:20","slug":"calisma-ve-sosyal-guvenlik-bakani-gardiyanogluyabanci-uyruklu-calisanlarin-farkli-asgari-ucreti-almasi-adaleti-sagladi","status":"publish","type":"post","link":"https:\/\/kibrisdakik.com\/?p=87829","title":{"rendered":"\u00c7al\u0131\u015fma ve Sosyal G\u00fcvenlik Bakan\u0131 Gardiyano\u011flu:Yabanc\u0131 uyruklu \u00e7al\u0131\u015fanlar\u0131n farkl\u0131 asgari \u00fccreti almas\u0131 adaleti sa\u011flad\u0131"},"content":{"rendered":"<p> <br \/>\n<\/p>\n<div>\n<div class=\"mariselle-image-container center\">\n                                            <\/div>\n<p>\u00c7al\u0131\u015fma ve Sosyal G\u00fcvenlik Bakan\u0131 Sad\u0131k Gardiyano\u011flu, BRT\u2019de yay\u0131nlanan \u2018Man\u015fet+\u2019 program\u0131na kat\u0131larak \u00e7al\u0131\u015fma ya\u015fam\u0131na ili\u015fkin a\u00e7\u0131klamalarda bulundu.<\/p>\n<p>\tGardiyano\u011flu, Asgari \u00dccret Saptama Komisyonu\u2019nun, br\u00fct 51.202 TL, net 44.546 TL olarak belirledi\u011fi yeni rakam\u0131 oy \u00e7oklu\u011fuyla kabul etti\u011fini kaydederek,  son a\u00e7\u0131klanan hayat pahal\u0131l\u0131\u011f\u0131 oran\u0131 olan y\u00fczde 17,79 \u00fczerinden bu art\u0131\u015f\u0131n yap\u0131ld\u0131\u011f\u0131n\u0131 anlatt\u0131.<\/p>\n<p>Bakan Gardiyano\u011flu, yabanc\u0131 \u00e7al\u0131\u015fanlarla y\u00f6nelik uygulanacak farkl\u0131 Asgari \u00fccret konusunu da de\u011ferlendirdi.<br \/>Gardiyano\u011flu, \u201cKKTC vatanda\u015flar\u0131 kendi evlerinde ya\u015f\u0131yor, elektrik su paras\u0131 \u00f6d\u00fcyor i\u015flerine kendi ara\u00e7lar\u0131 ile geliyor ve asgari \u00fccret al\u0131yor. Ancak yabanc\u0131 \u00e7al\u0131\u015fanlar i\u015fyerlerinin onlara sa\u011flad\u0131\u011f\u0131 lojmanlarda kal\u0131yor \u00fc\u00e7 \u00f6\u011f\u00fcn yeme\u011fini sa\u011fl\u0131yor ve ayn\u0131 paray\u0131 al\u0131yorlar. Bu adil de\u011fildir ve \u0130LO anla\u015fmalar\u0131nda da bu b\u00f6yledir. Yabanc\u0131 \u00e7al\u0131\u015fanlara i\u015fyerleri bu imkanlar\u0131 sa\u011flamak zorundad\u0131r ve bunlar sa\u011fland\u0131\u011f\u0131nda asgari \u00fccrette ya\u015fanan adaletsizli\u011fi bu yolla ortadan kald\u0131rd\u0131k. Bu adaletsizli\u011fi ortadan kald\u0131rmak ad\u0131na yap\u0131lan bir d\u00fczenlemedir bu\u201d diye konu\u015ftu.<br \/>Bakan Sad\u0131k Gardiyano\u011flu, bu yeni uygulaman\u0131n baz\u0131 kesimlerce yanl\u0131\u015f anla\u015f\u0131ld\u0131\u011f\u0131n\u0131 da dile getirdi.<\/p>\n<p>Gardiyano\u011flu,  \u201cKKTC vatanda\u015flar\u0131 ve TC uyruklu \u00e7al\u0131\u015fanlar, ile \u00fc\u00e7\u00fcn\u00fc uyruklu \u00e7al\u0131\u015fanlar\u0131n aras\u0131ndaki adaletsizli\u011fi ortadan kald\u0131rmak amac\u0131yla yap\u0131lm\u0131\u015ft\u0131r\u201d dedi.    <\/p>\n<p><iframe loading=\"lazy\" title=\"Man\u015fet + 06.08.2025\" width=\"960\" height=\"540\" src=\"https:\/\/www.youtube.com\/embed\/Xkvzz2eLx9o?feature=oembed\" frameborder=\"0\" allow=\"accelerometer; autoplay; clipboard-write; encrypted-media; gyroscope; picture-in-picture; web-share\" referrerpolicy=\"strict-origin-when-cross-origin\" allowfullscreen><\/iframe><\/p>\n<\/p><\/div>\n<p><script async\n                    defer\n                    crossorigin=\"anonymous\"\n                    src=\"https:\/\/connect.facebook.net\/tr_TR\/sdk.js#xfbml=1&#038;version=v3.3\"\n            ><\/script><br \/>\n<br \/><br \/>\n<br \/><a href=\"[kibrisdakik.com]\n<\/p>\n","protected":false},"excerpt":{"rendered":"<p>\u00c7al\u0131\u015fma ve Sosyal G\u00fcvenlik Bakan\u0131 Sad\u0131k Gardiyano\u011flu, BRT\u2019de yay\u0131nlanan \u2018Man\u015fet+\u2019 program\u0131na kat\u0131larak \u00e7al\u0131\u015fma ya\u015fam\u0131na ili\u015fkin a\u00e7\u0131klamalarda bulundu. Gardiyano\u011flu, Asgari \u00dccret Saptama Komisyonu\u2019nun, br\u00fct 51.202 TL, net 44.546 TL olarak belirledi\u011fi yeni rakam\u0131 oy \u00e7oklu\u011fuyla kabul etti\u011fini kaydederek, son a\u00e7\u0131klanan hayat pahal\u0131l\u0131\u011f\u0131 oran\u0131 olan y\u00fczde 17,79 \u00fczerinden bu art\u0131\u015f\u0131n yap\u0131ld\u0131\u011f\u0131n\u0131 anlatt\u0131. Bakan Gardiyano\u011flu, yabanc\u0131 \u00e7al\u0131\u015fanlarla y\u00f6nelik<\/p>\n","protected":false},"author":1,"featured_media":87831,"comment_status":"open","ping_status":"open","sticky":false,"template":"","format":"standard","meta":{"footnotes":""},"categories":[81,101],"tags":[],"class_list":["post-87829","post","type-post","status-publish","format-standard","has-post-thumbnail","hentry","category-kibris","category-manset"],"yoast_head":"<!-- This site is optimized with the Yoast SEO plugin v27.5 - https:\/\/yoast.com\/product\/yoast-seo-wordpress\/ -->\n<title>\u00c7al\u0131\u015fma ve Sosyal G\u00fcvenlik Bakan\u0131 Gardiyano\u011flu:Yabanc\u0131 uyruklu \u00e7al\u0131\u015fanlar\u0131n farkl\u0131 asgari \u00fccreti almas\u0131 adaleti sa\u011flad\u0131 -<\/title>\n<meta name=\"robots\" content=\"index, follow, max-snippet:-1, max-image-preview:large, max-video-preview:-1\" \/>\n<link rel=\"canonical\" href=\"https:\/\/kibrisdakik.com\/?p=87829\" \/>\n<meta property=\"og:locale\" content=\"tr_TR\" \/>\n<meta property=\"og:type\" content=\"article\" \/>\n<meta property=\"og:title\" content=\"\u00c7al\u0131\u015fma ve Sosyal G\u00fcvenlik Bakan\u0131 Gardiyano\u011flu:Yabanc\u0131 uyruklu \u00e7al\u0131\u015fanlar\u0131n farkl\u0131 asgari \u00fccreti almas\u0131 adaleti sa\u011flad\u0131 -\" \/>\n<meta property=\"og:description\" content=\"\u00c7al\u0131\u015fma ve Sosyal G\u00fcvenlik Bakan\u0131 Sad\u0131k Gardiyano\u011flu, BRT\u2019de yay\u0131nlanan \u2018Man\u015fet+\u2019 program\u0131na kat\u0131larak \u00e7al\u0131\u015fma ya\u015fam\u0131na ili\u015fkin a\u00e7\u0131klamalarda bulundu. Gardiyano\u011flu, Asgari \u00dccret Saptama Komisyonu\u2019nun, br\u00fct 51.202 TL, net 44.546 TL olarak belirledi\u011fi yeni rakam\u0131 oy \u00e7oklu\u011fuyla kabul etti\u011fini kaydederek, son a\u00e7\u0131klanan hayat pahal\u0131l\u0131\u011f\u0131 oran\u0131 olan y\u00fczde 17,79 \u00fczerinden bu art\u0131\u015f\u0131n yap\u0131ld\u0131\u011f\u0131n\u0131 anlatt\u0131. Bakan Gardiyano\u011flu, yabanc\u0131 \u00e7al\u0131\u015fanlarla y\u00f6nelik\" \/>\n<meta property=\"og:url\" content=\"https:\/\/kibrisdakik.com\/?p=87829\" \/>\n<meta property=\"article:published_time\" content=\"2025-08-06T10:56:20+00:00\" \/>\n<meta property=\"og:image\" content=\"https:\/\/kibrisdakik.com\/wp-content\/uploads\/2025\/08\/DLKSdk.jpg\" \/>\n\t<meta property=\"og:image:width\" content=\"697\" \/>\n\t<meta property=\"og:image:height\" content=\"350\" \/>\n\t<meta property=\"og:image:type\" content=\"image\/jpeg\" \/>\n<meta name=\"author\" content=\"admin\" \/>\n<meta name=\"twitter:card\" content=\"summary_large_image\" \/>\n<meta name=\"twitter:label1\" content=\"Yazan:\" \/>\n\t<meta name=\"twitter:data1\" content=\"admin\" \/>\n\t<meta name=\"twitter:label2\" content=\"Tahmini okuma s\u00fcresi\" \/>\n\t<meta name=\"twitter:data2\" content=\"1 dakika\" \/>\n<script type=\"application\/ld+json\" class=\"yoast-schema-graph\">{\"@context\":\"https:\\\/\\\/schema.org\",\"@graph\":[{\"@type\":\"Article\",\"@id\":\"https:\\\/\\\/kibrisdakik.com\\\/?p=87829#article\",\"isPartOf\":{\"@id\":\"https:\\\/\\\/kibrisdakik.com\\\/?p=87829\"},\"author\":{\"name\":\"admin\",\"@id\":\"https:\\\/\\\/kibrisdakik.com\\\/#\\\/schema\\\/person\\\/9cd9d437bbb44f72b73ba127e06d8e79\"},\"headline\":\"\u00c7al\u0131\u015fma ve Sosyal G\u00fcvenlik Bakan\u0131 Gardiyano\u011flu:Yabanc\u0131 uyruklu \u00e7al\u0131\u015fanlar\u0131n farkl\u0131 asgari \u00fccreti almas\u0131 adaleti sa\u011flad\u0131\",\"datePublished\":\"2025-08-06T10:56:20+00:00\",\"mainEntityOfPage\":{\"@id\":\"https:\\\/\\\/kibrisdakik.com\\\/?p=87829\"},\"wordCount\":278,\"commentCount\":0,\"image\":{\"@id\":\"https:\\\/\\\/kibrisdakik.com\\\/?p=87829#primaryimage\"},\"thumbnailUrl\":\"https:\\\/\\\/kibrisdakik.com\\\/wp-content\\\/uploads\\\/2025\\\/08\\\/DLKSdk.jpg\",\"articleSection\":[\"K\u0131br\u0131s\",\"Man\u015fet\"],\"inLanguage\":\"tr\",\"potentialAction\":[{\"@type\":\"CommentAction\",\"name\":\"Comment\",\"target\":[\"https:\\\/\\\/kibrisdakik.com\\\/?p=87829#respond\"]}]},{\"@type\":\"WebPage\",\"@id\":\"https:\\\/\\\/kibrisdakik.com\\\/?p=87829\",\"url\":\"https:\\\/\\\/kibrisdakik.com\\\/?p=87829\",\"name\":\"\u00c7al\u0131\u015fma ve Sosyal G\u00fcvenlik Bakan\u0131 Gardiyano\u011flu:Yabanc\u0131 uyruklu \u00e7al\u0131\u015fanlar\u0131n farkl\u0131 asgari \u00fccreti almas\u0131 adaleti sa\u011flad\u0131 -\",\"isPartOf\":{\"@id\":\"https:\\\/\\\/kibrisdakik.com\\\/#website\"},\"primaryImageOfPage\":{\"@id\":\"https:\\\/\\\/kibrisdakik.com\\\/?p=87829#primaryimage\"},\"image\":{\"@id\":\"https:\\\/\\\/kibrisdakik.com\\\/?p=87829#primaryimage\"},\"thumbnailUrl\":\"https:\\\/\\\/kibrisdakik.com\\\/wp-content\\\/uploads\\\/2025\\\/08\\\/DLKSdk.jpg\",\"datePublished\":\"2025-08-06T10:56:20+00:00\",\"author\":{\"@id\":\"https:\\\/\\\/kibrisdakik.com\\\/#\\\/schema\\\/person\\\/9cd9d437bbb44f72b73ba127e06d8e79\"},\"breadcrumb\":{\"@id\":\"https:\\\/\\\/kibrisdakik.com\\\/?p=87829#breadcrumb\"},\"inLanguage\":\"tr\",\"potentialAction\":[{\"@type\":\"ReadAction\",\"target\":[\"https:\\\/\\\/kibrisdakik.com\\\/?p=87829\"]}]},{\"@type\":\"ImageObject\",\"inLanguage\":\"tr\",\"@id\":\"https:\\\/\\\/kibrisdakik.com\\\/?p=87829#primaryimage\",\"url\":\"https:\\\/\\\/kibrisdakik.com\\\/wp-content\\\/uploads\\\/2025\\\/08\\\/DLKSdk.jpg\",\"contentUrl\":\"https:\\\/\\\/kibrisdakik.com\\\/wp-content\\\/uploads\\\/2025\\\/08\\\/DLKSdk.jpg\",\"width\":697,\"height\":350},{\"@type\":\"BreadcrumbList\",\"@id\":\"https:\\\/\\\/kibrisdakik.com\\\/?p=87829#breadcrumb\",\"itemListElement\":[{\"@type\":\"ListItem\",\"position\":1,\"name\":\"Home\",\"item\":\"https:\\\/\\\/kibrisdakik.com\\\/\"},{\"@type\":\"ListItem\",\"position\":2,\"name\":\"\u00c7al\u0131\u015fma ve Sosyal G\u00fcvenlik Bakan\u0131 Gardiyano\u011flu:Yabanc\u0131 uyruklu \u00e7al\u0131\u015fanlar\u0131n farkl\u0131 asgari \u00fccreti almas\u0131 adaleti sa\u011flad\u0131\"}]},{\"@type\":\"WebSite\",\"@id\":\"https:\\\/\\\/kibrisdakik.com\\\/#website\",\"url\":\"https:\\\/\\\/kibrisdakik.com\\\/\",\"name\":\"\",\"description\":\"Tam vaktinde haber\",\"potentialAction\":[{\"@type\":\"SearchAction\",\"target\":{\"@type\":\"EntryPoint\",\"urlTemplate\":\"https:\\\/\\\/kibrisdakik.com\\\/?s={search_term_string}\"},\"query-input\":{\"@type\":\"PropertyValueSpecification\",\"valueRequired\":true,\"valueName\":\"search_term_string\"}}],\"inLanguage\":\"tr\"},{\"@type\":\"Person\",\"@id\":\"https:\\\/\\\/kibrisdakik.com\\\/#\\\/schema\\\/person\\\/9cd9d437bbb44f72b73ba127e06d8e79\",\"name\":\"admin\",\"image\":{\"@type\":\"ImageObject\",\"inLanguage\":\"tr\",\"@id\":\"https:\\\/\\\/secure.gravatar.com\\\/avatar\\\/ccc17943b9d660506c869530f897617f7cb1c21a4bf30023f252596d83e1f007?s=96&d=mm&r=g\",\"url\":\"https:\\\/\\\/secure.gravatar.com\\\/avatar\\\/ccc17943b9d660506c869530f897617f7cb1c21a4bf30023f252596d83e1f007?s=96&d=mm&r=g\",\"contentUrl\":\"https:\\\/\\\/secure.gravatar.com\\\/avatar\\\/ccc17943b9d660506c869530f897617f7cb1c21a4bf30023f252596d83e1f007?s=96&d=mm&r=g\",\"caption\":\"admin\"},\"sameAs\":[\"https:\\\/\\\/kibrisdakik.com\"],\"url\":\"https:\\\/\\\/kibrisdakik.com\\\/?author=1\"}]}<\/script>\n<!-- \/ Yoast SEO plugin. -->","yoast_head_json":{"title":"\u00c7al\u0131\u015fma ve Sosyal G\u00fcvenlik Bakan\u0131 Gardiyano\u011flu:Yabanc\u0131 uyruklu \u00e7al\u0131\u015fanlar\u0131n farkl\u0131 asgari \u00fccreti almas\u0131 adaleti sa\u011flad\u0131 -","robots":{"index":"index","follow":"follow","max-snippet":"max-snippet:-1","max-image-preview":"max-image-preview:large","max-video-preview":"max-video-preview:-1"},"canonical":"https:\/\/kibrisdakik.com\/?p=87829","og_locale":"tr_TR","og_type":"article","og_title":"\u00c7al\u0131\u015fma ve Sosyal G\u00fcvenlik Bakan\u0131 Gardiyano\u011flu:Yabanc\u0131 uyruklu \u00e7al\u0131\u015fanlar\u0131n farkl\u0131 asgari \u00fccreti almas\u0131 adaleti sa\u011flad\u0131 -","og_description":"\u00c7al\u0131\u015fma ve Sosyal G\u00fcvenlik Bakan\u0131 Sad\u0131k Gardiyano\u011flu, BRT\u2019de yay\u0131nlanan \u2018Man\u015fet+\u2019 program\u0131na kat\u0131larak \u00e7al\u0131\u015fma ya\u015fam\u0131na ili\u015fkin a\u00e7\u0131klamalarda bulundu. Gardiyano\u011flu, Asgari \u00dccret Saptama Komisyonu\u2019nun, br\u00fct 51.202 TL, net 44.546 TL olarak belirledi\u011fi yeni rakam\u0131 oy \u00e7oklu\u011fuyla kabul etti\u011fini kaydederek, son a\u00e7\u0131klanan hayat pahal\u0131l\u0131\u011f\u0131 oran\u0131 olan y\u00fczde 17,79 \u00fczerinden bu art\u0131\u015f\u0131n yap\u0131ld\u0131\u011f\u0131n\u0131 anlatt\u0131. Bakan Gardiyano\u011flu, yabanc\u0131 \u00e7al\u0131\u015fanlarla y\u00f6nelik","og_url":"https:\/\/kibrisdakik.com\/?p=87829","article_published_time":"2025-08-06T10:56:20+00:00","og_image":[{"width":697,"height":350,"url":"https:\/\/kibrisdakik.com\/wp-content\/uploads\/2025\/08\/DLKSdk.jpg","type":"image\/jpeg"}],"author":"admin","twitter_card":"summary_large_image","twitter_misc":{"Yazan:":"admin","Tahmini okuma s\u00fcresi":"1 dakika"},"schema":{"@context":"https:\/\/schema.org","@graph":[{"@type":"Article","@id":"https:\/\/kibrisdakik.com\/?p=87829#article","isPartOf":{"@id":"https:\/\/kibrisdakik.com\/?p=87829"},"author":{"name":"admin","@id":"https:\/\/kibrisdakik.com\/#\/schema\/person\/9cd9d437bbb44f72b73ba127e06d8e79"},"headline":"\u00c7al\u0131\u015fma ve Sosyal G\u00fcvenlik Bakan\u0131 Gardiyano\u011flu:Yabanc\u0131 uyruklu \u00e7al\u0131\u015fanlar\u0131n farkl\u0131 asgari \u00fccreti almas\u0131 adaleti sa\u011flad\u0131","datePublished":"2025-08-06T10:56:20+00:00","mainEntityOfPage":{"@id":"https:\/\/kibrisdakik.com\/?p=87829"},"wordCount":278,"commentCount":0,"image":{"@id":"https:\/\/kibrisdakik.com\/?p=87829#primaryimage"},"thumbnailUrl":"https:\/\/kibrisdakik.com\/wp-content\/uploads\/2025\/08\/DLKSdk.jpg","articleSection":["K\u0131br\u0131s","Man\u015fet"],"inLanguage":"tr","potentialAction":[{"@type":"CommentAction","name":"Comment","target":["https:\/\/kibrisdakik.com\/?p=87829#respond"]}]},{"@type":"WebPage","@id":"https:\/\/kibrisdakik.com\/?p=87829","url":"https:\/\/kibrisdakik.com\/?p=87829","name":"\u00c7al\u0131\u015fma ve Sosyal G\u00fcvenlik Bakan\u0131 Gardiyano\u011flu:Yabanc\u0131 uyruklu \u00e7al\u0131\u015fanlar\u0131n farkl\u0131 asgari \u00fccreti almas\u0131 adaleti sa\u011flad\u0131 -","isPartOf":{"@id":"https:\/\/kibrisdakik.com\/#website"},"primaryImageOfPage":{"@id":"https:\/\/kibrisdakik.com\/?p=87829#primaryimage"},"image":{"@id":"https:\/\/kibrisdakik.com\/?p=87829#primaryimage"},"thumbnailUrl":"https:\/\/kibrisdakik.com\/wp-content\/uploads\/2025\/08\/DLKSdk.jpg","datePublished":"2025-08-06T10:56:20+00:00","author":{"@id":"https:\/\/kibrisdakik.com\/#\/schema\/person\/9cd9d437bbb44f72b73ba127e06d8e79"},"breadcrumb":{"@id":"https:\/\/kibrisdakik.com\/?p=87829#breadcrumb"},"inLanguage":"tr","potentialAction":[{"@type":"ReadAction","target":["https:\/\/kibrisdakik.com\/?p=87829"]}]},{"@type":"ImageObject","inLanguage":"tr","@id":"https:\/\/kibrisdakik.com\/?p=87829#primaryimage","url":"https:\/\/kibrisdakik.com\/wp-content\/uploads\/2025\/08\/DLKSdk.jpg","contentUrl":"https:\/\/kibrisdakik.com\/wp-content\/uploads\/2025\/08\/DLKSdk.jpg","width":697,"height":350},{"@type":"BreadcrumbList","@id":"https:\/\/kibrisdakik.com\/?p=87829#breadcrumb","itemListElement":[{"@type":"ListItem","position":1,"name":"Home","item":"https:\/\/kibrisdakik.com\/"},{"@type":"ListItem","position":2,"name":"\u00c7al\u0131\u015fma ve Sosyal G\u00fcvenlik Bakan\u0131 Gardiyano\u011flu:Yabanc\u0131 uyruklu \u00e7al\u0131\u015fanlar\u0131n farkl\u0131 asgari \u00fccreti almas\u0131 adaleti sa\u011flad\u0131"}]},{"@type":"WebSite","@id":"https:\/\/kibrisdakik.com\/#website","url":"https:\/\/kibrisdakik.com\/","name":"","description":"Tam vaktinde haber","potentialAction":[{"@type":"SearchAction","target":{"@type":"EntryPoint","urlTemplate":"https:\/\/kibrisdakik.com\/?s={search_term_string}"},"query-input":{"@type":"PropertyValueSpecification","valueRequired":true,"valueName":"search_term_string"}}],"inLanguage":"tr"},{"@type":"Person","@id":"https:\/\/kibrisdakik.com\/#\/schema\/person\/9cd9d437bbb44f72b73ba127e06d8e79","name":"admin","image":{"@type":"ImageObject","inLanguage":"tr","@id":"https:\/\/secure.gravatar.com\/avatar\/ccc17943b9d660506c869530f897617f7cb1c21a4bf30023f252596d83e1f007?s=96&d=mm&r=g","url":"https:\/\/secure.gravatar.com\/avatar\/ccc17943b9d660506c869530f897617f7cb1c21a4bf30023f252596d83e1f007?s=96&d=mm&r=g","contentUrl":"https:\/\/secure.gravatar.com\/avatar\/ccc17943b9d660506c869530f897617f7cb1c21a4bf30023f252596d83e1f007?s=96&d=mm&r=g","caption":"admin"},"sameAs":["https:\/\/kibrisdakik.com"],"url":"https:\/\/kibrisdakik.com\/?author=1"}]}},"_links":{"self":[{"href":"https:\/\/kibrisdakik.com\/index.php?rest_route=\/wp\/v2\/posts\/87829","targetHints":{"allow":["GET"]}}],"collection":[{"href":"https:\/\/kibrisdakik.com\/index.php?rest_route=\/wp\/v2\/posts"}],"about":[{"href":"https:\/\/kibrisdakik.com\/index.php?rest_route=\/wp\/v2\/types\/post"}],"author":[{"embeddable":true,"href":"https:\/\/kibrisdakik.com\/index.php?rest_route=\/wp\/v2\/users\/1"}],"replies":[{"embeddable":true,"href":"https:\/\/kibrisdakik.com\/index.php?rest_route=%2Fwp%2Fv2%2Fcomments&post=87829"}],"version-history":[{"count":0,"href":"https:\/\/kibrisdakik.com\/index.php?rest_route=\/wp\/v2\/posts\/87829\/revisions"}],"wp:featuredmedia":[{"embeddable":true,"href":"https:\/\/kibrisdakik.com\/index.php?rest_route=\/wp\/v2\/media\/87831"}],"wp:attachment":[{"href":"https:\/\/kibrisdakik.com\/index.php?rest_route=%2Fwp%2Fv2%2Fmedia&parent=87829"}],"wp:term":[{"taxonomy":"category","embeddable":true,"href":"https:\/\/kibrisdakik.com\/index.php?rest_route=%2Fwp%2Fv2%2Fcategories&post=87829"},{"taxonomy":"post_tag","embeddable":true,"href":"https:\/\/kibrisdakik.com\/index.php?rest_route=%2Fwp%2Fv2%2Ftags&post=87829"}],"curies":[{"name":"wp","href":"https:\/\/api.w.org\/{rel}","templated":true}]}}