{"id":87837,"date":"2025-08-06T15:02:06","date_gmt":"2025-08-06T12:02:06","guid":{"rendered":"https:\/\/kibrisdakik.com\/index.php\/2025\/08\/06\/medya-etik-kurulu-elcilin-sikayeti-uzerine-inceleme-yapti-bazi-medya-kuruluslari-etik-ihlalleri-yapti\/"},"modified":"2025-08-06T15:02:06","modified_gmt":"2025-08-06T12:02:06","slug":"medya-etik-kurulu-elcilin-sikayeti-uzerine-inceleme-yapti-bazi-medya-kuruluslari-etik-ihlalleri-yapti","status":"publish","type":"post","link":"https:\/\/kibrisdakik.com\/?p=87837","title":{"rendered":"Medya Etik Kurulu, Elcil\u2019in \u015fikayeti \u00fczerine inceleme yapt\u0131: \u201cBaz\u0131 medya kurulu\u015flar\u0131 etik ihlalleri yapt\u0131\u201d"},"content":{"rendered":"<p> <br \/>\n<\/p>\n<div>\n<div class=\"mariselle-image-container center\">\n                                            <\/div>\n<p>Medya Etik Kurulu, \u015eener Elcil\u2019in \u015fikayeti \u00fczerine \u00e7e\u015fitli medya organlar\u0131nda kendisiyle ilgili \u00e7\u0131kan haberleri inceleyerek, baz\u0131 medya kurulu\u015flar\u0131n\u0131n benzer etik ihlalleri yapt\u0131\u011f\u0131n\u0131 tespit etti.<\/p>\n<p>Kurul\u2019dan yap\u0131lan yaz\u0131l\u0131 a\u00e7\u0131klamada, ilgili medya kurulu\u015flar\u0131n\u0131n g\u00f6r\u00fc\u015flerine ba\u015fvuruldu\u011fu ifade edilerek, b\u00fct\u00fcn yay\u0131nc\u0131 kurulu\u015flar\u0131n g\u00f6r\u00fc\u015flerini payla\u015ft\u0131\u011f\u0131 ve haberin haz\u0131rlan\u0131p, yay\u0131na verilmesi s\u00fcrecindeki \u00e7al\u0131\u015fmalar\u0131yla ilgili Kurulu bilgilendirdi\u011fi kaydedildi.<\/p>\n<p>-\u201cEvrensel habercilik kriterlerine ayk\u0131r\u0131 de\u011fil\u201d<\/p>\n<p>2 ve 3 A\u011fustos tarihlerinde \u015eener Elcil\u2019in, G\u00fcney K\u0131br\u0131s\u2019ta tutuklu bulunan i\u015f insan\u0131 Simon Aykut\u2019a, kendine ait arazileri satt\u0131\u011f\u0131na ve bu sat\u0131\u015ftan elde edilen gelire dair yap\u0131lan haberlerin hi\u00e7birinde Elcil\u2019in g\u00f6r\u00fc\u015flerinin yer almad\u0131\u011f\u0131 belirtilen a\u00e7\u0131klamada, \u015fu ifadelere yer verildi:<\/p>\n<p>\u201cBilgi ve belgelerin, haber de\u011feri y\u00fcksek oldu\u011funu g\u00f6z \u00f6n\u00fcnde bulunduran Medya Etik Kurulu, kamuya mal olmu\u015f ki\u015filere ait belgelerin de \u00f6zel bilgi kapsam\u0131nda de\u011ferlendirilmemesini anla\u015f\u0131l\u0131r kabul edip, evrensel habercilik kriterlerine ayk\u0131r\u0131 olmad\u0131\u011f\u0131 g\u00f6r\u00fc\u015f\u00fcndedir. Ancak temel etik kurallardan biri, objektif haber ad\u0131na ilgili b\u00fct\u00fcn taraflar\u0131n g\u00f6r\u00fc\u015flerine ba\u015fvurulmas\u0131 gereklili\u011fidir.\u201d<\/p>\n<p>\u015eener Elcil\u2019in, haberlerin sonras\u0131nda yapt\u0131\u011f\u0131 a\u00e7\u0131klaman\u0131n, baz\u0131 kurulu\u015flar taraf\u0131ndan yay\u0131nlanmad\u0131\u011f\u0131n\u0131n ya da ge\u00e7 yay\u0131nland\u0131\u011f\u0131n\u0131n tespit edildi\u011fi kaydedilen a\u00e7\u0131klamada, \u201cElcil\u2019in kurulu\u015flara g\u00f6nderdi\u011fi cevab\u0131n yay\u0131nlanmas\u0131 etik bir gereklilik ve hakt\u0131r. Bu yay\u0131n\u0131n da ayn\u0131 \u015fekilde makul bir s\u00fcre i\u00e7inde yap\u0131lmas\u0131 yine etik bir sorumluluktur\u201d denildi.<\/p>\n<\/p><\/div>\n<p><script async\n                    defer\n                    crossorigin=\"anonymous\"\n                    src=\"https:\/\/connect.facebook.net\/tr_TR\/sdk.js#xfbml=1&#038;version=v3.3\"\n            ><\/script><br \/>\n<br \/><br \/>\n<br \/><a href=\"[kibrisdakik.com]\n<\/p>\n","protected":false},"excerpt":{"rendered":"<p>Medya Etik Kurulu, \u015eener Elcil\u2019in \u015fikayeti \u00fczerine \u00e7e\u015fitli medya organlar\u0131nda kendisiyle ilgili \u00e7\u0131kan haberleri inceleyerek, baz\u0131 medya kurulu\u015flar\u0131n\u0131n benzer etik ihlalleri yapt\u0131\u011f\u0131n\u0131 tespit etti. Kurul\u2019dan yap\u0131lan yaz\u0131l\u0131 a\u00e7\u0131klamada, ilgili medya kurulu\u015flar\u0131n\u0131n g\u00f6r\u00fc\u015flerine ba\u015fvuruldu\u011fu ifade edilerek, b\u00fct\u00fcn yay\u0131nc\u0131 kurulu\u015flar\u0131n g\u00f6r\u00fc\u015flerini payla\u015ft\u0131\u011f\u0131 ve haberin haz\u0131rlan\u0131p, yay\u0131na verilmesi s\u00fcrecindeki \u00e7al\u0131\u015fmalar\u0131yla ilgili Kurulu bilgilendirdi\u011fi kaydedildi. -\u201cEvrensel habercilik kriterlerine ayk\u0131r\u0131<\/p>\n","protected":false},"author":1,"featured_media":87838,"comment_status":"open","ping_status":"open","sticky":false,"template":"","format":"standard","meta":{"footnotes":""},"categories":[81,101],"tags":[],"class_list":["post-87837","post","type-post","status-publish","format-standard","has-post-thumbnail","hentry","category-kibris","category-manset"],"yoast_head":"<!-- This site is optimized with the Yoast SEO plugin v27.4 - https:\/\/yoast.com\/product\/yoast-seo-wordpress\/ -->\n<title>Medya Etik Kurulu, Elcil\u2019in \u015fikayeti \u00fczerine inceleme yapt\u0131: \u201cBaz\u0131 medya kurulu\u015flar\u0131 etik ihlalleri yapt\u0131\u201d -<\/title>\n<meta name=\"robots\" content=\"index, follow, max-snippet:-1, max-image-preview:large, max-video-preview:-1\" \/>\n<link rel=\"canonical\" href=\"https:\/\/kibrisdakik.com\/?p=87837\" \/>\n<meta property=\"og:locale\" content=\"tr_TR\" \/>\n<meta property=\"og:type\" content=\"article\" \/>\n<meta property=\"og:title\" content=\"Medya Etik Kurulu, Elcil\u2019in \u015fikayeti \u00fczerine inceleme yapt\u0131: \u201cBaz\u0131 medya kurulu\u015flar\u0131 etik ihlalleri yapt\u0131\u201d -\" \/>\n<meta property=\"og:description\" content=\"Medya Etik Kurulu, \u015eener Elcil\u2019in \u015fikayeti \u00fczerine \u00e7e\u015fitli medya organlar\u0131nda kendisiyle ilgili \u00e7\u0131kan haberleri inceleyerek, baz\u0131 medya kurulu\u015flar\u0131n\u0131n benzer etik ihlalleri yapt\u0131\u011f\u0131n\u0131 tespit etti. Kurul\u2019dan yap\u0131lan yaz\u0131l\u0131 a\u00e7\u0131klamada, ilgili medya kurulu\u015flar\u0131n\u0131n g\u00f6r\u00fc\u015flerine ba\u015fvuruldu\u011fu ifade edilerek, b\u00fct\u00fcn yay\u0131nc\u0131 kurulu\u015flar\u0131n g\u00f6r\u00fc\u015flerini payla\u015ft\u0131\u011f\u0131 ve haberin haz\u0131rlan\u0131p, yay\u0131na verilmesi s\u00fcrecindeki \u00e7al\u0131\u015fmalar\u0131yla ilgili Kurulu bilgilendirdi\u011fi kaydedildi. -\u201cEvrensel habercilik kriterlerine ayk\u0131r\u0131\" \/>\n<meta property=\"og:url\" content=\"https:\/\/kibrisdakik.com\/?p=87837\" \/>\n<meta property=\"article:published_time\" content=\"2025-08-06T12:02:06+00:00\" \/>\n<meta property=\"og:image\" content=\"https:\/\/kibrisdakik.com\/wp-content\/uploads\/2025\/08\/1754481752_medya-etik-740x420.jpg\" \/>\n\t<meta property=\"og:image:width\" content=\"1919\" \/>\n\t<meta property=\"og:image:height\" content=\"1079\" \/>\n\t<meta property=\"og:image:type\" content=\"image\/jpeg\" \/>\n<meta name=\"author\" content=\"admin\" \/>\n<meta name=\"twitter:card\" content=\"summary_large_image\" \/>\n<meta name=\"twitter:label1\" content=\"Yazan:\" \/>\n\t<meta name=\"twitter:data1\" content=\"admin\" \/>\n\t<meta name=\"twitter:label2\" content=\"Tahmini okuma s\u00fcresi\" \/>\n\t<meta name=\"twitter:data2\" content=\"1 dakika\" \/>\n<script type=\"application\/ld+json\" class=\"yoast-schema-graph\">{\"@context\":\"https:\\\/\\\/schema.org\",\"@graph\":[{\"@type\":\"Article\",\"@id\":\"https:\\\/\\\/kibrisdakik.com\\\/?p=87837#article\",\"isPartOf\":{\"@id\":\"https:\\\/\\\/kibrisdakik.com\\\/?p=87837\"},\"author\":{\"name\":\"admin\",\"@id\":\"https:\\\/\\\/kibrisdakik.com\\\/#\\\/schema\\\/person\\\/9cd9d437bbb44f72b73ba127e06d8e79\"},\"headline\":\"Medya Etik Kurulu, Elcil\u2019in \u015fikayeti \u00fczerine inceleme yapt\u0131: \u201cBaz\u0131 medya kurulu\u015flar\u0131 etik ihlalleri yapt\u0131\u201d\",\"datePublished\":\"2025-08-06T12:02:06+00:00\",\"mainEntityOfPage\":{\"@id\":\"https:\\\/\\\/kibrisdakik.com\\\/?p=87837\"},\"wordCount\":299,\"commentCount\":0,\"image\":{\"@id\":\"https:\\\/\\\/kibrisdakik.com\\\/?p=87837#primaryimage\"},\"thumbnailUrl\":\"https:\\\/\\\/kibrisdakik.com\\\/wp-content\\\/uploads\\\/2025\\\/08\\\/1754481752_medya-etik-740x420.jpg\",\"articleSection\":[\"K\u0131br\u0131s\",\"Man\u015fet\"],\"inLanguage\":\"tr\",\"potentialAction\":[{\"@type\":\"CommentAction\",\"name\":\"Comment\",\"target\":[\"https:\\\/\\\/kibrisdakik.com\\\/?p=87837#respond\"]}]},{\"@type\":\"WebPage\",\"@id\":\"https:\\\/\\\/kibrisdakik.com\\\/?p=87837\",\"url\":\"https:\\\/\\\/kibrisdakik.com\\\/?p=87837\",\"name\":\"Medya Etik Kurulu, Elcil\u2019in \u015fikayeti \u00fczerine inceleme yapt\u0131: \u201cBaz\u0131 medya kurulu\u015flar\u0131 etik ihlalleri yapt\u0131\u201d -\",\"isPartOf\":{\"@id\":\"https:\\\/\\\/kibrisdakik.com\\\/#website\"},\"primaryImageOfPage\":{\"@id\":\"https:\\\/\\\/kibrisdakik.com\\\/?p=87837#primaryimage\"},\"image\":{\"@id\":\"https:\\\/\\\/kibrisdakik.com\\\/?p=87837#primaryimage\"},\"thumbnailUrl\":\"https:\\\/\\\/kibrisdakik.com\\\/wp-content\\\/uploads\\\/2025\\\/08\\\/1754481752_medya-etik-740x420.jpg\",\"datePublished\":\"2025-08-06T12:02:06+00:00\",\"author\":{\"@id\":\"https:\\\/\\\/kibrisdakik.com\\\/#\\\/schema\\\/person\\\/9cd9d437bbb44f72b73ba127e06d8e79\"},\"breadcrumb\":{\"@id\":\"https:\\\/\\\/kibrisdakik.com\\\/?p=87837#breadcrumb\"},\"inLanguage\":\"tr\",\"potentialAction\":[{\"@type\":\"ReadAction\",\"target\":[\"https:\\\/\\\/kibrisdakik.com\\\/?p=87837\"]}]},{\"@type\":\"ImageObject\",\"inLanguage\":\"tr\",\"@id\":\"https:\\\/\\\/kibrisdakik.com\\\/?p=87837#primaryimage\",\"url\":\"https:\\\/\\\/kibrisdakik.com\\\/wp-content\\\/uploads\\\/2025\\\/08\\\/1754481752_medya-etik-740x420.jpg\",\"contentUrl\":\"https:\\\/\\\/kibrisdakik.com\\\/wp-content\\\/uploads\\\/2025\\\/08\\\/1754481752_medya-etik-740x420.jpg\",\"width\":1919,\"height\":1079},{\"@type\":\"BreadcrumbList\",\"@id\":\"https:\\\/\\\/kibrisdakik.com\\\/?p=87837#breadcrumb\",\"itemListElement\":[{\"@type\":\"ListItem\",\"position\":1,\"name\":\"Home\",\"item\":\"https:\\\/\\\/kibrisdakik.com\\\/\"},{\"@type\":\"ListItem\",\"position\":2,\"name\":\"Medya Etik Kurulu, Elcil\u2019in \u015fikayeti \u00fczerine inceleme yapt\u0131: \u201cBaz\u0131 medya kurulu\u015flar\u0131 etik ihlalleri yapt\u0131\u201d\"}]},{\"@type\":\"WebSite\",\"@id\":\"https:\\\/\\\/kibrisdakik.com\\\/#website\",\"url\":\"https:\\\/\\\/kibrisdakik.com\\\/\",\"name\":\"\",\"description\":\"Tam vaktinde haber\",\"potentialAction\":[{\"@type\":\"SearchAction\",\"target\":{\"@type\":\"EntryPoint\",\"urlTemplate\":\"https:\\\/\\\/kibrisdakik.com\\\/?s={search_term_string}\"},\"query-input\":{\"@type\":\"PropertyValueSpecification\",\"valueRequired\":true,\"valueName\":\"search_term_string\"}}],\"inLanguage\":\"tr\"},{\"@type\":\"Person\",\"@id\":\"https:\\\/\\\/kibrisdakik.com\\\/#\\\/schema\\\/person\\\/9cd9d437bbb44f72b73ba127e06d8e79\",\"name\":\"admin\",\"image\":{\"@type\":\"ImageObject\",\"inLanguage\":\"tr\",\"@id\":\"https:\\\/\\\/secure.gravatar.com\\\/avatar\\\/ccc17943b9d660506c869530f897617f7cb1c21a4bf30023f252596d83e1f007?s=96&d=mm&r=g\",\"url\":\"https:\\\/\\\/secure.gravatar.com\\\/avatar\\\/ccc17943b9d660506c869530f897617f7cb1c21a4bf30023f252596d83e1f007?s=96&d=mm&r=g\",\"contentUrl\":\"https:\\\/\\\/secure.gravatar.com\\\/avatar\\\/ccc17943b9d660506c869530f897617f7cb1c21a4bf30023f252596d83e1f007?s=96&d=mm&r=g\",\"caption\":\"admin\"},\"sameAs\":[\"https:\\\/\\\/kibrisdakik.com\"],\"url\":\"https:\\\/\\\/kibrisdakik.com\\\/?author=1\"}]}<\/script>\n<!-- \/ Yoast SEO plugin. -->","yoast_head_json":{"title":"Medya Etik Kurulu, Elcil\u2019in \u015fikayeti \u00fczerine inceleme yapt\u0131: \u201cBaz\u0131 medya kurulu\u015flar\u0131 etik ihlalleri yapt\u0131\u201d -","robots":{"index":"index","follow":"follow","max-snippet":"max-snippet:-1","max-image-preview":"max-image-preview:large","max-video-preview":"max-video-preview:-1"},"canonical":"https:\/\/kibrisdakik.com\/?p=87837","og_locale":"tr_TR","og_type":"article","og_title":"Medya Etik Kurulu, Elcil\u2019in \u015fikayeti \u00fczerine inceleme yapt\u0131: \u201cBaz\u0131 medya kurulu\u015flar\u0131 etik ihlalleri yapt\u0131\u201d -","og_description":"Medya Etik Kurulu, \u015eener Elcil\u2019in \u015fikayeti \u00fczerine \u00e7e\u015fitli medya organlar\u0131nda kendisiyle ilgili \u00e7\u0131kan haberleri inceleyerek, baz\u0131 medya kurulu\u015flar\u0131n\u0131n benzer etik ihlalleri yapt\u0131\u011f\u0131n\u0131 tespit etti. Kurul\u2019dan yap\u0131lan yaz\u0131l\u0131 a\u00e7\u0131klamada, ilgili medya kurulu\u015flar\u0131n\u0131n g\u00f6r\u00fc\u015flerine ba\u015fvuruldu\u011fu ifade edilerek, b\u00fct\u00fcn yay\u0131nc\u0131 kurulu\u015flar\u0131n g\u00f6r\u00fc\u015flerini payla\u015ft\u0131\u011f\u0131 ve haberin haz\u0131rlan\u0131p, yay\u0131na verilmesi s\u00fcrecindeki \u00e7al\u0131\u015fmalar\u0131yla ilgili Kurulu bilgilendirdi\u011fi kaydedildi. -\u201cEvrensel habercilik kriterlerine ayk\u0131r\u0131","og_url":"https:\/\/kibrisdakik.com\/?p=87837","article_published_time":"2025-08-06T12:02:06+00:00","og_image":[{"width":1919,"height":1079,"url":"https:\/\/kibrisdakik.com\/wp-content\/uploads\/2025\/08\/1754481752_medya-etik-740x420.jpg","type":"image\/jpeg"}],"author":"admin","twitter_card":"summary_large_image","twitter_misc":{"Yazan:":"admin","Tahmini okuma s\u00fcresi":"1 dakika"},"schema":{"@context":"https:\/\/schema.org","@graph":[{"@type":"Article","@id":"https:\/\/kibrisdakik.com\/?p=87837#article","isPartOf":{"@id":"https:\/\/kibrisdakik.com\/?p=87837"},"author":{"name":"admin","@id":"https:\/\/kibrisdakik.com\/#\/schema\/person\/9cd9d437bbb44f72b73ba127e06d8e79"},"headline":"Medya Etik Kurulu, Elcil\u2019in \u015fikayeti \u00fczerine inceleme yapt\u0131: \u201cBaz\u0131 medya kurulu\u015flar\u0131 etik ihlalleri yapt\u0131\u201d","datePublished":"2025-08-06T12:02:06+00:00","mainEntityOfPage":{"@id":"https:\/\/kibrisdakik.com\/?p=87837"},"wordCount":299,"commentCount":0,"image":{"@id":"https:\/\/kibrisdakik.com\/?p=87837#primaryimage"},"thumbnailUrl":"https:\/\/kibrisdakik.com\/wp-content\/uploads\/2025\/08\/1754481752_medya-etik-740x420.jpg","articleSection":["K\u0131br\u0131s","Man\u015fet"],"inLanguage":"tr","potentialAction":[{"@type":"CommentAction","name":"Comment","target":["https:\/\/kibrisdakik.com\/?p=87837#respond"]}]},{"@type":"WebPage","@id":"https:\/\/kibrisdakik.com\/?p=87837","url":"https:\/\/kibrisdakik.com\/?p=87837","name":"Medya Etik Kurulu, Elcil\u2019in \u015fikayeti \u00fczerine inceleme yapt\u0131: \u201cBaz\u0131 medya kurulu\u015flar\u0131 etik ihlalleri yapt\u0131\u201d -","isPartOf":{"@id":"https:\/\/kibrisdakik.com\/#website"},"primaryImageOfPage":{"@id":"https:\/\/kibrisdakik.com\/?p=87837#primaryimage"},"image":{"@id":"https:\/\/kibrisdakik.com\/?p=87837#primaryimage"},"thumbnailUrl":"https:\/\/kibrisdakik.com\/wp-content\/uploads\/2025\/08\/1754481752_medya-etik-740x420.jpg","datePublished":"2025-08-06T12:02:06+00:00","author":{"@id":"https:\/\/kibrisdakik.com\/#\/schema\/person\/9cd9d437bbb44f72b73ba127e06d8e79"},"breadcrumb":{"@id":"https:\/\/kibrisdakik.com\/?p=87837#breadcrumb"},"inLanguage":"tr","potentialAction":[{"@type":"ReadAction","target":["https:\/\/kibrisdakik.com\/?p=87837"]}]},{"@type":"ImageObject","inLanguage":"tr","@id":"https:\/\/kibrisdakik.com\/?p=87837#primaryimage","url":"https:\/\/kibrisdakik.com\/wp-content\/uploads\/2025\/08\/1754481752_medya-etik-740x420.jpg","contentUrl":"https:\/\/kibrisdakik.com\/wp-content\/uploads\/2025\/08\/1754481752_medya-etik-740x420.jpg","width":1919,"height":1079},{"@type":"BreadcrumbList","@id":"https:\/\/kibrisdakik.com\/?p=87837#breadcrumb","itemListElement":[{"@type":"ListItem","position":1,"name":"Home","item":"https:\/\/kibrisdakik.com\/"},{"@type":"ListItem","position":2,"name":"Medya Etik Kurulu, Elcil\u2019in \u015fikayeti \u00fczerine inceleme yapt\u0131: \u201cBaz\u0131 medya kurulu\u015flar\u0131 etik ihlalleri yapt\u0131\u201d"}]},{"@type":"WebSite","@id":"https:\/\/kibrisdakik.com\/#website","url":"https:\/\/kibrisdakik.com\/","name":"","description":"Tam vaktinde haber","potentialAction":[{"@type":"SearchAction","target":{"@type":"EntryPoint","urlTemplate":"https:\/\/kibrisdakik.com\/?s={search_term_string}"},"query-input":{"@type":"PropertyValueSpecification","valueRequired":true,"valueName":"search_term_string"}}],"inLanguage":"tr"},{"@type":"Person","@id":"https:\/\/kibrisdakik.com\/#\/schema\/person\/9cd9d437bbb44f72b73ba127e06d8e79","name":"admin","image":{"@type":"ImageObject","inLanguage":"tr","@id":"https:\/\/secure.gravatar.com\/avatar\/ccc17943b9d660506c869530f897617f7cb1c21a4bf30023f252596d83e1f007?s=96&d=mm&r=g","url":"https:\/\/secure.gravatar.com\/avatar\/ccc17943b9d660506c869530f897617f7cb1c21a4bf30023f252596d83e1f007?s=96&d=mm&r=g","contentUrl":"https:\/\/secure.gravatar.com\/avatar\/ccc17943b9d660506c869530f897617f7cb1c21a4bf30023f252596d83e1f007?s=96&d=mm&r=g","caption":"admin"},"sameAs":["https:\/\/kibrisdakik.com"],"url":"https:\/\/kibrisdakik.com\/?author=1"}]}},"_links":{"self":[{"href":"https:\/\/kibrisdakik.com\/index.php?rest_route=\/wp\/v2\/posts\/87837","targetHints":{"allow":["GET"]}}],"collection":[{"href":"https:\/\/kibrisdakik.com\/index.php?rest_route=\/wp\/v2\/posts"}],"about":[{"href":"https:\/\/kibrisdakik.com\/index.php?rest_route=\/wp\/v2\/types\/post"}],"author":[{"embeddable":true,"href":"https:\/\/kibrisdakik.com\/index.php?rest_route=\/wp\/v2\/users\/1"}],"replies":[{"embeddable":true,"href":"https:\/\/kibrisdakik.com\/index.php?rest_route=%2Fwp%2Fv2%2Fcomments&post=87837"}],"version-history":[{"count":0,"href":"https:\/\/kibrisdakik.com\/index.php?rest_route=\/wp\/v2\/posts\/87837\/revisions"}],"wp:featuredmedia":[{"embeddable":true,"href":"https:\/\/kibrisdakik.com\/index.php?rest_route=\/wp\/v2\/media\/87838"}],"wp:attachment":[{"href":"https:\/\/kibrisdakik.com\/index.php?rest_route=%2Fwp%2Fv2%2Fmedia&parent=87837"}],"wp:term":[{"taxonomy":"category","embeddable":true,"href":"https:\/\/kibrisdakik.com\/index.php?rest_route=%2Fwp%2Fv2%2Fcategories&post=87837"},{"taxonomy":"post_tag","embeddable":true,"href":"https:\/\/kibrisdakik.com\/index.php?rest_route=%2Fwp%2Fv2%2Ftags&post=87837"}],"curies":[{"name":"wp","href":"https:\/\/api.w.org\/{rel}","templated":true}]}}