{"id":87845,"date":"2025-08-06T15:57:08","date_gmt":"2025-08-06T12:57:08","guid":{"rendered":"https:\/\/kibrisdakik.com\/index.php\/2025\/08\/06\/yfyi-girisimcileri-tarim-ve-dogal-kaynaklar-bakani-cavusu-ziyaret-etti\/"},"modified":"2025-08-06T15:57:08","modified_gmt":"2025-08-06T12:57:08","slug":"yfyi-girisimcileri-tarim-ve-dogal-kaynaklar-bakani-cavusu-ziyaret-etti","status":"publish","type":"post","link":"https:\/\/kibrisdakik.com\/?p=87845","title":{"rendered":"YFY\u0130 giri\u015fimcileri, Tar\u0131m ve Do\u011fal Kaynaklar Bakan\u0131 \u00c7avu\u015f\u2019u ziyaret etti"},"content":{"rendered":"<p> <br \/>\n<\/p>\n<div>\n<div class=\"mariselle-image-container center\">\n                                            <\/div>\n<p>ODT\u00dc ve ODT\u00dc TEKNOKENT taraf\u0131ndan s\u00fcrd\u00fcr\u00fclen Yeni Fikirler Yeni \u0130\u015fler (YFY\u0130) Giri\u015fimcilik Program\u0131\u2019na kat\u0131lan gen\u00e7 giri\u015fimciler, Tar\u0131m ve Do\u011fal Kaynaklar Bakan\u0131 H\u00fcseyin \u00c7avu\u015f\u2019u ziyaret etti.<\/p>\n<p>Bakanl\u0131ktan yap\u0131lan a\u00e7\u0131klamaya g\u00f6re, ziyarette, Tar\u0131m ve Do\u011fal Kaynaklar Bakanl\u0131\u011f\u0131 M\u00fcste\u015far\u0131 Ercan Akerzurumlu ile Tar\u0131msal Ara\u015ft\u0131rma Enstit\u00fcs\u00fc M\u00fcd\u00fcr\u00fc Cem Karaca da haz\u0131r bulundu.<\/p>\n<p>Gen\u00e7 giri\u015fimcilere, ODT\u00dc TEKNOKENT Y\u00f6netim A.\u015e. \u00d6zel Kalem\/\u0130dari \u0130\u015fler Birim Y\u00f6neticisi H\u00fcmeyra \u015eahinler e\u015flik etti.<\/p>\n<p>H\u00fcmeyra \u015eahinler, gen\u00e7lerin vizyon ve enerjilerinin \u00fclke tar\u0131m\u0131na katk\u0131 sa\u011flayaca\u011f\u0131na olan inanc\u0131n\u0131 dile getirdi.<\/p>\n<p>Tar\u0131m teknolojileri alan\u0131nda geli\u015ftirilen yenilik\u00e7i projelerle ilgili bilgi veren \u00f6\u011frenciler, \u00f6zellikle su kaynaklar\u0131n\u0131n verimli kullan\u0131m\u0131, s\u00fcrd\u00fcr\u00fclebilir tar\u0131m ve hayvanc\u0131l\u0131kta dijital \u00e7\u00f6z\u00fcmler \u00fczerine \u00e7al\u0131\u015fmalar\u0131n\u0131 payla\u015ft\u0131.<\/p>\n<p>Gen\u00e7 giri\u015fimcilerden biri, \u201cDataHarvest\u201d adl\u0131 projeleriyle tarlalara yerle\u015ftirilen IoT sens\u00f6rleri arac\u0131l\u0131\u011f\u0131yla toprak ve hava verilerini ger\u00e7ek zamanl\u0131 olarak toplad\u0131klar\u0131n\u0131, bu verileri yapay zek\u00e2 ile analiz ederek \u00e7ift\u00e7ilere sulama ve g\u00fcbreleme \u00f6nerileri sunduklar\u0131n\u0131 anlatt\u0131.<\/p>\n<p>Bir di\u011fer \u00f6\u011frenci ise \u201cATO \u2013 Animal Tracking Operations\u201d isimli projelerinde, hayvanlar\u0131n sa\u011fl\u0131k ve hareketlilik durumlar\u0131n\u0131 IoT cihazlar\u0131 ve g\u00f6r\u00fcnt\u00fc i\u015fleme teknolojileriyle takip ederek, yapay zek\u00e2 deste\u011fiyle \u00e7ift\u00e7ilere h\u0131zl\u0131 ve do\u011fru karar alma imkan\u0131 sa\u011flad\u0131klar\u0131n\u0131 belirtti.<\/p>\n<p>Tar\u0131m ve Do\u011fal Kaynaklar Bakan\u0131 H\u00fcseyin \u00c7avu\u015f da, gen\u00e7lerin fikirlerine ve \u00e7al\u0131\u015fmalar\u0131na \u00f6nem verdiklerini vurgulayarak, \u201c\u00dclkemizin gelece\u011fi i\u00e7in gen\u00e7lerin enerjisi ve yenilik\u00e7i fikirleri \u00e7ok k\u0131ymetli. Onlar\u0131n yan\u0131nda olmaktan, desteklemekten mutluluk duyuyorum.\u201d dedi.<\/p>\n<p>\u00c7avu\u015f, tar\u0131mda s\u00fcrd\u00fcr\u00fclebilir \u00fcretim ve do\u011fal kaynaklar\u0131n korunmas\u0131na y\u00f6nelik inovatif giri\u015fimlerin \u00fclke gelece\u011fi a\u00e7\u0131s\u0131ndan kritik rol oynad\u0131\u011f\u0131n\u0131 s\u00f6yledi. YFY\u0130 program\u0131n\u0131n gen\u00e7lerin bilimsel bilgi ile giri\u015fimcilik yeteneklerini birle\u015ftirmelerine olanak sa\u011flad\u0131\u011f\u0131n\u0131 ifade eden \u00c7avu\u015f, tar\u0131m ve do\u011fal kaynaklar alan\u0131nda geli\u015ftirilecek her t\u00fcr yenilik\u00e7i projeye destek vermeye haz\u0131r olduklar\u0131n\u0131 kaydetti.<\/p>\n<\/p><\/div>\n<p><script async\n                    defer\n                    crossorigin=\"anonymous\"\n                    src=\"https:\/\/connect.facebook.net\/tr_TR\/sdk.js#xfbml=1&#038;version=v3.3\"\n            ><\/script><br \/>\n<br \/><br \/>\n<br \/><a href=\"[kibrisdakik.com]\n<\/p>\n","protected":false},"excerpt":{"rendered":"<p>ODT\u00dc ve ODT\u00dc TEKNOKENT taraf\u0131ndan s\u00fcrd\u00fcr\u00fclen Yeni Fikirler Yeni \u0130\u015fler (YFY\u0130) Giri\u015fimcilik Program\u0131\u2019na kat\u0131lan gen\u00e7 giri\u015fimciler, Tar\u0131m ve Do\u011fal Kaynaklar Bakan\u0131 H\u00fcseyin \u00c7avu\u015f\u2019u ziyaret etti. Bakanl\u0131ktan yap\u0131lan a\u00e7\u0131klamaya g\u00f6re, ziyarette, Tar\u0131m ve Do\u011fal Kaynaklar Bakanl\u0131\u011f\u0131 M\u00fcste\u015far\u0131 Ercan Akerzurumlu ile Tar\u0131msal Ara\u015ft\u0131rma Enstit\u00fcs\u00fc M\u00fcd\u00fcr\u00fc Cem Karaca da haz\u0131r bulundu. Gen\u00e7 giri\u015fimcilere, ODT\u00dc TEKNOKENT Y\u00f6netim A.\u015e. \u00d6zel<\/p>\n","protected":false},"author":1,"featured_media":87846,"comment_status":"open","ping_status":"open","sticky":false,"template":"","format":"standard","meta":{"footnotes":""},"categories":[81,101],"tags":[],"class_list":["post-87845","post","type-post","status-publish","format-standard","has-post-thumbnail","hentry","category-kibris","category-manset"],"yoast_head":"<!-- This site is optimized with the Yoast SEO plugin v27.4 - https:\/\/yoast.com\/product\/yoast-seo-wordpress\/ -->\n<title>YFY\u0130 giri\u015fimcileri, Tar\u0131m ve Do\u011fal Kaynaklar Bakan\u0131 \u00c7avu\u015f\u2019u ziyaret etti -<\/title>\n<meta name=\"robots\" content=\"index, follow, max-snippet:-1, max-image-preview:large, max-video-preview:-1\" \/>\n<link rel=\"canonical\" href=\"https:\/\/kibrisdakik.com\/?p=87845\" \/>\n<meta property=\"og:locale\" content=\"tr_TR\" \/>\n<meta property=\"og:type\" content=\"article\" \/>\n<meta property=\"og:title\" content=\"YFY\u0130 giri\u015fimcileri, Tar\u0131m ve Do\u011fal Kaynaklar Bakan\u0131 \u00c7avu\u015f\u2019u ziyaret etti -\" \/>\n<meta property=\"og:description\" content=\"ODT\u00dc ve ODT\u00dc TEKNOKENT taraf\u0131ndan s\u00fcrd\u00fcr\u00fclen Yeni Fikirler Yeni \u0130\u015fler (YFY\u0130) Giri\u015fimcilik Program\u0131\u2019na kat\u0131lan gen\u00e7 giri\u015fimciler, Tar\u0131m ve Do\u011fal Kaynaklar Bakan\u0131 H\u00fcseyin \u00c7avu\u015f\u2019u ziyaret etti. Bakanl\u0131ktan yap\u0131lan a\u00e7\u0131klamaya g\u00f6re, ziyarette, Tar\u0131m ve Do\u011fal Kaynaklar Bakanl\u0131\u011f\u0131 M\u00fcste\u015far\u0131 Ercan Akerzurumlu ile Tar\u0131msal Ara\u015ft\u0131rma Enstit\u00fcs\u00fc M\u00fcd\u00fcr\u00fc Cem Karaca da haz\u0131r bulundu. Gen\u00e7 giri\u015fimcilere, ODT\u00dc TEKNOKENT Y\u00f6netim A.\u015e. \u00d6zel\" \/>\n<meta property=\"og:url\" content=\"https:\/\/kibrisdakik.com\/?p=87845\" \/>\n<meta property=\"article:published_time\" content=\"2025-08-06T12:57:08+00:00\" \/>\n<meta property=\"og:image\" content=\"https:\/\/kibrisdakik.com\/wp-content\/uploads\/2025\/08\/879797979879-740x420.jpg\" \/>\n\t<meta property=\"og:image:width\" content=\"1515\" \/>\n\t<meta property=\"og:image:height\" content=\"614\" \/>\n\t<meta property=\"og:image:type\" content=\"image\/jpeg\" \/>\n<meta name=\"author\" content=\"admin\" \/>\n<meta name=\"twitter:card\" content=\"summary_large_image\" \/>\n<meta name=\"twitter:label1\" content=\"Yazan:\" \/>\n\t<meta name=\"twitter:data1\" content=\"admin\" \/>\n\t<meta name=\"twitter:label2\" content=\"Tahmini okuma s\u00fcresi\" \/>\n\t<meta name=\"twitter:data2\" content=\"2 dakika\" \/>\n<script type=\"application\/ld+json\" class=\"yoast-schema-graph\">{\"@context\":\"https:\\\/\\\/schema.org\",\"@graph\":[{\"@type\":\"Article\",\"@id\":\"https:\\\/\\\/kibrisdakik.com\\\/?p=87845#article\",\"isPartOf\":{\"@id\":\"https:\\\/\\\/kibrisdakik.com\\\/?p=87845\"},\"author\":{\"name\":\"admin\",\"@id\":\"https:\\\/\\\/kibrisdakik.com\\\/#\\\/schema\\\/person\\\/9cd9d437bbb44f72b73ba127e06d8e79\"},\"headline\":\"YFY\u0130 giri\u015fimcileri, Tar\u0131m ve Do\u011fal Kaynaklar Bakan\u0131 \u00c7avu\u015f\u2019u ziyaret etti\",\"datePublished\":\"2025-08-06T12:57:08+00:00\",\"mainEntityOfPage\":{\"@id\":\"https:\\\/\\\/kibrisdakik.com\\\/?p=87845\"},\"wordCount\":389,\"commentCount\":0,\"image\":{\"@id\":\"https:\\\/\\\/kibrisdakik.com\\\/?p=87845#primaryimage\"},\"thumbnailUrl\":\"https:\\\/\\\/kibrisdakik.com\\\/wp-content\\\/uploads\\\/2025\\\/08\\\/879797979879-740x420.jpg\",\"articleSection\":[\"K\u0131br\u0131s\",\"Man\u015fet\"],\"inLanguage\":\"tr\",\"potentialAction\":[{\"@type\":\"CommentAction\",\"name\":\"Comment\",\"target\":[\"https:\\\/\\\/kibrisdakik.com\\\/?p=87845#respond\"]}]},{\"@type\":\"WebPage\",\"@id\":\"https:\\\/\\\/kibrisdakik.com\\\/?p=87845\",\"url\":\"https:\\\/\\\/kibrisdakik.com\\\/?p=87845\",\"name\":\"YFY\u0130 giri\u015fimcileri, Tar\u0131m ve Do\u011fal Kaynaklar Bakan\u0131 \u00c7avu\u015f\u2019u ziyaret etti -\",\"isPartOf\":{\"@id\":\"https:\\\/\\\/kibrisdakik.com\\\/#website\"},\"primaryImageOfPage\":{\"@id\":\"https:\\\/\\\/kibrisdakik.com\\\/?p=87845#primaryimage\"},\"image\":{\"@id\":\"https:\\\/\\\/kibrisdakik.com\\\/?p=87845#primaryimage\"},\"thumbnailUrl\":\"https:\\\/\\\/kibrisdakik.com\\\/wp-content\\\/uploads\\\/2025\\\/08\\\/879797979879-740x420.jpg\",\"datePublished\":\"2025-08-06T12:57:08+00:00\",\"author\":{\"@id\":\"https:\\\/\\\/kibrisdakik.com\\\/#\\\/schema\\\/person\\\/9cd9d437bbb44f72b73ba127e06d8e79\"},\"breadcrumb\":{\"@id\":\"https:\\\/\\\/kibrisdakik.com\\\/?p=87845#breadcrumb\"},\"inLanguage\":\"tr\",\"potentialAction\":[{\"@type\":\"ReadAction\",\"target\":[\"https:\\\/\\\/kibrisdakik.com\\\/?p=87845\"]}]},{\"@type\":\"ImageObject\",\"inLanguage\":\"tr\",\"@id\":\"https:\\\/\\\/kibrisdakik.com\\\/?p=87845#primaryimage\",\"url\":\"https:\\\/\\\/kibrisdakik.com\\\/wp-content\\\/uploads\\\/2025\\\/08\\\/879797979879-740x420.jpg\",\"contentUrl\":\"https:\\\/\\\/kibrisdakik.com\\\/wp-content\\\/uploads\\\/2025\\\/08\\\/879797979879-740x420.jpg\",\"width\":1515,\"height\":614},{\"@type\":\"BreadcrumbList\",\"@id\":\"https:\\\/\\\/kibrisdakik.com\\\/?p=87845#breadcrumb\",\"itemListElement\":[{\"@type\":\"ListItem\",\"position\":1,\"name\":\"Home\",\"item\":\"https:\\\/\\\/kibrisdakik.com\\\/\"},{\"@type\":\"ListItem\",\"position\":2,\"name\":\"YFY\u0130 giri\u015fimcileri, Tar\u0131m ve Do\u011fal Kaynaklar Bakan\u0131 \u00c7avu\u015f\u2019u ziyaret etti\"}]},{\"@type\":\"WebSite\",\"@id\":\"https:\\\/\\\/kibrisdakik.com\\\/#website\",\"url\":\"https:\\\/\\\/kibrisdakik.com\\\/\",\"name\":\"\",\"description\":\"Tam vaktinde haber\",\"potentialAction\":[{\"@type\":\"SearchAction\",\"target\":{\"@type\":\"EntryPoint\",\"urlTemplate\":\"https:\\\/\\\/kibrisdakik.com\\\/?s={search_term_string}\"},\"query-input\":{\"@type\":\"PropertyValueSpecification\",\"valueRequired\":true,\"valueName\":\"search_term_string\"}}],\"inLanguage\":\"tr\"},{\"@type\":\"Person\",\"@id\":\"https:\\\/\\\/kibrisdakik.com\\\/#\\\/schema\\\/person\\\/9cd9d437bbb44f72b73ba127e06d8e79\",\"name\":\"admin\",\"image\":{\"@type\":\"ImageObject\",\"inLanguage\":\"tr\",\"@id\":\"https:\\\/\\\/secure.gravatar.com\\\/avatar\\\/ccc17943b9d660506c869530f897617f7cb1c21a4bf30023f252596d83e1f007?s=96&d=mm&r=g\",\"url\":\"https:\\\/\\\/secure.gravatar.com\\\/avatar\\\/ccc17943b9d660506c869530f897617f7cb1c21a4bf30023f252596d83e1f007?s=96&d=mm&r=g\",\"contentUrl\":\"https:\\\/\\\/secure.gravatar.com\\\/avatar\\\/ccc17943b9d660506c869530f897617f7cb1c21a4bf30023f252596d83e1f007?s=96&d=mm&r=g\",\"caption\":\"admin\"},\"sameAs\":[\"https:\\\/\\\/kibrisdakik.com\"],\"url\":\"https:\\\/\\\/kibrisdakik.com\\\/?author=1\"}]}<\/script>\n<!-- \/ Yoast SEO plugin. -->","yoast_head_json":{"title":"YFY\u0130 giri\u015fimcileri, Tar\u0131m ve Do\u011fal Kaynaklar Bakan\u0131 \u00c7avu\u015f\u2019u ziyaret etti -","robots":{"index":"index","follow":"follow","max-snippet":"max-snippet:-1","max-image-preview":"max-image-preview:large","max-video-preview":"max-video-preview:-1"},"canonical":"https:\/\/kibrisdakik.com\/?p=87845","og_locale":"tr_TR","og_type":"article","og_title":"YFY\u0130 giri\u015fimcileri, Tar\u0131m ve Do\u011fal Kaynaklar Bakan\u0131 \u00c7avu\u015f\u2019u ziyaret etti -","og_description":"ODT\u00dc ve ODT\u00dc TEKNOKENT taraf\u0131ndan s\u00fcrd\u00fcr\u00fclen Yeni Fikirler Yeni \u0130\u015fler (YFY\u0130) Giri\u015fimcilik Program\u0131\u2019na kat\u0131lan gen\u00e7 giri\u015fimciler, Tar\u0131m ve Do\u011fal Kaynaklar Bakan\u0131 H\u00fcseyin \u00c7avu\u015f\u2019u ziyaret etti. Bakanl\u0131ktan yap\u0131lan a\u00e7\u0131klamaya g\u00f6re, ziyarette, Tar\u0131m ve Do\u011fal Kaynaklar Bakanl\u0131\u011f\u0131 M\u00fcste\u015far\u0131 Ercan Akerzurumlu ile Tar\u0131msal Ara\u015ft\u0131rma Enstit\u00fcs\u00fc M\u00fcd\u00fcr\u00fc Cem Karaca da haz\u0131r bulundu. Gen\u00e7 giri\u015fimcilere, ODT\u00dc TEKNOKENT Y\u00f6netim A.\u015e. \u00d6zel","og_url":"https:\/\/kibrisdakik.com\/?p=87845","article_published_time":"2025-08-06T12:57:08+00:00","og_image":[{"width":1515,"height":614,"url":"https:\/\/kibrisdakik.com\/wp-content\/uploads\/2025\/08\/879797979879-740x420.jpg","type":"image\/jpeg"}],"author":"admin","twitter_card":"summary_large_image","twitter_misc":{"Yazan:":"admin","Tahmini okuma s\u00fcresi":"2 dakika"},"schema":{"@context":"https:\/\/schema.org","@graph":[{"@type":"Article","@id":"https:\/\/kibrisdakik.com\/?p=87845#article","isPartOf":{"@id":"https:\/\/kibrisdakik.com\/?p=87845"},"author":{"name":"admin","@id":"https:\/\/kibrisdakik.com\/#\/schema\/person\/9cd9d437bbb44f72b73ba127e06d8e79"},"headline":"YFY\u0130 giri\u015fimcileri, Tar\u0131m ve Do\u011fal Kaynaklar Bakan\u0131 \u00c7avu\u015f\u2019u ziyaret etti","datePublished":"2025-08-06T12:57:08+00:00","mainEntityOfPage":{"@id":"https:\/\/kibrisdakik.com\/?p=87845"},"wordCount":389,"commentCount":0,"image":{"@id":"https:\/\/kibrisdakik.com\/?p=87845#primaryimage"},"thumbnailUrl":"https:\/\/kibrisdakik.com\/wp-content\/uploads\/2025\/08\/879797979879-740x420.jpg","articleSection":["K\u0131br\u0131s","Man\u015fet"],"inLanguage":"tr","potentialAction":[{"@type":"CommentAction","name":"Comment","target":["https:\/\/kibrisdakik.com\/?p=87845#respond"]}]},{"@type":"WebPage","@id":"https:\/\/kibrisdakik.com\/?p=87845","url":"https:\/\/kibrisdakik.com\/?p=87845","name":"YFY\u0130 giri\u015fimcileri, Tar\u0131m ve Do\u011fal Kaynaklar Bakan\u0131 \u00c7avu\u015f\u2019u ziyaret etti -","isPartOf":{"@id":"https:\/\/kibrisdakik.com\/#website"},"primaryImageOfPage":{"@id":"https:\/\/kibrisdakik.com\/?p=87845#primaryimage"},"image":{"@id":"https:\/\/kibrisdakik.com\/?p=87845#primaryimage"},"thumbnailUrl":"https:\/\/kibrisdakik.com\/wp-content\/uploads\/2025\/08\/879797979879-740x420.jpg","datePublished":"2025-08-06T12:57:08+00:00","author":{"@id":"https:\/\/kibrisdakik.com\/#\/schema\/person\/9cd9d437bbb44f72b73ba127e06d8e79"},"breadcrumb":{"@id":"https:\/\/kibrisdakik.com\/?p=87845#breadcrumb"},"inLanguage":"tr","potentialAction":[{"@type":"ReadAction","target":["https:\/\/kibrisdakik.com\/?p=87845"]}]},{"@type":"ImageObject","inLanguage":"tr","@id":"https:\/\/kibrisdakik.com\/?p=87845#primaryimage","url":"https:\/\/kibrisdakik.com\/wp-content\/uploads\/2025\/08\/879797979879-740x420.jpg","contentUrl":"https:\/\/kibrisdakik.com\/wp-content\/uploads\/2025\/08\/879797979879-740x420.jpg","width":1515,"height":614},{"@type":"BreadcrumbList","@id":"https:\/\/kibrisdakik.com\/?p=87845#breadcrumb","itemListElement":[{"@type":"ListItem","position":1,"name":"Home","item":"https:\/\/kibrisdakik.com\/"},{"@type":"ListItem","position":2,"name":"YFY\u0130 giri\u015fimcileri, Tar\u0131m ve Do\u011fal Kaynaklar Bakan\u0131 \u00c7avu\u015f\u2019u ziyaret etti"}]},{"@type":"WebSite","@id":"https:\/\/kibrisdakik.com\/#website","url":"https:\/\/kibrisdakik.com\/","name":"","description":"Tam vaktinde haber","potentialAction":[{"@type":"SearchAction","target":{"@type":"EntryPoint","urlTemplate":"https:\/\/kibrisdakik.com\/?s={search_term_string}"},"query-input":{"@type":"PropertyValueSpecification","valueRequired":true,"valueName":"search_term_string"}}],"inLanguage":"tr"},{"@type":"Person","@id":"https:\/\/kibrisdakik.com\/#\/schema\/person\/9cd9d437bbb44f72b73ba127e06d8e79","name":"admin","image":{"@type":"ImageObject","inLanguage":"tr","@id":"https:\/\/secure.gravatar.com\/avatar\/ccc17943b9d660506c869530f897617f7cb1c21a4bf30023f252596d83e1f007?s=96&d=mm&r=g","url":"https:\/\/secure.gravatar.com\/avatar\/ccc17943b9d660506c869530f897617f7cb1c21a4bf30023f252596d83e1f007?s=96&d=mm&r=g","contentUrl":"https:\/\/secure.gravatar.com\/avatar\/ccc17943b9d660506c869530f897617f7cb1c21a4bf30023f252596d83e1f007?s=96&d=mm&r=g","caption":"admin"},"sameAs":["https:\/\/kibrisdakik.com"],"url":"https:\/\/kibrisdakik.com\/?author=1"}]}},"_links":{"self":[{"href":"https:\/\/kibrisdakik.com\/index.php?rest_route=\/wp\/v2\/posts\/87845","targetHints":{"allow":["GET"]}}],"collection":[{"href":"https:\/\/kibrisdakik.com\/index.php?rest_route=\/wp\/v2\/posts"}],"about":[{"href":"https:\/\/kibrisdakik.com\/index.php?rest_route=\/wp\/v2\/types\/post"}],"author":[{"embeddable":true,"href":"https:\/\/kibrisdakik.com\/index.php?rest_route=\/wp\/v2\/users\/1"}],"replies":[{"embeddable":true,"href":"https:\/\/kibrisdakik.com\/index.php?rest_route=%2Fwp%2Fv2%2Fcomments&post=87845"}],"version-history":[{"count":0,"href":"https:\/\/kibrisdakik.com\/index.php?rest_route=\/wp\/v2\/posts\/87845\/revisions"}],"wp:featuredmedia":[{"embeddable":true,"href":"https:\/\/kibrisdakik.com\/index.php?rest_route=\/wp\/v2\/media\/87846"}],"wp:attachment":[{"href":"https:\/\/kibrisdakik.com\/index.php?rest_route=%2Fwp%2Fv2%2Fmedia&parent=87845"}],"wp:term":[{"taxonomy":"category","embeddable":true,"href":"https:\/\/kibrisdakik.com\/index.php?rest_route=%2Fwp%2Fv2%2Fcategories&post=87845"},{"taxonomy":"post_tag","embeddable":true,"href":"https:\/\/kibrisdakik.com\/index.php?rest_route=%2Fwp%2Fv2%2Ftags&post=87845"}],"curies":[{"name":"wp","href":"https:\/\/api.w.org\/{rel}","templated":true}]}}