{"id":87868,"date":"2025-08-07T10:50:31","date_gmt":"2025-08-07T07:50:31","guid":{"rendered":"https:\/\/kibrisdakik.com\/index.php\/2025\/08\/07\/bayarerenkoy-direnisi-donum-noktasidir\/"},"modified":"2025-08-07T10:50:31","modified_gmt":"2025-08-07T07:50:31","slug":"bayarerenkoy-direnisi-donum-noktasidir","status":"publish","type":"post","link":"https:\/\/kibrisdakik.com\/?p=87868","title":{"rendered":"Bayar:Erenk\u00f6y Direni\u015fi d\u00f6n\u00fcm noktas\u0131d\u0131r"},"content":{"rendered":"<p> <br \/>\n<\/p>\n<div>\n<div class=\"mariselle-image-container center\">\n                                            <\/div>\n<p> K\u0131br\u0131s TMT M\u00fccahitler Derne\u011fi Ba\u015fkan\u0131 Celal Bayar, \u015eanl\u0131 Erenk\u00f6y Direni\u015fi\u2019nin d\u00f6n\u00fcm noktas\u0131 oldu\u011funu vurgulad\u0131.<\/p>\n<p>Bayar, direni\u015fin 61\u2019inci y\u0131l d\u00f6n\u00fcm\u00fc nedeniyle mesaj yay\u0131mlad\u0131.<\/p>\n<p>K\u0131br\u0131s T\u00fcrk\u00fc\u2019n\u00fcn Anadolu\u2019ya a\u00e7\u0131k tek penceresi durumunda olan Erenk\u00f6y b\u00f6lgesinin, TMT\u2019nin en \u00f6nemli ikmal merkezi oldu\u011funu ifade eden Bayar, \u201c\u0130lk bereket buradan ba\u015flad\u0131 ve di\u011fer Sancaklara buradan ula\u015ft\u0131r\u0131ld\u0131\u201d dedi.<\/p>\n<p>Bayar, Erenk\u00f6y, Bozda\u011f, Mansura, Alevkaya ve Sel\u00e7uklu k\u00f6ylerinden olu\u015fan, yakla\u015f\u0131k 900 n\u00fcfuslu b\u00f6lgenin 5 km\u2019lik sahil \u015feridine ve 30 km karelik bir alana sahip oldu\u011funu belirtti.<\/p>\n<p><strong>-\u201cKahramanca b\u00f6lgelerini savundular\u201d<\/strong><\/p>\n<p>21 Aral\u0131k 1963 Kanl\u0131 Noel Rum sald\u0131r\u0131lar\u0131n\u0131n ba\u015flamas\u0131 \u00fczerine T\u00fcrkiye\u2019deki \u00fcniversiteli T\u00fcrk gen\u00e7lerin, gruplar halinde Erenk\u00f6y\u2019e \u00e7\u0131karak, vatan savunmas\u0131na ko\u015ftu\u011funu ifade eden Bayar, \u015f\u00f6yle devam etti:<\/p>\n<p>\u201cAnavatana a\u00e7\u0131lan ikmal kap\u0131s\u0131n\u0131 ve sahil \u015feridini ele ge\u00e7irmek i\u00e7in Grivas komutas\u0131ndaki Rum ve Yunan birlikleri, \u00fcst\u00fcn bir kuvvetle b\u00f6lgeyi ku\u015fat\u0131p, sald\u0131r\u0131ya ge\u00e7ince, 500 \u00fcniversiteli gen\u00e7 M\u00fccahit ile 200 kadar yerli M\u00fccahit kahramanca b\u00f6lgelerini savundular.\u201d<\/p>\n<p>Karadan ve denizden a\u011f\u0131r silahlarla ba\u015flat\u0131lan d\u00fc\u015fman sald\u0131r\u0131lar\u0131 kar\u015f\u0131s\u0131nda 7 A\u011fustos 1964 ak\u015fam\u0131 Mansura, Bozda\u011f, Sel\u00e7uklu ile Alevkaya mevzi ve birliklerinin Erenk\u00f6y\u2019e \u00e7ekilmek zorunda kald\u0131\u011f\u0131n\u0131 kaydeden Bayar, ya\u015fananlar\u0131 \u015fu ifadelerle anlatt\u0131:<\/p>\n<p>\u201c8-9 A\u011fustos\u2019ta d\u00fc\u015fman son darbeyi vurmak ve buradaki karde\u015flerimizi yok etmek i\u00e7in taarruzu h\u0131zland\u0131rd\u0131. Ankara\u2019ya son mesaj\u0131n ula\u015ft\u0131r\u0131lmas\u0131 \u00fczerine T\u00fcrk sava\u015f u\u00e7aklar\u0131, d\u00fc\u015fman hedeflerini, stratejik noktalar\u0131, h\u00fccum botlar\u0131n\u0131 bombalay\u0131p, birliklerin b\u00fcy\u00fck bir b\u00f6l\u00fcm\u00fcn\u00fc yok etti. Bu arada Cengiz Topel\u2019in u\u00e7a\u011f\u0131 isabet ald\u0131. Para\u015f\u00fctle atlayan Cengiz Topel, esir al\u0131nd\u0131. Ancak a\u011f\u0131r i\u015fkence ile \u015fehit edildi.\u201d<\/p>\n<p>Anavatan\u2019\u0131n s\u0131n\u0131rl\u0131 da olsa Erenk\u00f6y\u2019e m\u00fcdahalesinin, K\u0131br\u0131s T\u00fcrk halk\u0131n\u0131n direni\u015fine b\u00fcy\u00fck bir g\u00fc\u00e7 ve moral kazand\u0131rd\u0131\u011f\u0131n\u0131n alt\u0131n\u0131 \u00e7izen Bayar, ilk Bayraktar R\u0131za Vuru\u015fkan\u2019\u0131n emekli olmas\u0131na ra\u011fmen g\u00f6n\u00fcll\u00fc olarak Erenk\u00f6y\u2019e ko\u015ftu\u011funu, Kurucu Cumhurba\u015fkan\u0131 Rauf Raif Denkta\u015f\u2019\u0131n da Erenk\u00f6y\u2019de oldu\u011funu belirtti.<\/p>\n<p>Birle\u015fmi\u015f Milletler Bar\u0131\u015f G\u00fcc\u00fc\u2019n\u00fcn hi\u00e7bir etkisi olmad\u0131\u011f\u0131n\u0131 ve Rum sald\u0131r\u0131lar\u0131n\u0131n \u00f6nlenemedi\u011fini ifade eden Bayar, direni\u015fin 61\u2019inci y\u0131l d\u00f6n\u00fcm\u00fcnde Erenk\u00f6y \u015fehitlerini, t\u00fcm \u015fehitleri ve \u015eehit Pilot Cengiz Topel\u2019i and\u0131.<\/p>\n<p>Bayar ayr\u0131ca, hayat\u0131n\u0131 kaybeden Erenk\u00f6y gazilerini rahmetle anarak, hayatta olanlara sevgi, sayg\u0131 ve \u015f\u00fckranlar\u0131n\u0131 sundu.<\/p>\n<\/p><\/div>\n<p><script async\n                    defer\n                    crossorigin=\"anonymous\"\n                    src=\"https:\/\/connect.facebook.net\/tr_TR\/sdk.js#xfbml=1&#038;version=v3.3\"\n            ><\/script><br \/>\n<br \/><br \/>\n<br \/><a href=\"[kibrisdakik.com]\n<\/p>\n","protected":false},"excerpt":{"rendered":"<p>K\u0131br\u0131s TMT M\u00fccahitler Derne\u011fi Ba\u015fkan\u0131 Celal Bayar, \u015eanl\u0131 Erenk\u00f6y Direni\u015fi\u2019nin d\u00f6n\u00fcm noktas\u0131 oldu\u011funu vurgulad\u0131. Bayar, direni\u015fin 61\u2019inci y\u0131l d\u00f6n\u00fcm\u00fc nedeniyle mesaj yay\u0131mlad\u0131. K\u0131br\u0131s T\u00fcrk\u00fc\u2019n\u00fcn Anadolu\u2019ya a\u00e7\u0131k tek penceresi durumunda olan Erenk\u00f6y b\u00f6lgesinin, TMT\u2019nin en \u00f6nemli ikmal merkezi oldu\u011funu ifade eden Bayar, \u201c\u0130lk bereket buradan ba\u015flad\u0131 ve di\u011fer Sancaklara buradan ula\u015ft\u0131r\u0131ld\u0131\u201d dedi. Bayar, Erenk\u00f6y, Bozda\u011f, Mansura,<\/p>\n","protected":false},"author":1,"featured_media":87869,"comment_status":"open","ping_status":"open","sticky":false,"template":"","format":"standard","meta":{"footnotes":""},"categories":[81,101],"tags":[],"class_list":["post-87868","post","type-post","status-publish","format-standard","has-post-thumbnail","hentry","category-kibris","category-manset"],"yoast_head":"<!-- This site is optimized with the Yoast SEO plugin v27.5 - https:\/\/yoast.com\/product\/yoast-seo-wordpress\/ -->\n<title>Bayar:Erenk\u00f6y Direni\u015fi d\u00f6n\u00fcm noktas\u0131d\u0131r -<\/title>\n<meta name=\"robots\" content=\"index, follow, max-snippet:-1, max-image-preview:large, max-video-preview:-1\" \/>\n<link rel=\"canonical\" href=\"https:\/\/kibrisdakik.com\/?p=87868\" \/>\n<meta property=\"og:locale\" content=\"tr_TR\" \/>\n<meta property=\"og:type\" content=\"article\" \/>\n<meta property=\"og:title\" content=\"Bayar:Erenk\u00f6y Direni\u015fi d\u00f6n\u00fcm noktas\u0131d\u0131r -\" \/>\n<meta property=\"og:description\" content=\"K\u0131br\u0131s TMT M\u00fccahitler Derne\u011fi Ba\u015fkan\u0131 Celal Bayar, \u015eanl\u0131 Erenk\u00f6y Direni\u015fi\u2019nin d\u00f6n\u00fcm noktas\u0131 oldu\u011funu vurgulad\u0131. Bayar, direni\u015fin 61\u2019inci y\u0131l d\u00f6n\u00fcm\u00fc nedeniyle mesaj yay\u0131mlad\u0131. K\u0131br\u0131s T\u00fcrk\u00fc\u2019n\u00fcn Anadolu\u2019ya a\u00e7\u0131k tek penceresi durumunda olan Erenk\u00f6y b\u00f6lgesinin, TMT\u2019nin en \u00f6nemli ikmal merkezi oldu\u011funu ifade eden Bayar, \u201c\u0130lk bereket buradan ba\u015flad\u0131 ve di\u011fer Sancaklara buradan ula\u015ft\u0131r\u0131ld\u0131\u201d dedi. Bayar, Erenk\u00f6y, Bozda\u011f, Mansura,\" \/>\n<meta property=\"og:url\" content=\"https:\/\/kibrisdakik.com\/?p=87868\" \/>\n<meta property=\"article:published_time\" content=\"2025-08-07T07:50:31+00:00\" \/>\n<meta property=\"og:image\" content=\"https:\/\/kibrisdakik.com\/wp-content\/uploads\/2025\/08\/celal-bayar1-740x420.jpg\" \/>\n\t<meta property=\"og:image:width\" content=\"1654\" \/>\n\t<meta property=\"og:image:height\" content=\"1104\" \/>\n\t<meta property=\"og:image:type\" content=\"image\/jpeg\" \/>\n<meta name=\"author\" content=\"admin\" \/>\n<meta name=\"twitter:card\" content=\"summary_large_image\" \/>\n<meta name=\"twitter:label1\" content=\"Yazan:\" \/>\n\t<meta name=\"twitter:data1\" content=\"admin\" \/>\n\t<meta name=\"twitter:label2\" content=\"Tahmini okuma s\u00fcresi\" \/>\n\t<meta name=\"twitter:data2\" content=\"2 dakika\" \/>\n<script type=\"application\/ld+json\" class=\"yoast-schema-graph\">{\"@context\":\"https:\\\/\\\/schema.org\",\"@graph\":[{\"@type\":\"Article\",\"@id\":\"https:\\\/\\\/kibrisdakik.com\\\/?p=87868#article\",\"isPartOf\":{\"@id\":\"https:\\\/\\\/kibrisdakik.com\\\/?p=87868\"},\"author\":{\"name\":\"admin\",\"@id\":\"https:\\\/\\\/kibrisdakik.com\\\/#\\\/schema\\\/person\\\/9cd9d437bbb44f72b73ba127e06d8e79\"},\"headline\":\"Bayar:Erenk\u00f6y Direni\u015fi d\u00f6n\u00fcm noktas\u0131d\u0131r\",\"datePublished\":\"2025-08-07T07:50:31+00:00\",\"mainEntityOfPage\":{\"@id\":\"https:\\\/\\\/kibrisdakik.com\\\/?p=87868\"},\"wordCount\":487,\"commentCount\":0,\"image\":{\"@id\":\"https:\\\/\\\/kibrisdakik.com\\\/?p=87868#primaryimage\"},\"thumbnailUrl\":\"https:\\\/\\\/kibrisdakik.com\\\/wp-content\\\/uploads\\\/2025\\\/08\\\/celal-bayar1-740x420.jpg\",\"articleSection\":[\"K\u0131br\u0131s\",\"Man\u015fet\"],\"inLanguage\":\"tr\",\"potentialAction\":[{\"@type\":\"CommentAction\",\"name\":\"Comment\",\"target\":[\"https:\\\/\\\/kibrisdakik.com\\\/?p=87868#respond\"]}]},{\"@type\":\"WebPage\",\"@id\":\"https:\\\/\\\/kibrisdakik.com\\\/?p=87868\",\"url\":\"https:\\\/\\\/kibrisdakik.com\\\/?p=87868\",\"name\":\"Bayar:Erenk\u00f6y Direni\u015fi d\u00f6n\u00fcm noktas\u0131d\u0131r -\",\"isPartOf\":{\"@id\":\"https:\\\/\\\/kibrisdakik.com\\\/#website\"},\"primaryImageOfPage\":{\"@id\":\"https:\\\/\\\/kibrisdakik.com\\\/?p=87868#primaryimage\"},\"image\":{\"@id\":\"https:\\\/\\\/kibrisdakik.com\\\/?p=87868#primaryimage\"},\"thumbnailUrl\":\"https:\\\/\\\/kibrisdakik.com\\\/wp-content\\\/uploads\\\/2025\\\/08\\\/celal-bayar1-740x420.jpg\",\"datePublished\":\"2025-08-07T07:50:31+00:00\",\"author\":{\"@id\":\"https:\\\/\\\/kibrisdakik.com\\\/#\\\/schema\\\/person\\\/9cd9d437bbb44f72b73ba127e06d8e79\"},\"breadcrumb\":{\"@id\":\"https:\\\/\\\/kibrisdakik.com\\\/?p=87868#breadcrumb\"},\"inLanguage\":\"tr\",\"potentialAction\":[{\"@type\":\"ReadAction\",\"target\":[\"https:\\\/\\\/kibrisdakik.com\\\/?p=87868\"]}]},{\"@type\":\"ImageObject\",\"inLanguage\":\"tr\",\"@id\":\"https:\\\/\\\/kibrisdakik.com\\\/?p=87868#primaryimage\",\"url\":\"https:\\\/\\\/kibrisdakik.com\\\/wp-content\\\/uploads\\\/2025\\\/08\\\/celal-bayar1-740x420.jpg\",\"contentUrl\":\"https:\\\/\\\/kibrisdakik.com\\\/wp-content\\\/uploads\\\/2025\\\/08\\\/celal-bayar1-740x420.jpg\",\"width\":1654,\"height\":1104},{\"@type\":\"BreadcrumbList\",\"@id\":\"https:\\\/\\\/kibrisdakik.com\\\/?p=87868#breadcrumb\",\"itemListElement\":[{\"@type\":\"ListItem\",\"position\":1,\"name\":\"Home\",\"item\":\"https:\\\/\\\/kibrisdakik.com\\\/\"},{\"@type\":\"ListItem\",\"position\":2,\"name\":\"Bayar:Erenk\u00f6y Direni\u015fi d\u00f6n\u00fcm noktas\u0131d\u0131r\"}]},{\"@type\":\"WebSite\",\"@id\":\"https:\\\/\\\/kibrisdakik.com\\\/#website\",\"url\":\"https:\\\/\\\/kibrisdakik.com\\\/\",\"name\":\"\",\"description\":\"Tam vaktinde haber\",\"potentialAction\":[{\"@type\":\"SearchAction\",\"target\":{\"@type\":\"EntryPoint\",\"urlTemplate\":\"https:\\\/\\\/kibrisdakik.com\\\/?s={search_term_string}\"},\"query-input\":{\"@type\":\"PropertyValueSpecification\",\"valueRequired\":true,\"valueName\":\"search_term_string\"}}],\"inLanguage\":\"tr\"},{\"@type\":\"Person\",\"@id\":\"https:\\\/\\\/kibrisdakik.com\\\/#\\\/schema\\\/person\\\/9cd9d437bbb44f72b73ba127e06d8e79\",\"name\":\"admin\",\"image\":{\"@type\":\"ImageObject\",\"inLanguage\":\"tr\",\"@id\":\"https:\\\/\\\/secure.gravatar.com\\\/avatar\\\/ccc17943b9d660506c869530f897617f7cb1c21a4bf30023f252596d83e1f007?s=96&d=mm&r=g\",\"url\":\"https:\\\/\\\/secure.gravatar.com\\\/avatar\\\/ccc17943b9d660506c869530f897617f7cb1c21a4bf30023f252596d83e1f007?s=96&d=mm&r=g\",\"contentUrl\":\"https:\\\/\\\/secure.gravatar.com\\\/avatar\\\/ccc17943b9d660506c869530f897617f7cb1c21a4bf30023f252596d83e1f007?s=96&d=mm&r=g\",\"caption\":\"admin\"},\"sameAs\":[\"https:\\\/\\\/kibrisdakik.com\"],\"url\":\"https:\\\/\\\/kibrisdakik.com\\\/?author=1\"}]}<\/script>\n<!-- \/ Yoast SEO plugin. -->","yoast_head_json":{"title":"Bayar:Erenk\u00f6y Direni\u015fi d\u00f6n\u00fcm noktas\u0131d\u0131r -","robots":{"index":"index","follow":"follow","max-snippet":"max-snippet:-1","max-image-preview":"max-image-preview:large","max-video-preview":"max-video-preview:-1"},"canonical":"https:\/\/kibrisdakik.com\/?p=87868","og_locale":"tr_TR","og_type":"article","og_title":"Bayar:Erenk\u00f6y Direni\u015fi d\u00f6n\u00fcm noktas\u0131d\u0131r -","og_description":"K\u0131br\u0131s TMT M\u00fccahitler Derne\u011fi Ba\u015fkan\u0131 Celal Bayar, \u015eanl\u0131 Erenk\u00f6y Direni\u015fi\u2019nin d\u00f6n\u00fcm noktas\u0131 oldu\u011funu vurgulad\u0131. Bayar, direni\u015fin 61\u2019inci y\u0131l d\u00f6n\u00fcm\u00fc nedeniyle mesaj yay\u0131mlad\u0131. K\u0131br\u0131s T\u00fcrk\u00fc\u2019n\u00fcn Anadolu\u2019ya a\u00e7\u0131k tek penceresi durumunda olan Erenk\u00f6y b\u00f6lgesinin, TMT\u2019nin en \u00f6nemli ikmal merkezi oldu\u011funu ifade eden Bayar, \u201c\u0130lk bereket buradan ba\u015flad\u0131 ve di\u011fer Sancaklara buradan ula\u015ft\u0131r\u0131ld\u0131\u201d dedi. Bayar, Erenk\u00f6y, Bozda\u011f, Mansura,","og_url":"https:\/\/kibrisdakik.com\/?p=87868","article_published_time":"2025-08-07T07:50:31+00:00","og_image":[{"width":1654,"height":1104,"url":"https:\/\/kibrisdakik.com\/wp-content\/uploads\/2025\/08\/celal-bayar1-740x420.jpg","type":"image\/jpeg"}],"author":"admin","twitter_card":"summary_large_image","twitter_misc":{"Yazan:":"admin","Tahmini okuma s\u00fcresi":"2 dakika"},"schema":{"@context":"https:\/\/schema.org","@graph":[{"@type":"Article","@id":"https:\/\/kibrisdakik.com\/?p=87868#article","isPartOf":{"@id":"https:\/\/kibrisdakik.com\/?p=87868"},"author":{"name":"admin","@id":"https:\/\/kibrisdakik.com\/#\/schema\/person\/9cd9d437bbb44f72b73ba127e06d8e79"},"headline":"Bayar:Erenk\u00f6y Direni\u015fi d\u00f6n\u00fcm noktas\u0131d\u0131r","datePublished":"2025-08-07T07:50:31+00:00","mainEntityOfPage":{"@id":"https:\/\/kibrisdakik.com\/?p=87868"},"wordCount":487,"commentCount":0,"image":{"@id":"https:\/\/kibrisdakik.com\/?p=87868#primaryimage"},"thumbnailUrl":"https:\/\/kibrisdakik.com\/wp-content\/uploads\/2025\/08\/celal-bayar1-740x420.jpg","articleSection":["K\u0131br\u0131s","Man\u015fet"],"inLanguage":"tr","potentialAction":[{"@type":"CommentAction","name":"Comment","target":["https:\/\/kibrisdakik.com\/?p=87868#respond"]}]},{"@type":"WebPage","@id":"https:\/\/kibrisdakik.com\/?p=87868","url":"https:\/\/kibrisdakik.com\/?p=87868","name":"Bayar:Erenk\u00f6y Direni\u015fi d\u00f6n\u00fcm noktas\u0131d\u0131r -","isPartOf":{"@id":"https:\/\/kibrisdakik.com\/#website"},"primaryImageOfPage":{"@id":"https:\/\/kibrisdakik.com\/?p=87868#primaryimage"},"image":{"@id":"https:\/\/kibrisdakik.com\/?p=87868#primaryimage"},"thumbnailUrl":"https:\/\/kibrisdakik.com\/wp-content\/uploads\/2025\/08\/celal-bayar1-740x420.jpg","datePublished":"2025-08-07T07:50:31+00:00","author":{"@id":"https:\/\/kibrisdakik.com\/#\/schema\/person\/9cd9d437bbb44f72b73ba127e06d8e79"},"breadcrumb":{"@id":"https:\/\/kibrisdakik.com\/?p=87868#breadcrumb"},"inLanguage":"tr","potentialAction":[{"@type":"ReadAction","target":["https:\/\/kibrisdakik.com\/?p=87868"]}]},{"@type":"ImageObject","inLanguage":"tr","@id":"https:\/\/kibrisdakik.com\/?p=87868#primaryimage","url":"https:\/\/kibrisdakik.com\/wp-content\/uploads\/2025\/08\/celal-bayar1-740x420.jpg","contentUrl":"https:\/\/kibrisdakik.com\/wp-content\/uploads\/2025\/08\/celal-bayar1-740x420.jpg","width":1654,"height":1104},{"@type":"BreadcrumbList","@id":"https:\/\/kibrisdakik.com\/?p=87868#breadcrumb","itemListElement":[{"@type":"ListItem","position":1,"name":"Home","item":"https:\/\/kibrisdakik.com\/"},{"@type":"ListItem","position":2,"name":"Bayar:Erenk\u00f6y Direni\u015fi d\u00f6n\u00fcm noktas\u0131d\u0131r"}]},{"@type":"WebSite","@id":"https:\/\/kibrisdakik.com\/#website","url":"https:\/\/kibrisdakik.com\/","name":"","description":"Tam vaktinde haber","potentialAction":[{"@type":"SearchAction","target":{"@type":"EntryPoint","urlTemplate":"https:\/\/kibrisdakik.com\/?s={search_term_string}"},"query-input":{"@type":"PropertyValueSpecification","valueRequired":true,"valueName":"search_term_string"}}],"inLanguage":"tr"},{"@type":"Person","@id":"https:\/\/kibrisdakik.com\/#\/schema\/person\/9cd9d437bbb44f72b73ba127e06d8e79","name":"admin","image":{"@type":"ImageObject","inLanguage":"tr","@id":"https:\/\/secure.gravatar.com\/avatar\/ccc17943b9d660506c869530f897617f7cb1c21a4bf30023f252596d83e1f007?s=96&d=mm&r=g","url":"https:\/\/secure.gravatar.com\/avatar\/ccc17943b9d660506c869530f897617f7cb1c21a4bf30023f252596d83e1f007?s=96&d=mm&r=g","contentUrl":"https:\/\/secure.gravatar.com\/avatar\/ccc17943b9d660506c869530f897617f7cb1c21a4bf30023f252596d83e1f007?s=96&d=mm&r=g","caption":"admin"},"sameAs":["https:\/\/kibrisdakik.com"],"url":"https:\/\/kibrisdakik.com\/?author=1"}]}},"_links":{"self":[{"href":"https:\/\/kibrisdakik.com\/index.php?rest_route=\/wp\/v2\/posts\/87868","targetHints":{"allow":["GET"]}}],"collection":[{"href":"https:\/\/kibrisdakik.com\/index.php?rest_route=\/wp\/v2\/posts"}],"about":[{"href":"https:\/\/kibrisdakik.com\/index.php?rest_route=\/wp\/v2\/types\/post"}],"author":[{"embeddable":true,"href":"https:\/\/kibrisdakik.com\/index.php?rest_route=\/wp\/v2\/users\/1"}],"replies":[{"embeddable":true,"href":"https:\/\/kibrisdakik.com\/index.php?rest_route=%2Fwp%2Fv2%2Fcomments&post=87868"}],"version-history":[{"count":0,"href":"https:\/\/kibrisdakik.com\/index.php?rest_route=\/wp\/v2\/posts\/87868\/revisions"}],"wp:featuredmedia":[{"embeddable":true,"href":"https:\/\/kibrisdakik.com\/index.php?rest_route=\/wp\/v2\/media\/87869"}],"wp:attachment":[{"href":"https:\/\/kibrisdakik.com\/index.php?rest_route=%2Fwp%2Fv2%2Fmedia&parent=87868"}],"wp:term":[{"taxonomy":"category","embeddable":true,"href":"https:\/\/kibrisdakik.com\/index.php?rest_route=%2Fwp%2Fv2%2Fcategories&post=87868"},{"taxonomy":"post_tag","embeddable":true,"href":"https:\/\/kibrisdakik.com\/index.php?rest_route=%2Fwp%2Fv2%2Ftags&post=87868"}],"curies":[{"name":"wp","href":"https:\/\/api.w.org\/{rel}","templated":true}]}}