{"id":87898,"date":"2025-08-07T16:41:02","date_gmt":"2025-08-07T13:41:02","guid":{"rendered":"https:\/\/kibrisdakik.com\/index.php\/2025\/08\/07\/tc-msbden-guney-kibrisa-uyarikita-sahanligimizi-ihlal-etmeye-kalkmalari-durumunda-geregi-sahada-yapilacak\/"},"modified":"2025-08-07T16:41:02","modified_gmt":"2025-08-07T13:41:02","slug":"tc-msbden-guney-kibrisa-uyarikita-sahanligimizi-ihlal-etmeye-kalkmalari-durumunda-geregi-sahada-yapilacak","status":"publish","type":"post","link":"https:\/\/kibrisdakik.com\/?p=87898","title":{"rendered":"TC MSB\u2019den G\u00fcney K\u0131br\u0131s\u2019a uyar\u0131:\u201cK\u0131ta sahanl\u0131\u011f\u0131m\u0131z\u0131 ihlal etmeye kalkmalar\u0131 durumunda gere\u011fi sahada yap\u0131lacak\u201d"},"content":{"rendered":"<p><\/p>\n<div>\n<div class=\"mariselle-image-container center\">\n                                            <\/div>\n<p>T\u00fcrkiye Milli Savunma Bakanl\u0131\u011f\u0131 S\u00f6zc\u00fcs\u00fc Tu\u011famiral Zeki Akt\u00fcrk, haftal\u0131k bas\u0131n bilgilendirme toplant\u0131s\u0131nda, Do\u011fu Akdeniz\u2019de yap\u0131lacak bir kablo d\u00f6\u015feme \u00e7al\u0131\u015fmas\u0131 i\u00e7in yay\u0131nlanan NAVTEX\u2019in T\u00fcrk k\u0131ta sahanl\u0131\u011f\u0131n\u0131 da kapsamas\u0131yla ilgili soruyu yan\u0131tlad\u0131.<\/p>\n<p> \tTu\u011famiral Akt\u00fcrk, Do\u011fu Akdeniz\u2019de 18 Mart 2020 tarihinde Birle\u015fmi\u015f Milletler\u2019e bildirilen k\u0131ta sahanl\u0131\u011f\u0131ndaki haklara y\u00f6nelik kararl\u0131l\u0131\u011f\u0131n masada ve sahada daima g\u00f6sterilmekte oldu\u011funa i\u015faret etti.<\/p>\n<p> \tAkt\u00fcrk, uluslararas\u0131 hukuk uyar\u0131nca; k\u0131ta sahanl\u0131\u011f\u0131nda icra edilecek kablo\/boru d\u00f6\u015feme, yahut bilimsel ara\u015ft\u0131rma y\u00fcr\u00fctmek gibi faaliyetlerin, k\u0131y\u0131 devleti olan T\u00fcrkiye ile \u00f6nceden koordine edilmesi gerekti\u011fini vurgulad\u0131.<\/p>\n<p> \t\u201cBu kural dolay\u0131s\u0131yla k\u0131ta sahanl\u0131\u011f\u0131m\u0131zda izinsiz hi\u00e7bir faaliyete izin vermeden daima gerekli takipler ve izlemeler y\u00fcr\u00fctmekte, \u00fclkemizi yok sayan hi\u00e7bir faaliyete ve Great Sea Interconnector Projesi gibi projeye ge\u00e7it vermemekteyiz\u201d diyen Akt\u00fcrk, 5 A\u011fustos 2025\u2019te Cebelitar\u0131k bayrakl\u0131 FUGRO GAUSS gemisinin jeofizik ara\u015ft\u0131rmalar\u0131 i\u00e7in yay\u0131mlanan NAVWARN duyurusuyla, k\u0131ta sahanl\u0131\u011f\u0131n\u0131 ihlal etti\u011finin saptand\u0131\u011f\u0131n\u0131 belirtti.<\/p>\n<p> \tTu\u011famiral Akt\u00fcrk, \u201cBunun \u00fczerine D\u0131\u015fi\u015fleri Bakanl\u0131\u011f\u0131m\u0131z taraf\u0131ndan gerekli uyar\u0131lar yap\u0131lm\u0131\u015f, Bakanl\u0131\u011f\u0131m\u0131z da kar\u015f\u0131 NAVTEX yay\u0131mlam\u0131\u015ft\u0131r. Ayr\u0131ca gerekli tedbirlerin al\u0131nmas\u0131 i\u00e7in b\u00f6lgede hava ve deniz unsurlar\u0131m\u0131z g\u00f6revlendirilmi\u015ftir. Bahse konu geminin faaliyetleri yak\u0131ndan takip edilmektedir. K\u0131ta sahanl\u0131\u011f\u0131m\u0131z\u0131 ihlal etmeye kalkmalar\u0131 durumunda gere\u011fi sahada yap\u0131lacakt\u0131r\u201d dedi.<\/p>\n<\/p><\/div>\n<p><script async\n                    defer\n                    crossorigin=\"anonymous\"\n                    src=\"https:\/\/connect.facebook.net\/tr_TR\/sdk.js#xfbml=1&#038;version=v3.3\"\n            ><\/script><\/p>\n","protected":false},"excerpt":{"rendered":"<p>T\u00fcrkiye Milli Savunma Bakanl\u0131\u011f\u0131 S\u00f6zc\u00fcs\u00fc Tu\u011famiral Zeki Akt\u00fcrk, haftal\u0131k bas\u0131n bilgilendirme toplant\u0131s\u0131nda, Do\u011fu Akdeniz\u2019de yap\u0131lacak bir kablo d\u00f6\u015feme \u00e7al\u0131\u015fmas\u0131 i\u00e7in yay\u0131nlanan NAVTEX\u2019in T\u00fcrk k\u0131ta sahanl\u0131\u011f\u0131n\u0131 da kapsamas\u0131yla ilgili soruyu yan\u0131tlad\u0131. Tu\u011famiral Akt\u00fcrk, Do\u011fu Akdeniz\u2019de 18 Mart 2020 tarihinde Birle\u015fmi\u015f Milletler\u2019e bildirilen k\u0131ta sahanl\u0131\u011f\u0131ndaki haklara y\u00f6nelik kararl\u0131l\u0131\u011f\u0131n masada ve sahada daima g\u00f6sterilmekte oldu\u011funa i\u015faret etti. Akt\u00fcrk,<\/p>\n","protected":false},"author":1,"featured_media":87899,"comment_status":"open","ping_status":"open","sticky":false,"template":"","format":"standard","meta":{"footnotes":""},"categories":[101,86],"tags":[],"class_list":["post-87898","post","type-post","status-publish","format-standard","has-post-thumbnail","hentry","category-manset","category-turkiye"],"yoast_head":"<!-- This site is optimized with the Yoast SEO plugin v27.5 - https:\/\/yoast.com\/product\/yoast-seo-wordpress\/ -->\n<title>TC MSB\u2019den G\u00fcney K\u0131br\u0131s\u2019a uyar\u0131:\u201cK\u0131ta sahanl\u0131\u011f\u0131m\u0131z\u0131 ihlal etmeye kalkmalar\u0131 durumunda gere\u011fi sahada yap\u0131lacak\u201d -<\/title>\n<meta name=\"robots\" content=\"index, follow, max-snippet:-1, max-image-preview:large, max-video-preview:-1\" \/>\n<link rel=\"canonical\" href=\"https:\/\/kibrisdakik.com\/?p=87898\" \/>\n<meta property=\"og:locale\" content=\"tr_TR\" \/>\n<meta property=\"og:type\" content=\"article\" \/>\n<meta property=\"og:title\" content=\"TC MSB\u2019den G\u00fcney K\u0131br\u0131s\u2019a uyar\u0131:\u201cK\u0131ta sahanl\u0131\u011f\u0131m\u0131z\u0131 ihlal etmeye kalkmalar\u0131 durumunda gere\u011fi sahada yap\u0131lacak\u201d -\" \/>\n<meta property=\"og:description\" content=\"T\u00fcrkiye Milli Savunma Bakanl\u0131\u011f\u0131 S\u00f6zc\u00fcs\u00fc Tu\u011famiral Zeki Akt\u00fcrk, haftal\u0131k bas\u0131n bilgilendirme toplant\u0131s\u0131nda, Do\u011fu Akdeniz\u2019de yap\u0131lacak bir kablo d\u00f6\u015feme \u00e7al\u0131\u015fmas\u0131 i\u00e7in yay\u0131nlanan NAVTEX\u2019in T\u00fcrk k\u0131ta sahanl\u0131\u011f\u0131n\u0131 da kapsamas\u0131yla ilgili soruyu yan\u0131tlad\u0131. Tu\u011famiral Akt\u00fcrk, Do\u011fu Akdeniz\u2019de 18 Mart 2020 tarihinde Birle\u015fmi\u015f Milletler\u2019e bildirilen k\u0131ta sahanl\u0131\u011f\u0131ndaki haklara y\u00f6nelik kararl\u0131l\u0131\u011f\u0131n masada ve sahada daima g\u00f6sterilmekte oldu\u011funa i\u015faret etti. Akt\u00fcrk,\" \/>\n<meta property=\"og:url\" content=\"https:\/\/kibrisdakik.com\/?p=87898\" \/>\n<meta property=\"article:published_time\" content=\"2025-08-07T13:41:02+00:00\" \/>\n<meta property=\"og:image\" content=\"https:\/\/kibrisdakik.com\/wp-content\/uploads\/2025\/08\/Tugamiral-Zeki-Akturk.webp-650x420.webp\" \/>\n\t<meta property=\"og:image:width\" content=\"650\" \/>\n\t<meta property=\"og:image:height\" content=\"434\" \/>\n\t<meta property=\"og:image:type\" content=\"image\/webp\" \/>\n<meta name=\"author\" content=\"admin\" \/>\n<meta name=\"twitter:card\" content=\"summary_large_image\" \/>\n<meta name=\"twitter:label1\" content=\"Yazan:\" \/>\n\t<meta name=\"twitter:data1\" content=\"admin\" \/>\n\t<meta name=\"twitter:label2\" content=\"Tahmini okuma s\u00fcresi\" \/>\n\t<meta name=\"twitter:data2\" content=\"1 dakika\" \/>\n<script type=\"application\/ld+json\" class=\"yoast-schema-graph\">{\"@context\":\"https:\\\/\\\/schema.org\",\"@graph\":[{\"@type\":\"Article\",\"@id\":\"https:\\\/\\\/kibrisdakik.com\\\/?p=87898#article\",\"isPartOf\":{\"@id\":\"https:\\\/\\\/kibrisdakik.com\\\/?p=87898\"},\"author\":{\"name\":\"admin\",\"@id\":\"https:\\\/\\\/kibrisdakik.com\\\/#\\\/schema\\\/person\\\/9cd9d437bbb44f72b73ba127e06d8e79\"},\"headline\":\"TC MSB\u2019den G\u00fcney K\u0131br\u0131s\u2019a uyar\u0131:\u201cK\u0131ta sahanl\u0131\u011f\u0131m\u0131z\u0131 ihlal etmeye kalkmalar\u0131 durumunda gere\u011fi sahada yap\u0131lacak\u201d\",\"datePublished\":\"2025-08-07T13:41:02+00:00\",\"mainEntityOfPage\":{\"@id\":\"https:\\\/\\\/kibrisdakik.com\\\/?p=87898\"},\"wordCount\":295,\"commentCount\":0,\"image\":{\"@id\":\"https:\\\/\\\/kibrisdakik.com\\\/?p=87898#primaryimage\"},\"thumbnailUrl\":\"https:\\\/\\\/kibrisdakik.com\\\/wp-content\\\/uploads\\\/2025\\\/08\\\/Tugamiral-Zeki-Akturk.webp-650x420.webp\",\"articleSection\":[\"Man\u015fet\",\"T\u00fcrkiye\"],\"inLanguage\":\"tr\",\"potentialAction\":[{\"@type\":\"CommentAction\",\"name\":\"Comment\",\"target\":[\"https:\\\/\\\/kibrisdakik.com\\\/?p=87898#respond\"]}]},{\"@type\":\"WebPage\",\"@id\":\"https:\\\/\\\/kibrisdakik.com\\\/?p=87898\",\"url\":\"https:\\\/\\\/kibrisdakik.com\\\/?p=87898\",\"name\":\"TC MSB\u2019den G\u00fcney K\u0131br\u0131s\u2019a uyar\u0131:\u201cK\u0131ta sahanl\u0131\u011f\u0131m\u0131z\u0131 ihlal etmeye kalkmalar\u0131 durumunda gere\u011fi sahada yap\u0131lacak\u201d -\",\"isPartOf\":{\"@id\":\"https:\\\/\\\/kibrisdakik.com\\\/#website\"},\"primaryImageOfPage\":{\"@id\":\"https:\\\/\\\/kibrisdakik.com\\\/?p=87898#primaryimage\"},\"image\":{\"@id\":\"https:\\\/\\\/kibrisdakik.com\\\/?p=87898#primaryimage\"},\"thumbnailUrl\":\"https:\\\/\\\/kibrisdakik.com\\\/wp-content\\\/uploads\\\/2025\\\/08\\\/Tugamiral-Zeki-Akturk.webp-650x420.webp\",\"datePublished\":\"2025-08-07T13:41:02+00:00\",\"author\":{\"@id\":\"https:\\\/\\\/kibrisdakik.com\\\/#\\\/schema\\\/person\\\/9cd9d437bbb44f72b73ba127e06d8e79\"},\"breadcrumb\":{\"@id\":\"https:\\\/\\\/kibrisdakik.com\\\/?p=87898#breadcrumb\"},\"inLanguage\":\"tr\",\"potentialAction\":[{\"@type\":\"ReadAction\",\"target\":[\"https:\\\/\\\/kibrisdakik.com\\\/?p=87898\"]}]},{\"@type\":\"ImageObject\",\"inLanguage\":\"tr\",\"@id\":\"https:\\\/\\\/kibrisdakik.com\\\/?p=87898#primaryimage\",\"url\":\"https:\\\/\\\/kibrisdakik.com\\\/wp-content\\\/uploads\\\/2025\\\/08\\\/Tugamiral-Zeki-Akturk.webp-650x420.webp\",\"contentUrl\":\"https:\\\/\\\/kibrisdakik.com\\\/wp-content\\\/uploads\\\/2025\\\/08\\\/Tugamiral-Zeki-Akturk.webp-650x420.webp\",\"width\":650,\"height\":434},{\"@type\":\"BreadcrumbList\",\"@id\":\"https:\\\/\\\/kibrisdakik.com\\\/?p=87898#breadcrumb\",\"itemListElement\":[{\"@type\":\"ListItem\",\"position\":1,\"name\":\"Home\",\"item\":\"https:\\\/\\\/kibrisdakik.com\\\/\"},{\"@type\":\"ListItem\",\"position\":2,\"name\":\"TC MSB\u2019den G\u00fcney K\u0131br\u0131s\u2019a uyar\u0131:\u201cK\u0131ta sahanl\u0131\u011f\u0131m\u0131z\u0131 ihlal etmeye kalkmalar\u0131 durumunda gere\u011fi sahada yap\u0131lacak\u201d\"}]},{\"@type\":\"WebSite\",\"@id\":\"https:\\\/\\\/kibrisdakik.com\\\/#website\",\"url\":\"https:\\\/\\\/kibrisdakik.com\\\/\",\"name\":\"\",\"description\":\"Tam vaktinde haber\",\"potentialAction\":[{\"@type\":\"SearchAction\",\"target\":{\"@type\":\"EntryPoint\",\"urlTemplate\":\"https:\\\/\\\/kibrisdakik.com\\\/?s={search_term_string}\"},\"query-input\":{\"@type\":\"PropertyValueSpecification\",\"valueRequired\":true,\"valueName\":\"search_term_string\"}}],\"inLanguage\":\"tr\"},{\"@type\":\"Person\",\"@id\":\"https:\\\/\\\/kibrisdakik.com\\\/#\\\/schema\\\/person\\\/9cd9d437bbb44f72b73ba127e06d8e79\",\"name\":\"admin\",\"image\":{\"@type\":\"ImageObject\",\"inLanguage\":\"tr\",\"@id\":\"https:\\\/\\\/secure.gravatar.com\\\/avatar\\\/ccc17943b9d660506c869530f897617f7cb1c21a4bf30023f252596d83e1f007?s=96&d=mm&r=g\",\"url\":\"https:\\\/\\\/secure.gravatar.com\\\/avatar\\\/ccc17943b9d660506c869530f897617f7cb1c21a4bf30023f252596d83e1f007?s=96&d=mm&r=g\",\"contentUrl\":\"https:\\\/\\\/secure.gravatar.com\\\/avatar\\\/ccc17943b9d660506c869530f897617f7cb1c21a4bf30023f252596d83e1f007?s=96&d=mm&r=g\",\"caption\":\"admin\"},\"sameAs\":[\"https:\\\/\\\/kibrisdakik.com\"],\"url\":\"https:\\\/\\\/kibrisdakik.com\\\/?author=1\"}]}<\/script>\n<!-- \/ Yoast SEO plugin. -->","yoast_head_json":{"title":"TC MSB\u2019den G\u00fcney K\u0131br\u0131s\u2019a uyar\u0131:\u201cK\u0131ta sahanl\u0131\u011f\u0131m\u0131z\u0131 ihlal etmeye kalkmalar\u0131 durumunda gere\u011fi sahada yap\u0131lacak\u201d -","robots":{"index":"index","follow":"follow","max-snippet":"max-snippet:-1","max-image-preview":"max-image-preview:large","max-video-preview":"max-video-preview:-1"},"canonical":"https:\/\/kibrisdakik.com\/?p=87898","og_locale":"tr_TR","og_type":"article","og_title":"TC MSB\u2019den G\u00fcney K\u0131br\u0131s\u2019a uyar\u0131:\u201cK\u0131ta sahanl\u0131\u011f\u0131m\u0131z\u0131 ihlal etmeye kalkmalar\u0131 durumunda gere\u011fi sahada yap\u0131lacak\u201d -","og_description":"T\u00fcrkiye Milli Savunma Bakanl\u0131\u011f\u0131 S\u00f6zc\u00fcs\u00fc Tu\u011famiral Zeki Akt\u00fcrk, haftal\u0131k bas\u0131n bilgilendirme toplant\u0131s\u0131nda, Do\u011fu Akdeniz\u2019de yap\u0131lacak bir kablo d\u00f6\u015feme \u00e7al\u0131\u015fmas\u0131 i\u00e7in yay\u0131nlanan NAVTEX\u2019in T\u00fcrk k\u0131ta sahanl\u0131\u011f\u0131n\u0131 da kapsamas\u0131yla ilgili soruyu yan\u0131tlad\u0131. Tu\u011famiral Akt\u00fcrk, Do\u011fu Akdeniz\u2019de 18 Mart 2020 tarihinde Birle\u015fmi\u015f Milletler\u2019e bildirilen k\u0131ta sahanl\u0131\u011f\u0131ndaki haklara y\u00f6nelik kararl\u0131l\u0131\u011f\u0131n masada ve sahada daima g\u00f6sterilmekte oldu\u011funa i\u015faret etti. Akt\u00fcrk,","og_url":"https:\/\/kibrisdakik.com\/?p=87898","article_published_time":"2025-08-07T13:41:02+00:00","og_image":[{"width":650,"height":434,"url":"https:\/\/kibrisdakik.com\/wp-content\/uploads\/2025\/08\/Tugamiral-Zeki-Akturk.webp-650x420.webp","type":"image\/webp"}],"author":"admin","twitter_card":"summary_large_image","twitter_misc":{"Yazan:":"admin","Tahmini okuma s\u00fcresi":"1 dakika"},"schema":{"@context":"https:\/\/schema.org","@graph":[{"@type":"Article","@id":"https:\/\/kibrisdakik.com\/?p=87898#article","isPartOf":{"@id":"https:\/\/kibrisdakik.com\/?p=87898"},"author":{"name":"admin","@id":"https:\/\/kibrisdakik.com\/#\/schema\/person\/9cd9d437bbb44f72b73ba127e06d8e79"},"headline":"TC MSB\u2019den G\u00fcney K\u0131br\u0131s\u2019a uyar\u0131:\u201cK\u0131ta sahanl\u0131\u011f\u0131m\u0131z\u0131 ihlal etmeye kalkmalar\u0131 durumunda gere\u011fi sahada yap\u0131lacak\u201d","datePublished":"2025-08-07T13:41:02+00:00","mainEntityOfPage":{"@id":"https:\/\/kibrisdakik.com\/?p=87898"},"wordCount":295,"commentCount":0,"image":{"@id":"https:\/\/kibrisdakik.com\/?p=87898#primaryimage"},"thumbnailUrl":"https:\/\/kibrisdakik.com\/wp-content\/uploads\/2025\/08\/Tugamiral-Zeki-Akturk.webp-650x420.webp","articleSection":["Man\u015fet","T\u00fcrkiye"],"inLanguage":"tr","potentialAction":[{"@type":"CommentAction","name":"Comment","target":["https:\/\/kibrisdakik.com\/?p=87898#respond"]}]},{"@type":"WebPage","@id":"https:\/\/kibrisdakik.com\/?p=87898","url":"https:\/\/kibrisdakik.com\/?p=87898","name":"TC MSB\u2019den G\u00fcney K\u0131br\u0131s\u2019a uyar\u0131:\u201cK\u0131ta sahanl\u0131\u011f\u0131m\u0131z\u0131 ihlal etmeye kalkmalar\u0131 durumunda gere\u011fi sahada yap\u0131lacak\u201d -","isPartOf":{"@id":"https:\/\/kibrisdakik.com\/#website"},"primaryImageOfPage":{"@id":"https:\/\/kibrisdakik.com\/?p=87898#primaryimage"},"image":{"@id":"https:\/\/kibrisdakik.com\/?p=87898#primaryimage"},"thumbnailUrl":"https:\/\/kibrisdakik.com\/wp-content\/uploads\/2025\/08\/Tugamiral-Zeki-Akturk.webp-650x420.webp","datePublished":"2025-08-07T13:41:02+00:00","author":{"@id":"https:\/\/kibrisdakik.com\/#\/schema\/person\/9cd9d437bbb44f72b73ba127e06d8e79"},"breadcrumb":{"@id":"https:\/\/kibrisdakik.com\/?p=87898#breadcrumb"},"inLanguage":"tr","potentialAction":[{"@type":"ReadAction","target":["https:\/\/kibrisdakik.com\/?p=87898"]}]},{"@type":"ImageObject","inLanguage":"tr","@id":"https:\/\/kibrisdakik.com\/?p=87898#primaryimage","url":"https:\/\/kibrisdakik.com\/wp-content\/uploads\/2025\/08\/Tugamiral-Zeki-Akturk.webp-650x420.webp","contentUrl":"https:\/\/kibrisdakik.com\/wp-content\/uploads\/2025\/08\/Tugamiral-Zeki-Akturk.webp-650x420.webp","width":650,"height":434},{"@type":"BreadcrumbList","@id":"https:\/\/kibrisdakik.com\/?p=87898#breadcrumb","itemListElement":[{"@type":"ListItem","position":1,"name":"Home","item":"https:\/\/kibrisdakik.com\/"},{"@type":"ListItem","position":2,"name":"TC MSB\u2019den G\u00fcney K\u0131br\u0131s\u2019a uyar\u0131:\u201cK\u0131ta sahanl\u0131\u011f\u0131m\u0131z\u0131 ihlal etmeye kalkmalar\u0131 durumunda gere\u011fi sahada yap\u0131lacak\u201d"}]},{"@type":"WebSite","@id":"https:\/\/kibrisdakik.com\/#website","url":"https:\/\/kibrisdakik.com\/","name":"","description":"Tam vaktinde haber","potentialAction":[{"@type":"SearchAction","target":{"@type":"EntryPoint","urlTemplate":"https:\/\/kibrisdakik.com\/?s={search_term_string}"},"query-input":{"@type":"PropertyValueSpecification","valueRequired":true,"valueName":"search_term_string"}}],"inLanguage":"tr"},{"@type":"Person","@id":"https:\/\/kibrisdakik.com\/#\/schema\/person\/9cd9d437bbb44f72b73ba127e06d8e79","name":"admin","image":{"@type":"ImageObject","inLanguage":"tr","@id":"https:\/\/secure.gravatar.com\/avatar\/ccc17943b9d660506c869530f897617f7cb1c21a4bf30023f252596d83e1f007?s=96&d=mm&r=g","url":"https:\/\/secure.gravatar.com\/avatar\/ccc17943b9d660506c869530f897617f7cb1c21a4bf30023f252596d83e1f007?s=96&d=mm&r=g","contentUrl":"https:\/\/secure.gravatar.com\/avatar\/ccc17943b9d660506c869530f897617f7cb1c21a4bf30023f252596d83e1f007?s=96&d=mm&r=g","caption":"admin"},"sameAs":["https:\/\/kibrisdakik.com"],"url":"https:\/\/kibrisdakik.com\/?author=1"}]}},"_links":{"self":[{"href":"https:\/\/kibrisdakik.com\/index.php?rest_route=\/wp\/v2\/posts\/87898","targetHints":{"allow":["GET"]}}],"collection":[{"href":"https:\/\/kibrisdakik.com\/index.php?rest_route=\/wp\/v2\/posts"}],"about":[{"href":"https:\/\/kibrisdakik.com\/index.php?rest_route=\/wp\/v2\/types\/post"}],"author":[{"embeddable":true,"href":"https:\/\/kibrisdakik.com\/index.php?rest_route=\/wp\/v2\/users\/1"}],"replies":[{"embeddable":true,"href":"https:\/\/kibrisdakik.com\/index.php?rest_route=%2Fwp%2Fv2%2Fcomments&post=87898"}],"version-history":[{"count":0,"href":"https:\/\/kibrisdakik.com\/index.php?rest_route=\/wp\/v2\/posts\/87898\/revisions"}],"wp:featuredmedia":[{"embeddable":true,"href":"https:\/\/kibrisdakik.com\/index.php?rest_route=\/wp\/v2\/media\/87899"}],"wp:attachment":[{"href":"https:\/\/kibrisdakik.com\/index.php?rest_route=%2Fwp%2Fv2%2Fmedia&parent=87898"}],"wp:term":[{"taxonomy":"category","embeddable":true,"href":"https:\/\/kibrisdakik.com\/index.php?rest_route=%2Fwp%2Fv2%2Fcategories&post=87898"},{"taxonomy":"post_tag","embeddable":true,"href":"https:\/\/kibrisdakik.com\/index.php?rest_route=%2Fwp%2Fv2%2Ftags&post=87898"}],"curies":[{"name":"wp","href":"https:\/\/api.w.org\/{rel}","templated":true}]}}