{"id":8795,"date":"2023-06-14T12:57:59","date_gmt":"2023-06-14T12:57:59","guid":{"rendered":"https:\/\/kibrisdakik.com\/index.php\/2023\/06\/14\/yyk-ada-tvye-uyari-cezasi-verdi-ve-medya-kuruluslarina-cagri-yapti\/"},"modified":"2023-06-14T12:57:59","modified_gmt":"2023-06-14T12:57:59","slug":"yyk-ada-tvye-uyari-cezasi-verdi-ve-medya-kuruluslarina-cagri-yapti","status":"publish","type":"post","link":"https:\/\/kibrisdakik.com\/?p=8795","title":{"rendered":"YYK, Ada TV\u2019ye uyar\u0131 cezas\u0131 verdi ve medya kurulu\u015flar\u0131na \u00e7a\u011fr\u0131 yapt\u0131"},"content":{"rendered":"<p><\/p>\n<div>\n<div class=\"mariselle-image-container center\">\n                <img width=\"971\" height=\"551\" class=\"lazy-image\" alt=\"\" decoding=\"async\" loading=\"lazy\" sizes=\"auto, (max-width: 971px) 100vw, 971px\" src=\"https:\/\/brtk.net\/wp-content\/uploads\/2023\/04\/07\/yyk1.jpg?ver=5377f611d59e22ba7c3a6bd02cc2c315\" srcset=\"https:\/\/brtk.net\/wp-content\/uploads\/2023\/04\/07\/yyk1.jpg?ver=5377f611d59e22ba7c3a6bd02cc2c315 971w, https:\/\/brtk.net\/wp-content\/uploads\/2023\/04\/07\/yyk1-300x170.jpg?ver=5377f611d59e22ba7c3a6bd02cc2c315 300w, https:\/\/brtk.net\/wp-content\/uploads\/2023\/04\/07\/yyk1-768x436.jpg?ver=3e2e13d8c604208a814d7b8976db8e78 768w\"\/>                            <\/div>\n<p>\u00a0<\/p>\n<p>Yay\u0131n Y\u00fcksek Kurulu (YYK), Ada TV\u2019ye uyar\u0131 cezas\u0131 verdi. Konuyla ilgili YYK\u2019dan yap\u0131lan a\u00e7\u0131klamada, radyo ve televizyonlardaki program yap\u0131mc\u0131s\u0131, y\u00f6netmen ve sunuculara da, yay\u0131n ilkelerini ihlal etme olas\u0131l\u0131\u011f\u0131 olan s\u00f6zlerin varl\u0131\u011f\u0131 ke\u015ffedildi\u011fi andan itibaren ya yay\u0131n\u0131 kesmeleri ya da konu\u011fa m\u00fcdahale ederek konuyu de\u011fi\u015ftirmeleri g\u00f6revi hat\u0131rlat\u0131ld\u0131.<\/p>\n<p>A\u00e7\u0131klamada, YYK\u2019n\u0131n 12 Haziran 2023 tarihinde ger\u00e7ekle\u015ftirdi\u011fi Y\u00f6netim Kurulu toplant\u0131s\u0131nda, son g\u00fcnlerde tart\u0131\u015fma konusu olan, Ada TV\u2019de yay\u0131nlanan Nupelda Karabu\u011fday\u2019\u0131n sunuculu\u011funu yapt\u0131\u011f\u0131 ve Alihan Pehlivan\u2019\u0131n da konuk olarak bulundu\u011fu programda sarf edilen s\u00f6zlerle ilgili bir de\u011ferlendirme yap\u0131ld\u0131\u011f\u0131 dile getirildi.<\/p>\n<p>Kurulun s\u00f6z konusu yay\u0131na, 39\/97 Say\u0131l\u0131 Kamu ve Radyo ve Televizyonlar\u0131n Kurulu\u015f ve Yay\u0131nlar\u0131 Yasas\u0131\u2019n\u0131n 5\u2019inci maddesinin 17\u2019nci f\u0131kras\u0131 ve 5\u2019inci maddesinin 30\u2019uncu f\u0131kras\u0131 gere\u011fince, yaz\u0131l\u0131 uyar\u0131 cezas\u0131 verilmesini kararla\u015ft\u0131rd\u0131\u011f\u0131 ifade edilen a\u00e7\u0131klama, \u015f\u00f6yle s\u00fcrd\u00fc:<\/p>\n<p>\u201cYay\u0131n i\u00e7eri\u011finde sarf edilen s\u00f6zler, Ekim 2022\u2019de y\u00fcr\u00fcrl\u00fc\u011fe giren ve evrensel medya etik ilkelerine ba\u011fl\u0131 olarak haz\u0131rlanm\u0131\u015f bulunan yeni yay\u0131n ilkelerimizin, yukarda temas edilen maddelerini ihlal etmekte oldu\u011fu tespit edilmi\u015ftir. Bu maddelerin i\u00e7eri\u011fi, aynen \u015f\u00f6yledir:<\/p>\n<p>5(17) Irka, milliyete, etnik k\u00f6kene, cinsiyete, cinsel kimli\u011fe, cinsel y\u00f6nelime, dine, dile ve mezhebe y\u00f6nelik ayr\u0131mc\u0131l\u0131\u011f\u0131 te\u015fvik edecek yay\u0131n yapmamak.<\/p>\n<p>5(30) \u00c7ocuklar\u0131n ve gen\u00e7lerin fiziksel, zihinsel, ruhsal geli\u015fimini olumsuz y\u00f6nde etkileyebilecek veya \u00e7ocuk istismar\u0131 i\u00e7eren yay\u0131n yapmamak.<\/p>\n<p>Alihan Pehlivan\u2019\u0131n ekonomik d\u00f6ng\u00fcyle ilgili vermeye \u00e7al\u0131\u015ft\u0131\u011f\u0131 \u00f6rnek i\u00e7erisinde sarf edilen s\u00f6zler, mahiyet itibar\u0131yla adeta fuhu\u015fu ve fuhu\u015f geliriyle ya\u015fam s\u00fcrmeyi te\u015fvik etmektedir. Maksad\u0131n\u0131 a\u015fan bir hal alm\u0131\u015f bulunan bu s\u00f6zlerden \u00f6t\u00fcr\u00fc, eski \u00fcyemiz Alihan Pehlivan\u2019\u0131 bu vesile ile \u00f6zellikle kamuya a\u00e7\u0131k olan radyo ve televizyon yay\u0131nlar\u0131nda verece\u011fi \u00f6rneklerde, daha dikkatli olmas\u0131 hususunda ihtar ederiz.<\/p>\n<p>\u00d6te yandan program sunucusu olarak Nupelda Karabu\u011fday\u2019a bu gibi durumlarda, d\u00fc\u015fen en b\u00fcy\u00fck g\u00f6rev, konu\u011fa m\u00fcdahale edip konuya nokta koymak veya yay\u0131na ara verilmesini sa\u011flamakt\u0131r.<\/p>\n<p>Bu vesile ile \u00fclkemizde yay\u0131n yapan radyo ve televizyonlar\u0131n program yap\u0131mc\u0131s\u0131, y\u00f6netmeni ve sunucular\u0131n\u0131 da uyarmak isteriz. Programlara gelen konuklar\u0131n s\u00f6yleyece\u011fi s\u00f6zleri \u00f6nceden bilmek, elbette ki m\u00fcmk\u00fcn de\u011fildir. Ancak s\u00f6zler sarf edilmeye ba\u015fland\u0131ktan sonra, yay\u0131n ilkelerini ihlal etme olas\u0131l\u0131\u011f\u0131 olan s\u00f6zlerin varl\u0131\u011f\u0131 ke\u015ffedildi\u011fi andan itibaren, bilhassa program y\u00f6netmenleri ve program sunucular\u0131na ya yay\u0131n\u0131 kesmeleri ya da konu\u011fa m\u00fcdahale ederek konuyu de\u011fi\u015ftirmeleri g\u00f6revi y\u00fcklenmektedir. Bu vesile ile t\u00fcm program yap\u0131mc\u0131, y\u00f6netmen ve sunucular\u0131n\u0131n dikkatli olmas\u0131 gerekti\u011fini de bir kez daha hat\u0131rlat\u0131r\u0131z.<\/p>\n<p>Sonu\u00e7 olarak Kurulumuz, yeni yasa alt\u0131nda ilk uyar\u0131 cezas\u0131n\u0131 vermi\u015f bulunmaktad\u0131r. Bu vesile ile, herkesi bir kez daha yapt\u0131\u011f\u0131 g\u00f6rev ve sarf etti\u011fi s\u00f6zlerden dolay\u0131 hassas olmaya davet ediyoruz.\u201d<\/p>\n<\/p><\/div>\n<p><script async\n                    defer\n                    crossorigin=\"anonymous\"\n                    src=\"https:\/\/connect.facebook.net\/tr_TR\/sdk.js#xfbml=1&#038;version=v3.3\"\n            ><\/script><\/p>\n","protected":false},"excerpt":{"rendered":"<p>\u00a0 Yay\u0131n Y\u00fcksek Kurulu (YYK), Ada TV\u2019ye uyar\u0131 cezas\u0131 verdi. Konuyla ilgili YYK\u2019dan yap\u0131lan a\u00e7\u0131klamada, radyo ve televizyonlardaki program yap\u0131mc\u0131s\u0131, y\u00f6netmen ve sunuculara da, yay\u0131n ilkelerini ihlal etme olas\u0131l\u0131\u011f\u0131 olan s\u00f6zlerin varl\u0131\u011f\u0131 ke\u015ffedildi\u011fi andan itibaren ya yay\u0131n\u0131 kesmeleri ya da konu\u011fa m\u00fcdahale ederek konuyu de\u011fi\u015ftirmeleri g\u00f6revi hat\u0131rlat\u0131ld\u0131. A\u00e7\u0131klamada, YYK\u2019n\u0131n 12 Haziran 2023 tarihinde ger\u00e7ekle\u015ftirdi\u011fi Y\u00f6netim<\/p>\n","protected":false},"author":1,"featured_media":4773,"comment_status":"open","ping_status":"open","sticky":false,"template":"","format":"standard","meta":{"footnotes":""},"categories":[1],"tags":[],"class_list":["post-8795","post","type-post","status-publish","format-standard","has-post-thumbnail","hentry","category-gundem"],"yoast_head":"<!-- This site is optimized with the Yoast SEO plugin v27.4 - https:\/\/yoast.com\/product\/yoast-seo-wordpress\/ -->\n<title>YYK, Ada TV\u2019ye uyar\u0131 cezas\u0131 verdi ve medya kurulu\u015flar\u0131na \u00e7a\u011fr\u0131 yapt\u0131 -<\/title>\n<meta name=\"robots\" content=\"index, follow, max-snippet:-1, max-image-preview:large, max-video-preview:-1\" \/>\n<link rel=\"canonical\" href=\"https:\/\/kibrisdakik.com\/?p=8795\" \/>\n<meta property=\"og:locale\" content=\"tr_TR\" \/>\n<meta property=\"og:type\" content=\"article\" \/>\n<meta property=\"og:title\" content=\"YYK, Ada TV\u2019ye uyar\u0131 cezas\u0131 verdi ve medya kurulu\u015flar\u0131na \u00e7a\u011fr\u0131 yapt\u0131 -\" \/>\n<meta property=\"og:description\" content=\"\u00a0 Yay\u0131n Y\u00fcksek Kurulu (YYK), Ada TV\u2019ye uyar\u0131 cezas\u0131 verdi. Konuyla ilgili YYK\u2019dan yap\u0131lan a\u00e7\u0131klamada, radyo ve televizyonlardaki program yap\u0131mc\u0131s\u0131, y\u00f6netmen ve sunuculara da, yay\u0131n ilkelerini ihlal etme olas\u0131l\u0131\u011f\u0131 olan s\u00f6zlerin varl\u0131\u011f\u0131 ke\u015ffedildi\u011fi andan itibaren ya yay\u0131n\u0131 kesmeleri ya da konu\u011fa m\u00fcdahale ederek konuyu de\u011fi\u015ftirmeleri g\u00f6revi hat\u0131rlat\u0131ld\u0131. A\u00e7\u0131klamada, YYK\u2019n\u0131n 12 Haziran 2023 tarihinde ger\u00e7ekle\u015ftirdi\u011fi Y\u00f6netim\" \/>\n<meta property=\"og:url\" content=\"https:\/\/kibrisdakik.com\/?p=8795\" \/>\n<meta property=\"article:published_time\" content=\"2023-06-14T12:57:59+00:00\" \/>\n<meta property=\"og:image\" content=\"https:\/\/kibrisdakik.com\/wp-content\/uploads\/2023\/04\/yyk1-740x420.jpg\" \/>\n\t<meta property=\"og:image:width\" content=\"971\" \/>\n\t<meta property=\"og:image:height\" content=\"551\" \/>\n\t<meta property=\"og:image:type\" content=\"image\/jpeg\" \/>\n<meta name=\"author\" content=\"admin\" \/>\n<meta name=\"twitter:card\" content=\"summary_large_image\" \/>\n<meta name=\"twitter:label1\" content=\"Yazan:\" \/>\n\t<meta name=\"twitter:data1\" content=\"admin\" \/>\n\t<meta name=\"twitter:label2\" content=\"Tahmini okuma s\u00fcresi\" \/>\n\t<meta name=\"twitter:data2\" content=\"3 dakika\" \/>\n<script type=\"application\/ld+json\" class=\"yoast-schema-graph\">{\"@context\":\"https:\\\/\\\/schema.org\",\"@graph\":[{\"@type\":\"Article\",\"@id\":\"https:\\\/\\\/kibrisdakik.com\\\/?p=8795#article\",\"isPartOf\":{\"@id\":\"https:\\\/\\\/kibrisdakik.com\\\/?p=8795\"},\"author\":{\"name\":\"admin\",\"@id\":\"https:\\\/\\\/kibrisdakik.com\\\/#\\\/schema\\\/person\\\/9cd9d437bbb44f72b73ba127e06d8e79\"},\"headline\":\"YYK, Ada TV\u2019ye uyar\u0131 cezas\u0131 verdi ve medya kurulu\u015flar\u0131na \u00e7a\u011fr\u0131 yapt\u0131\",\"datePublished\":\"2023-06-14T12:57:59+00:00\",\"mainEntityOfPage\":{\"@id\":\"https:\\\/\\\/kibrisdakik.com\\\/?p=8795\"},\"wordCount\":552,\"commentCount\":0,\"image\":{\"@id\":\"https:\\\/\\\/kibrisdakik.com\\\/?p=8795#primaryimage\"},\"thumbnailUrl\":\"https:\\\/\\\/kibrisdakik.com\\\/wp-content\\\/uploads\\\/2023\\\/04\\\/yyk1-740x420.jpg\",\"articleSection\":[\"G\u00fcndem\"],\"inLanguage\":\"tr\",\"potentialAction\":[{\"@type\":\"CommentAction\",\"name\":\"Comment\",\"target\":[\"https:\\\/\\\/kibrisdakik.com\\\/?p=8795#respond\"]}]},{\"@type\":\"WebPage\",\"@id\":\"https:\\\/\\\/kibrisdakik.com\\\/?p=8795\",\"url\":\"https:\\\/\\\/kibrisdakik.com\\\/?p=8795\",\"name\":\"YYK, Ada TV\u2019ye uyar\u0131 cezas\u0131 verdi ve medya kurulu\u015flar\u0131na \u00e7a\u011fr\u0131 yapt\u0131 -\",\"isPartOf\":{\"@id\":\"https:\\\/\\\/kibrisdakik.com\\\/#website\"},\"primaryImageOfPage\":{\"@id\":\"https:\\\/\\\/kibrisdakik.com\\\/?p=8795#primaryimage\"},\"image\":{\"@id\":\"https:\\\/\\\/kibrisdakik.com\\\/?p=8795#primaryimage\"},\"thumbnailUrl\":\"https:\\\/\\\/kibrisdakik.com\\\/wp-content\\\/uploads\\\/2023\\\/04\\\/yyk1-740x420.jpg\",\"datePublished\":\"2023-06-14T12:57:59+00:00\",\"author\":{\"@id\":\"https:\\\/\\\/kibrisdakik.com\\\/#\\\/schema\\\/person\\\/9cd9d437bbb44f72b73ba127e06d8e79\"},\"breadcrumb\":{\"@id\":\"https:\\\/\\\/kibrisdakik.com\\\/?p=8795#breadcrumb\"},\"inLanguage\":\"tr\",\"potentialAction\":[{\"@type\":\"ReadAction\",\"target\":[\"https:\\\/\\\/kibrisdakik.com\\\/?p=8795\"]}]},{\"@type\":\"ImageObject\",\"inLanguage\":\"tr\",\"@id\":\"https:\\\/\\\/kibrisdakik.com\\\/?p=8795#primaryimage\",\"url\":\"https:\\\/\\\/kibrisdakik.com\\\/wp-content\\\/uploads\\\/2023\\\/04\\\/yyk1-740x420.jpg\",\"contentUrl\":\"https:\\\/\\\/kibrisdakik.com\\\/wp-content\\\/uploads\\\/2023\\\/04\\\/yyk1-740x420.jpg\",\"width\":971,\"height\":551},{\"@type\":\"BreadcrumbList\",\"@id\":\"https:\\\/\\\/kibrisdakik.com\\\/?p=8795#breadcrumb\",\"itemListElement\":[{\"@type\":\"ListItem\",\"position\":1,\"name\":\"Home\",\"item\":\"https:\\\/\\\/kibrisdakik.com\\\/\"},{\"@type\":\"ListItem\",\"position\":2,\"name\":\"YYK, Ada TV\u2019ye uyar\u0131 cezas\u0131 verdi ve medya kurulu\u015flar\u0131na \u00e7a\u011fr\u0131 yapt\u0131\"}]},{\"@type\":\"WebSite\",\"@id\":\"https:\\\/\\\/kibrisdakik.com\\\/#website\",\"url\":\"https:\\\/\\\/kibrisdakik.com\\\/\",\"name\":\"\",\"description\":\"Tam vaktinde haber\",\"potentialAction\":[{\"@type\":\"SearchAction\",\"target\":{\"@type\":\"EntryPoint\",\"urlTemplate\":\"https:\\\/\\\/kibrisdakik.com\\\/?s={search_term_string}\"},\"query-input\":{\"@type\":\"PropertyValueSpecification\",\"valueRequired\":true,\"valueName\":\"search_term_string\"}}],\"inLanguage\":\"tr\"},{\"@type\":\"Person\",\"@id\":\"https:\\\/\\\/kibrisdakik.com\\\/#\\\/schema\\\/person\\\/9cd9d437bbb44f72b73ba127e06d8e79\",\"name\":\"admin\",\"image\":{\"@type\":\"ImageObject\",\"inLanguage\":\"tr\",\"@id\":\"https:\\\/\\\/secure.gravatar.com\\\/avatar\\\/ccc17943b9d660506c869530f897617f7cb1c21a4bf30023f252596d83e1f007?s=96&d=mm&r=g\",\"url\":\"https:\\\/\\\/secure.gravatar.com\\\/avatar\\\/ccc17943b9d660506c869530f897617f7cb1c21a4bf30023f252596d83e1f007?s=96&d=mm&r=g\",\"contentUrl\":\"https:\\\/\\\/secure.gravatar.com\\\/avatar\\\/ccc17943b9d660506c869530f897617f7cb1c21a4bf30023f252596d83e1f007?s=96&d=mm&r=g\",\"caption\":\"admin\"},\"sameAs\":[\"https:\\\/\\\/kibrisdakik.com\"],\"url\":\"https:\\\/\\\/kibrisdakik.com\\\/?author=1\"}]}<\/script>\n<!-- \/ Yoast SEO plugin. -->","yoast_head_json":{"title":"YYK, Ada TV\u2019ye uyar\u0131 cezas\u0131 verdi ve medya kurulu\u015flar\u0131na \u00e7a\u011fr\u0131 yapt\u0131 -","robots":{"index":"index","follow":"follow","max-snippet":"max-snippet:-1","max-image-preview":"max-image-preview:large","max-video-preview":"max-video-preview:-1"},"canonical":"https:\/\/kibrisdakik.com\/?p=8795","og_locale":"tr_TR","og_type":"article","og_title":"YYK, Ada TV\u2019ye uyar\u0131 cezas\u0131 verdi ve medya kurulu\u015flar\u0131na \u00e7a\u011fr\u0131 yapt\u0131 -","og_description":"\u00a0 Yay\u0131n Y\u00fcksek Kurulu (YYK), Ada TV\u2019ye uyar\u0131 cezas\u0131 verdi. Konuyla ilgili YYK\u2019dan yap\u0131lan a\u00e7\u0131klamada, radyo ve televizyonlardaki program yap\u0131mc\u0131s\u0131, y\u00f6netmen ve sunuculara da, yay\u0131n ilkelerini ihlal etme olas\u0131l\u0131\u011f\u0131 olan s\u00f6zlerin varl\u0131\u011f\u0131 ke\u015ffedildi\u011fi andan itibaren ya yay\u0131n\u0131 kesmeleri ya da konu\u011fa m\u00fcdahale ederek konuyu de\u011fi\u015ftirmeleri g\u00f6revi hat\u0131rlat\u0131ld\u0131. A\u00e7\u0131klamada, YYK\u2019n\u0131n 12 Haziran 2023 tarihinde ger\u00e7ekle\u015ftirdi\u011fi Y\u00f6netim","og_url":"https:\/\/kibrisdakik.com\/?p=8795","article_published_time":"2023-06-14T12:57:59+00:00","og_image":[{"width":971,"height":551,"url":"https:\/\/kibrisdakik.com\/wp-content\/uploads\/2023\/04\/yyk1-740x420.jpg","type":"image\/jpeg"}],"author":"admin","twitter_card":"summary_large_image","twitter_misc":{"Yazan:":"admin","Tahmini okuma s\u00fcresi":"3 dakika"},"schema":{"@context":"https:\/\/schema.org","@graph":[{"@type":"Article","@id":"https:\/\/kibrisdakik.com\/?p=8795#article","isPartOf":{"@id":"https:\/\/kibrisdakik.com\/?p=8795"},"author":{"name":"admin","@id":"https:\/\/kibrisdakik.com\/#\/schema\/person\/9cd9d437bbb44f72b73ba127e06d8e79"},"headline":"YYK, Ada TV\u2019ye uyar\u0131 cezas\u0131 verdi ve medya kurulu\u015flar\u0131na \u00e7a\u011fr\u0131 yapt\u0131","datePublished":"2023-06-14T12:57:59+00:00","mainEntityOfPage":{"@id":"https:\/\/kibrisdakik.com\/?p=8795"},"wordCount":552,"commentCount":0,"image":{"@id":"https:\/\/kibrisdakik.com\/?p=8795#primaryimage"},"thumbnailUrl":"https:\/\/kibrisdakik.com\/wp-content\/uploads\/2023\/04\/yyk1-740x420.jpg","articleSection":["G\u00fcndem"],"inLanguage":"tr","potentialAction":[{"@type":"CommentAction","name":"Comment","target":["https:\/\/kibrisdakik.com\/?p=8795#respond"]}]},{"@type":"WebPage","@id":"https:\/\/kibrisdakik.com\/?p=8795","url":"https:\/\/kibrisdakik.com\/?p=8795","name":"YYK, Ada TV\u2019ye uyar\u0131 cezas\u0131 verdi ve medya kurulu\u015flar\u0131na \u00e7a\u011fr\u0131 yapt\u0131 -","isPartOf":{"@id":"https:\/\/kibrisdakik.com\/#website"},"primaryImageOfPage":{"@id":"https:\/\/kibrisdakik.com\/?p=8795#primaryimage"},"image":{"@id":"https:\/\/kibrisdakik.com\/?p=8795#primaryimage"},"thumbnailUrl":"https:\/\/kibrisdakik.com\/wp-content\/uploads\/2023\/04\/yyk1-740x420.jpg","datePublished":"2023-06-14T12:57:59+00:00","author":{"@id":"https:\/\/kibrisdakik.com\/#\/schema\/person\/9cd9d437bbb44f72b73ba127e06d8e79"},"breadcrumb":{"@id":"https:\/\/kibrisdakik.com\/?p=8795#breadcrumb"},"inLanguage":"tr","potentialAction":[{"@type":"ReadAction","target":["https:\/\/kibrisdakik.com\/?p=8795"]}]},{"@type":"ImageObject","inLanguage":"tr","@id":"https:\/\/kibrisdakik.com\/?p=8795#primaryimage","url":"https:\/\/kibrisdakik.com\/wp-content\/uploads\/2023\/04\/yyk1-740x420.jpg","contentUrl":"https:\/\/kibrisdakik.com\/wp-content\/uploads\/2023\/04\/yyk1-740x420.jpg","width":971,"height":551},{"@type":"BreadcrumbList","@id":"https:\/\/kibrisdakik.com\/?p=8795#breadcrumb","itemListElement":[{"@type":"ListItem","position":1,"name":"Home","item":"https:\/\/kibrisdakik.com\/"},{"@type":"ListItem","position":2,"name":"YYK, Ada TV\u2019ye uyar\u0131 cezas\u0131 verdi ve medya kurulu\u015flar\u0131na \u00e7a\u011fr\u0131 yapt\u0131"}]},{"@type":"WebSite","@id":"https:\/\/kibrisdakik.com\/#website","url":"https:\/\/kibrisdakik.com\/","name":"","description":"Tam vaktinde haber","potentialAction":[{"@type":"SearchAction","target":{"@type":"EntryPoint","urlTemplate":"https:\/\/kibrisdakik.com\/?s={search_term_string}"},"query-input":{"@type":"PropertyValueSpecification","valueRequired":true,"valueName":"search_term_string"}}],"inLanguage":"tr"},{"@type":"Person","@id":"https:\/\/kibrisdakik.com\/#\/schema\/person\/9cd9d437bbb44f72b73ba127e06d8e79","name":"admin","image":{"@type":"ImageObject","inLanguage":"tr","@id":"https:\/\/secure.gravatar.com\/avatar\/ccc17943b9d660506c869530f897617f7cb1c21a4bf30023f252596d83e1f007?s=96&d=mm&r=g","url":"https:\/\/secure.gravatar.com\/avatar\/ccc17943b9d660506c869530f897617f7cb1c21a4bf30023f252596d83e1f007?s=96&d=mm&r=g","contentUrl":"https:\/\/secure.gravatar.com\/avatar\/ccc17943b9d660506c869530f897617f7cb1c21a4bf30023f252596d83e1f007?s=96&d=mm&r=g","caption":"admin"},"sameAs":["https:\/\/kibrisdakik.com"],"url":"https:\/\/kibrisdakik.com\/?author=1"}]}},"_links":{"self":[{"href":"https:\/\/kibrisdakik.com\/index.php?rest_route=\/wp\/v2\/posts\/8795","targetHints":{"allow":["GET"]}}],"collection":[{"href":"https:\/\/kibrisdakik.com\/index.php?rest_route=\/wp\/v2\/posts"}],"about":[{"href":"https:\/\/kibrisdakik.com\/index.php?rest_route=\/wp\/v2\/types\/post"}],"author":[{"embeddable":true,"href":"https:\/\/kibrisdakik.com\/index.php?rest_route=\/wp\/v2\/users\/1"}],"replies":[{"embeddable":true,"href":"https:\/\/kibrisdakik.com\/index.php?rest_route=%2Fwp%2Fv2%2Fcomments&post=8795"}],"version-history":[{"count":0,"href":"https:\/\/kibrisdakik.com\/index.php?rest_route=\/wp\/v2\/posts\/8795\/revisions"}],"wp:featuredmedia":[{"embeddable":true,"href":"https:\/\/kibrisdakik.com\/index.php?rest_route=\/wp\/v2\/media\/4773"}],"wp:attachment":[{"href":"https:\/\/kibrisdakik.com\/index.php?rest_route=%2Fwp%2Fv2%2Fmedia&parent=8795"}],"wp:term":[{"taxonomy":"category","embeddable":true,"href":"https:\/\/kibrisdakik.com\/index.php?rest_route=%2Fwp%2Fv2%2Fcategories&post=8795"},{"taxonomy":"post_tag","embeddable":true,"href":"https:\/\/kibrisdakik.com\/index.php?rest_route=%2Fwp%2Fv2%2Ftags&post=8795"}],"curies":[{"name":"wp","href":"https:\/\/api.w.org\/{rel}","templated":true}]}}