{"id":87954,"date":"2025-08-08T16:26:05","date_gmt":"2025-08-08T13:26:05","guid":{"rendered":"https:\/\/kibrisdakik.com\/index.php\/2025\/08\/08\/kib-tek-arizadan-dolayi-verdigimiz-rahatsizliktan-oturu-siz-degerli-halkimizdan-ozur-dileriz\/"},"modified":"2025-08-08T16:26:05","modified_gmt":"2025-08-08T13:26:05","slug":"kib-tek-arizadan-dolayi-verdigimiz-rahatsizliktan-oturu-siz-degerli-halkimizdan-ozur-dileriz","status":"publish","type":"post","link":"https:\/\/kibrisdakik.com\/?p=87954","title":{"rendered":"K\u0131b-Tek: Ar\u0131zadan dolay\u0131 verdi\u011fimiz rahats\u0131zl\u0131ktan \u00f6t\u00fcr\u00fc siz de\u011ferli halk\u0131m\u0131zdan \u00f6z\u00fcr dileriz"},"content":{"rendered":"<p> <br \/>\n<\/p>\n<div>\n<div class=\"mariselle-image-container center\">\n                                            <\/div>\n<p>K\u0131br\u0131s T\u00fcrk Elektrik Kurumu (K\u0131b-Tek), ekiplerin m\u00fcdahalesiyle santrallar\u0131n d\u00fczenli y\u00fck art\u0131r\u0131m\u0131 ile devreye al\u0131nmas\u0131yla b\u00f6lgelere peyder pey enerji verilmeye ba\u015fland\u0131\u011f\u0131n\u0131 duyurarak, ar\u0131zadan dolay\u0131 verilen rahats\u0131zl\u0131ktan \u00f6t\u00fcr\u00fc halktan \u00f6z\u00fcr diledi.<\/p>\n<p>G\u00fcne\u015fk\u00f6y Trafo Merkezi\u2019nde bu sabah saatlerinde ya\u015fanan patlaman\u0131n ard\u0131ndan, \u00fclke genelinde ya\u015fanan elektrik kesintisiyle ilgili olarak, K\u0131b-Tek Genel M\u00fcd\u00fcrl\u00fc\u011f\u00fc\u2019nden yaz\u0131l\u0131 a\u00e7\u0131klama yap\u0131ld\u0131.<\/p>\n<p>A\u00e7\u0131klamada \u015funlar kaydedildi:<\/p>\n<p>\u201cBug\u00fcn sabah saat 05:00 civar\u0131nda G\u00fczelyurt\u2019ta bulunan G\u00fcne\u015fk\u00f6y Trafo Merkezimizdeki kesicilerde bir patlama meydana gelmi\u015f ve patlama sonucu Trafo Merkezimizde ciddi hasar olu\u015fmu\u015ftur.<\/p>\n<p>Ar\u0131za meydana gelmesiyle birlikte Santrallar\u0131m\u0131z koruma ama\u00e7l\u0131 otomatik olarak kendilerini emniyete alm\u0131\u015f, buna ba\u011fl\u0131 olarak \u00fclke genelinde elektrik kesintileri meydana gelmi\u015ftir.<\/p>\n<p>Meydana gelen ar\u0131zaya hemen ekiplerimiz taraf\u0131ndan m\u00fcdahale edilerek Trafo Merkezi izole edilmi\u015ftir.<\/p>\n<p>\u0130zole edildikten sonra Santrallar\u0131m\u0131z d\u00fczenli y\u00fck art\u0131r\u0131m\u0131 ile devreye al\u0131narak b\u00f6lgelerimize peyder pey enerji verilmeye ba\u015flanm\u0131\u015ft\u0131r.<\/p>\n<p>Ar\u0131zadan dolay\u0131 verdi\u011fimiz rahats\u0131zl\u0131ktan \u00f6t\u00fcr\u00fc siz de\u011ferli halk\u0131m\u0131zdan \u00f6z\u00fcr dileriz.\u201d<\/p>\n<\/p><\/div>\n<p><script async\n                    defer\n                    crossorigin=\"anonymous\"\n                    src=\"https:\/\/connect.facebook.net\/tr_TR\/sdk.js#xfbml=1&#038;version=v3.3\"\n            ><\/script><br \/>\n<br \/><br \/>\n<br \/><a href=\"[kibrisdakik.com]\n<\/p>\n","protected":false},"excerpt":{"rendered":"<p>K\u0131br\u0131s T\u00fcrk Elektrik Kurumu (K\u0131b-Tek), ekiplerin m\u00fcdahalesiyle santrallar\u0131n d\u00fczenli y\u00fck art\u0131r\u0131m\u0131 ile devreye al\u0131nmas\u0131yla b\u00f6lgelere peyder pey enerji verilmeye ba\u015fland\u0131\u011f\u0131n\u0131 duyurarak, ar\u0131zadan dolay\u0131 verilen rahats\u0131zl\u0131ktan \u00f6t\u00fcr\u00fc halktan \u00f6z\u00fcr diledi. G\u00fcne\u015fk\u00f6y Trafo Merkezi\u2019nde bu sabah saatlerinde ya\u015fanan patlaman\u0131n ard\u0131ndan, \u00fclke genelinde ya\u015fanan elektrik kesintisiyle ilgili olarak, K\u0131b-Tek Genel M\u00fcd\u00fcrl\u00fc\u011f\u00fc\u2019nden yaz\u0131l\u0131 a\u00e7\u0131klama yap\u0131ld\u0131. A\u00e7\u0131klamada \u015funlar kaydedildi: \u201cBug\u00fcn<\/p>\n","protected":false},"author":1,"featured_media":87955,"comment_status":"open","ping_status":"open","sticky":false,"template":"","format":"standard","meta":{"footnotes":""},"categories":[81,101],"tags":[],"class_list":["post-87954","post","type-post","status-publish","format-standard","has-post-thumbnail","hentry","category-kibris","category-manset"],"yoast_head":"<!-- This site is optimized with the Yoast SEO plugin v27.4 - https:\/\/yoast.com\/product\/yoast-seo-wordpress\/ -->\n<title>K\u0131b-Tek: Ar\u0131zadan dolay\u0131 verdi\u011fimiz rahats\u0131zl\u0131ktan \u00f6t\u00fcr\u00fc siz de\u011ferli halk\u0131m\u0131zdan \u00f6z\u00fcr dileriz -<\/title>\n<meta name=\"robots\" content=\"index, follow, max-snippet:-1, max-image-preview:large, max-video-preview:-1\" \/>\n<link rel=\"canonical\" href=\"https:\/\/kibrisdakik.com\/?p=87954\" \/>\n<meta property=\"og:locale\" content=\"tr_TR\" \/>\n<meta property=\"og:type\" content=\"article\" \/>\n<meta property=\"og:title\" content=\"K\u0131b-Tek: Ar\u0131zadan dolay\u0131 verdi\u011fimiz rahats\u0131zl\u0131ktan \u00f6t\u00fcr\u00fc siz de\u011ferli halk\u0131m\u0131zdan \u00f6z\u00fcr dileriz -\" \/>\n<meta property=\"og:description\" content=\"K\u0131br\u0131s T\u00fcrk Elektrik Kurumu (K\u0131b-Tek), ekiplerin m\u00fcdahalesiyle santrallar\u0131n d\u00fczenli y\u00fck art\u0131r\u0131m\u0131 ile devreye al\u0131nmas\u0131yla b\u00f6lgelere peyder pey enerji verilmeye ba\u015fland\u0131\u011f\u0131n\u0131 duyurarak, ar\u0131zadan dolay\u0131 verilen rahats\u0131zl\u0131ktan \u00f6t\u00fcr\u00fc halktan \u00f6z\u00fcr diledi. G\u00fcne\u015fk\u00f6y Trafo Merkezi\u2019nde bu sabah saatlerinde ya\u015fanan patlaman\u0131n ard\u0131ndan, \u00fclke genelinde ya\u015fanan elektrik kesintisiyle ilgili olarak, K\u0131b-Tek Genel M\u00fcd\u00fcrl\u00fc\u011f\u00fc\u2019nden yaz\u0131l\u0131 a\u00e7\u0131klama yap\u0131ld\u0131. A\u00e7\u0131klamada \u015funlar kaydedildi: \u201cBug\u00fcn\" \/>\n<meta property=\"og:url\" content=\"https:\/\/kibrisdakik.com\/?p=87954\" \/>\n<meta property=\"article:published_time\" content=\"2025-08-08T13:26:05+00:00\" \/>\n<meta property=\"og:image\" content=\"https:\/\/kibrisdakik.com\/wp-content\/uploads\/2025\/08\/kibtek-740x420.jpg\" \/>\n\t<meta property=\"og:image:width\" content=\"960\" \/>\n\t<meta property=\"og:image:height\" content=\"423\" \/>\n\t<meta property=\"og:image:type\" content=\"image\/jpeg\" \/>\n<meta name=\"author\" content=\"admin\" \/>\n<meta name=\"twitter:card\" content=\"summary_large_image\" \/>\n<meta name=\"twitter:label1\" content=\"Yazan:\" \/>\n\t<meta name=\"twitter:data1\" content=\"admin\" \/>\n\t<meta name=\"twitter:label2\" content=\"Tahmini okuma s\u00fcresi\" \/>\n\t<meta name=\"twitter:data2\" content=\"1 dakika\" \/>\n<script type=\"application\/ld+json\" class=\"yoast-schema-graph\">{\"@context\":\"https:\\\/\\\/schema.org\",\"@graph\":[{\"@type\":\"Article\",\"@id\":\"https:\\\/\\\/kibrisdakik.com\\\/?p=87954#article\",\"isPartOf\":{\"@id\":\"https:\\\/\\\/kibrisdakik.com\\\/?p=87954\"},\"author\":{\"name\":\"admin\",\"@id\":\"https:\\\/\\\/kibrisdakik.com\\\/#\\\/schema\\\/person\\\/9cd9d437bbb44f72b73ba127e06d8e79\"},\"headline\":\"K\u0131b-Tek: Ar\u0131zadan dolay\u0131 verdi\u011fimiz rahats\u0131zl\u0131ktan \u00f6t\u00fcr\u00fc siz de\u011ferli halk\u0131m\u0131zdan \u00f6z\u00fcr dileriz\",\"datePublished\":\"2025-08-08T13:26:05+00:00\",\"mainEntityOfPage\":{\"@id\":\"https:\\\/\\\/kibrisdakik.com\\\/?p=87954\"},\"wordCount\":233,\"commentCount\":0,\"image\":{\"@id\":\"https:\\\/\\\/kibrisdakik.com\\\/?p=87954#primaryimage\"},\"thumbnailUrl\":\"https:\\\/\\\/kibrisdakik.com\\\/wp-content\\\/uploads\\\/2025\\\/08\\\/kibtek-740x420.jpg\",\"articleSection\":[\"K\u0131br\u0131s\",\"Man\u015fet\"],\"inLanguage\":\"tr\",\"potentialAction\":[{\"@type\":\"CommentAction\",\"name\":\"Comment\",\"target\":[\"https:\\\/\\\/kibrisdakik.com\\\/?p=87954#respond\"]}]},{\"@type\":\"WebPage\",\"@id\":\"https:\\\/\\\/kibrisdakik.com\\\/?p=87954\",\"url\":\"https:\\\/\\\/kibrisdakik.com\\\/?p=87954\",\"name\":\"K\u0131b-Tek: Ar\u0131zadan dolay\u0131 verdi\u011fimiz rahats\u0131zl\u0131ktan \u00f6t\u00fcr\u00fc siz de\u011ferli halk\u0131m\u0131zdan \u00f6z\u00fcr dileriz -\",\"isPartOf\":{\"@id\":\"https:\\\/\\\/kibrisdakik.com\\\/#website\"},\"primaryImageOfPage\":{\"@id\":\"https:\\\/\\\/kibrisdakik.com\\\/?p=87954#primaryimage\"},\"image\":{\"@id\":\"https:\\\/\\\/kibrisdakik.com\\\/?p=87954#primaryimage\"},\"thumbnailUrl\":\"https:\\\/\\\/kibrisdakik.com\\\/wp-content\\\/uploads\\\/2025\\\/08\\\/kibtek-740x420.jpg\",\"datePublished\":\"2025-08-08T13:26:05+00:00\",\"author\":{\"@id\":\"https:\\\/\\\/kibrisdakik.com\\\/#\\\/schema\\\/person\\\/9cd9d437bbb44f72b73ba127e06d8e79\"},\"breadcrumb\":{\"@id\":\"https:\\\/\\\/kibrisdakik.com\\\/?p=87954#breadcrumb\"},\"inLanguage\":\"tr\",\"potentialAction\":[{\"@type\":\"ReadAction\",\"target\":[\"https:\\\/\\\/kibrisdakik.com\\\/?p=87954\"]}]},{\"@type\":\"ImageObject\",\"inLanguage\":\"tr\",\"@id\":\"https:\\\/\\\/kibrisdakik.com\\\/?p=87954#primaryimage\",\"url\":\"https:\\\/\\\/kibrisdakik.com\\\/wp-content\\\/uploads\\\/2025\\\/08\\\/kibtek-740x420.jpg\",\"contentUrl\":\"https:\\\/\\\/kibrisdakik.com\\\/wp-content\\\/uploads\\\/2025\\\/08\\\/kibtek-740x420.jpg\",\"width\":960,\"height\":423},{\"@type\":\"BreadcrumbList\",\"@id\":\"https:\\\/\\\/kibrisdakik.com\\\/?p=87954#breadcrumb\",\"itemListElement\":[{\"@type\":\"ListItem\",\"position\":1,\"name\":\"Home\",\"item\":\"https:\\\/\\\/kibrisdakik.com\\\/\"},{\"@type\":\"ListItem\",\"position\":2,\"name\":\"K\u0131b-Tek: Ar\u0131zadan dolay\u0131 verdi\u011fimiz rahats\u0131zl\u0131ktan \u00f6t\u00fcr\u00fc siz de\u011ferli halk\u0131m\u0131zdan \u00f6z\u00fcr dileriz\"}]},{\"@type\":\"WebSite\",\"@id\":\"https:\\\/\\\/kibrisdakik.com\\\/#website\",\"url\":\"https:\\\/\\\/kibrisdakik.com\\\/\",\"name\":\"\",\"description\":\"Tam vaktinde haber\",\"potentialAction\":[{\"@type\":\"SearchAction\",\"target\":{\"@type\":\"EntryPoint\",\"urlTemplate\":\"https:\\\/\\\/kibrisdakik.com\\\/?s={search_term_string}\"},\"query-input\":{\"@type\":\"PropertyValueSpecification\",\"valueRequired\":true,\"valueName\":\"search_term_string\"}}],\"inLanguage\":\"tr\"},{\"@type\":\"Person\",\"@id\":\"https:\\\/\\\/kibrisdakik.com\\\/#\\\/schema\\\/person\\\/9cd9d437bbb44f72b73ba127e06d8e79\",\"name\":\"admin\",\"image\":{\"@type\":\"ImageObject\",\"inLanguage\":\"tr\",\"@id\":\"https:\\\/\\\/secure.gravatar.com\\\/avatar\\\/ccc17943b9d660506c869530f897617f7cb1c21a4bf30023f252596d83e1f007?s=96&d=mm&r=g\",\"url\":\"https:\\\/\\\/secure.gravatar.com\\\/avatar\\\/ccc17943b9d660506c869530f897617f7cb1c21a4bf30023f252596d83e1f007?s=96&d=mm&r=g\",\"contentUrl\":\"https:\\\/\\\/secure.gravatar.com\\\/avatar\\\/ccc17943b9d660506c869530f897617f7cb1c21a4bf30023f252596d83e1f007?s=96&d=mm&r=g\",\"caption\":\"admin\"},\"sameAs\":[\"https:\\\/\\\/kibrisdakik.com\"],\"url\":\"https:\\\/\\\/kibrisdakik.com\\\/?author=1\"}]}<\/script>\n<!-- \/ Yoast SEO plugin. -->","yoast_head_json":{"title":"K\u0131b-Tek: Ar\u0131zadan dolay\u0131 verdi\u011fimiz rahats\u0131zl\u0131ktan \u00f6t\u00fcr\u00fc siz de\u011ferli halk\u0131m\u0131zdan \u00f6z\u00fcr dileriz -","robots":{"index":"index","follow":"follow","max-snippet":"max-snippet:-1","max-image-preview":"max-image-preview:large","max-video-preview":"max-video-preview:-1"},"canonical":"https:\/\/kibrisdakik.com\/?p=87954","og_locale":"tr_TR","og_type":"article","og_title":"K\u0131b-Tek: Ar\u0131zadan dolay\u0131 verdi\u011fimiz rahats\u0131zl\u0131ktan \u00f6t\u00fcr\u00fc siz de\u011ferli halk\u0131m\u0131zdan \u00f6z\u00fcr dileriz -","og_description":"K\u0131br\u0131s T\u00fcrk Elektrik Kurumu (K\u0131b-Tek), ekiplerin m\u00fcdahalesiyle santrallar\u0131n d\u00fczenli y\u00fck art\u0131r\u0131m\u0131 ile devreye al\u0131nmas\u0131yla b\u00f6lgelere peyder pey enerji verilmeye ba\u015fland\u0131\u011f\u0131n\u0131 duyurarak, ar\u0131zadan dolay\u0131 verilen rahats\u0131zl\u0131ktan \u00f6t\u00fcr\u00fc halktan \u00f6z\u00fcr diledi. G\u00fcne\u015fk\u00f6y Trafo Merkezi\u2019nde bu sabah saatlerinde ya\u015fanan patlaman\u0131n ard\u0131ndan, \u00fclke genelinde ya\u015fanan elektrik kesintisiyle ilgili olarak, K\u0131b-Tek Genel M\u00fcd\u00fcrl\u00fc\u011f\u00fc\u2019nden yaz\u0131l\u0131 a\u00e7\u0131klama yap\u0131ld\u0131. A\u00e7\u0131klamada \u015funlar kaydedildi: \u201cBug\u00fcn","og_url":"https:\/\/kibrisdakik.com\/?p=87954","article_published_time":"2025-08-08T13:26:05+00:00","og_image":[{"width":960,"height":423,"url":"https:\/\/kibrisdakik.com\/wp-content\/uploads\/2025\/08\/kibtek-740x420.jpg","type":"image\/jpeg"}],"author":"admin","twitter_card":"summary_large_image","twitter_misc":{"Yazan:":"admin","Tahmini okuma s\u00fcresi":"1 dakika"},"schema":{"@context":"https:\/\/schema.org","@graph":[{"@type":"Article","@id":"https:\/\/kibrisdakik.com\/?p=87954#article","isPartOf":{"@id":"https:\/\/kibrisdakik.com\/?p=87954"},"author":{"name":"admin","@id":"https:\/\/kibrisdakik.com\/#\/schema\/person\/9cd9d437bbb44f72b73ba127e06d8e79"},"headline":"K\u0131b-Tek: Ar\u0131zadan dolay\u0131 verdi\u011fimiz rahats\u0131zl\u0131ktan \u00f6t\u00fcr\u00fc siz de\u011ferli halk\u0131m\u0131zdan \u00f6z\u00fcr dileriz","datePublished":"2025-08-08T13:26:05+00:00","mainEntityOfPage":{"@id":"https:\/\/kibrisdakik.com\/?p=87954"},"wordCount":233,"commentCount":0,"image":{"@id":"https:\/\/kibrisdakik.com\/?p=87954#primaryimage"},"thumbnailUrl":"https:\/\/kibrisdakik.com\/wp-content\/uploads\/2025\/08\/kibtek-740x420.jpg","articleSection":["K\u0131br\u0131s","Man\u015fet"],"inLanguage":"tr","potentialAction":[{"@type":"CommentAction","name":"Comment","target":["https:\/\/kibrisdakik.com\/?p=87954#respond"]}]},{"@type":"WebPage","@id":"https:\/\/kibrisdakik.com\/?p=87954","url":"https:\/\/kibrisdakik.com\/?p=87954","name":"K\u0131b-Tek: Ar\u0131zadan dolay\u0131 verdi\u011fimiz rahats\u0131zl\u0131ktan \u00f6t\u00fcr\u00fc siz de\u011ferli halk\u0131m\u0131zdan \u00f6z\u00fcr dileriz -","isPartOf":{"@id":"https:\/\/kibrisdakik.com\/#website"},"primaryImageOfPage":{"@id":"https:\/\/kibrisdakik.com\/?p=87954#primaryimage"},"image":{"@id":"https:\/\/kibrisdakik.com\/?p=87954#primaryimage"},"thumbnailUrl":"https:\/\/kibrisdakik.com\/wp-content\/uploads\/2025\/08\/kibtek-740x420.jpg","datePublished":"2025-08-08T13:26:05+00:00","author":{"@id":"https:\/\/kibrisdakik.com\/#\/schema\/person\/9cd9d437bbb44f72b73ba127e06d8e79"},"breadcrumb":{"@id":"https:\/\/kibrisdakik.com\/?p=87954#breadcrumb"},"inLanguage":"tr","potentialAction":[{"@type":"ReadAction","target":["https:\/\/kibrisdakik.com\/?p=87954"]}]},{"@type":"ImageObject","inLanguage":"tr","@id":"https:\/\/kibrisdakik.com\/?p=87954#primaryimage","url":"https:\/\/kibrisdakik.com\/wp-content\/uploads\/2025\/08\/kibtek-740x420.jpg","contentUrl":"https:\/\/kibrisdakik.com\/wp-content\/uploads\/2025\/08\/kibtek-740x420.jpg","width":960,"height":423},{"@type":"BreadcrumbList","@id":"https:\/\/kibrisdakik.com\/?p=87954#breadcrumb","itemListElement":[{"@type":"ListItem","position":1,"name":"Home","item":"https:\/\/kibrisdakik.com\/"},{"@type":"ListItem","position":2,"name":"K\u0131b-Tek: Ar\u0131zadan dolay\u0131 verdi\u011fimiz rahats\u0131zl\u0131ktan \u00f6t\u00fcr\u00fc siz de\u011ferli halk\u0131m\u0131zdan \u00f6z\u00fcr dileriz"}]},{"@type":"WebSite","@id":"https:\/\/kibrisdakik.com\/#website","url":"https:\/\/kibrisdakik.com\/","name":"","description":"Tam vaktinde haber","potentialAction":[{"@type":"SearchAction","target":{"@type":"EntryPoint","urlTemplate":"https:\/\/kibrisdakik.com\/?s={search_term_string}"},"query-input":{"@type":"PropertyValueSpecification","valueRequired":true,"valueName":"search_term_string"}}],"inLanguage":"tr"},{"@type":"Person","@id":"https:\/\/kibrisdakik.com\/#\/schema\/person\/9cd9d437bbb44f72b73ba127e06d8e79","name":"admin","image":{"@type":"ImageObject","inLanguage":"tr","@id":"https:\/\/secure.gravatar.com\/avatar\/ccc17943b9d660506c869530f897617f7cb1c21a4bf30023f252596d83e1f007?s=96&d=mm&r=g","url":"https:\/\/secure.gravatar.com\/avatar\/ccc17943b9d660506c869530f897617f7cb1c21a4bf30023f252596d83e1f007?s=96&d=mm&r=g","contentUrl":"https:\/\/secure.gravatar.com\/avatar\/ccc17943b9d660506c869530f897617f7cb1c21a4bf30023f252596d83e1f007?s=96&d=mm&r=g","caption":"admin"},"sameAs":["https:\/\/kibrisdakik.com"],"url":"https:\/\/kibrisdakik.com\/?author=1"}]}},"_links":{"self":[{"href":"https:\/\/kibrisdakik.com\/index.php?rest_route=\/wp\/v2\/posts\/87954","targetHints":{"allow":["GET"]}}],"collection":[{"href":"https:\/\/kibrisdakik.com\/index.php?rest_route=\/wp\/v2\/posts"}],"about":[{"href":"https:\/\/kibrisdakik.com\/index.php?rest_route=\/wp\/v2\/types\/post"}],"author":[{"embeddable":true,"href":"https:\/\/kibrisdakik.com\/index.php?rest_route=\/wp\/v2\/users\/1"}],"replies":[{"embeddable":true,"href":"https:\/\/kibrisdakik.com\/index.php?rest_route=%2Fwp%2Fv2%2Fcomments&post=87954"}],"version-history":[{"count":0,"href":"https:\/\/kibrisdakik.com\/index.php?rest_route=\/wp\/v2\/posts\/87954\/revisions"}],"wp:featuredmedia":[{"embeddable":true,"href":"https:\/\/kibrisdakik.com\/index.php?rest_route=\/wp\/v2\/media\/87955"}],"wp:attachment":[{"href":"https:\/\/kibrisdakik.com\/index.php?rest_route=%2Fwp%2Fv2%2Fmedia&parent=87954"}],"wp:term":[{"taxonomy":"category","embeddable":true,"href":"https:\/\/kibrisdakik.com\/index.php?rest_route=%2Fwp%2Fv2%2Fcategories&post=87954"},{"taxonomy":"post_tag","embeddable":true,"href":"https:\/\/kibrisdakik.com\/index.php?rest_route=%2Fwp%2Fv2%2Ftags&post=87954"}],"curies":[{"name":"wp","href":"https:\/\/api.w.org\/{rel}","templated":true}]}}