{"id":87962,"date":"2025-08-08T16:59:09","date_gmt":"2025-08-08T13:59:09","guid":{"rendered":"https:\/\/kibrisdakik.com\/index.php\/2025\/08\/08\/kktcell-ek-mobil-jeneratorler-ile-sorun-yasanan-istasyonlara-mudahale-edilmektedir\/"},"modified":"2025-08-08T16:59:09","modified_gmt":"2025-08-08T13:59:09","slug":"kktcell-ek-mobil-jeneratorler-ile-sorun-yasanan-istasyonlara-mudahale-edilmektedir","status":"publish","type":"post","link":"https:\/\/kibrisdakik.com\/?p=87962","title":{"rendered":"KKTCELL: \u201cEk mobil jenerat\u00f6rler ile sorun ya\u015fanan istasyonlara m\u00fcdahale edilmektedir\u201d"},"content":{"rendered":"<p> <br \/>\n<\/p>\n<div>\n<div class=\"mariselle-image-container center\">\n                                            <\/div>\n<p>\nKuzey K\u0131br\u0131s Turkcell (KKTCELL) istasyonlar\u0131nda ak\u00fc yedeklili\u011fi bulunmas\u0131na ra\u011fmen, \u00fclke enerji altyap\u0131s\u0131nda ya\u015fanan kesintinin uzun s\u00fcrmesi nedeniyle ak\u00fclerin yetersiz kald\u0131\u011f\u0131n\u0131 ve hizmet kalitesini olumsuz etkiledi\u011fini a\u00e7\u0131klad\u0131.<\/p>\n<p>KKTCELL Genel M\u00fcd\u00fcr Yard\u0131mc\u0131s\u0131 Ali G\u00fcrler yapt\u0131\u011f\u0131 yaz\u0131l\u0131 a\u00e7\u0131klamada, ada genelinde ya\u015fanan enerji kesintileri nedeniyle baz\u0131 b\u00f6lgelerdeki istasyonlarda ses ve internet hizmetlerini etkileyen kesintiler meydana geldi\u011fini kaydetti.<\/p>\n<p>\u201cT\u00fcm ekiplerimiz, istasyonlar\u0131m\u0131z\u0131n hizmet vermeye devam etmesi ve ar\u0131zalara h\u0131zl\u0131ca m\u00fcdahale edilmesi i\u00e7in \u00e7al\u0131\u015fmalar\u0131n\u0131 s\u00fcrd\u00fcrmektedir.\u201d diyen G\u00fcrler, ayr\u0131ca, ek mobil jenerat\u00f6rler ile sorun ya\u015fanan istasyonlara m\u00fcdahale edildi\u011fini de belirtti.<\/p>\n<p>G\u00fcrler, kesinti olan pek \u00e7ok b\u00f6lgede elektrik verilmeye ba\u015fland\u0131\u011f\u0131n\u0131, KIBTEK\u2019in ar\u0131zay\u0131 gidermesine paralel olarak k\u0131sa s\u00fcre i\u00e7inde ileti\u015fimin kesintisiz devam edece\u011fini de vurgulad\u0131.<\/p>\n<\/p><\/div>\n<p><script async\n                    defer\n                    crossorigin=\"anonymous\"\n                    src=\"https:\/\/connect.facebook.net\/tr_TR\/sdk.js#xfbml=1&#038;version=v3.3\"\n            ><\/script><br \/>\n<br \/><br \/>\n<br \/><a href=\"[kibrisdakik.com]\n<\/p>\n","protected":false},"excerpt":{"rendered":"<p>Kuzey K\u0131br\u0131s Turkcell (KKTCELL) istasyonlar\u0131nda ak\u00fc yedeklili\u011fi bulunmas\u0131na ra\u011fmen, \u00fclke enerji altyap\u0131s\u0131nda ya\u015fanan kesintinin uzun s\u00fcrmesi nedeniyle ak\u00fclerin yetersiz kald\u0131\u011f\u0131n\u0131 ve hizmet kalitesini olumsuz etkiledi\u011fini a\u00e7\u0131klad\u0131. KKTCELL Genel M\u00fcd\u00fcr Yard\u0131mc\u0131s\u0131 Ali G\u00fcrler yapt\u0131\u011f\u0131 yaz\u0131l\u0131 a\u00e7\u0131klamada, ada genelinde ya\u015fanan enerji kesintileri nedeniyle baz\u0131 b\u00f6lgelerdeki istasyonlarda ses ve internet hizmetlerini etkileyen kesintiler meydana geldi\u011fini kaydetti. \u201cT\u00fcm ekiplerimiz,<\/p>\n","protected":false},"author":1,"featured_media":87963,"comment_status":"open","ping_status":"open","sticky":false,"template":"","format":"standard","meta":{"footnotes":""},"categories":[81,101],"tags":[],"class_list":["post-87962","post","type-post","status-publish","format-standard","has-post-thumbnail","hentry","category-kibris","category-manset"],"yoast_head":"<!-- This site is optimized with the Yoast SEO plugin v27.4 - https:\/\/yoast.com\/product\/yoast-seo-wordpress\/ -->\n<title>KKTCELL: \u201cEk mobil jenerat\u00f6rler ile sorun ya\u015fanan istasyonlara m\u00fcdahale edilmektedir\u201d -<\/title>\n<meta name=\"robots\" content=\"index, follow, max-snippet:-1, max-image-preview:large, max-video-preview:-1\" \/>\n<link rel=\"canonical\" href=\"https:\/\/kibrisdakik.com\/?p=87962\" \/>\n<meta property=\"og:locale\" content=\"tr_TR\" \/>\n<meta property=\"og:type\" content=\"article\" \/>\n<meta property=\"og:title\" content=\"KKTCELL: \u201cEk mobil jenerat\u00f6rler ile sorun ya\u015fanan istasyonlara m\u00fcdahale edilmektedir\u201d -\" \/>\n<meta property=\"og:description\" content=\"Kuzey K\u0131br\u0131s Turkcell (KKTCELL) istasyonlar\u0131nda ak\u00fc yedeklili\u011fi bulunmas\u0131na ra\u011fmen, \u00fclke enerji altyap\u0131s\u0131nda ya\u015fanan kesintinin uzun s\u00fcrmesi nedeniyle ak\u00fclerin yetersiz kald\u0131\u011f\u0131n\u0131 ve hizmet kalitesini olumsuz etkiledi\u011fini a\u00e7\u0131klad\u0131. KKTCELL Genel M\u00fcd\u00fcr Yard\u0131mc\u0131s\u0131 Ali G\u00fcrler yapt\u0131\u011f\u0131 yaz\u0131l\u0131 a\u00e7\u0131klamada, ada genelinde ya\u015fanan enerji kesintileri nedeniyle baz\u0131 b\u00f6lgelerdeki istasyonlarda ses ve internet hizmetlerini etkileyen kesintiler meydana geldi\u011fini kaydetti. \u201cT\u00fcm ekiplerimiz,\" \/>\n<meta property=\"og:url\" content=\"https:\/\/kibrisdakik.com\/?p=87962\" \/>\n<meta property=\"article:published_time\" content=\"2025-08-08T13:59:09+00:00\" \/>\n<meta property=\"og:image\" content=\"https:\/\/kibrisdakik.com\/wp-content\/uploads\/2025\/08\/turkcell.gif\" \/>\n\t<meta property=\"og:image:width\" content=\"479\" \/>\n\t<meta property=\"og:image:height\" content=\"335\" \/>\n\t<meta property=\"og:image:type\" content=\"image\/gif\" \/>\n<meta name=\"author\" content=\"admin\" \/>\n<meta name=\"twitter:card\" content=\"summary_large_image\" \/>\n<meta name=\"twitter:label1\" content=\"Yazan:\" \/>\n\t<meta name=\"twitter:data1\" content=\"admin\" \/>\n\t<meta name=\"twitter:label2\" content=\"Tahmini okuma s\u00fcresi\" \/>\n\t<meta name=\"twitter:data2\" content=\"1 dakika\" \/>\n<script type=\"application\/ld+json\" class=\"yoast-schema-graph\">{\"@context\":\"https:\\\/\\\/schema.org\",\"@graph\":[{\"@type\":\"Article\",\"@id\":\"https:\\\/\\\/kibrisdakik.com\\\/?p=87962#article\",\"isPartOf\":{\"@id\":\"https:\\\/\\\/kibrisdakik.com\\\/?p=87962\"},\"author\":{\"name\":\"admin\",\"@id\":\"https:\\\/\\\/kibrisdakik.com\\\/#\\\/schema\\\/person\\\/9cd9d437bbb44f72b73ba127e06d8e79\"},\"headline\":\"KKTCELL: \u201cEk mobil jenerat\u00f6rler ile sorun ya\u015fanan istasyonlara m\u00fcdahale edilmektedir\u201d\",\"datePublished\":\"2025-08-08T13:59:09+00:00\",\"mainEntityOfPage\":{\"@id\":\"https:\\\/\\\/kibrisdakik.com\\\/?p=87962\"},\"wordCount\":174,\"commentCount\":0,\"image\":{\"@id\":\"https:\\\/\\\/kibrisdakik.com\\\/?p=87962#primaryimage\"},\"thumbnailUrl\":\"https:\\\/\\\/kibrisdakik.com\\\/wp-content\\\/uploads\\\/2025\\\/08\\\/turkcell.gif\",\"articleSection\":[\"K\u0131br\u0131s\",\"Man\u015fet\"],\"inLanguage\":\"tr\",\"potentialAction\":[{\"@type\":\"CommentAction\",\"name\":\"Comment\",\"target\":[\"https:\\\/\\\/kibrisdakik.com\\\/?p=87962#respond\"]}]},{\"@type\":\"WebPage\",\"@id\":\"https:\\\/\\\/kibrisdakik.com\\\/?p=87962\",\"url\":\"https:\\\/\\\/kibrisdakik.com\\\/?p=87962\",\"name\":\"KKTCELL: \u201cEk mobil jenerat\u00f6rler ile sorun ya\u015fanan istasyonlara m\u00fcdahale edilmektedir\u201d -\",\"isPartOf\":{\"@id\":\"https:\\\/\\\/kibrisdakik.com\\\/#website\"},\"primaryImageOfPage\":{\"@id\":\"https:\\\/\\\/kibrisdakik.com\\\/?p=87962#primaryimage\"},\"image\":{\"@id\":\"https:\\\/\\\/kibrisdakik.com\\\/?p=87962#primaryimage\"},\"thumbnailUrl\":\"https:\\\/\\\/kibrisdakik.com\\\/wp-content\\\/uploads\\\/2025\\\/08\\\/turkcell.gif\",\"datePublished\":\"2025-08-08T13:59:09+00:00\",\"author\":{\"@id\":\"https:\\\/\\\/kibrisdakik.com\\\/#\\\/schema\\\/person\\\/9cd9d437bbb44f72b73ba127e06d8e79\"},\"breadcrumb\":{\"@id\":\"https:\\\/\\\/kibrisdakik.com\\\/?p=87962#breadcrumb\"},\"inLanguage\":\"tr\",\"potentialAction\":[{\"@type\":\"ReadAction\",\"target\":[\"https:\\\/\\\/kibrisdakik.com\\\/?p=87962\"]}]},{\"@type\":\"ImageObject\",\"inLanguage\":\"tr\",\"@id\":\"https:\\\/\\\/kibrisdakik.com\\\/?p=87962#primaryimage\",\"url\":\"https:\\\/\\\/kibrisdakik.com\\\/wp-content\\\/uploads\\\/2025\\\/08\\\/turkcell.gif\",\"contentUrl\":\"https:\\\/\\\/kibrisdakik.com\\\/wp-content\\\/uploads\\\/2025\\\/08\\\/turkcell.gif\",\"width\":479,\"height\":335},{\"@type\":\"BreadcrumbList\",\"@id\":\"https:\\\/\\\/kibrisdakik.com\\\/?p=87962#breadcrumb\",\"itemListElement\":[{\"@type\":\"ListItem\",\"position\":1,\"name\":\"Home\",\"item\":\"https:\\\/\\\/kibrisdakik.com\\\/\"},{\"@type\":\"ListItem\",\"position\":2,\"name\":\"KKTCELL: \u201cEk mobil jenerat\u00f6rler ile sorun ya\u015fanan istasyonlara m\u00fcdahale edilmektedir\u201d\"}]},{\"@type\":\"WebSite\",\"@id\":\"https:\\\/\\\/kibrisdakik.com\\\/#website\",\"url\":\"https:\\\/\\\/kibrisdakik.com\\\/\",\"name\":\"\",\"description\":\"Tam vaktinde haber\",\"potentialAction\":[{\"@type\":\"SearchAction\",\"target\":{\"@type\":\"EntryPoint\",\"urlTemplate\":\"https:\\\/\\\/kibrisdakik.com\\\/?s={search_term_string}\"},\"query-input\":{\"@type\":\"PropertyValueSpecification\",\"valueRequired\":true,\"valueName\":\"search_term_string\"}}],\"inLanguage\":\"tr\"},{\"@type\":\"Person\",\"@id\":\"https:\\\/\\\/kibrisdakik.com\\\/#\\\/schema\\\/person\\\/9cd9d437bbb44f72b73ba127e06d8e79\",\"name\":\"admin\",\"image\":{\"@type\":\"ImageObject\",\"inLanguage\":\"tr\",\"@id\":\"https:\\\/\\\/secure.gravatar.com\\\/avatar\\\/ccc17943b9d660506c869530f897617f7cb1c21a4bf30023f252596d83e1f007?s=96&d=mm&r=g\",\"url\":\"https:\\\/\\\/secure.gravatar.com\\\/avatar\\\/ccc17943b9d660506c869530f897617f7cb1c21a4bf30023f252596d83e1f007?s=96&d=mm&r=g\",\"contentUrl\":\"https:\\\/\\\/secure.gravatar.com\\\/avatar\\\/ccc17943b9d660506c869530f897617f7cb1c21a4bf30023f252596d83e1f007?s=96&d=mm&r=g\",\"caption\":\"admin\"},\"sameAs\":[\"https:\\\/\\\/kibrisdakik.com\"],\"url\":\"https:\\\/\\\/kibrisdakik.com\\\/?author=1\"}]}<\/script>\n<!-- \/ Yoast SEO plugin. -->","yoast_head_json":{"title":"KKTCELL: \u201cEk mobil jenerat\u00f6rler ile sorun ya\u015fanan istasyonlara m\u00fcdahale edilmektedir\u201d -","robots":{"index":"index","follow":"follow","max-snippet":"max-snippet:-1","max-image-preview":"max-image-preview:large","max-video-preview":"max-video-preview:-1"},"canonical":"https:\/\/kibrisdakik.com\/?p=87962","og_locale":"tr_TR","og_type":"article","og_title":"KKTCELL: \u201cEk mobil jenerat\u00f6rler ile sorun ya\u015fanan istasyonlara m\u00fcdahale edilmektedir\u201d -","og_description":"Kuzey K\u0131br\u0131s Turkcell (KKTCELL) istasyonlar\u0131nda ak\u00fc yedeklili\u011fi bulunmas\u0131na ra\u011fmen, \u00fclke enerji altyap\u0131s\u0131nda ya\u015fanan kesintinin uzun s\u00fcrmesi nedeniyle ak\u00fclerin yetersiz kald\u0131\u011f\u0131n\u0131 ve hizmet kalitesini olumsuz etkiledi\u011fini a\u00e7\u0131klad\u0131. KKTCELL Genel M\u00fcd\u00fcr Yard\u0131mc\u0131s\u0131 Ali G\u00fcrler yapt\u0131\u011f\u0131 yaz\u0131l\u0131 a\u00e7\u0131klamada, ada genelinde ya\u015fanan enerji kesintileri nedeniyle baz\u0131 b\u00f6lgelerdeki istasyonlarda ses ve internet hizmetlerini etkileyen kesintiler meydana geldi\u011fini kaydetti. \u201cT\u00fcm ekiplerimiz,","og_url":"https:\/\/kibrisdakik.com\/?p=87962","article_published_time":"2025-08-08T13:59:09+00:00","og_image":[{"width":479,"height":335,"url":"https:\/\/kibrisdakik.com\/wp-content\/uploads\/2025\/08\/turkcell.gif","type":"image\/gif"}],"author":"admin","twitter_card":"summary_large_image","twitter_misc":{"Yazan:":"admin","Tahmini okuma s\u00fcresi":"1 dakika"},"schema":{"@context":"https:\/\/schema.org","@graph":[{"@type":"Article","@id":"https:\/\/kibrisdakik.com\/?p=87962#article","isPartOf":{"@id":"https:\/\/kibrisdakik.com\/?p=87962"},"author":{"name":"admin","@id":"https:\/\/kibrisdakik.com\/#\/schema\/person\/9cd9d437bbb44f72b73ba127e06d8e79"},"headline":"KKTCELL: \u201cEk mobil jenerat\u00f6rler ile sorun ya\u015fanan istasyonlara m\u00fcdahale edilmektedir\u201d","datePublished":"2025-08-08T13:59:09+00:00","mainEntityOfPage":{"@id":"https:\/\/kibrisdakik.com\/?p=87962"},"wordCount":174,"commentCount":0,"image":{"@id":"https:\/\/kibrisdakik.com\/?p=87962#primaryimage"},"thumbnailUrl":"https:\/\/kibrisdakik.com\/wp-content\/uploads\/2025\/08\/turkcell.gif","articleSection":["K\u0131br\u0131s","Man\u015fet"],"inLanguage":"tr","potentialAction":[{"@type":"CommentAction","name":"Comment","target":["https:\/\/kibrisdakik.com\/?p=87962#respond"]}]},{"@type":"WebPage","@id":"https:\/\/kibrisdakik.com\/?p=87962","url":"https:\/\/kibrisdakik.com\/?p=87962","name":"KKTCELL: \u201cEk mobil jenerat\u00f6rler ile sorun ya\u015fanan istasyonlara m\u00fcdahale edilmektedir\u201d -","isPartOf":{"@id":"https:\/\/kibrisdakik.com\/#website"},"primaryImageOfPage":{"@id":"https:\/\/kibrisdakik.com\/?p=87962#primaryimage"},"image":{"@id":"https:\/\/kibrisdakik.com\/?p=87962#primaryimage"},"thumbnailUrl":"https:\/\/kibrisdakik.com\/wp-content\/uploads\/2025\/08\/turkcell.gif","datePublished":"2025-08-08T13:59:09+00:00","author":{"@id":"https:\/\/kibrisdakik.com\/#\/schema\/person\/9cd9d437bbb44f72b73ba127e06d8e79"},"breadcrumb":{"@id":"https:\/\/kibrisdakik.com\/?p=87962#breadcrumb"},"inLanguage":"tr","potentialAction":[{"@type":"ReadAction","target":["https:\/\/kibrisdakik.com\/?p=87962"]}]},{"@type":"ImageObject","inLanguage":"tr","@id":"https:\/\/kibrisdakik.com\/?p=87962#primaryimage","url":"https:\/\/kibrisdakik.com\/wp-content\/uploads\/2025\/08\/turkcell.gif","contentUrl":"https:\/\/kibrisdakik.com\/wp-content\/uploads\/2025\/08\/turkcell.gif","width":479,"height":335},{"@type":"BreadcrumbList","@id":"https:\/\/kibrisdakik.com\/?p=87962#breadcrumb","itemListElement":[{"@type":"ListItem","position":1,"name":"Home","item":"https:\/\/kibrisdakik.com\/"},{"@type":"ListItem","position":2,"name":"KKTCELL: \u201cEk mobil jenerat\u00f6rler ile sorun ya\u015fanan istasyonlara m\u00fcdahale edilmektedir\u201d"}]},{"@type":"WebSite","@id":"https:\/\/kibrisdakik.com\/#website","url":"https:\/\/kibrisdakik.com\/","name":"","description":"Tam vaktinde haber","potentialAction":[{"@type":"SearchAction","target":{"@type":"EntryPoint","urlTemplate":"https:\/\/kibrisdakik.com\/?s={search_term_string}"},"query-input":{"@type":"PropertyValueSpecification","valueRequired":true,"valueName":"search_term_string"}}],"inLanguage":"tr"},{"@type":"Person","@id":"https:\/\/kibrisdakik.com\/#\/schema\/person\/9cd9d437bbb44f72b73ba127e06d8e79","name":"admin","image":{"@type":"ImageObject","inLanguage":"tr","@id":"https:\/\/secure.gravatar.com\/avatar\/ccc17943b9d660506c869530f897617f7cb1c21a4bf30023f252596d83e1f007?s=96&d=mm&r=g","url":"https:\/\/secure.gravatar.com\/avatar\/ccc17943b9d660506c869530f897617f7cb1c21a4bf30023f252596d83e1f007?s=96&d=mm&r=g","contentUrl":"https:\/\/secure.gravatar.com\/avatar\/ccc17943b9d660506c869530f897617f7cb1c21a4bf30023f252596d83e1f007?s=96&d=mm&r=g","caption":"admin"},"sameAs":["https:\/\/kibrisdakik.com"],"url":"https:\/\/kibrisdakik.com\/?author=1"}]}},"_links":{"self":[{"href":"https:\/\/kibrisdakik.com\/index.php?rest_route=\/wp\/v2\/posts\/87962","targetHints":{"allow":["GET"]}}],"collection":[{"href":"https:\/\/kibrisdakik.com\/index.php?rest_route=\/wp\/v2\/posts"}],"about":[{"href":"https:\/\/kibrisdakik.com\/index.php?rest_route=\/wp\/v2\/types\/post"}],"author":[{"embeddable":true,"href":"https:\/\/kibrisdakik.com\/index.php?rest_route=\/wp\/v2\/users\/1"}],"replies":[{"embeddable":true,"href":"https:\/\/kibrisdakik.com\/index.php?rest_route=%2Fwp%2Fv2%2Fcomments&post=87962"}],"version-history":[{"count":0,"href":"https:\/\/kibrisdakik.com\/index.php?rest_route=\/wp\/v2\/posts\/87962\/revisions"}],"wp:featuredmedia":[{"embeddable":true,"href":"https:\/\/kibrisdakik.com\/index.php?rest_route=\/wp\/v2\/media\/87963"}],"wp:attachment":[{"href":"https:\/\/kibrisdakik.com\/index.php?rest_route=%2Fwp%2Fv2%2Fmedia&parent=87962"}],"wp:term":[{"taxonomy":"category","embeddable":true,"href":"https:\/\/kibrisdakik.com\/index.php?rest_route=%2Fwp%2Fv2%2Fcategories&post=87962"},{"taxonomy":"post_tag","embeddable":true,"href":"https:\/\/kibrisdakik.com\/index.php?rest_route=%2Fwp%2Fv2%2Ftags&post=87962"}],"curies":[{"name":"wp","href":"https:\/\/api.w.org\/{rel}","templated":true}]}}