{"id":87968,"date":"2025-08-08T17:21:09","date_gmt":"2025-08-08T14:21:09","guid":{"rendered":"https:\/\/kibrisdakik.com\/index.php\/2025\/08\/08\/cumhuriyetci-turk-partisi-birlikte-gelecege-imza-atiyoruz-sloganiyla-lefkosada-etkinlik-duzenledi\/"},"modified":"2025-08-08T17:21:09","modified_gmt":"2025-08-08T14:21:09","slug":"cumhuriyetci-turk-partisi-birlikte-gelecege-imza-atiyoruz-sloganiyla-lefkosada-etkinlik-duzenledi","status":"publish","type":"post","link":"https:\/\/kibrisdakik.com\/?p=87968","title":{"rendered":"Cumhuriyet\u00e7i T\u00fcrk Partisi, \u201cBirlikte Gelece\u011fe \u0130mza At\u0131yoruz\u201d slogan\u0131yla Lefko\u015fa\u2019da etkinlik d\u00fczenledi"},"content":{"rendered":"<p> <br \/>\n<\/p>\n<div>\n<div class=\"mariselle-image-container center\">\n                                            <\/div>\n<p>\u00a0<\/p>\n<p>Cumhuriyet\u00e7i T\u00fcrk Partisi, \u201cBirlikte Gelece\u011fe \u0130mza At\u0131yoruz\u201d slogan\u0131yla Lefko\u015fa\u2019daki K\u0131z\u0131lba\u015f Park\u0131\u2019nda etkinlik d\u00fczenledi.<\/p>\n<p>Etkinlikte halka seslenen CTP Genel Ba\u015fkan\u0131 ve Cumhurba\u015fkan\u0131 aday\u0131 Tufan Erh\u00fcrman birlikte y\u00f6netim ve ortak gelecek vizyonunu ortaya koydu.<\/p>\n<p>Erh\u00fcrman, \u201cOrtak s\u00f6z\u00fcm\u00fcz\u00fc \u00fcretmeye, gelece\u011fe imza atmaya geldiniz. Kaybedecek 5 y\u0131l\u0131m\u0131z daha yok, \u00e7ocuklar\u0131m\u0131z\u0131n d\u00f6nmek isteyece\u011fi bir memleket Yarataca\u011f\u0131z Bu topraklarda gelecek kurmak isteyen herkesle birlikte y\u00fcr\u00fcyece\u011fiz\u201d dedi.<\/p>\n<p>Konu\u015fmas\u0131nda K\u0131br\u0131s sorununa i\u015faret eden Erh\u00fcrman, \u00e7\u00f6z\u00fcm iradesinin var oldu\u011funu belirterek, hedeflerinin iki kurucu devletli, iki b\u00f6lgeli, siyasi e\u015fitli\u011fe dayal\u0131 federal \u00e7\u00f6z\u00fcm oldu\u011funu s\u00f6yledi.<br \/>Erh\u00fcrman, \u201cBiz bu adan\u0131n iki e\u015fit kurucu orta\u011f\u0131ndan biriyiz\u201d dedi.<\/p>\n<p>BM, AB, T\u00fcrkiye ve uluslararas\u0131 kurulu\u015flarla g\u00f6r\u00fc\u015fmeler yapacaklar\u0131n\u0131 belirten Erh\u00fcrman, \u201c\u00c7\u00f6z\u00fcm\u00fcn ne oldu\u011funu \u00e7ok iyi biliyoruz. Diyalog ve diplomasi her zaman iyidir, herkesle diyalog ve diplomasi kuraca\u011f\u0131z. Muteber ve sayg\u0131n bir taraf olarak bu ili\u015fkileri s\u00fcrd\u00fcrece\u011fiz\u201d dedi.<\/p>\n<p>Cumhurba\u015fkanl\u0131\u011f\u0131nda sadece K\u0131br\u0131s sorununun \u00e7\u00f6z\u00fcm\u00fcne y\u00f6nelik de\u011fil, ekonomik ve sosyal sorunlarla da ilgilenilece\u011fini belirten Erh\u00fcrman, \u201cCumhurba\u015fkan\u0131 \u2018yetkim yok\u2019 diyemez. O koltukta outran herkes halk\u0131n derdiyle dertlenecek\u201d ifadelerini kulland\u0131.<br \/>Etkinlikte konu\u015fan Toplumcu Demokrasi Partisi Genel Ba\u015fkan\u0131 Zeki \u00c7eler ile Lefko\u015fa Belediye Ba\u015fkan\u0131 Mehmet Harmanc\u0131 da dayan\u0131\u015fma \u00e7a\u011fr\u0131s\u0131 yapt\u0131.<\/p>\n<\/p><\/div>\n<p><script async\n                    defer\n                    crossorigin=\"anonymous\"\n                    src=\"https:\/\/connect.facebook.net\/tr_TR\/sdk.js#xfbml=1&#038;version=v3.3\"\n            ><\/script><br \/>\n<br \/><br \/>\n<br \/><a href=\"[kibrisdakik.com]\n<\/p>\n","protected":false},"excerpt":{"rendered":"<p>\u00a0 Cumhuriyet\u00e7i T\u00fcrk Partisi, \u201cBirlikte Gelece\u011fe \u0130mza At\u0131yoruz\u201d slogan\u0131yla Lefko\u015fa\u2019daki K\u0131z\u0131lba\u015f Park\u0131\u2019nda etkinlik d\u00fczenledi. Etkinlikte halka seslenen CTP Genel Ba\u015fkan\u0131 ve Cumhurba\u015fkan\u0131 aday\u0131 Tufan Erh\u00fcrman birlikte y\u00f6netim ve ortak gelecek vizyonunu ortaya koydu. Erh\u00fcrman, \u201cOrtak s\u00f6z\u00fcm\u00fcz\u00fc \u00fcretmeye, gelece\u011fe imza atmaya geldiniz. Kaybedecek 5 y\u0131l\u0131m\u0131z daha yok, \u00e7ocuklar\u0131m\u0131z\u0131n d\u00f6nmek isteyece\u011fi bir memleket Yarataca\u011f\u0131z Bu topraklarda gelecek<\/p>\n","protected":false},"author":1,"featured_media":87969,"comment_status":"open","ping_status":"open","sticky":false,"template":"","format":"standard","meta":{"footnotes":""},"categories":[81,101],"tags":[],"class_list":["post-87968","post","type-post","status-publish","format-standard","has-post-thumbnail","hentry","category-kibris","category-manset"],"yoast_head":"<!-- This site is optimized with the Yoast SEO plugin v27.4 - https:\/\/yoast.com\/product\/yoast-seo-wordpress\/ -->\n<title>Cumhuriyet\u00e7i T\u00fcrk Partisi, \u201cBirlikte Gelece\u011fe \u0130mza At\u0131yoruz\u201d slogan\u0131yla Lefko\u015fa\u2019da etkinlik d\u00fczenledi -<\/title>\n<meta name=\"robots\" content=\"index, follow, max-snippet:-1, max-image-preview:large, max-video-preview:-1\" \/>\n<link rel=\"canonical\" href=\"https:\/\/kibrisdakik.com\/?p=87968\" \/>\n<meta property=\"og:locale\" content=\"tr_TR\" \/>\n<meta property=\"og:type\" content=\"article\" \/>\n<meta property=\"og:title\" content=\"Cumhuriyet\u00e7i T\u00fcrk Partisi, \u201cBirlikte Gelece\u011fe \u0130mza At\u0131yoruz\u201d slogan\u0131yla Lefko\u015fa\u2019da etkinlik d\u00fczenledi -\" \/>\n<meta property=\"og:description\" content=\"\u00a0 Cumhuriyet\u00e7i T\u00fcrk Partisi, \u201cBirlikte Gelece\u011fe \u0130mza At\u0131yoruz\u201d slogan\u0131yla Lefko\u015fa\u2019daki K\u0131z\u0131lba\u015f Park\u0131\u2019nda etkinlik d\u00fczenledi. Etkinlikte halka seslenen CTP Genel Ba\u015fkan\u0131 ve Cumhurba\u015fkan\u0131 aday\u0131 Tufan Erh\u00fcrman birlikte y\u00f6netim ve ortak gelecek vizyonunu ortaya koydu. Erh\u00fcrman, \u201cOrtak s\u00f6z\u00fcm\u00fcz\u00fc \u00fcretmeye, gelece\u011fe imza atmaya geldiniz. Kaybedecek 5 y\u0131l\u0131m\u0131z daha yok, \u00e7ocuklar\u0131m\u0131z\u0131n d\u00f6nmek isteyece\u011fi bir memleket Yarataca\u011f\u0131z Bu topraklarda gelecek\" \/>\n<meta property=\"og:url\" content=\"https:\/\/kibrisdakik.com\/?p=87968\" \/>\n<meta property=\"article:published_time\" content=\"2025-08-08T14:21:09+00:00\" \/>\n<meta property=\"og:image\" content=\"https:\/\/kibrisdakik.com\/wp-content\/uploads\/2025\/08\/529474818_10163347696770351_196001880705461959_n-740x420.jpg\" \/>\n\t<meta property=\"og:image:width\" content=\"960\" \/>\n\t<meta property=\"og:image:height\" content=\"642\" \/>\n\t<meta property=\"og:image:type\" content=\"image\/jpeg\" \/>\n<meta name=\"author\" content=\"admin\" \/>\n<meta name=\"twitter:card\" content=\"summary_large_image\" \/>\n<meta name=\"twitter:label1\" content=\"Yazan:\" \/>\n\t<meta name=\"twitter:data1\" content=\"admin\" \/>\n\t<meta name=\"twitter:label2\" content=\"Tahmini okuma s\u00fcresi\" \/>\n\t<meta name=\"twitter:data2\" content=\"1 dakika\" \/>\n<script type=\"application\/ld+json\" class=\"yoast-schema-graph\">{\"@context\":\"https:\\\/\\\/schema.org\",\"@graph\":[{\"@type\":\"Article\",\"@id\":\"https:\\\/\\\/kibrisdakik.com\\\/?p=87968#article\",\"isPartOf\":{\"@id\":\"https:\\\/\\\/kibrisdakik.com\\\/?p=87968\"},\"author\":{\"name\":\"admin\",\"@id\":\"https:\\\/\\\/kibrisdakik.com\\\/#\\\/schema\\\/person\\\/9cd9d437bbb44f72b73ba127e06d8e79\"},\"headline\":\"Cumhuriyet\u00e7i T\u00fcrk Partisi, \u201cBirlikte Gelece\u011fe \u0130mza At\u0131yoruz\u201d slogan\u0131yla Lefko\u015fa\u2019da etkinlik d\u00fczenledi\",\"datePublished\":\"2025-08-08T14:21:09+00:00\",\"mainEntityOfPage\":{\"@id\":\"https:\\\/\\\/kibrisdakik.com\\\/?p=87968\"},\"wordCount\":282,\"commentCount\":0,\"image\":{\"@id\":\"https:\\\/\\\/kibrisdakik.com\\\/?p=87968#primaryimage\"},\"thumbnailUrl\":\"https:\\\/\\\/kibrisdakik.com\\\/wp-content\\\/uploads\\\/2025\\\/08\\\/529474818_10163347696770351_196001880705461959_n-740x420.jpg\",\"articleSection\":[\"K\u0131br\u0131s\",\"Man\u015fet\"],\"inLanguage\":\"tr\",\"potentialAction\":[{\"@type\":\"CommentAction\",\"name\":\"Comment\",\"target\":[\"https:\\\/\\\/kibrisdakik.com\\\/?p=87968#respond\"]}]},{\"@type\":\"WebPage\",\"@id\":\"https:\\\/\\\/kibrisdakik.com\\\/?p=87968\",\"url\":\"https:\\\/\\\/kibrisdakik.com\\\/?p=87968\",\"name\":\"Cumhuriyet\u00e7i T\u00fcrk Partisi, \u201cBirlikte Gelece\u011fe \u0130mza At\u0131yoruz\u201d slogan\u0131yla Lefko\u015fa\u2019da etkinlik d\u00fczenledi -\",\"isPartOf\":{\"@id\":\"https:\\\/\\\/kibrisdakik.com\\\/#website\"},\"primaryImageOfPage\":{\"@id\":\"https:\\\/\\\/kibrisdakik.com\\\/?p=87968#primaryimage\"},\"image\":{\"@id\":\"https:\\\/\\\/kibrisdakik.com\\\/?p=87968#primaryimage\"},\"thumbnailUrl\":\"https:\\\/\\\/kibrisdakik.com\\\/wp-content\\\/uploads\\\/2025\\\/08\\\/529474818_10163347696770351_196001880705461959_n-740x420.jpg\",\"datePublished\":\"2025-08-08T14:21:09+00:00\",\"author\":{\"@id\":\"https:\\\/\\\/kibrisdakik.com\\\/#\\\/schema\\\/person\\\/9cd9d437bbb44f72b73ba127e06d8e79\"},\"breadcrumb\":{\"@id\":\"https:\\\/\\\/kibrisdakik.com\\\/?p=87968#breadcrumb\"},\"inLanguage\":\"tr\",\"potentialAction\":[{\"@type\":\"ReadAction\",\"target\":[\"https:\\\/\\\/kibrisdakik.com\\\/?p=87968\"]}]},{\"@type\":\"ImageObject\",\"inLanguage\":\"tr\",\"@id\":\"https:\\\/\\\/kibrisdakik.com\\\/?p=87968#primaryimage\",\"url\":\"https:\\\/\\\/kibrisdakik.com\\\/wp-content\\\/uploads\\\/2025\\\/08\\\/529474818_10163347696770351_196001880705461959_n-740x420.jpg\",\"contentUrl\":\"https:\\\/\\\/kibrisdakik.com\\\/wp-content\\\/uploads\\\/2025\\\/08\\\/529474818_10163347696770351_196001880705461959_n-740x420.jpg\",\"width\":960,\"height\":642},{\"@type\":\"BreadcrumbList\",\"@id\":\"https:\\\/\\\/kibrisdakik.com\\\/?p=87968#breadcrumb\",\"itemListElement\":[{\"@type\":\"ListItem\",\"position\":1,\"name\":\"Home\",\"item\":\"https:\\\/\\\/kibrisdakik.com\\\/\"},{\"@type\":\"ListItem\",\"position\":2,\"name\":\"Cumhuriyet\u00e7i T\u00fcrk Partisi, \u201cBirlikte Gelece\u011fe \u0130mza At\u0131yoruz\u201d slogan\u0131yla Lefko\u015fa\u2019da etkinlik d\u00fczenledi\"}]},{\"@type\":\"WebSite\",\"@id\":\"https:\\\/\\\/kibrisdakik.com\\\/#website\",\"url\":\"https:\\\/\\\/kibrisdakik.com\\\/\",\"name\":\"\",\"description\":\"Tam vaktinde haber\",\"potentialAction\":[{\"@type\":\"SearchAction\",\"target\":{\"@type\":\"EntryPoint\",\"urlTemplate\":\"https:\\\/\\\/kibrisdakik.com\\\/?s={search_term_string}\"},\"query-input\":{\"@type\":\"PropertyValueSpecification\",\"valueRequired\":true,\"valueName\":\"search_term_string\"}}],\"inLanguage\":\"tr\"},{\"@type\":\"Person\",\"@id\":\"https:\\\/\\\/kibrisdakik.com\\\/#\\\/schema\\\/person\\\/9cd9d437bbb44f72b73ba127e06d8e79\",\"name\":\"admin\",\"image\":{\"@type\":\"ImageObject\",\"inLanguage\":\"tr\",\"@id\":\"https:\\\/\\\/secure.gravatar.com\\\/avatar\\\/ccc17943b9d660506c869530f897617f7cb1c21a4bf30023f252596d83e1f007?s=96&d=mm&r=g\",\"url\":\"https:\\\/\\\/secure.gravatar.com\\\/avatar\\\/ccc17943b9d660506c869530f897617f7cb1c21a4bf30023f252596d83e1f007?s=96&d=mm&r=g\",\"contentUrl\":\"https:\\\/\\\/secure.gravatar.com\\\/avatar\\\/ccc17943b9d660506c869530f897617f7cb1c21a4bf30023f252596d83e1f007?s=96&d=mm&r=g\",\"caption\":\"admin\"},\"sameAs\":[\"https:\\\/\\\/kibrisdakik.com\"],\"url\":\"https:\\\/\\\/kibrisdakik.com\\\/?author=1\"}]}<\/script>\n<!-- \/ Yoast SEO plugin. -->","yoast_head_json":{"title":"Cumhuriyet\u00e7i T\u00fcrk Partisi, \u201cBirlikte Gelece\u011fe \u0130mza At\u0131yoruz\u201d slogan\u0131yla Lefko\u015fa\u2019da etkinlik d\u00fczenledi -","robots":{"index":"index","follow":"follow","max-snippet":"max-snippet:-1","max-image-preview":"max-image-preview:large","max-video-preview":"max-video-preview:-1"},"canonical":"https:\/\/kibrisdakik.com\/?p=87968","og_locale":"tr_TR","og_type":"article","og_title":"Cumhuriyet\u00e7i T\u00fcrk Partisi, \u201cBirlikte Gelece\u011fe \u0130mza At\u0131yoruz\u201d slogan\u0131yla Lefko\u015fa\u2019da etkinlik d\u00fczenledi -","og_description":"\u00a0 Cumhuriyet\u00e7i T\u00fcrk Partisi, \u201cBirlikte Gelece\u011fe \u0130mza At\u0131yoruz\u201d slogan\u0131yla Lefko\u015fa\u2019daki K\u0131z\u0131lba\u015f Park\u0131\u2019nda etkinlik d\u00fczenledi. Etkinlikte halka seslenen CTP Genel Ba\u015fkan\u0131 ve Cumhurba\u015fkan\u0131 aday\u0131 Tufan Erh\u00fcrman birlikte y\u00f6netim ve ortak gelecek vizyonunu ortaya koydu. Erh\u00fcrman, \u201cOrtak s\u00f6z\u00fcm\u00fcz\u00fc \u00fcretmeye, gelece\u011fe imza atmaya geldiniz. Kaybedecek 5 y\u0131l\u0131m\u0131z daha yok, \u00e7ocuklar\u0131m\u0131z\u0131n d\u00f6nmek isteyece\u011fi bir memleket Yarataca\u011f\u0131z Bu topraklarda gelecek","og_url":"https:\/\/kibrisdakik.com\/?p=87968","article_published_time":"2025-08-08T14:21:09+00:00","og_image":[{"width":960,"height":642,"url":"https:\/\/kibrisdakik.com\/wp-content\/uploads\/2025\/08\/529474818_10163347696770351_196001880705461959_n-740x420.jpg","type":"image\/jpeg"}],"author":"admin","twitter_card":"summary_large_image","twitter_misc":{"Yazan:":"admin","Tahmini okuma s\u00fcresi":"1 dakika"},"schema":{"@context":"https:\/\/schema.org","@graph":[{"@type":"Article","@id":"https:\/\/kibrisdakik.com\/?p=87968#article","isPartOf":{"@id":"https:\/\/kibrisdakik.com\/?p=87968"},"author":{"name":"admin","@id":"https:\/\/kibrisdakik.com\/#\/schema\/person\/9cd9d437bbb44f72b73ba127e06d8e79"},"headline":"Cumhuriyet\u00e7i T\u00fcrk Partisi, \u201cBirlikte Gelece\u011fe \u0130mza At\u0131yoruz\u201d slogan\u0131yla Lefko\u015fa\u2019da etkinlik d\u00fczenledi","datePublished":"2025-08-08T14:21:09+00:00","mainEntityOfPage":{"@id":"https:\/\/kibrisdakik.com\/?p=87968"},"wordCount":282,"commentCount":0,"image":{"@id":"https:\/\/kibrisdakik.com\/?p=87968#primaryimage"},"thumbnailUrl":"https:\/\/kibrisdakik.com\/wp-content\/uploads\/2025\/08\/529474818_10163347696770351_196001880705461959_n-740x420.jpg","articleSection":["K\u0131br\u0131s","Man\u015fet"],"inLanguage":"tr","potentialAction":[{"@type":"CommentAction","name":"Comment","target":["https:\/\/kibrisdakik.com\/?p=87968#respond"]}]},{"@type":"WebPage","@id":"https:\/\/kibrisdakik.com\/?p=87968","url":"https:\/\/kibrisdakik.com\/?p=87968","name":"Cumhuriyet\u00e7i T\u00fcrk Partisi, \u201cBirlikte Gelece\u011fe \u0130mza At\u0131yoruz\u201d slogan\u0131yla Lefko\u015fa\u2019da etkinlik d\u00fczenledi -","isPartOf":{"@id":"https:\/\/kibrisdakik.com\/#website"},"primaryImageOfPage":{"@id":"https:\/\/kibrisdakik.com\/?p=87968#primaryimage"},"image":{"@id":"https:\/\/kibrisdakik.com\/?p=87968#primaryimage"},"thumbnailUrl":"https:\/\/kibrisdakik.com\/wp-content\/uploads\/2025\/08\/529474818_10163347696770351_196001880705461959_n-740x420.jpg","datePublished":"2025-08-08T14:21:09+00:00","author":{"@id":"https:\/\/kibrisdakik.com\/#\/schema\/person\/9cd9d437bbb44f72b73ba127e06d8e79"},"breadcrumb":{"@id":"https:\/\/kibrisdakik.com\/?p=87968#breadcrumb"},"inLanguage":"tr","potentialAction":[{"@type":"ReadAction","target":["https:\/\/kibrisdakik.com\/?p=87968"]}]},{"@type":"ImageObject","inLanguage":"tr","@id":"https:\/\/kibrisdakik.com\/?p=87968#primaryimage","url":"https:\/\/kibrisdakik.com\/wp-content\/uploads\/2025\/08\/529474818_10163347696770351_196001880705461959_n-740x420.jpg","contentUrl":"https:\/\/kibrisdakik.com\/wp-content\/uploads\/2025\/08\/529474818_10163347696770351_196001880705461959_n-740x420.jpg","width":960,"height":642},{"@type":"BreadcrumbList","@id":"https:\/\/kibrisdakik.com\/?p=87968#breadcrumb","itemListElement":[{"@type":"ListItem","position":1,"name":"Home","item":"https:\/\/kibrisdakik.com\/"},{"@type":"ListItem","position":2,"name":"Cumhuriyet\u00e7i T\u00fcrk Partisi, \u201cBirlikte Gelece\u011fe \u0130mza At\u0131yoruz\u201d slogan\u0131yla Lefko\u015fa\u2019da etkinlik d\u00fczenledi"}]},{"@type":"WebSite","@id":"https:\/\/kibrisdakik.com\/#website","url":"https:\/\/kibrisdakik.com\/","name":"","description":"Tam vaktinde haber","potentialAction":[{"@type":"SearchAction","target":{"@type":"EntryPoint","urlTemplate":"https:\/\/kibrisdakik.com\/?s={search_term_string}"},"query-input":{"@type":"PropertyValueSpecification","valueRequired":true,"valueName":"search_term_string"}}],"inLanguage":"tr"},{"@type":"Person","@id":"https:\/\/kibrisdakik.com\/#\/schema\/person\/9cd9d437bbb44f72b73ba127e06d8e79","name":"admin","image":{"@type":"ImageObject","inLanguage":"tr","@id":"https:\/\/secure.gravatar.com\/avatar\/ccc17943b9d660506c869530f897617f7cb1c21a4bf30023f252596d83e1f007?s=96&d=mm&r=g","url":"https:\/\/secure.gravatar.com\/avatar\/ccc17943b9d660506c869530f897617f7cb1c21a4bf30023f252596d83e1f007?s=96&d=mm&r=g","contentUrl":"https:\/\/secure.gravatar.com\/avatar\/ccc17943b9d660506c869530f897617f7cb1c21a4bf30023f252596d83e1f007?s=96&d=mm&r=g","caption":"admin"},"sameAs":["https:\/\/kibrisdakik.com"],"url":"https:\/\/kibrisdakik.com\/?author=1"}]}},"_links":{"self":[{"href":"https:\/\/kibrisdakik.com\/index.php?rest_route=\/wp\/v2\/posts\/87968","targetHints":{"allow":["GET"]}}],"collection":[{"href":"https:\/\/kibrisdakik.com\/index.php?rest_route=\/wp\/v2\/posts"}],"about":[{"href":"https:\/\/kibrisdakik.com\/index.php?rest_route=\/wp\/v2\/types\/post"}],"author":[{"embeddable":true,"href":"https:\/\/kibrisdakik.com\/index.php?rest_route=\/wp\/v2\/users\/1"}],"replies":[{"embeddable":true,"href":"https:\/\/kibrisdakik.com\/index.php?rest_route=%2Fwp%2Fv2%2Fcomments&post=87968"}],"version-history":[{"count":0,"href":"https:\/\/kibrisdakik.com\/index.php?rest_route=\/wp\/v2\/posts\/87968\/revisions"}],"wp:featuredmedia":[{"embeddable":true,"href":"https:\/\/kibrisdakik.com\/index.php?rest_route=\/wp\/v2\/media\/87969"}],"wp:attachment":[{"href":"https:\/\/kibrisdakik.com\/index.php?rest_route=%2Fwp%2Fv2%2Fmedia&parent=87968"}],"wp:term":[{"taxonomy":"category","embeddable":true,"href":"https:\/\/kibrisdakik.com\/index.php?rest_route=%2Fwp%2Fv2%2Fcategories&post=87968"},{"taxonomy":"post_tag","embeddable":true,"href":"https:\/\/kibrisdakik.com\/index.php?rest_route=%2Fwp%2Fv2%2Ftags&post=87968"}],"curies":[{"name":"wp","href":"https:\/\/api.w.org\/{rel}","templated":true}]}}