{"id":87979,"date":"2025-08-08T19:22:12","date_gmt":"2025-08-08T16:22:12","guid":{"rendered":"https:\/\/kibrisdakik.com\/index.php\/2025\/08\/08\/hur-is-ve-turk-sen-ariza-nedeniyle-ulkenin-elektriksiz-kalmasina-tepki-gosterdi\/"},"modified":"2025-08-08T19:22:12","modified_gmt":"2025-08-08T16:22:12","slug":"hur-is-ve-turk-sen-ariza-nedeniyle-ulkenin-elektriksiz-kalmasina-tepki-gosterdi","status":"publish","type":"post","link":"https:\/\/kibrisdakik.com\/?p=87979","title":{"rendered":"H\u00fcr-\u0130\u015f ve T\u00fcrk-Sen, ar\u0131za nedeniyle \u00fclkenin elektriksiz kalmas\u0131na tepki g\u00f6sterdi"},"content":{"rendered":"<p> <br \/>\n<\/p>\n<div>\n<div class=\"mariselle-image-container center\">\n                                            <\/div>\n<p>Baz\u0131 sivil toplum kurulu\u015flar\u0131 da \u00fclke genelinde ya\u015fanan elektrik kesintisine tepki g\u00f6sterdi.<\/p>\n<p>H\u00fcr \u0130\u015f\u00e7i Sendikalar\u0131 Federasyonu Ba\u015fkan\u0131 Ahmet Serdaro\u011flu, G\u00fczelyurt Trafo Merkezi\u2019nde ya\u015fanan patlama nedeniyle \u00fclke genelinde ya\u015fanan elektrik kesintisinin enerji alan\u0131ndaki yap\u0131sal sorunlar\u0131 g\u00f6zler \u00f6n\u00fcne serdi\u011fini ileri s\u00fcrd\u00fc. <\/p>\n<p> \tSerdaro\u011flu a\u00e7\u0131klamas\u0131nda, \u201cBu olay\u0131n basit bir teknik ar\u0131za olarak ge\u00e7i\u015ftirilemeyece\u011fi, as\u0131l sorunun y\u0131llard\u0131r ihmal edilen enerji politikalar\u0131 oldu\u011fu ortadad\u0131r\u201d ifadelerini kulland\u0131.<\/p>\n<p> \tH\u00fck\u00fcmeti, El-Sen yetkililerinin uyar\u0131lar\u0131n\u0131 dikkat almamakla ele\u015ftiren Serdaro\u011flu, tepkilerin sendikaya de\u011fil, h\u00fck\u00fcmete y\u00f6nelmesi gerekti\u011fini savundu.<\/p>\n<p> \tT\u00dcRK-SEN de yapt\u0131\u011f\u0131 yaz\u0131l\u0131 a\u00e7\u0131klamada, KIB-TEK y\u00f6netiminin ve h\u00fck\u00fcmetin \u201cenerjiye yat\u0131r\u0131m yap\u0131n, mevcut sistemin bak\u0131mlar\u0131n\u0131 g\u00fcn\u00fcnde yap\u0131n, aksi taktirde bu halk\u0131 enerjisiz b\u0131rakacaks\u0131n\u0131z\u201d \u015feklinde uyar\u0131 eylemleri yapt\u0131\u011f\u0131n\u0131 belirtti\u011fi EL-SEN\u2019e kar\u015f\u0131 hasmane tutum sergiledi\u011fini savunarak, en sonunda EL-SEN\u2019in bir kez daha hakl\u0131 \u00e7\u0131kt\u0131\u011f\u0131n\u0131 iddia etti.<br \/>A\u00e7\u0131klamada, b\u00fct\u00fcn \u00fclkenin ak\u015famdan beri karanl\u0131kta oldu\u011fu belirtilerek, bunun tek sorumlusunun KIB-TEK y\u00f6netimi ve h\u00fck\u00fcmet oldu\u011fu savunuldu.<\/p>\n<p>Elektrik kesintisi<br \/>H\u00fcr-\u0130\u015f ve T\u00fcrk-Sen, ar\u0131za nedeniyle \u00fclkenin elektriksiz kalmas\u0131na tepki g\u00f6sterdi<\/p>\n<\/p><\/div>\n<p><script async\n                    defer\n                    crossorigin=\"anonymous\"\n                    src=\"https:\/\/connect.facebook.net\/tr_TR\/sdk.js#xfbml=1&#038;version=v3.3\"\n            ><\/script><br \/>\n<br \/><br \/>\n<br \/><a href=\"[kibrisdakik.com]\n<\/p>\n","protected":false},"excerpt":{"rendered":"<p>Baz\u0131 sivil toplum kurulu\u015flar\u0131 da \u00fclke genelinde ya\u015fanan elektrik kesintisine tepki g\u00f6sterdi. H\u00fcr \u0130\u015f\u00e7i Sendikalar\u0131 Federasyonu Ba\u015fkan\u0131 Ahmet Serdaro\u011flu, G\u00fczelyurt Trafo Merkezi\u2019nde ya\u015fanan patlama nedeniyle \u00fclke genelinde ya\u015fanan elektrik kesintisinin enerji alan\u0131ndaki yap\u0131sal sorunlar\u0131 g\u00f6zler \u00f6n\u00fcne serdi\u011fini ileri s\u00fcrd\u00fc. Serdaro\u011flu a\u00e7\u0131klamas\u0131nda, \u201cBu olay\u0131n basit bir teknik ar\u0131za olarak ge\u00e7i\u015ftirilemeyece\u011fi, as\u0131l sorunun y\u0131llard\u0131r ihmal edilen enerji<\/p>\n","protected":false},"author":1,"featured_media":87980,"comment_status":"open","ping_status":"open","sticky":false,"template":"","format":"standard","meta":{"footnotes":""},"categories":[81,101],"tags":[],"class_list":["post-87979","post","type-post","status-publish","format-standard","has-post-thumbnail","hentry","category-kibris","category-manset"],"yoast_head":"<!-- This site is optimized with the Yoast SEO plugin v27.5 - https:\/\/yoast.com\/product\/yoast-seo-wordpress\/ -->\n<title>H\u00fcr-\u0130\u015f ve T\u00fcrk-Sen, ar\u0131za nedeniyle \u00fclkenin elektriksiz kalmas\u0131na tepki g\u00f6sterdi -<\/title>\n<meta name=\"robots\" content=\"index, follow, max-snippet:-1, max-image-preview:large, max-video-preview:-1\" \/>\n<link rel=\"canonical\" href=\"https:\/\/kibrisdakik.com\/?p=87979\" \/>\n<meta property=\"og:locale\" content=\"tr_TR\" \/>\n<meta property=\"og:type\" content=\"article\" \/>\n<meta property=\"og:title\" content=\"H\u00fcr-\u0130\u015f ve T\u00fcrk-Sen, ar\u0131za nedeniyle \u00fclkenin elektriksiz kalmas\u0131na tepki g\u00f6sterdi -\" \/>\n<meta property=\"og:description\" content=\"Baz\u0131 sivil toplum kurulu\u015flar\u0131 da \u00fclke genelinde ya\u015fanan elektrik kesintisine tepki g\u00f6sterdi. H\u00fcr \u0130\u015f\u00e7i Sendikalar\u0131 Federasyonu Ba\u015fkan\u0131 Ahmet Serdaro\u011flu, G\u00fczelyurt Trafo Merkezi\u2019nde ya\u015fanan patlama nedeniyle \u00fclke genelinde ya\u015fanan elektrik kesintisinin enerji alan\u0131ndaki yap\u0131sal sorunlar\u0131 g\u00f6zler \u00f6n\u00fcne serdi\u011fini ileri s\u00fcrd\u00fc. Serdaro\u011flu a\u00e7\u0131klamas\u0131nda, \u201cBu olay\u0131n basit bir teknik ar\u0131za olarak ge\u00e7i\u015ftirilemeyece\u011fi, as\u0131l sorunun y\u0131llard\u0131r ihmal edilen enerji\" \/>\n<meta property=\"og:url\" content=\"https:\/\/kibrisdakik.com\/?p=87979\" \/>\n<meta property=\"article:published_time\" content=\"2025-08-08T16:22:12+00:00\" \/>\n<meta property=\"og:image\" content=\"https:\/\/kibrisdakik.com\/wp-content\/uploads\/2025\/08\/1754670137_trafo-740x420.jpg\" \/>\n\t<meta property=\"og:image:width\" content=\"2048\" \/>\n\t<meta property=\"og:image:height\" content=\"1536\" \/>\n\t<meta property=\"og:image:type\" content=\"image\/jpeg\" \/>\n<meta name=\"author\" content=\"admin\" \/>\n<meta name=\"twitter:card\" content=\"summary_large_image\" \/>\n<meta name=\"twitter:label1\" content=\"Yazan:\" \/>\n\t<meta name=\"twitter:data1\" content=\"admin\" \/>\n\t<meta name=\"twitter:label2\" content=\"Tahmini okuma s\u00fcresi\" \/>\n\t<meta name=\"twitter:data2\" content=\"1 dakika\" \/>\n<script type=\"application\/ld+json\" class=\"yoast-schema-graph\">{\"@context\":\"https:\\\/\\\/schema.org\",\"@graph\":[{\"@type\":\"Article\",\"@id\":\"https:\\\/\\\/kibrisdakik.com\\\/?p=87979#article\",\"isPartOf\":{\"@id\":\"https:\\\/\\\/kibrisdakik.com\\\/?p=87979\"},\"author\":{\"name\":\"admin\",\"@id\":\"https:\\\/\\\/kibrisdakik.com\\\/#\\\/schema\\\/person\\\/9cd9d437bbb44f72b73ba127e06d8e79\"},\"headline\":\"H\u00fcr-\u0130\u015f ve T\u00fcrk-Sen, ar\u0131za nedeniyle \u00fclkenin elektriksiz kalmas\u0131na tepki g\u00f6sterdi\",\"datePublished\":\"2025-08-08T16:22:12+00:00\",\"mainEntityOfPage\":{\"@id\":\"https:\\\/\\\/kibrisdakik.com\\\/?p=87979\"},\"wordCount\":242,\"commentCount\":0,\"image\":{\"@id\":\"https:\\\/\\\/kibrisdakik.com\\\/?p=87979#primaryimage\"},\"thumbnailUrl\":\"https:\\\/\\\/kibrisdakik.com\\\/wp-content\\\/uploads\\\/2025\\\/08\\\/1754670137_trafo-740x420.jpg\",\"articleSection\":[\"K\u0131br\u0131s\",\"Man\u015fet\"],\"inLanguage\":\"tr\",\"potentialAction\":[{\"@type\":\"CommentAction\",\"name\":\"Comment\",\"target\":[\"https:\\\/\\\/kibrisdakik.com\\\/?p=87979#respond\"]}]},{\"@type\":\"WebPage\",\"@id\":\"https:\\\/\\\/kibrisdakik.com\\\/?p=87979\",\"url\":\"https:\\\/\\\/kibrisdakik.com\\\/?p=87979\",\"name\":\"H\u00fcr-\u0130\u015f ve T\u00fcrk-Sen, ar\u0131za nedeniyle \u00fclkenin elektriksiz kalmas\u0131na tepki g\u00f6sterdi -\",\"isPartOf\":{\"@id\":\"https:\\\/\\\/kibrisdakik.com\\\/#website\"},\"primaryImageOfPage\":{\"@id\":\"https:\\\/\\\/kibrisdakik.com\\\/?p=87979#primaryimage\"},\"image\":{\"@id\":\"https:\\\/\\\/kibrisdakik.com\\\/?p=87979#primaryimage\"},\"thumbnailUrl\":\"https:\\\/\\\/kibrisdakik.com\\\/wp-content\\\/uploads\\\/2025\\\/08\\\/1754670137_trafo-740x420.jpg\",\"datePublished\":\"2025-08-08T16:22:12+00:00\",\"author\":{\"@id\":\"https:\\\/\\\/kibrisdakik.com\\\/#\\\/schema\\\/person\\\/9cd9d437bbb44f72b73ba127e06d8e79\"},\"breadcrumb\":{\"@id\":\"https:\\\/\\\/kibrisdakik.com\\\/?p=87979#breadcrumb\"},\"inLanguage\":\"tr\",\"potentialAction\":[{\"@type\":\"ReadAction\",\"target\":[\"https:\\\/\\\/kibrisdakik.com\\\/?p=87979\"]}]},{\"@type\":\"ImageObject\",\"inLanguage\":\"tr\",\"@id\":\"https:\\\/\\\/kibrisdakik.com\\\/?p=87979#primaryimage\",\"url\":\"https:\\\/\\\/kibrisdakik.com\\\/wp-content\\\/uploads\\\/2025\\\/08\\\/1754670137_trafo-740x420.jpg\",\"contentUrl\":\"https:\\\/\\\/kibrisdakik.com\\\/wp-content\\\/uploads\\\/2025\\\/08\\\/1754670137_trafo-740x420.jpg\",\"width\":2048,\"height\":1536},{\"@type\":\"BreadcrumbList\",\"@id\":\"https:\\\/\\\/kibrisdakik.com\\\/?p=87979#breadcrumb\",\"itemListElement\":[{\"@type\":\"ListItem\",\"position\":1,\"name\":\"Home\",\"item\":\"https:\\\/\\\/kibrisdakik.com\\\/\"},{\"@type\":\"ListItem\",\"position\":2,\"name\":\"H\u00fcr-\u0130\u015f ve T\u00fcrk-Sen, ar\u0131za nedeniyle \u00fclkenin elektriksiz kalmas\u0131na tepki g\u00f6sterdi\"}]},{\"@type\":\"WebSite\",\"@id\":\"https:\\\/\\\/kibrisdakik.com\\\/#website\",\"url\":\"https:\\\/\\\/kibrisdakik.com\\\/\",\"name\":\"\",\"description\":\"Tam vaktinde haber\",\"potentialAction\":[{\"@type\":\"SearchAction\",\"target\":{\"@type\":\"EntryPoint\",\"urlTemplate\":\"https:\\\/\\\/kibrisdakik.com\\\/?s={search_term_string}\"},\"query-input\":{\"@type\":\"PropertyValueSpecification\",\"valueRequired\":true,\"valueName\":\"search_term_string\"}}],\"inLanguage\":\"tr\"},{\"@type\":\"Person\",\"@id\":\"https:\\\/\\\/kibrisdakik.com\\\/#\\\/schema\\\/person\\\/9cd9d437bbb44f72b73ba127e06d8e79\",\"name\":\"admin\",\"image\":{\"@type\":\"ImageObject\",\"inLanguage\":\"tr\",\"@id\":\"https:\\\/\\\/secure.gravatar.com\\\/avatar\\\/ccc17943b9d660506c869530f897617f7cb1c21a4bf30023f252596d83e1f007?s=96&d=mm&r=g\",\"url\":\"https:\\\/\\\/secure.gravatar.com\\\/avatar\\\/ccc17943b9d660506c869530f897617f7cb1c21a4bf30023f252596d83e1f007?s=96&d=mm&r=g\",\"contentUrl\":\"https:\\\/\\\/secure.gravatar.com\\\/avatar\\\/ccc17943b9d660506c869530f897617f7cb1c21a4bf30023f252596d83e1f007?s=96&d=mm&r=g\",\"caption\":\"admin\"},\"sameAs\":[\"https:\\\/\\\/kibrisdakik.com\"],\"url\":\"https:\\\/\\\/kibrisdakik.com\\\/?author=1\"}]}<\/script>\n<!-- \/ Yoast SEO plugin. -->","yoast_head_json":{"title":"H\u00fcr-\u0130\u015f ve T\u00fcrk-Sen, ar\u0131za nedeniyle \u00fclkenin elektriksiz kalmas\u0131na tepki g\u00f6sterdi -","robots":{"index":"index","follow":"follow","max-snippet":"max-snippet:-1","max-image-preview":"max-image-preview:large","max-video-preview":"max-video-preview:-1"},"canonical":"https:\/\/kibrisdakik.com\/?p=87979","og_locale":"tr_TR","og_type":"article","og_title":"H\u00fcr-\u0130\u015f ve T\u00fcrk-Sen, ar\u0131za nedeniyle \u00fclkenin elektriksiz kalmas\u0131na tepki g\u00f6sterdi -","og_description":"Baz\u0131 sivil toplum kurulu\u015flar\u0131 da \u00fclke genelinde ya\u015fanan elektrik kesintisine tepki g\u00f6sterdi. H\u00fcr \u0130\u015f\u00e7i Sendikalar\u0131 Federasyonu Ba\u015fkan\u0131 Ahmet Serdaro\u011flu, G\u00fczelyurt Trafo Merkezi\u2019nde ya\u015fanan patlama nedeniyle \u00fclke genelinde ya\u015fanan elektrik kesintisinin enerji alan\u0131ndaki yap\u0131sal sorunlar\u0131 g\u00f6zler \u00f6n\u00fcne serdi\u011fini ileri s\u00fcrd\u00fc. Serdaro\u011flu a\u00e7\u0131klamas\u0131nda, \u201cBu olay\u0131n basit bir teknik ar\u0131za olarak ge\u00e7i\u015ftirilemeyece\u011fi, as\u0131l sorunun y\u0131llard\u0131r ihmal edilen enerji","og_url":"https:\/\/kibrisdakik.com\/?p=87979","article_published_time":"2025-08-08T16:22:12+00:00","og_image":[{"width":2048,"height":1536,"url":"https:\/\/kibrisdakik.com\/wp-content\/uploads\/2025\/08\/1754670137_trafo-740x420.jpg","type":"image\/jpeg"}],"author":"admin","twitter_card":"summary_large_image","twitter_misc":{"Yazan:":"admin","Tahmini okuma s\u00fcresi":"1 dakika"},"schema":{"@context":"https:\/\/schema.org","@graph":[{"@type":"Article","@id":"https:\/\/kibrisdakik.com\/?p=87979#article","isPartOf":{"@id":"https:\/\/kibrisdakik.com\/?p=87979"},"author":{"name":"admin","@id":"https:\/\/kibrisdakik.com\/#\/schema\/person\/9cd9d437bbb44f72b73ba127e06d8e79"},"headline":"H\u00fcr-\u0130\u015f ve T\u00fcrk-Sen, ar\u0131za nedeniyle \u00fclkenin elektriksiz kalmas\u0131na tepki g\u00f6sterdi","datePublished":"2025-08-08T16:22:12+00:00","mainEntityOfPage":{"@id":"https:\/\/kibrisdakik.com\/?p=87979"},"wordCount":242,"commentCount":0,"image":{"@id":"https:\/\/kibrisdakik.com\/?p=87979#primaryimage"},"thumbnailUrl":"https:\/\/kibrisdakik.com\/wp-content\/uploads\/2025\/08\/1754670137_trafo-740x420.jpg","articleSection":["K\u0131br\u0131s","Man\u015fet"],"inLanguage":"tr","potentialAction":[{"@type":"CommentAction","name":"Comment","target":["https:\/\/kibrisdakik.com\/?p=87979#respond"]}]},{"@type":"WebPage","@id":"https:\/\/kibrisdakik.com\/?p=87979","url":"https:\/\/kibrisdakik.com\/?p=87979","name":"H\u00fcr-\u0130\u015f ve T\u00fcrk-Sen, ar\u0131za nedeniyle \u00fclkenin elektriksiz kalmas\u0131na tepki g\u00f6sterdi -","isPartOf":{"@id":"https:\/\/kibrisdakik.com\/#website"},"primaryImageOfPage":{"@id":"https:\/\/kibrisdakik.com\/?p=87979#primaryimage"},"image":{"@id":"https:\/\/kibrisdakik.com\/?p=87979#primaryimage"},"thumbnailUrl":"https:\/\/kibrisdakik.com\/wp-content\/uploads\/2025\/08\/1754670137_trafo-740x420.jpg","datePublished":"2025-08-08T16:22:12+00:00","author":{"@id":"https:\/\/kibrisdakik.com\/#\/schema\/person\/9cd9d437bbb44f72b73ba127e06d8e79"},"breadcrumb":{"@id":"https:\/\/kibrisdakik.com\/?p=87979#breadcrumb"},"inLanguage":"tr","potentialAction":[{"@type":"ReadAction","target":["https:\/\/kibrisdakik.com\/?p=87979"]}]},{"@type":"ImageObject","inLanguage":"tr","@id":"https:\/\/kibrisdakik.com\/?p=87979#primaryimage","url":"https:\/\/kibrisdakik.com\/wp-content\/uploads\/2025\/08\/1754670137_trafo-740x420.jpg","contentUrl":"https:\/\/kibrisdakik.com\/wp-content\/uploads\/2025\/08\/1754670137_trafo-740x420.jpg","width":2048,"height":1536},{"@type":"BreadcrumbList","@id":"https:\/\/kibrisdakik.com\/?p=87979#breadcrumb","itemListElement":[{"@type":"ListItem","position":1,"name":"Home","item":"https:\/\/kibrisdakik.com\/"},{"@type":"ListItem","position":2,"name":"H\u00fcr-\u0130\u015f ve T\u00fcrk-Sen, ar\u0131za nedeniyle \u00fclkenin elektriksiz kalmas\u0131na tepki g\u00f6sterdi"}]},{"@type":"WebSite","@id":"https:\/\/kibrisdakik.com\/#website","url":"https:\/\/kibrisdakik.com\/","name":"","description":"Tam vaktinde haber","potentialAction":[{"@type":"SearchAction","target":{"@type":"EntryPoint","urlTemplate":"https:\/\/kibrisdakik.com\/?s={search_term_string}"},"query-input":{"@type":"PropertyValueSpecification","valueRequired":true,"valueName":"search_term_string"}}],"inLanguage":"tr"},{"@type":"Person","@id":"https:\/\/kibrisdakik.com\/#\/schema\/person\/9cd9d437bbb44f72b73ba127e06d8e79","name":"admin","image":{"@type":"ImageObject","inLanguage":"tr","@id":"https:\/\/secure.gravatar.com\/avatar\/ccc17943b9d660506c869530f897617f7cb1c21a4bf30023f252596d83e1f007?s=96&d=mm&r=g","url":"https:\/\/secure.gravatar.com\/avatar\/ccc17943b9d660506c869530f897617f7cb1c21a4bf30023f252596d83e1f007?s=96&d=mm&r=g","contentUrl":"https:\/\/secure.gravatar.com\/avatar\/ccc17943b9d660506c869530f897617f7cb1c21a4bf30023f252596d83e1f007?s=96&d=mm&r=g","caption":"admin"},"sameAs":["https:\/\/kibrisdakik.com"],"url":"https:\/\/kibrisdakik.com\/?author=1"}]}},"_links":{"self":[{"href":"https:\/\/kibrisdakik.com\/index.php?rest_route=\/wp\/v2\/posts\/87979","targetHints":{"allow":["GET"]}}],"collection":[{"href":"https:\/\/kibrisdakik.com\/index.php?rest_route=\/wp\/v2\/posts"}],"about":[{"href":"https:\/\/kibrisdakik.com\/index.php?rest_route=\/wp\/v2\/types\/post"}],"author":[{"embeddable":true,"href":"https:\/\/kibrisdakik.com\/index.php?rest_route=\/wp\/v2\/users\/1"}],"replies":[{"embeddable":true,"href":"https:\/\/kibrisdakik.com\/index.php?rest_route=%2Fwp%2Fv2%2Fcomments&post=87979"}],"version-history":[{"count":0,"href":"https:\/\/kibrisdakik.com\/index.php?rest_route=\/wp\/v2\/posts\/87979\/revisions"}],"wp:featuredmedia":[{"embeddable":true,"href":"https:\/\/kibrisdakik.com\/index.php?rest_route=\/wp\/v2\/media\/87980"}],"wp:attachment":[{"href":"https:\/\/kibrisdakik.com\/index.php?rest_route=%2Fwp%2Fv2%2Fmedia&parent=87979"}],"wp:term":[{"taxonomy":"category","embeddable":true,"href":"https:\/\/kibrisdakik.com\/index.php?rest_route=%2Fwp%2Fv2%2Fcategories&post=87979"},{"taxonomy":"post_tag","embeddable":true,"href":"https:\/\/kibrisdakik.com\/index.php?rest_route=%2Fwp%2Fv2%2Ftags&post=87979"}],"curies":[{"name":"wp","href":"https:\/\/api.w.org\/{rel}","templated":true}]}}