{"id":88021,"date":"2025-08-10T11:43:16","date_gmt":"2025-08-10T08:43:16","guid":{"rendered":"https:\/\/kibrisdakik.com\/index.php\/2025\/08\/10\/toplu-tasima-master-planinda-hedef-uc-ay-icerisinde-uygulamaya-gecmek\/"},"modified":"2025-08-10T11:43:16","modified_gmt":"2025-08-10T08:43:16","slug":"toplu-tasima-master-planinda-hedef-uc-ay-icerisinde-uygulamaya-gecmek","status":"publish","type":"post","link":"https:\/\/kibrisdakik.com\/?p=88021","title":{"rendered":"Toplu Ta\u015f\u0131ma Master Plan\u0131\u2019nda hedef \u00fc\u00e7 ay i\u00e7erisinde uygulamaya ge\u00e7mek"},"content":{"rendered":"<p> <br \/>\n<\/p>\n<div>\n<div class=\"mariselle-image-container center\">\n                                            <\/div>\n<p>K\u00f6yde ya\u015fayanlar\u0131n kent merkezine g\u00fcn\u00fcn belli saatlerinde daha rahat gidip gelebilmelerini, \u015fehir i\u00e7indeki toplu ta\u015f\u0131ma sisteminin ise \u00e7ok daha eri\u015filebilir olmas\u0131n\u0131 sa\u011flamak amac\u0131yla haz\u0131rlanan \u201cKKTC Toplu Ta\u015f\u0131ma Master Plan\u0131\u201dn\u0131n \u00f6n\u00fcm\u00fczdeki \u00fc\u00e7 ay sonunda uygulamaya konmas\u0131 hedefleniyor.<\/p>\n<p>Sekt\u00f6r temsilcilerinin g\u00f6r\u00fc\u015flerinin al\u0131nmas\u0131 a\u015famas\u0131 tamamlanan yeni plana g\u00f6re, elektronik \u00fccret toplama sistemi getirilecek toplu ta\u015f\u0131mac\u0131l\u0131k her b\u00f6lgede kurulacak kooperatifle y\u00fcr\u00fct\u00fclecek. Toplu ta\u015f\u0131ma ara\u00e7lar\u0131na 0-5 ya\u015f s\u0131n\u0131rlamas\u0131 ve sa\u011f direksiyon \u015fart\u0131 \u00f6ng\u00f6r\u00fcl\u00fcyor. Ya\u015f s\u0131n\u0131rlamas\u0131na kademeli bir ge\u00e7i\u015f ve kurulacak kooperatif i\u015fletim sistemiyle hibe ya da kredi y\u00f6ntemiyle ara\u00e7 yenilemeye ekonomik kolayl\u0131klar planlan\u0131yor.<\/p>\n<p>\u00dcniversitelerin toplu ta\u015f\u0131ma hizmetinden \u00e7ekilmesi; Milli E\u011fitim Bakanl\u0131\u011f\u0131\u2019n\u0131n y\u00fcr\u00fctt\u00fc\u011f\u00fc ilkokullar hari\u00e7, ortaokul, lise ve \u00fcniversite \u00f6\u011frencilerinin yeni toplu ta\u015f\u0131mac\u0131l\u0131k sisteminde olu\u015fturulacak kartl\u0131 sistemle ta\u015f\u0131nmas\u0131 hedefleniyor.<\/p>\n<p>Bay\u0131nd\u0131rl\u0131k ve Ula\u015ft\u0131rma Bakanl\u0131\u011f\u0131 ile D\u00fczce Belediyesi aras\u0131nda May\u0131s 2023\u2019te imzalanan i\u015fbirli\u011fi protokol\u00fc \u00e7er\u00e7evesinde haz\u0131rlanan \u201cKKTC Toplu Ta\u015f\u0131ma Master Plan\u0131\u201dnda veri toplama ve konuyla ilgili taraflar\u0131n g\u00f6r\u00fc\u015flerin al\u0131nmas\u0131 a\u015famalar\u0131 tamamland\u0131.<\/p>\n<p>D\u00fczce Ula\u015f\u0131m A.\u015e. Y\u00f6netim Kurulu Ba\u015fkan\u0131 Bekir Il\u0131cal\u0131, master plan\u0131nda bug\u00fcne kadar yap\u0131lan \u00e7al\u0131\u015fmalar, KKTC\u2019nin toplu ta\u015f\u0131ma yap\u0131s\u0131, sorunlar\u0131 ve master planda hedeflenen \u00e7\u00f6z\u00fcm \u00f6nerileri hakk\u0131nda T\u00fcrk Ajans\u0131 K\u0131br\u0131s (TAK) muhabirine a\u00e7\u0131klamalarda bulundu.<\/p>\n<p>-\u201cMay\u0131s 2023 itibar\u0131yla KKTC\u2019de toplu ta\u015f\u0131ma master plan\u0131n\u0131n \u00e7al\u0131\u015fmalar\u0131na ba\u015flad\u0131k\u201d<\/p>\n<p>D\u00fczce Belediyesi taraf\u0131ndan projenin haz\u0131rlanmas\u0131yla ilgili g\u00f6revlendirilen Bekir Il\u0131cal\u0131, T\u00fcrkiye\u2019de 40\u2019a yak\u0131n \u015fehirde toplu ta\u015f\u0131mac\u0131l\u0131k konusunda \u00e7al\u0131\u015fma yapt\u0131\u011f\u0131n\u0131 ve May\u0131s 2023 itibar\u0131yla da KKTC\u2019de toplu ta\u015f\u0131ma master plan\u0131n\u0131n \u00e7al\u0131\u015fmalar\u0131na ba\u015flad\u0131klar\u0131n\u0131 kaydetti.<\/p>\n<p>Projenin ilk a\u015famas\u0131n\u0131n mevcut verilerin toplanmas\u0131 oldu\u011funu i\u015faret eden Il\u0131cal\u0131, bu kapsamda \u015fehirlerin \u00e7ekim noktalar\u0131, mevcut toplu ta\u015f\u0131ma yerleri, e\u011fitim ta\u015f\u0131mac\u0131l\u0131\u011f\u0131, \u00fcniversitelerin y\u00fcr\u00fctt\u00fc\u011f\u00fc ta\u015f\u0131mac\u0131l\u0131k, \u015fehirlerin imar planlar\u0131 gibi konularda veri toplad\u0131klar\u0131n\u0131 s\u00f6yledi.<\/p>\n<p>Il\u0131cal\u0131, daha sonra May\u0131s ve Ekim aylar\u0131nda iki b\u00f6l\u00fcml\u00fc bir saha \u00e7al\u0131\u015fmas\u0131 yapt\u0131klar\u0131n\u0131, burada yakla\u015f\u0131k 30 ki\u015filik ekiplerle \u00fc\u00e7er hafta boyunca hem \u00fcniversitelerde, hem de serbest toplu ta\u015f\u0131mac\u0131l\u0131kta her durakta ka\u00e7 yolcunun inip-bindi\u011fi, hangi g\u00fczergahlar\u0131n, hangi saatlerde kullan\u0131ld\u0131\u011f\u0131 gibi konularda veri topland\u0131\u011f\u0131n\u0131 dile getirdi.<\/p>\n<p>T\u00fcm bu \u00e7al\u0131\u015fmalar sonucunda \u00fclkenin toplu ta\u015f\u0131ma yap\u0131s\u0131, sorunlar\u0131 ve potansiyeli hakk\u0131nda bilgi edindiklerini anlatan Il\u0131cal\u0131, bu sayede \u00fclkede toplu ta\u015f\u0131mac\u0131l\u0131\u011fa dair nas\u0131l bir sitem kurulmas\u0131 gerekti\u011fi ve bunun i\u00e7in yap\u0131lmas\u0131 gerekenleri saptad\u0131klar\u0131n\u0131 anlatt\u0131.<\/p>\n<p>-\u201cK\u00f6ylerde hi\u00e7bir \u015fekilde toplu ta\u015f\u0131ma hizmeti yok. \u0130nsanlar \u00e7ok b\u00fcy\u00fck ma\u011fduriyet ya\u015f\u0131yorlar\u201d<\/p>\n<p>Bekir Il\u0131cal\u0131, \u00fclke genelinde \u00fcniversitelerin yapt\u0131\u011f\u0131 ta\u015f\u0131mac\u0131l\u0131k da d\u00e2hil olmak \u00fczere g\u00fcnl\u00fck 67 bin dolay\u0131nda toplu ta\u015f\u0131mac\u0131l\u0131k hareketlili\u011fi oldu\u011funa dikkat \u00e7ekti.<\/p>\n<p>Il\u0131cal\u0131 \u015f\u00f6yle devam etti:<\/p>\n<p>\u201cLefko\u015fa\u2019da iyi k\u00f6t\u00fc bir sistem var ama di\u011ferlerinde yok. Ma\u011fusa\u2019da, Do\u011fu Akdeniz \u00dcniversitesi otob\u00fcsleri var. Sivil halk da bu otob\u00fcslere biniyor. Girne\u2019de de k\u0131smen bir sistem var. Girne-Lapta aras\u0131nda ara\u00e7lar var ama \u00c7atalk\u00f6y taraf\u0131na yok. Ma\u011fusa, \u0130skele, G\u00fczelyurt ve Lefke\u2019de bir toplu ta\u015f\u0131ma sisteminden bahsetmek m\u00fcmk\u00fcn de\u011fil. K\u00f6ylerde hi\u00e7bir \u015fekilde toplu ta\u015f\u0131ma hizmeti yok. \u0130nsanlar \u00e7ok b\u00fcy\u00fck ma\u011fduriyet ya\u015f\u0131yor.\u201d<\/p>\n<p>Bekir Il\u0131cal\u0131, haz\u0131rlad\u0131klar\u0131 proje kapsam\u0131nda her bir \u015fehrin k\u00f6ylerle olan ba\u011flant\u0131lar\u0131n\u0131, \u015fehir i\u00e7erisindeki hatlar\u0131, sefer saatlerini, otob\u00fcslerin seferini ka\u00e7 dakikada tamamlayaca\u011f\u0131n\u0131, hangi g\u00fczerg\u00e2hlar\u0131\/yollar\u0131 izleyece\u011fini i\u00e7eren bir hareket sefer i\u015fletim sistemini haz\u0131rlad\u0131klar\u0131n\u0131 a\u00e7\u0131klad\u0131.<\/p>\n<p>Mevcut toplu ta\u015f\u0131mac\u0131l\u0131\u011f\u0131n ayn\u0131 zamanda halk\u0131n kolayca anlay\u0131p, kullanabilece\u011fi bir yap\u0131da olmad\u0131\u011f\u0131n\u0131 da i\u015faret eden Il\u0131cal\u0131, projenin hayata ge\u00e7mesiyle k\u00f6yde ya\u015fayanlar\u0131n kent merkezine g\u00fcn\u00fcn belli saatlerinde daha rahat gidip gelebileceklerini, \u015fehir i\u00e7indeki toplu ta\u015f\u0131ma sisteminin ise \u00e7ok daha eri\u015filebilir olaca\u011f\u0131n\u0131 ve her caddeden otob\u00fcslerin ge\u00e7ece\u011fini aktard\u0131.<\/p>\n<p>-\u201cElektronik \u00fccret toplama sistemi getirilecek\u201d<\/p>\n<p>Il\u0131cal\u0131, proje kapsam\u0131nda yeni bir uygulama\u00a0olarak elektronik \u00fccret toplama sistemi getirilece\u011fini vurgulayarak,\u00a0\u201cBu kartl\u0131 sistemde sadece ula\u015f\u0131m \u00fccreti toplanmayacak. Olu\u015fturulan teknolojik altyap\u0131yla t\u00fcm ara\u00e7lar\u0131n hareketlili\u011fi, ara\u00e7 i\u00e7erisindekilerin davran\u0131\u015flar\u0131, arac\u0131n son dura\u011fa kadar gidip gitmedi\u011fi, seferin ne kadar zamanda tamamland\u0131\u011f\u0131 ya da yolculukta bir aksama olup olmad\u0131\u011f\u0131 bu dijital sistemde g\u00f6r\u00fclebilecek.\u201d \u015feklinde konu\u015ftu.<\/p>\n<p>Planlanan yeni sistemde \u00fcniversitelerin toplu ta\u015f\u0131ma hizmetinden \u00e7ekilmelerini istediklerini aktaran Il\u0131cal\u0131, ilkokul \u00f6\u011frencilerinin ise ayn\u0131 \u015fekilde yine E\u011fitim Bakanl\u0131\u011f\u0131\u2019n\u0131n y\u00fcr\u00fctmesinde olurken, ortaokul ve lise \u00f6\u011frencilerinin olu\u015fturulacak yeni kartl\u0131 sisteme ta\u015f\u0131nmalar\u0131n\u0131 i\u00e7erdi\u011fini kaydetti. \u00a0\u00a0<\/p>\n<p>E\u011fitim Bakanl\u0131\u011f\u0131\u2019n\u0131n t\u00fcm \u00f6\u011frenci ta\u015f\u0131mac\u0131l\u0131\u011f\u0131 i\u00e7in ge\u00e7en y\u0131l bir milyar iki y\u00fcz milyon lira \u00f6dedi\u011fine dikkat \u00e7eken Il\u0131cal\u0131, projeye g\u00f6re \u201c\u0130lkokullar aynen devam etmesi yan\u0131 s\u0131ra E\u011fitim Bakanl\u0131\u011f\u0131 yeni olu\u015fturulacak kartl\u0131 sisteme 350 milyon TL aktarmas\u0131yla ortaokul ve lise \u00f6\u011frencilere \u00fccretsiz kart verilecek. Bu sayede E\u011fitim Bakanl\u0131\u011f\u0131 y\u0131lda 700 milyon lira gibi bir tasarruf elde edecek.\u201d dedi.<\/p>\n<p>Bekir Il\u0131cal\u0131, yeni toplu ta\u015f\u0131mac\u0131l\u0131\u011f\u0131n Lefko\u015fa, Girne, Ma\u011fusa, \u0130skele ve G\u00fczelyurt ile Lefke birlikte olmak \u00fczere be\u015f b\u00f6lgeli bir yap\u0131lanma olmas\u0131n\u0131n ve her b\u00f6lgede kurulacak bir kooperatifle bu yap\u0131lanman\u0131n y\u00fcr\u00fct\u00fclmesinin ama\u00e7land\u0131\u011f\u0131n\u0131 s\u00f6yledi.<\/p>\n<p>Mevcut ta\u015f\u0131mac\u0131lar ile bu sistemi y\u00fcr\u00fctmek istediklerini de aktaran Il\u0131cal\u0131, ancak ta\u015f\u0131mac\u0131lar\u0131n kooperatiflere \u00fcye olmalar\u0131 gerekti\u011fini belirterek, \u015f\u00f6yle konu\u015ftu:\u00a0<\/p>\n<p>\u201cProjemizde hangi g\u00fczerg\u00e2hta ka\u00e7 metrelik ara\u00e7lar olaca\u011f\u0131 belli. B\u00fcy\u00fck otob\u00fcsler var. K\u00fc\u00e7\u00fck otob\u00fcsler var. T\u00fcm bunlar sistem i\u00e7erisinde belirlenen hatlarda ve saatlerde hizmet verecekler. Ayr\u0131ca bu\u00a0ara\u00e7lar\u0131n tek tip olmas\u0131, tek model olmas\u0131, tek renk olmas\u0131 gibi kriterlerimiz var. Trafik g\u00fcvenli\u011fi a\u00e7\u0131s\u0131ndan sa\u011fdan direksiyonlu ara\u00e7lar olmas\u0131 bizim i\u00e7in \u00f6nemli.\u201d<\/p>\n<p>Il\u0131cal\u0131 be\u015f b\u00f6lgeli ta\u015f\u0131mac\u0131l\u0131k kooperatif sisteminin bir de \u00fcst otorite taraf\u0131ndan y\u00f6netilece\u011finin alt\u0131n\u0131 \u00e7izerek, \u201cBu otoritenin be\u015f tane b\u00f6lgenin denetimini, i\u015fletimini y\u00f6neten kar amac\u0131 g\u00fctmeyen bir yap\u0131 olaca\u011f\u0131n\u0131 ifade etti.<\/p>\n<p>\u00dcst otorite olarak belirlenen yap\u0131n\u0131n i\u00e7erisinde ilgili bakanl\u0131ktan, belediyelerden, b\u00f6lge ta\u015f\u0131mac\u0131l\u0131k \u015firketlerinden, \u00fcniversitelerden temsilciler olaca\u011f\u0131n\u0131 i\u015faret eden Il\u0131cal\u0131, t\u00fcm bu temsilcilerin bir y\u00f6netim kurulu gibi sistemi y\u00f6netece\u011fini kaydetti.<\/p>\n<p>-\u201cMevcut ara\u00e7lar\u0131n \u00e7ok \u00f6nemli bir k\u0131sm\u0131 toplu ta\u015f\u0131ma standartlar\u0131n\u0131n d\u0131\u015f\u0131nda kal\u0131yor\u201d<\/p>\n<p>Bekir Il\u0131cal\u0131, \u00fclkedeki mevcut ara\u00e7lar\u0131n \u00e7ok \u00f6nemli bir k\u0131sm\u0131n\u0131n toplu ta\u015f\u0131ma standartlar\u0131n\u0131n d\u0131\u015f\u0131nda kald\u0131klar\u0131n\u0131 da dile getirerek, \u201cElinde 50 ya\u015f\u0131nda olan ara\u00e7 var. 50 ya\u015f\u0131ndaki ara\u00e7la toplu ta\u015f\u0131ma hizmeti yapmay\u0131 d\u00fc\u015f\u00fcnm\u00fcyoruz, ara\u00e7 s\u0131f\u0131r-be\u015f ya\u015f aras\u0131nda olmal\u0131.\u201d dedi. \u00a0<\/p>\n<p>Ya\u015f s\u0131n\u0131rlamas\u0131na kademeli bir ge\u00e7i\u015f yap\u0131labilece\u011fini, \u00f6rne\u011fin maksimum on ya\u015f\u0131na kadar olan ara\u00e7lar\u0131 sistem i\u00e7inde tutabileceklerini s\u00f6yleyen Il\u0131cal\u0131, \u201cBunlar\u0131n de\u011fi\u015fimi i\u00e7in \u00fc\u00e7 y\u0131l s\u00fcre verebiliriz. Di\u011fer tarafta kooperatif i\u015fletim sistemi kurdu\u011fumuz zaman bunlar\u0131n hibe alma, kredi alma gibi durumlar\u0131 ortaya \u00e7\u0131kacakt\u0131r.\u201d \u015feklinde konu\u015ftu.<\/p>\n<p>\u201cBu \u00fclkenin \u00e7ocuklar\u0131n\u0131n yanan otob\u00fcslerde, devrilen otob\u00fcslerde seyahat etmesi bizim a\u011fr\u0131m\u0131za gidiyor.\u201d diyen Il\u0131cal\u0131, ara\u00e7larda ya\u015f \u015fart\u0131n\u0131n \u00f6nemini i\u015faret etti.<\/p>\n<p>Bekir Il\u0131cal\u0131, proje hakk\u0131nda toplumun bir\u00e7ok kesimi ile g\u00f6r\u00fc\u015ft\u00fcklerini s\u00f6yleyerek, \u201cProjeyi iki kez Bakanlar Kurulu\u2019nda anlatt\u0131k. \u0130ki tane toplu ta\u015f\u0131mac\u0131l\u0131k birli\u011fiyle, Esnaf ve Zanaatk\u00e2rlar Odas\u0131\u2019yla, \u00fcniversitelerin \u00fcst y\u00f6netimleriyle, belediye ba\u015fkanlar\u0131yla g\u00f6r\u00fc\u015ft\u00fck. Onlara sunumlar yapt\u0131k. Onlar\u0131n \u00f6nerilerini dinledik. Hepsiyle asgari m\u00fc\u015ftereklerde birle\u015fen bir sistem korumay\u0131 hedefliyoruz.\u201d dedi.<\/p>\n<p>Proje a\u015famas\u0131nda sona geldiklerini vurgulayan Il\u0131cal\u0131, \u00f6n\u00fcm\u00fczdeki \u00fc\u00e7 ay i\u00e7erisinde projenin art\u0131k son halini verip, uygulamaya haz\u0131r hale gelmesini beklediklerini kaydetti.<\/p>\n<p>Il\u0131cal\u0131 konu\u015fmas\u0131nda, projenin Kuzey K\u0131br\u0131s \u015fartlar\u0131na uygun olarak haz\u0131rland\u0131\u011f\u0131n\u0131 da belirterek, \u00e7al\u0131\u015fmada buradaki n\u00fcfus say\u0131s\u0131 g\u00f6z \u00f6n\u00fcnde bulundurularak yap\u0131ld\u0131\u011f\u0131n\u0131, \u00fclkenin s\u0131cak bir yer olmas\u0131 nedeniyle planlamada insanlar\u0131n daha az y\u00fcr\u00fcmesini \u00f6ng\u00f6rd\u00fcklerini, \u00fcniversite ta\u015f\u0131mac\u0131l\u0131\u011f\u0131 ya da E\u011fitim Bakanl\u0131\u011f\u0131\u2019n\u0131n \u00fcstlendi\u011fi ta\u015f\u0131mac\u0131l\u0131\u011f\u0131 d\u00e2hil ederek de\u011ferlendirmede bulunduklar\u0131n\u0131 ifade etti.<\/p>\n<\/p><\/div>\n<p><script async\n                    defer\n                    crossorigin=\"anonymous\"\n                    src=\"https:\/\/connect.facebook.net\/tr_TR\/sdk.js#xfbml=1&#038;version=v3.3\"\n            ><\/script><br \/>\n<br \/><br \/>\n<br \/><a href=\"[kibrisdakik.com]\n<\/p>\n","protected":false},"excerpt":{"rendered":"<p>K\u00f6yde ya\u015fayanlar\u0131n kent merkezine g\u00fcn\u00fcn belli saatlerinde daha rahat gidip gelebilmelerini, \u015fehir i\u00e7indeki toplu ta\u015f\u0131ma sisteminin ise \u00e7ok daha eri\u015filebilir olmas\u0131n\u0131 sa\u011flamak amac\u0131yla haz\u0131rlanan \u201cKKTC Toplu Ta\u015f\u0131ma Master Plan\u0131\u201dn\u0131n \u00f6n\u00fcm\u00fczdeki \u00fc\u00e7 ay sonunda uygulamaya konmas\u0131 hedefleniyor. Sekt\u00f6r temsilcilerinin g\u00f6r\u00fc\u015flerinin al\u0131nmas\u0131 a\u015famas\u0131 tamamlanan yeni plana g\u00f6re, elektronik \u00fccret toplama sistemi getirilecek toplu ta\u015f\u0131mac\u0131l\u0131k her b\u00f6lgede kurulacak<\/p>\n","protected":false},"author":1,"featured_media":88022,"comment_status":"open","ping_status":"open","sticky":false,"template":"","format":"standard","meta":{"footnotes":""},"categories":[81,101],"tags":[],"class_list":["post-88021","post","type-post","status-publish","format-standard","has-post-thumbnail","hentry","category-kibris","category-manset"],"yoast_head":"<!-- This site is optimized with the Yoast SEO plugin v27.4 - https:\/\/yoast.com\/product\/yoast-seo-wordpress\/ -->\n<title>Toplu Ta\u015f\u0131ma Master Plan\u0131\u2019nda hedef \u00fc\u00e7 ay i\u00e7erisinde uygulamaya ge\u00e7mek -<\/title>\n<meta name=\"robots\" content=\"index, follow, max-snippet:-1, max-image-preview:large, max-video-preview:-1\" \/>\n<link rel=\"canonical\" href=\"https:\/\/kibrisdakik.com\/?p=88021\" \/>\n<meta property=\"og:locale\" content=\"tr_TR\" \/>\n<meta property=\"og:type\" content=\"article\" \/>\n<meta property=\"og:title\" content=\"Toplu Ta\u015f\u0131ma Master Plan\u0131\u2019nda hedef \u00fc\u00e7 ay i\u00e7erisinde uygulamaya ge\u00e7mek -\" \/>\n<meta property=\"og:description\" content=\"K\u00f6yde ya\u015fayanlar\u0131n kent merkezine g\u00fcn\u00fcn belli saatlerinde daha rahat gidip gelebilmelerini, \u015fehir i\u00e7indeki toplu ta\u015f\u0131ma sisteminin ise \u00e7ok daha eri\u015filebilir olmas\u0131n\u0131 sa\u011flamak amac\u0131yla haz\u0131rlanan \u201cKKTC Toplu Ta\u015f\u0131ma Master Plan\u0131\u201dn\u0131n \u00f6n\u00fcm\u00fczdeki \u00fc\u00e7 ay sonunda uygulamaya konmas\u0131 hedefleniyor. Sekt\u00f6r temsilcilerinin g\u00f6r\u00fc\u015flerinin al\u0131nmas\u0131 a\u015famas\u0131 tamamlanan yeni plana g\u00f6re, elektronik \u00fccret toplama sistemi getirilecek toplu ta\u015f\u0131mac\u0131l\u0131k her b\u00f6lgede kurulacak\" \/>\n<meta property=\"og:url\" content=\"https:\/\/kibrisdakik.com\/?p=88021\" \/>\n<meta property=\"article:published_time\" content=\"2025-08-10T08:43:16+00:00\" \/>\n<meta property=\"og:image\" content=\"https:\/\/kibrisdakik.com\/wp-content\/uploads\/2025\/08\/1754814414379TOPLU-TASIMA-TIM-3-1-scaled-740x420.jpeg\" \/>\n\t<meta property=\"og:image:width\" content=\"2560\" \/>\n\t<meta property=\"og:image:height\" content=\"1709\" \/>\n\t<meta property=\"og:image:type\" content=\"image\/jpeg\" \/>\n<meta name=\"author\" content=\"admin\" \/>\n<meta name=\"twitter:card\" content=\"summary_large_image\" \/>\n<meta name=\"twitter:label1\" content=\"Yazan:\" \/>\n\t<meta name=\"twitter:data1\" content=\"admin\" \/>\n\t<meta name=\"twitter:label2\" content=\"Tahmini okuma s\u00fcresi\" \/>\n\t<meta name=\"twitter:data2\" content=\"8 dakika\" \/>\n<script type=\"application\/ld+json\" class=\"yoast-schema-graph\">{\"@context\":\"https:\\\/\\\/schema.org\",\"@graph\":[{\"@type\":\"Article\",\"@id\":\"https:\\\/\\\/kibrisdakik.com\\\/?p=88021#article\",\"isPartOf\":{\"@id\":\"https:\\\/\\\/kibrisdakik.com\\\/?p=88021\"},\"author\":{\"name\":\"admin\",\"@id\":\"https:\\\/\\\/kibrisdakik.com\\\/#\\\/schema\\\/person\\\/9cd9d437bbb44f72b73ba127e06d8e79\"},\"headline\":\"Toplu Ta\u015f\u0131ma Master Plan\u0131\u2019nda hedef \u00fc\u00e7 ay i\u00e7erisinde uygulamaya ge\u00e7mek\",\"datePublished\":\"2025-08-10T08:43:16+00:00\",\"mainEntityOfPage\":{\"@id\":\"https:\\\/\\\/kibrisdakik.com\\\/?p=88021\"},\"wordCount\":1569,\"commentCount\":0,\"image\":{\"@id\":\"https:\\\/\\\/kibrisdakik.com\\\/?p=88021#primaryimage\"},\"thumbnailUrl\":\"https:\\\/\\\/kibrisdakik.com\\\/wp-content\\\/uploads\\\/2025\\\/08\\\/1754814414379TOPLU-TASIMA-TIM-3-1-scaled-740x420.jpeg\",\"articleSection\":[\"K\u0131br\u0131s\",\"Man\u015fet\"],\"inLanguage\":\"tr\",\"potentialAction\":[{\"@type\":\"CommentAction\",\"name\":\"Comment\",\"target\":[\"https:\\\/\\\/kibrisdakik.com\\\/?p=88021#respond\"]}]},{\"@type\":\"WebPage\",\"@id\":\"https:\\\/\\\/kibrisdakik.com\\\/?p=88021\",\"url\":\"https:\\\/\\\/kibrisdakik.com\\\/?p=88021\",\"name\":\"Toplu Ta\u015f\u0131ma Master Plan\u0131\u2019nda hedef \u00fc\u00e7 ay i\u00e7erisinde uygulamaya ge\u00e7mek -\",\"isPartOf\":{\"@id\":\"https:\\\/\\\/kibrisdakik.com\\\/#website\"},\"primaryImageOfPage\":{\"@id\":\"https:\\\/\\\/kibrisdakik.com\\\/?p=88021#primaryimage\"},\"image\":{\"@id\":\"https:\\\/\\\/kibrisdakik.com\\\/?p=88021#primaryimage\"},\"thumbnailUrl\":\"https:\\\/\\\/kibrisdakik.com\\\/wp-content\\\/uploads\\\/2025\\\/08\\\/1754814414379TOPLU-TASIMA-TIM-3-1-scaled-740x420.jpeg\",\"datePublished\":\"2025-08-10T08:43:16+00:00\",\"author\":{\"@id\":\"https:\\\/\\\/kibrisdakik.com\\\/#\\\/schema\\\/person\\\/9cd9d437bbb44f72b73ba127e06d8e79\"},\"breadcrumb\":{\"@id\":\"https:\\\/\\\/kibrisdakik.com\\\/?p=88021#breadcrumb\"},\"inLanguage\":\"tr\",\"potentialAction\":[{\"@type\":\"ReadAction\",\"target\":[\"https:\\\/\\\/kibrisdakik.com\\\/?p=88021\"]}]},{\"@type\":\"ImageObject\",\"inLanguage\":\"tr\",\"@id\":\"https:\\\/\\\/kibrisdakik.com\\\/?p=88021#primaryimage\",\"url\":\"https:\\\/\\\/kibrisdakik.com\\\/wp-content\\\/uploads\\\/2025\\\/08\\\/1754814414379TOPLU-TASIMA-TIM-3-1-scaled-740x420.jpeg\",\"contentUrl\":\"https:\\\/\\\/kibrisdakik.com\\\/wp-content\\\/uploads\\\/2025\\\/08\\\/1754814414379TOPLU-TASIMA-TIM-3-1-scaled-740x420.jpeg\",\"width\":2560,\"height\":1709},{\"@type\":\"BreadcrumbList\",\"@id\":\"https:\\\/\\\/kibrisdakik.com\\\/?p=88021#breadcrumb\",\"itemListElement\":[{\"@type\":\"ListItem\",\"position\":1,\"name\":\"Home\",\"item\":\"https:\\\/\\\/kibrisdakik.com\\\/\"},{\"@type\":\"ListItem\",\"position\":2,\"name\":\"Toplu Ta\u015f\u0131ma Master Plan\u0131\u2019nda hedef \u00fc\u00e7 ay i\u00e7erisinde uygulamaya ge\u00e7mek\"}]},{\"@type\":\"WebSite\",\"@id\":\"https:\\\/\\\/kibrisdakik.com\\\/#website\",\"url\":\"https:\\\/\\\/kibrisdakik.com\\\/\",\"name\":\"\",\"description\":\"Tam vaktinde haber\",\"potentialAction\":[{\"@type\":\"SearchAction\",\"target\":{\"@type\":\"EntryPoint\",\"urlTemplate\":\"https:\\\/\\\/kibrisdakik.com\\\/?s={search_term_string}\"},\"query-input\":{\"@type\":\"PropertyValueSpecification\",\"valueRequired\":true,\"valueName\":\"search_term_string\"}}],\"inLanguage\":\"tr\"},{\"@type\":\"Person\",\"@id\":\"https:\\\/\\\/kibrisdakik.com\\\/#\\\/schema\\\/person\\\/9cd9d437bbb44f72b73ba127e06d8e79\",\"name\":\"admin\",\"image\":{\"@type\":\"ImageObject\",\"inLanguage\":\"tr\",\"@id\":\"https:\\\/\\\/secure.gravatar.com\\\/avatar\\\/ccc17943b9d660506c869530f897617f7cb1c21a4bf30023f252596d83e1f007?s=96&d=mm&r=g\",\"url\":\"https:\\\/\\\/secure.gravatar.com\\\/avatar\\\/ccc17943b9d660506c869530f897617f7cb1c21a4bf30023f252596d83e1f007?s=96&d=mm&r=g\",\"contentUrl\":\"https:\\\/\\\/secure.gravatar.com\\\/avatar\\\/ccc17943b9d660506c869530f897617f7cb1c21a4bf30023f252596d83e1f007?s=96&d=mm&r=g\",\"caption\":\"admin\"},\"sameAs\":[\"https:\\\/\\\/kibrisdakik.com\"],\"url\":\"https:\\\/\\\/kibrisdakik.com\\\/?author=1\"}]}<\/script>\n<!-- \/ Yoast SEO plugin. -->","yoast_head_json":{"title":"Toplu Ta\u015f\u0131ma Master Plan\u0131\u2019nda hedef \u00fc\u00e7 ay i\u00e7erisinde uygulamaya ge\u00e7mek -","robots":{"index":"index","follow":"follow","max-snippet":"max-snippet:-1","max-image-preview":"max-image-preview:large","max-video-preview":"max-video-preview:-1"},"canonical":"https:\/\/kibrisdakik.com\/?p=88021","og_locale":"tr_TR","og_type":"article","og_title":"Toplu Ta\u015f\u0131ma Master Plan\u0131\u2019nda hedef \u00fc\u00e7 ay i\u00e7erisinde uygulamaya ge\u00e7mek -","og_description":"K\u00f6yde ya\u015fayanlar\u0131n kent merkezine g\u00fcn\u00fcn belli saatlerinde daha rahat gidip gelebilmelerini, \u015fehir i\u00e7indeki toplu ta\u015f\u0131ma sisteminin ise \u00e7ok daha eri\u015filebilir olmas\u0131n\u0131 sa\u011flamak amac\u0131yla haz\u0131rlanan \u201cKKTC Toplu Ta\u015f\u0131ma Master Plan\u0131\u201dn\u0131n \u00f6n\u00fcm\u00fczdeki \u00fc\u00e7 ay sonunda uygulamaya konmas\u0131 hedefleniyor. Sekt\u00f6r temsilcilerinin g\u00f6r\u00fc\u015flerinin al\u0131nmas\u0131 a\u015famas\u0131 tamamlanan yeni plana g\u00f6re, elektronik \u00fccret toplama sistemi getirilecek toplu ta\u015f\u0131mac\u0131l\u0131k her b\u00f6lgede kurulacak","og_url":"https:\/\/kibrisdakik.com\/?p=88021","article_published_time":"2025-08-10T08:43:16+00:00","og_image":[{"width":2560,"height":1709,"url":"https:\/\/kibrisdakik.com\/wp-content\/uploads\/2025\/08\/1754814414379TOPLU-TASIMA-TIM-3-1-scaled-740x420.jpeg","type":"image\/jpeg"}],"author":"admin","twitter_card":"summary_large_image","twitter_misc":{"Yazan:":"admin","Tahmini okuma s\u00fcresi":"8 dakika"},"schema":{"@context":"https:\/\/schema.org","@graph":[{"@type":"Article","@id":"https:\/\/kibrisdakik.com\/?p=88021#article","isPartOf":{"@id":"https:\/\/kibrisdakik.com\/?p=88021"},"author":{"name":"admin","@id":"https:\/\/kibrisdakik.com\/#\/schema\/person\/9cd9d437bbb44f72b73ba127e06d8e79"},"headline":"Toplu Ta\u015f\u0131ma Master Plan\u0131\u2019nda hedef \u00fc\u00e7 ay i\u00e7erisinde uygulamaya ge\u00e7mek","datePublished":"2025-08-10T08:43:16+00:00","mainEntityOfPage":{"@id":"https:\/\/kibrisdakik.com\/?p=88021"},"wordCount":1569,"commentCount":0,"image":{"@id":"https:\/\/kibrisdakik.com\/?p=88021#primaryimage"},"thumbnailUrl":"https:\/\/kibrisdakik.com\/wp-content\/uploads\/2025\/08\/1754814414379TOPLU-TASIMA-TIM-3-1-scaled-740x420.jpeg","articleSection":["K\u0131br\u0131s","Man\u015fet"],"inLanguage":"tr","potentialAction":[{"@type":"CommentAction","name":"Comment","target":["https:\/\/kibrisdakik.com\/?p=88021#respond"]}]},{"@type":"WebPage","@id":"https:\/\/kibrisdakik.com\/?p=88021","url":"https:\/\/kibrisdakik.com\/?p=88021","name":"Toplu Ta\u015f\u0131ma Master Plan\u0131\u2019nda hedef \u00fc\u00e7 ay i\u00e7erisinde uygulamaya ge\u00e7mek -","isPartOf":{"@id":"https:\/\/kibrisdakik.com\/#website"},"primaryImageOfPage":{"@id":"https:\/\/kibrisdakik.com\/?p=88021#primaryimage"},"image":{"@id":"https:\/\/kibrisdakik.com\/?p=88021#primaryimage"},"thumbnailUrl":"https:\/\/kibrisdakik.com\/wp-content\/uploads\/2025\/08\/1754814414379TOPLU-TASIMA-TIM-3-1-scaled-740x420.jpeg","datePublished":"2025-08-10T08:43:16+00:00","author":{"@id":"https:\/\/kibrisdakik.com\/#\/schema\/person\/9cd9d437bbb44f72b73ba127e06d8e79"},"breadcrumb":{"@id":"https:\/\/kibrisdakik.com\/?p=88021#breadcrumb"},"inLanguage":"tr","potentialAction":[{"@type":"ReadAction","target":["https:\/\/kibrisdakik.com\/?p=88021"]}]},{"@type":"ImageObject","inLanguage":"tr","@id":"https:\/\/kibrisdakik.com\/?p=88021#primaryimage","url":"https:\/\/kibrisdakik.com\/wp-content\/uploads\/2025\/08\/1754814414379TOPLU-TASIMA-TIM-3-1-scaled-740x420.jpeg","contentUrl":"https:\/\/kibrisdakik.com\/wp-content\/uploads\/2025\/08\/1754814414379TOPLU-TASIMA-TIM-3-1-scaled-740x420.jpeg","width":2560,"height":1709},{"@type":"BreadcrumbList","@id":"https:\/\/kibrisdakik.com\/?p=88021#breadcrumb","itemListElement":[{"@type":"ListItem","position":1,"name":"Home","item":"https:\/\/kibrisdakik.com\/"},{"@type":"ListItem","position":2,"name":"Toplu Ta\u015f\u0131ma Master Plan\u0131\u2019nda hedef \u00fc\u00e7 ay i\u00e7erisinde uygulamaya ge\u00e7mek"}]},{"@type":"WebSite","@id":"https:\/\/kibrisdakik.com\/#website","url":"https:\/\/kibrisdakik.com\/","name":"","description":"Tam vaktinde haber","potentialAction":[{"@type":"SearchAction","target":{"@type":"EntryPoint","urlTemplate":"https:\/\/kibrisdakik.com\/?s={search_term_string}"},"query-input":{"@type":"PropertyValueSpecification","valueRequired":true,"valueName":"search_term_string"}}],"inLanguage":"tr"},{"@type":"Person","@id":"https:\/\/kibrisdakik.com\/#\/schema\/person\/9cd9d437bbb44f72b73ba127e06d8e79","name":"admin","image":{"@type":"ImageObject","inLanguage":"tr","@id":"https:\/\/secure.gravatar.com\/avatar\/ccc17943b9d660506c869530f897617f7cb1c21a4bf30023f252596d83e1f007?s=96&d=mm&r=g","url":"https:\/\/secure.gravatar.com\/avatar\/ccc17943b9d660506c869530f897617f7cb1c21a4bf30023f252596d83e1f007?s=96&d=mm&r=g","contentUrl":"https:\/\/secure.gravatar.com\/avatar\/ccc17943b9d660506c869530f897617f7cb1c21a4bf30023f252596d83e1f007?s=96&d=mm&r=g","caption":"admin"},"sameAs":["https:\/\/kibrisdakik.com"],"url":"https:\/\/kibrisdakik.com\/?author=1"}]}},"_links":{"self":[{"href":"https:\/\/kibrisdakik.com\/index.php?rest_route=\/wp\/v2\/posts\/88021","targetHints":{"allow":["GET"]}}],"collection":[{"href":"https:\/\/kibrisdakik.com\/index.php?rest_route=\/wp\/v2\/posts"}],"about":[{"href":"https:\/\/kibrisdakik.com\/index.php?rest_route=\/wp\/v2\/types\/post"}],"author":[{"embeddable":true,"href":"https:\/\/kibrisdakik.com\/index.php?rest_route=\/wp\/v2\/users\/1"}],"replies":[{"embeddable":true,"href":"https:\/\/kibrisdakik.com\/index.php?rest_route=%2Fwp%2Fv2%2Fcomments&post=88021"}],"version-history":[{"count":0,"href":"https:\/\/kibrisdakik.com\/index.php?rest_route=\/wp\/v2\/posts\/88021\/revisions"}],"wp:featuredmedia":[{"embeddable":true,"href":"https:\/\/kibrisdakik.com\/index.php?rest_route=\/wp\/v2\/media\/88022"}],"wp:attachment":[{"href":"https:\/\/kibrisdakik.com\/index.php?rest_route=%2Fwp%2Fv2%2Fmedia&parent=88021"}],"wp:term":[{"taxonomy":"category","embeddable":true,"href":"https:\/\/kibrisdakik.com\/index.php?rest_route=%2Fwp%2Fv2%2Fcategories&post=88021"},{"taxonomy":"post_tag","embeddable":true,"href":"https:\/\/kibrisdakik.com\/index.php?rest_route=%2Fwp%2Fv2%2Ftags&post=88021"}],"curies":[{"name":"wp","href":"https:\/\/api.w.org\/{rel}","templated":true}]}}