{"id":88071,"date":"2025-08-11T13:56:12","date_gmt":"2025-08-11T10:56:12","guid":{"rendered":"https:\/\/kibrisdakik.com\/index.php\/2025\/08\/11\/lefkede-erkenci-zeytin-hasadi-ile-harup-hasadi-25-agustosta-yerli-zeytin-hasadi-ise-8-eylulde\/"},"modified":"2025-08-11T13:56:12","modified_gmt":"2025-08-11T10:56:12","slug":"lefkede-erkenci-zeytin-hasadi-ile-harup-hasadi-25-agustosta-yerli-zeytin-hasadi-ise-8-eylulde","status":"publish","type":"post","link":"https:\/\/kibrisdakik.com\/?p=88071","title":{"rendered":"Lefke\u2019de erkenci zeytin hasad\u0131 ile harup hasad\u0131 25 A\u011fustos\u2019ta, yerli zeytin hasad\u0131 ise 8 Eyl\u00fcl\u2019de"},"content":{"rendered":"<p> <br \/>\n<\/p>\n<div>\n<div class=\"mariselle-image-container center\">\n                                            <\/div>\n<p>\nLefke\u2019de 2025 y\u0131l\u0131 zeytin ve harup toplama (hasat) tarihleri a\u00e7\u0131kland\u0131.<\/p>\n<p>Lefke Kaymakam\u0131 Cemal Orakc\u0131o\u011flu\u2019nun imzas\u0131yla yay\u0131mlanan bildiriye g\u00f6re, Lefke il\u00e7esinde erkenci zeytin hasad\u0131 ile harup hasad\u0131 25 A\u011fustos\u2019ta, yerli zeytin hasad\u0131 ise 8 Eyl\u00fcl\u2019de ba\u015flayacak.<\/p>\n<p>Bildiride, hasat ba\u015flang\u0131\u00e7 tarihlerinden \u00f6nce zeytin veya harup toplayanlar hakk\u0131nda yasal i\u015flem ba\u015flat\u0131laca\u011f\u0131 uyar\u0131s\u0131nda bulunuldu.<\/p>\n<\/p><\/div>\n<p><script async\n                    defer\n                    crossorigin=\"anonymous\"\n                    src=\"https:\/\/connect.facebook.net\/tr_TR\/sdk.js#xfbml=1&#038;version=v3.3\"\n            ><\/script><br \/>\n<br \/><br \/>\n<br \/><a href=\"[kibrisdakik.com]\n<\/p>\n","protected":false},"excerpt":{"rendered":"<p>Lefke\u2019de 2025 y\u0131l\u0131 zeytin ve harup toplama (hasat) tarihleri a\u00e7\u0131kland\u0131. Lefke Kaymakam\u0131 Cemal Orakc\u0131o\u011flu\u2019nun imzas\u0131yla yay\u0131mlanan bildiriye g\u00f6re, Lefke il\u00e7esinde erkenci zeytin hasad\u0131 ile harup hasad\u0131 25 A\u011fustos\u2019ta, yerli zeytin hasad\u0131 ise 8 Eyl\u00fcl\u2019de ba\u015flayacak. Bildiride, hasat ba\u015flang\u0131\u00e7 tarihlerinden \u00f6nce zeytin veya harup toplayanlar hakk\u0131nda yasal i\u015flem ba\u015flat\u0131laca\u011f\u0131 uyar\u0131s\u0131nda bulunuldu.<\/p>\n","protected":false},"author":1,"featured_media":88072,"comment_status":"open","ping_status":"open","sticky":false,"template":"","format":"standard","meta":{"footnotes":""},"categories":[81,101],"tags":[],"class_list":["post-88071","post","type-post","status-publish","format-standard","has-post-thumbnail","hentry","category-kibris","category-manset"],"yoast_head":"<!-- This site is optimized with the Yoast SEO plugin v27.5 - https:\/\/yoast.com\/product\/yoast-seo-wordpress\/ -->\n<title>Lefke\u2019de erkenci zeytin hasad\u0131 ile harup hasad\u0131 25 A\u011fustos\u2019ta, yerli zeytin hasad\u0131 ise 8 Eyl\u00fcl\u2019de -<\/title>\n<meta name=\"robots\" content=\"index, follow, max-snippet:-1, max-image-preview:large, max-video-preview:-1\" \/>\n<link rel=\"canonical\" href=\"https:\/\/kibrisdakik.com\/?p=88071\" \/>\n<meta property=\"og:locale\" content=\"tr_TR\" \/>\n<meta property=\"og:type\" content=\"article\" \/>\n<meta property=\"og:title\" content=\"Lefke\u2019de erkenci zeytin hasad\u0131 ile harup hasad\u0131 25 A\u011fustos\u2019ta, yerli zeytin hasad\u0131 ise 8 Eyl\u00fcl\u2019de -\" \/>\n<meta property=\"og:description\" content=\"Lefke\u2019de 2025 y\u0131l\u0131 zeytin ve harup toplama (hasat) tarihleri a\u00e7\u0131kland\u0131. Lefke Kaymakam\u0131 Cemal Orakc\u0131o\u011flu\u2019nun imzas\u0131yla yay\u0131mlanan bildiriye g\u00f6re, Lefke il\u00e7esinde erkenci zeytin hasad\u0131 ile harup hasad\u0131 25 A\u011fustos\u2019ta, yerli zeytin hasad\u0131 ise 8 Eyl\u00fcl\u2019de ba\u015flayacak. Bildiride, hasat ba\u015flang\u0131\u00e7 tarihlerinden \u00f6nce zeytin veya harup toplayanlar hakk\u0131nda yasal i\u015flem ba\u015flat\u0131laca\u011f\u0131 uyar\u0131s\u0131nda bulunuldu.\" \/>\n<meta property=\"og:url\" content=\"https:\/\/kibrisdakik.com\/?p=88071\" \/>\n<meta property=\"article:published_time\" content=\"2025-08-11T10:56:12+00:00\" \/>\n<meta property=\"og:image\" content=\"https:\/\/kibrisdakik.com\/wp-content\/uploads\/2025\/08\/17549058965871738481620869ZEYTIN-ERO-1-740x420.jpg\" \/>\n\t<meta property=\"og:image:width\" content=\"1654\" \/>\n\t<meta property=\"og:image:height\" content=\"1107\" \/>\n\t<meta property=\"og:image:type\" content=\"image\/jpeg\" \/>\n<meta name=\"author\" content=\"admin\" \/>\n<meta name=\"twitter:card\" content=\"summary_large_image\" \/>\n<meta name=\"twitter:label1\" content=\"Yazan:\" \/>\n\t<meta name=\"twitter:data1\" content=\"admin\" \/>\n<script type=\"application\/ld+json\" class=\"yoast-schema-graph\">{\"@context\":\"https:\\\/\\\/schema.org\",\"@graph\":[{\"@type\":\"Article\",\"@id\":\"https:\\\/\\\/kibrisdakik.com\\\/?p=88071#article\",\"isPartOf\":{\"@id\":\"https:\\\/\\\/kibrisdakik.com\\\/?p=88071\"},\"author\":{\"name\":\"admin\",\"@id\":\"https:\\\/\\\/kibrisdakik.com\\\/#\\\/schema\\\/person\\\/9cd9d437bbb44f72b73ba127e06d8e79\"},\"headline\":\"Lefke\u2019de erkenci zeytin hasad\u0131 ile harup hasad\u0131 25 A\u011fustos\u2019ta, yerli zeytin hasad\u0131 ise 8 Eyl\u00fcl\u2019de\",\"datePublished\":\"2025-08-11T10:56:12+00:00\",\"mainEntityOfPage\":{\"@id\":\"https:\\\/\\\/kibrisdakik.com\\\/?p=88071\"},\"wordCount\":89,\"commentCount\":0,\"image\":{\"@id\":\"https:\\\/\\\/kibrisdakik.com\\\/?p=88071#primaryimage\"},\"thumbnailUrl\":\"https:\\\/\\\/kibrisdakik.com\\\/wp-content\\\/uploads\\\/2025\\\/08\\\/17549058965871738481620869ZEYTIN-ERO-1-740x420.jpg\",\"articleSection\":[\"K\u0131br\u0131s\",\"Man\u015fet\"],\"inLanguage\":\"tr\",\"potentialAction\":[{\"@type\":\"CommentAction\",\"name\":\"Comment\",\"target\":[\"https:\\\/\\\/kibrisdakik.com\\\/?p=88071#respond\"]}]},{\"@type\":\"WebPage\",\"@id\":\"https:\\\/\\\/kibrisdakik.com\\\/?p=88071\",\"url\":\"https:\\\/\\\/kibrisdakik.com\\\/?p=88071\",\"name\":\"Lefke\u2019de erkenci zeytin hasad\u0131 ile harup hasad\u0131 25 A\u011fustos\u2019ta, yerli zeytin hasad\u0131 ise 8 Eyl\u00fcl\u2019de -\",\"isPartOf\":{\"@id\":\"https:\\\/\\\/kibrisdakik.com\\\/#website\"},\"primaryImageOfPage\":{\"@id\":\"https:\\\/\\\/kibrisdakik.com\\\/?p=88071#primaryimage\"},\"image\":{\"@id\":\"https:\\\/\\\/kibrisdakik.com\\\/?p=88071#primaryimage\"},\"thumbnailUrl\":\"https:\\\/\\\/kibrisdakik.com\\\/wp-content\\\/uploads\\\/2025\\\/08\\\/17549058965871738481620869ZEYTIN-ERO-1-740x420.jpg\",\"datePublished\":\"2025-08-11T10:56:12+00:00\",\"author\":{\"@id\":\"https:\\\/\\\/kibrisdakik.com\\\/#\\\/schema\\\/person\\\/9cd9d437bbb44f72b73ba127e06d8e79\"},\"breadcrumb\":{\"@id\":\"https:\\\/\\\/kibrisdakik.com\\\/?p=88071#breadcrumb\"},\"inLanguage\":\"tr\",\"potentialAction\":[{\"@type\":\"ReadAction\",\"target\":[\"https:\\\/\\\/kibrisdakik.com\\\/?p=88071\"]}]},{\"@type\":\"ImageObject\",\"inLanguage\":\"tr\",\"@id\":\"https:\\\/\\\/kibrisdakik.com\\\/?p=88071#primaryimage\",\"url\":\"https:\\\/\\\/kibrisdakik.com\\\/wp-content\\\/uploads\\\/2025\\\/08\\\/17549058965871738481620869ZEYTIN-ERO-1-740x420.jpg\",\"contentUrl\":\"https:\\\/\\\/kibrisdakik.com\\\/wp-content\\\/uploads\\\/2025\\\/08\\\/17549058965871738481620869ZEYTIN-ERO-1-740x420.jpg\",\"width\":1654,\"height\":1107},{\"@type\":\"BreadcrumbList\",\"@id\":\"https:\\\/\\\/kibrisdakik.com\\\/?p=88071#breadcrumb\",\"itemListElement\":[{\"@type\":\"ListItem\",\"position\":1,\"name\":\"Home\",\"item\":\"https:\\\/\\\/kibrisdakik.com\\\/\"},{\"@type\":\"ListItem\",\"position\":2,\"name\":\"Lefke\u2019de erkenci zeytin hasad\u0131 ile harup hasad\u0131 25 A\u011fustos\u2019ta, yerli zeytin hasad\u0131 ise 8 Eyl\u00fcl\u2019de\"}]},{\"@type\":\"WebSite\",\"@id\":\"https:\\\/\\\/kibrisdakik.com\\\/#website\",\"url\":\"https:\\\/\\\/kibrisdakik.com\\\/\",\"name\":\"\",\"description\":\"Tam vaktinde haber\",\"potentialAction\":[{\"@type\":\"SearchAction\",\"target\":{\"@type\":\"EntryPoint\",\"urlTemplate\":\"https:\\\/\\\/kibrisdakik.com\\\/?s={search_term_string}\"},\"query-input\":{\"@type\":\"PropertyValueSpecification\",\"valueRequired\":true,\"valueName\":\"search_term_string\"}}],\"inLanguage\":\"tr\"},{\"@type\":\"Person\",\"@id\":\"https:\\\/\\\/kibrisdakik.com\\\/#\\\/schema\\\/person\\\/9cd9d437bbb44f72b73ba127e06d8e79\",\"name\":\"admin\",\"image\":{\"@type\":\"ImageObject\",\"inLanguage\":\"tr\",\"@id\":\"https:\\\/\\\/secure.gravatar.com\\\/avatar\\\/ccc17943b9d660506c869530f897617f7cb1c21a4bf30023f252596d83e1f007?s=96&d=mm&r=g\",\"url\":\"https:\\\/\\\/secure.gravatar.com\\\/avatar\\\/ccc17943b9d660506c869530f897617f7cb1c21a4bf30023f252596d83e1f007?s=96&d=mm&r=g\",\"contentUrl\":\"https:\\\/\\\/secure.gravatar.com\\\/avatar\\\/ccc17943b9d660506c869530f897617f7cb1c21a4bf30023f252596d83e1f007?s=96&d=mm&r=g\",\"caption\":\"admin\"},\"sameAs\":[\"https:\\\/\\\/kibrisdakik.com\"],\"url\":\"https:\\\/\\\/kibrisdakik.com\\\/?author=1\"}]}<\/script>\n<!-- \/ Yoast SEO plugin. -->","yoast_head_json":{"title":"Lefke\u2019de erkenci zeytin hasad\u0131 ile harup hasad\u0131 25 A\u011fustos\u2019ta, yerli zeytin hasad\u0131 ise 8 Eyl\u00fcl\u2019de -","robots":{"index":"index","follow":"follow","max-snippet":"max-snippet:-1","max-image-preview":"max-image-preview:large","max-video-preview":"max-video-preview:-1"},"canonical":"https:\/\/kibrisdakik.com\/?p=88071","og_locale":"tr_TR","og_type":"article","og_title":"Lefke\u2019de erkenci zeytin hasad\u0131 ile harup hasad\u0131 25 A\u011fustos\u2019ta, yerli zeytin hasad\u0131 ise 8 Eyl\u00fcl\u2019de -","og_description":"Lefke\u2019de 2025 y\u0131l\u0131 zeytin ve harup toplama (hasat) tarihleri a\u00e7\u0131kland\u0131. Lefke Kaymakam\u0131 Cemal Orakc\u0131o\u011flu\u2019nun imzas\u0131yla yay\u0131mlanan bildiriye g\u00f6re, Lefke il\u00e7esinde erkenci zeytin hasad\u0131 ile harup hasad\u0131 25 A\u011fustos\u2019ta, yerli zeytin hasad\u0131 ise 8 Eyl\u00fcl\u2019de ba\u015flayacak. Bildiride, hasat ba\u015flang\u0131\u00e7 tarihlerinden \u00f6nce zeytin veya harup toplayanlar hakk\u0131nda yasal i\u015flem ba\u015flat\u0131laca\u011f\u0131 uyar\u0131s\u0131nda bulunuldu.","og_url":"https:\/\/kibrisdakik.com\/?p=88071","article_published_time":"2025-08-11T10:56:12+00:00","og_image":[{"width":1654,"height":1107,"url":"https:\/\/kibrisdakik.com\/wp-content\/uploads\/2025\/08\/17549058965871738481620869ZEYTIN-ERO-1-740x420.jpg","type":"image\/jpeg"}],"author":"admin","twitter_card":"summary_large_image","twitter_misc":{"Yazan:":"admin"},"schema":{"@context":"https:\/\/schema.org","@graph":[{"@type":"Article","@id":"https:\/\/kibrisdakik.com\/?p=88071#article","isPartOf":{"@id":"https:\/\/kibrisdakik.com\/?p=88071"},"author":{"name":"admin","@id":"https:\/\/kibrisdakik.com\/#\/schema\/person\/9cd9d437bbb44f72b73ba127e06d8e79"},"headline":"Lefke\u2019de erkenci zeytin hasad\u0131 ile harup hasad\u0131 25 A\u011fustos\u2019ta, yerli zeytin hasad\u0131 ise 8 Eyl\u00fcl\u2019de","datePublished":"2025-08-11T10:56:12+00:00","mainEntityOfPage":{"@id":"https:\/\/kibrisdakik.com\/?p=88071"},"wordCount":89,"commentCount":0,"image":{"@id":"https:\/\/kibrisdakik.com\/?p=88071#primaryimage"},"thumbnailUrl":"https:\/\/kibrisdakik.com\/wp-content\/uploads\/2025\/08\/17549058965871738481620869ZEYTIN-ERO-1-740x420.jpg","articleSection":["K\u0131br\u0131s","Man\u015fet"],"inLanguage":"tr","potentialAction":[{"@type":"CommentAction","name":"Comment","target":["https:\/\/kibrisdakik.com\/?p=88071#respond"]}]},{"@type":"WebPage","@id":"https:\/\/kibrisdakik.com\/?p=88071","url":"https:\/\/kibrisdakik.com\/?p=88071","name":"Lefke\u2019de erkenci zeytin hasad\u0131 ile harup hasad\u0131 25 A\u011fustos\u2019ta, yerli zeytin hasad\u0131 ise 8 Eyl\u00fcl\u2019de -","isPartOf":{"@id":"https:\/\/kibrisdakik.com\/#website"},"primaryImageOfPage":{"@id":"https:\/\/kibrisdakik.com\/?p=88071#primaryimage"},"image":{"@id":"https:\/\/kibrisdakik.com\/?p=88071#primaryimage"},"thumbnailUrl":"https:\/\/kibrisdakik.com\/wp-content\/uploads\/2025\/08\/17549058965871738481620869ZEYTIN-ERO-1-740x420.jpg","datePublished":"2025-08-11T10:56:12+00:00","author":{"@id":"https:\/\/kibrisdakik.com\/#\/schema\/person\/9cd9d437bbb44f72b73ba127e06d8e79"},"breadcrumb":{"@id":"https:\/\/kibrisdakik.com\/?p=88071#breadcrumb"},"inLanguage":"tr","potentialAction":[{"@type":"ReadAction","target":["https:\/\/kibrisdakik.com\/?p=88071"]}]},{"@type":"ImageObject","inLanguage":"tr","@id":"https:\/\/kibrisdakik.com\/?p=88071#primaryimage","url":"https:\/\/kibrisdakik.com\/wp-content\/uploads\/2025\/08\/17549058965871738481620869ZEYTIN-ERO-1-740x420.jpg","contentUrl":"https:\/\/kibrisdakik.com\/wp-content\/uploads\/2025\/08\/17549058965871738481620869ZEYTIN-ERO-1-740x420.jpg","width":1654,"height":1107},{"@type":"BreadcrumbList","@id":"https:\/\/kibrisdakik.com\/?p=88071#breadcrumb","itemListElement":[{"@type":"ListItem","position":1,"name":"Home","item":"https:\/\/kibrisdakik.com\/"},{"@type":"ListItem","position":2,"name":"Lefke\u2019de erkenci zeytin hasad\u0131 ile harup hasad\u0131 25 A\u011fustos\u2019ta, yerli zeytin hasad\u0131 ise 8 Eyl\u00fcl\u2019de"}]},{"@type":"WebSite","@id":"https:\/\/kibrisdakik.com\/#website","url":"https:\/\/kibrisdakik.com\/","name":"","description":"Tam vaktinde haber","potentialAction":[{"@type":"SearchAction","target":{"@type":"EntryPoint","urlTemplate":"https:\/\/kibrisdakik.com\/?s={search_term_string}"},"query-input":{"@type":"PropertyValueSpecification","valueRequired":true,"valueName":"search_term_string"}}],"inLanguage":"tr"},{"@type":"Person","@id":"https:\/\/kibrisdakik.com\/#\/schema\/person\/9cd9d437bbb44f72b73ba127e06d8e79","name":"admin","image":{"@type":"ImageObject","inLanguage":"tr","@id":"https:\/\/secure.gravatar.com\/avatar\/ccc17943b9d660506c869530f897617f7cb1c21a4bf30023f252596d83e1f007?s=96&d=mm&r=g","url":"https:\/\/secure.gravatar.com\/avatar\/ccc17943b9d660506c869530f897617f7cb1c21a4bf30023f252596d83e1f007?s=96&d=mm&r=g","contentUrl":"https:\/\/secure.gravatar.com\/avatar\/ccc17943b9d660506c869530f897617f7cb1c21a4bf30023f252596d83e1f007?s=96&d=mm&r=g","caption":"admin"},"sameAs":["https:\/\/kibrisdakik.com"],"url":"https:\/\/kibrisdakik.com\/?author=1"}]}},"_links":{"self":[{"href":"https:\/\/kibrisdakik.com\/index.php?rest_route=\/wp\/v2\/posts\/88071","targetHints":{"allow":["GET"]}}],"collection":[{"href":"https:\/\/kibrisdakik.com\/index.php?rest_route=\/wp\/v2\/posts"}],"about":[{"href":"https:\/\/kibrisdakik.com\/index.php?rest_route=\/wp\/v2\/types\/post"}],"author":[{"embeddable":true,"href":"https:\/\/kibrisdakik.com\/index.php?rest_route=\/wp\/v2\/users\/1"}],"replies":[{"embeddable":true,"href":"https:\/\/kibrisdakik.com\/index.php?rest_route=%2Fwp%2Fv2%2Fcomments&post=88071"}],"version-history":[{"count":0,"href":"https:\/\/kibrisdakik.com\/index.php?rest_route=\/wp\/v2\/posts\/88071\/revisions"}],"wp:featuredmedia":[{"embeddable":true,"href":"https:\/\/kibrisdakik.com\/index.php?rest_route=\/wp\/v2\/media\/88072"}],"wp:attachment":[{"href":"https:\/\/kibrisdakik.com\/index.php?rest_route=%2Fwp%2Fv2%2Fmedia&parent=88071"}],"wp:term":[{"taxonomy":"category","embeddable":true,"href":"https:\/\/kibrisdakik.com\/index.php?rest_route=%2Fwp%2Fv2%2Fcategories&post=88071"},{"taxonomy":"post_tag","embeddable":true,"href":"https:\/\/kibrisdakik.com\/index.php?rest_route=%2Fwp%2Fv2%2Ftags&post=88071"}],"curies":[{"name":"wp","href":"https:\/\/api.w.org\/{rel}","templated":true}]}}