{"id":88079,"date":"2025-08-11T14:40:04","date_gmt":"2025-08-11T11:40:04","guid":{"rendered":"https:\/\/kibrisdakik.com\/index.php\/2025\/08\/11\/basbakan-ustel-ve-hukumet-ortaklari-teknecik-santralini-ziyaret-ettiustel-turkiyeden-gelecek-uzman-bir-ekip-ile-konu-arastirilacak\/"},"modified":"2025-08-11T14:40:04","modified_gmt":"2025-08-11T11:40:04","slug":"basbakan-ustel-ve-hukumet-ortaklari-teknecik-santralini-ziyaret-ettiustel-turkiyeden-gelecek-uzman-bir-ekip-ile-konu-arastirilacak","status":"publish","type":"post","link":"https:\/\/kibrisdakik.com\/?p=88079","title":{"rendered":"Ba\u015fbakan \u00dcstel ve h\u00fck\u00fcmet ortaklar\u0131 Teknecik Santrali\u2019ni ziyaret etti\u2026\u00dcstel: T\u00fcrkiye\u2019den gelecek uzman bir ekip ile konu ara\u015ft\u0131r\u0131lacak"},"content":{"rendered":"<p> <br \/>\n<\/p>\n<div>\n<div class=\"mariselle-image-container center\">\n                                            <\/div>\n<p>Ba\u015fbakan \u00dcnal \u00dcstel, Ba\u015fbakan Yard\u0131mc\u0131s\u0131 Fikri Atao\u011flu ve Bay\u0131nd\u0131rl\u0131k ve Ula\u015ft\u0131rma Bakan\u0131 Erhan Ar\u0131kl\u0131 ile birlikte Teknecik Elektrik santralini ziyaret ederek KIB-TEK m\u00fcd\u00fcr\u00fc Dalman Ayd\u0131n, Y\u00f6netim Kurulu Ba\u015fkan\u0131 G\u00fcrsel Uzun ve teknik ekip ile bir araya geldi. <\/p>\n<p>G\u00f6r\u00fc\u015fmede ilk olarak Teknecik Teknik M\u00fcd\u00fcr\u00fc Ozan Erenay ya\u015fanan ar\u0131za hakk\u0131nda teknik bilgi verdi. <\/p>\n<p>K\u0131b-Tek Y\u00f6netim Kurulu ba\u015fkan\u0131 G\u00fcrsel Uzun ise teknik ekibin konuyu ara\u015ft\u0131rd\u0131\u011f\u0131n\u0131, patlaman\u0131n nedenlerinin yak\u0131n zamanda haz\u0131rlanacak rapor ile halka a\u00e7\u0131klanaca\u011f\u0131n\u0131 s\u00f6yledi.  <\/p>\n<p>Ciddi boyutta bir ar\u0131za ya\u015fand\u0131\u011f\u0131n\u0131 ancak teknik ekiplerin canla ba\u015fla \u00e7al\u0131\u015farak 17-18 saat i\u00e7inde enerjiyi sa\u011flad\u0131\u011f\u0131n\u0131 belirten Uzun, bir tak\u0131m eksikliklerin de haftan\u0131n ikinci yar\u0131s\u0131 i\u00e7inde giderilece\u011fini kaydetti. <\/p>\n<p>Ba\u015fbakan \u00dcnal \u00dcstel de, G\u00fcne\u015fk\u00f6y Trafo Merkezi\u2019nde ya\u015fanan olay\u0131n herkesi derinden \u00fczd\u00fc\u011f\u00fcn\u00fc kaydetti, olay\u0131n nedenlerini ara\u015ft\u0131rmak i\u00e7in b\u00fct\u00fcn ekiplerin seferber edildi\u011fini s\u00f6yledi. <\/p>\n<p>Bu do\u011frultuda Bakanlar Kurulunu ola\u011fan\u00fcst\u00fc toplad\u0131klar\u0131n\u0131 ve ilgili ekipten gerekli bilgileri ald\u0131klar\u0131n\u0131 anlatan Ba\u015fbakan \u00dcstel, detayl\u0131 soru\u015fturma yap\u0131lmas\u0131 i\u00e7in Polis Genel M\u00fcd\u00fcr\u00fcne genelge verdiklerini kaydetti. <\/p>\n<p>Ya\u015fananlar\u0131n ciddiyetine dikkat \u00e7eken \u00dcstel, haz\u0131rlanacak raporlar \u0131\u015f\u0131\u011f\u0131nda T\u00fcrkiye\u2019den gelecek uzman bir ekip ile konunun ara\u015ft\u0131r\u0131laca\u011f\u0131n\u0131 s\u00f6yledi. <\/p>\n<div class=\"mariselle-image-container center\">\n                <img loading=\"lazy\" decoding=\"async\" width=\"2048\" height=\"1536\" class=\"lazy-image\" alt=\"\" sizes=\"auto, (max-width: 2048px) 100vw, 2048px\" src=\"https:\/\/brtk.net\/wp-content\/uploads\/2025\/08\/11\/WhatsApp-Gorsel-2025-08-11-saat-13.33.58_27b3027f.jpg?ver=fa7893179d33b7df35dd3e833d77fcdf\" srcset=\"https:\/\/brtk.net\/wp-content\/uploads\/2025\/08\/11\/WhatsApp-Gorsel-2025-08-11-saat-13.33.58_27b3027f.jpg?ver=fa7893179d33b7df35dd3e833d77fcdf 2048w, https:\/\/brtk.net\/wp-content\/uploads\/2025\/08\/11\/WhatsApp-Gorsel-2025-08-11-saat-13.33.58_27b3027f-300x225.jpg?ver=fa7893179d33b7df35dd3e833d77fcdf 300w, https:\/\/brtk.net\/wp-content\/uploads\/2025\/08\/11\/WhatsApp-Gorsel-2025-08-11-saat-13.33.58_27b3027f-1024x768.jpg?ver=fa7893179d33b7df35dd3e833d77fcdf 1024w, https:\/\/brtk.net\/wp-content\/uploads\/2025\/08\/11\/WhatsApp-Gorsel-2025-08-11-saat-13.33.58_27b3027f-768x576.jpg?ver=85601195efa30f250ece6e5357469bcb 768w, https:\/\/brtk.net\/wp-content\/uploads\/2025\/08\/11\/WhatsApp-Gorsel-2025-08-11-saat-13.33.58_27b3027f-1536x1152.jpg?ver=5f2a2a56355784f3165536cda2166580 1536w\"\/>                            <\/div>\n<p>\u00dcstel \u201cK\u00fc\u00e7\u00fcmsenecek bir patlama olay\u0131 de\u011fildi. Ve olmamas\u0131 gereken bir patlamayd\u0131. Patlama ile birlikte \u00fcretim merkezinde de ar\u0131za ya\u015fand\u0131. Ar\u0131zan\u0131n s\u00fcratli bir \u015fekilde giderilmesi i\u00e7in \u00fcretim merkezindeki m\u00fchendislerimiz canla ba\u015fla \u00e7al\u0131\u015ft\u0131. Kendilerine te\u015fekk\u00fcr ederim\u201d dedi. <\/p>\n<p>\u00dcstel, bundan sonraki d\u00f6nemde bu s\u0131k\u0131nt\u0131lar\u0131n ya\u015fanmamas\u0131 i\u00e7in al\u0131nacak \u00f6nlemler ve \u00fclkedeki geli\u015fmeleri hesaplayarak planlama yapmak ad\u0131na koalisyon ortaklar\u0131 ile Teknecik\u2019te KIB-TEK y\u00f6netimi ve teknik ekiple bir araya geldiklerini kaydetti. <\/p>\n<p>T\u00fcrkiye Cumhuriyeti ile irtibata ge\u00e7erek T\u00fcrkiye\u2019den kablo ile elektrik getirilmesi \u00e7al\u0131\u015fmalar\u0131n\u0131n ne a\u015famada oldu\u011funu de\u011ferlendireceklerini s\u00f6yleyen \u00dcstel, bir yol haritas\u0131 belirlemenin zaman\u0131n\u0131n geldi\u011fini s\u00f6yledi. <\/p>\n<p>Ba\u015fbakan \u00dcstel, \u00f6nemli olan\u0131n enerjide ya\u015fanan sorunlar\u0131 s\u00fcratle ortadan kald\u0131r\u0131p \u00fclkenin daha \u00e7a\u011fda\u015f bir enerjiye kavu\u015fmas\u0131 i\u00e7in \u00e7al\u0131\u015fmalar\u0131 h\u0131zland\u0131rmak oldu\u011funu belirtti.<\/p>\n<\/p><\/div>\n<p><script async\n                    defer\n                    crossorigin=\"anonymous\"\n                    src=\"https:\/\/connect.facebook.net\/tr_TR\/sdk.js#xfbml=1&#038;version=v3.3\"\n            ><\/script><br \/>\n<br \/><br \/>\n<br \/><a href=\"[kibrisdakik.com]\n<\/p>\n","protected":false},"excerpt":{"rendered":"<p>Ba\u015fbakan \u00dcnal \u00dcstel, Ba\u015fbakan Yard\u0131mc\u0131s\u0131 Fikri Atao\u011flu ve Bay\u0131nd\u0131rl\u0131k ve Ula\u015ft\u0131rma Bakan\u0131 Erhan Ar\u0131kl\u0131 ile birlikte Teknecik Elektrik santralini ziyaret ederek KIB-TEK m\u00fcd\u00fcr\u00fc Dalman Ayd\u0131n, Y\u00f6netim Kurulu Ba\u015fkan\u0131 G\u00fcrsel Uzun ve teknik ekip ile bir araya geldi. G\u00f6r\u00fc\u015fmede ilk olarak Teknecik Teknik M\u00fcd\u00fcr\u00fc Ozan Erenay ya\u015fanan ar\u0131za hakk\u0131nda teknik bilgi verdi. K\u0131b-Tek Y\u00f6netim Kurulu ba\u015fkan\u0131<\/p>\n","protected":false},"author":1,"featured_media":88080,"comment_status":"open","ping_status":"open","sticky":false,"template":"","format":"standard","meta":{"footnotes":""},"categories":[81,101],"tags":[],"class_list":["post-88079","post","type-post","status-publish","format-standard","has-post-thumbnail","hentry","category-kibris","category-manset"],"yoast_head":"<!-- This site is optimized with the Yoast SEO plugin v27.5 - https:\/\/yoast.com\/product\/yoast-seo-wordpress\/ -->\n<title>Ba\u015fbakan \u00dcstel ve h\u00fck\u00fcmet ortaklar\u0131 Teknecik Santrali\u2019ni ziyaret etti\u2026\u00dcstel: T\u00fcrkiye\u2019den gelecek uzman bir ekip ile konu ara\u015ft\u0131r\u0131lacak -<\/title>\n<meta name=\"robots\" content=\"index, follow, max-snippet:-1, max-image-preview:large, max-video-preview:-1\" \/>\n<link rel=\"canonical\" href=\"https:\/\/kibrisdakik.com\/?p=88079\" \/>\n<meta property=\"og:locale\" content=\"tr_TR\" \/>\n<meta property=\"og:type\" content=\"article\" \/>\n<meta property=\"og:title\" content=\"Ba\u015fbakan \u00dcstel ve h\u00fck\u00fcmet ortaklar\u0131 Teknecik Santrali\u2019ni ziyaret etti\u2026\u00dcstel: T\u00fcrkiye\u2019den gelecek uzman bir ekip ile konu ara\u015ft\u0131r\u0131lacak -\" \/>\n<meta property=\"og:description\" content=\"Ba\u015fbakan \u00dcnal \u00dcstel, Ba\u015fbakan Yard\u0131mc\u0131s\u0131 Fikri Atao\u011flu ve Bay\u0131nd\u0131rl\u0131k ve Ula\u015ft\u0131rma Bakan\u0131 Erhan Ar\u0131kl\u0131 ile birlikte Teknecik Elektrik santralini ziyaret ederek KIB-TEK m\u00fcd\u00fcr\u00fc Dalman Ayd\u0131n, Y\u00f6netim Kurulu Ba\u015fkan\u0131 G\u00fcrsel Uzun ve teknik ekip ile bir araya geldi. G\u00f6r\u00fc\u015fmede ilk olarak Teknecik Teknik M\u00fcd\u00fcr\u00fc Ozan Erenay ya\u015fanan ar\u0131za hakk\u0131nda teknik bilgi verdi. K\u0131b-Tek Y\u00f6netim Kurulu ba\u015fkan\u0131\" \/>\n<meta property=\"og:url\" content=\"https:\/\/kibrisdakik.com\/?p=88079\" \/>\n<meta property=\"article:published_time\" content=\"2025-08-11T11:40:04+00:00\" \/>\n<meta property=\"og:image\" content=\"https:\/\/kibrisdakik.com\/wp-content\/uploads\/2025\/08\/WhatsApp-Gorsel-2025-08-11-saat-13.33.58_27b3027f-740x420.jpg\" \/>\n\t<meta property=\"og:image:width\" content=\"2048\" \/>\n\t<meta property=\"og:image:height\" content=\"1536\" \/>\n\t<meta property=\"og:image:type\" content=\"image\/jpeg\" \/>\n<meta name=\"author\" content=\"admin\" \/>\n<meta name=\"twitter:card\" content=\"summary_large_image\" \/>\n<meta name=\"twitter:label1\" content=\"Yazan:\" \/>\n\t<meta name=\"twitter:data1\" content=\"admin\" \/>\n\t<meta name=\"twitter:label2\" content=\"Tahmini okuma s\u00fcresi\" \/>\n\t<meta name=\"twitter:data2\" content=\"2 dakika\" \/>\n<script type=\"application\/ld+json\" class=\"yoast-schema-graph\">{\"@context\":\"https:\\\/\\\/schema.org\",\"@graph\":[{\"@type\":\"Article\",\"@id\":\"https:\\\/\\\/kibrisdakik.com\\\/?p=88079#article\",\"isPartOf\":{\"@id\":\"https:\\\/\\\/kibrisdakik.com\\\/?p=88079\"},\"author\":{\"name\":\"admin\",\"@id\":\"https:\\\/\\\/kibrisdakik.com\\\/#\\\/schema\\\/person\\\/9cd9d437bbb44f72b73ba127e06d8e79\"},\"headline\":\"Ba\u015fbakan \u00dcstel ve h\u00fck\u00fcmet ortaklar\u0131 Teknecik Santrali\u2019ni ziyaret etti\u2026\u00dcstel: T\u00fcrkiye\u2019den gelecek uzman bir ekip ile konu ara\u015ft\u0131r\u0131lacak\",\"datePublished\":\"2025-08-11T11:40:04+00:00\",\"mainEntityOfPage\":{\"@id\":\"https:\\\/\\\/kibrisdakik.com\\\/?p=88079\"},\"wordCount\":446,\"commentCount\":0,\"image\":{\"@id\":\"https:\\\/\\\/kibrisdakik.com\\\/?p=88079#primaryimage\"},\"thumbnailUrl\":\"https:\\\/\\\/kibrisdakik.com\\\/wp-content\\\/uploads\\\/2025\\\/08\\\/WhatsApp-Gorsel-2025-08-11-saat-13.33.58_27b3027f-740x420.jpg\",\"articleSection\":[\"K\u0131br\u0131s\",\"Man\u015fet\"],\"inLanguage\":\"tr\",\"potentialAction\":[{\"@type\":\"CommentAction\",\"name\":\"Comment\",\"target\":[\"https:\\\/\\\/kibrisdakik.com\\\/?p=88079#respond\"]}]},{\"@type\":\"WebPage\",\"@id\":\"https:\\\/\\\/kibrisdakik.com\\\/?p=88079\",\"url\":\"https:\\\/\\\/kibrisdakik.com\\\/?p=88079\",\"name\":\"Ba\u015fbakan \u00dcstel ve h\u00fck\u00fcmet ortaklar\u0131 Teknecik Santrali\u2019ni ziyaret etti\u2026\u00dcstel: T\u00fcrkiye\u2019den gelecek uzman bir ekip ile konu ara\u015ft\u0131r\u0131lacak -\",\"isPartOf\":{\"@id\":\"https:\\\/\\\/kibrisdakik.com\\\/#website\"},\"primaryImageOfPage\":{\"@id\":\"https:\\\/\\\/kibrisdakik.com\\\/?p=88079#primaryimage\"},\"image\":{\"@id\":\"https:\\\/\\\/kibrisdakik.com\\\/?p=88079#primaryimage\"},\"thumbnailUrl\":\"https:\\\/\\\/kibrisdakik.com\\\/wp-content\\\/uploads\\\/2025\\\/08\\\/WhatsApp-Gorsel-2025-08-11-saat-13.33.58_27b3027f-740x420.jpg\",\"datePublished\":\"2025-08-11T11:40:04+00:00\",\"author\":{\"@id\":\"https:\\\/\\\/kibrisdakik.com\\\/#\\\/schema\\\/person\\\/9cd9d437bbb44f72b73ba127e06d8e79\"},\"breadcrumb\":{\"@id\":\"https:\\\/\\\/kibrisdakik.com\\\/?p=88079#breadcrumb\"},\"inLanguage\":\"tr\",\"potentialAction\":[{\"@type\":\"ReadAction\",\"target\":[\"https:\\\/\\\/kibrisdakik.com\\\/?p=88079\"]}]},{\"@type\":\"ImageObject\",\"inLanguage\":\"tr\",\"@id\":\"https:\\\/\\\/kibrisdakik.com\\\/?p=88079#primaryimage\",\"url\":\"https:\\\/\\\/kibrisdakik.com\\\/wp-content\\\/uploads\\\/2025\\\/08\\\/WhatsApp-Gorsel-2025-08-11-saat-13.33.58_27b3027f-740x420.jpg\",\"contentUrl\":\"https:\\\/\\\/kibrisdakik.com\\\/wp-content\\\/uploads\\\/2025\\\/08\\\/WhatsApp-Gorsel-2025-08-11-saat-13.33.58_27b3027f-740x420.jpg\",\"width\":2048,\"height\":1536},{\"@type\":\"BreadcrumbList\",\"@id\":\"https:\\\/\\\/kibrisdakik.com\\\/?p=88079#breadcrumb\",\"itemListElement\":[{\"@type\":\"ListItem\",\"position\":1,\"name\":\"Home\",\"item\":\"https:\\\/\\\/kibrisdakik.com\\\/\"},{\"@type\":\"ListItem\",\"position\":2,\"name\":\"Ba\u015fbakan \u00dcstel ve h\u00fck\u00fcmet ortaklar\u0131 Teknecik Santrali\u2019ni ziyaret etti\u2026\u00dcstel: T\u00fcrkiye\u2019den gelecek uzman bir ekip ile konu ara\u015ft\u0131r\u0131lacak\"}]},{\"@type\":\"WebSite\",\"@id\":\"https:\\\/\\\/kibrisdakik.com\\\/#website\",\"url\":\"https:\\\/\\\/kibrisdakik.com\\\/\",\"name\":\"\",\"description\":\"Tam vaktinde haber\",\"potentialAction\":[{\"@type\":\"SearchAction\",\"target\":{\"@type\":\"EntryPoint\",\"urlTemplate\":\"https:\\\/\\\/kibrisdakik.com\\\/?s={search_term_string}\"},\"query-input\":{\"@type\":\"PropertyValueSpecification\",\"valueRequired\":true,\"valueName\":\"search_term_string\"}}],\"inLanguage\":\"tr\"},{\"@type\":\"Person\",\"@id\":\"https:\\\/\\\/kibrisdakik.com\\\/#\\\/schema\\\/person\\\/9cd9d437bbb44f72b73ba127e06d8e79\",\"name\":\"admin\",\"image\":{\"@type\":\"ImageObject\",\"inLanguage\":\"tr\",\"@id\":\"https:\\\/\\\/secure.gravatar.com\\\/avatar\\\/ccc17943b9d660506c869530f897617f7cb1c21a4bf30023f252596d83e1f007?s=96&d=mm&r=g\",\"url\":\"https:\\\/\\\/secure.gravatar.com\\\/avatar\\\/ccc17943b9d660506c869530f897617f7cb1c21a4bf30023f252596d83e1f007?s=96&d=mm&r=g\",\"contentUrl\":\"https:\\\/\\\/secure.gravatar.com\\\/avatar\\\/ccc17943b9d660506c869530f897617f7cb1c21a4bf30023f252596d83e1f007?s=96&d=mm&r=g\",\"caption\":\"admin\"},\"sameAs\":[\"https:\\\/\\\/kibrisdakik.com\"],\"url\":\"https:\\\/\\\/kibrisdakik.com\\\/?author=1\"}]}<\/script>\n<!-- \/ Yoast SEO plugin. -->","yoast_head_json":{"title":"Ba\u015fbakan \u00dcstel ve h\u00fck\u00fcmet ortaklar\u0131 Teknecik Santrali\u2019ni ziyaret etti\u2026\u00dcstel: T\u00fcrkiye\u2019den gelecek uzman bir ekip ile konu ara\u015ft\u0131r\u0131lacak -","robots":{"index":"index","follow":"follow","max-snippet":"max-snippet:-1","max-image-preview":"max-image-preview:large","max-video-preview":"max-video-preview:-1"},"canonical":"https:\/\/kibrisdakik.com\/?p=88079","og_locale":"tr_TR","og_type":"article","og_title":"Ba\u015fbakan \u00dcstel ve h\u00fck\u00fcmet ortaklar\u0131 Teknecik Santrali\u2019ni ziyaret etti\u2026\u00dcstel: T\u00fcrkiye\u2019den gelecek uzman bir ekip ile konu ara\u015ft\u0131r\u0131lacak -","og_description":"Ba\u015fbakan \u00dcnal \u00dcstel, Ba\u015fbakan Yard\u0131mc\u0131s\u0131 Fikri Atao\u011flu ve Bay\u0131nd\u0131rl\u0131k ve Ula\u015ft\u0131rma Bakan\u0131 Erhan Ar\u0131kl\u0131 ile birlikte Teknecik Elektrik santralini ziyaret ederek KIB-TEK m\u00fcd\u00fcr\u00fc Dalman Ayd\u0131n, Y\u00f6netim Kurulu Ba\u015fkan\u0131 G\u00fcrsel Uzun ve teknik ekip ile bir araya geldi. G\u00f6r\u00fc\u015fmede ilk olarak Teknecik Teknik M\u00fcd\u00fcr\u00fc Ozan Erenay ya\u015fanan ar\u0131za hakk\u0131nda teknik bilgi verdi. K\u0131b-Tek Y\u00f6netim Kurulu ba\u015fkan\u0131","og_url":"https:\/\/kibrisdakik.com\/?p=88079","article_published_time":"2025-08-11T11:40:04+00:00","og_image":[{"width":2048,"height":1536,"url":"https:\/\/kibrisdakik.com\/wp-content\/uploads\/2025\/08\/WhatsApp-Gorsel-2025-08-11-saat-13.33.58_27b3027f-740x420.jpg","type":"image\/jpeg"}],"author":"admin","twitter_card":"summary_large_image","twitter_misc":{"Yazan:":"admin","Tahmini okuma s\u00fcresi":"2 dakika"},"schema":{"@context":"https:\/\/schema.org","@graph":[{"@type":"Article","@id":"https:\/\/kibrisdakik.com\/?p=88079#article","isPartOf":{"@id":"https:\/\/kibrisdakik.com\/?p=88079"},"author":{"name":"admin","@id":"https:\/\/kibrisdakik.com\/#\/schema\/person\/9cd9d437bbb44f72b73ba127e06d8e79"},"headline":"Ba\u015fbakan \u00dcstel ve h\u00fck\u00fcmet ortaklar\u0131 Teknecik Santrali\u2019ni ziyaret etti\u2026\u00dcstel: T\u00fcrkiye\u2019den gelecek uzman bir ekip ile konu ara\u015ft\u0131r\u0131lacak","datePublished":"2025-08-11T11:40:04+00:00","mainEntityOfPage":{"@id":"https:\/\/kibrisdakik.com\/?p=88079"},"wordCount":446,"commentCount":0,"image":{"@id":"https:\/\/kibrisdakik.com\/?p=88079#primaryimage"},"thumbnailUrl":"https:\/\/kibrisdakik.com\/wp-content\/uploads\/2025\/08\/WhatsApp-Gorsel-2025-08-11-saat-13.33.58_27b3027f-740x420.jpg","articleSection":["K\u0131br\u0131s","Man\u015fet"],"inLanguage":"tr","potentialAction":[{"@type":"CommentAction","name":"Comment","target":["https:\/\/kibrisdakik.com\/?p=88079#respond"]}]},{"@type":"WebPage","@id":"https:\/\/kibrisdakik.com\/?p=88079","url":"https:\/\/kibrisdakik.com\/?p=88079","name":"Ba\u015fbakan \u00dcstel ve h\u00fck\u00fcmet ortaklar\u0131 Teknecik Santrali\u2019ni ziyaret etti\u2026\u00dcstel: T\u00fcrkiye\u2019den gelecek uzman bir ekip ile konu ara\u015ft\u0131r\u0131lacak -","isPartOf":{"@id":"https:\/\/kibrisdakik.com\/#website"},"primaryImageOfPage":{"@id":"https:\/\/kibrisdakik.com\/?p=88079#primaryimage"},"image":{"@id":"https:\/\/kibrisdakik.com\/?p=88079#primaryimage"},"thumbnailUrl":"https:\/\/kibrisdakik.com\/wp-content\/uploads\/2025\/08\/WhatsApp-Gorsel-2025-08-11-saat-13.33.58_27b3027f-740x420.jpg","datePublished":"2025-08-11T11:40:04+00:00","author":{"@id":"https:\/\/kibrisdakik.com\/#\/schema\/person\/9cd9d437bbb44f72b73ba127e06d8e79"},"breadcrumb":{"@id":"https:\/\/kibrisdakik.com\/?p=88079#breadcrumb"},"inLanguage":"tr","potentialAction":[{"@type":"ReadAction","target":["https:\/\/kibrisdakik.com\/?p=88079"]}]},{"@type":"ImageObject","inLanguage":"tr","@id":"https:\/\/kibrisdakik.com\/?p=88079#primaryimage","url":"https:\/\/kibrisdakik.com\/wp-content\/uploads\/2025\/08\/WhatsApp-Gorsel-2025-08-11-saat-13.33.58_27b3027f-740x420.jpg","contentUrl":"https:\/\/kibrisdakik.com\/wp-content\/uploads\/2025\/08\/WhatsApp-Gorsel-2025-08-11-saat-13.33.58_27b3027f-740x420.jpg","width":2048,"height":1536},{"@type":"BreadcrumbList","@id":"https:\/\/kibrisdakik.com\/?p=88079#breadcrumb","itemListElement":[{"@type":"ListItem","position":1,"name":"Home","item":"https:\/\/kibrisdakik.com\/"},{"@type":"ListItem","position":2,"name":"Ba\u015fbakan \u00dcstel ve h\u00fck\u00fcmet ortaklar\u0131 Teknecik Santrali\u2019ni ziyaret etti\u2026\u00dcstel: T\u00fcrkiye\u2019den gelecek uzman bir ekip ile konu ara\u015ft\u0131r\u0131lacak"}]},{"@type":"WebSite","@id":"https:\/\/kibrisdakik.com\/#website","url":"https:\/\/kibrisdakik.com\/","name":"","description":"Tam vaktinde haber","potentialAction":[{"@type":"SearchAction","target":{"@type":"EntryPoint","urlTemplate":"https:\/\/kibrisdakik.com\/?s={search_term_string}"},"query-input":{"@type":"PropertyValueSpecification","valueRequired":true,"valueName":"search_term_string"}}],"inLanguage":"tr"},{"@type":"Person","@id":"https:\/\/kibrisdakik.com\/#\/schema\/person\/9cd9d437bbb44f72b73ba127e06d8e79","name":"admin","image":{"@type":"ImageObject","inLanguage":"tr","@id":"https:\/\/secure.gravatar.com\/avatar\/ccc17943b9d660506c869530f897617f7cb1c21a4bf30023f252596d83e1f007?s=96&d=mm&r=g","url":"https:\/\/secure.gravatar.com\/avatar\/ccc17943b9d660506c869530f897617f7cb1c21a4bf30023f252596d83e1f007?s=96&d=mm&r=g","contentUrl":"https:\/\/secure.gravatar.com\/avatar\/ccc17943b9d660506c869530f897617f7cb1c21a4bf30023f252596d83e1f007?s=96&d=mm&r=g","caption":"admin"},"sameAs":["https:\/\/kibrisdakik.com"],"url":"https:\/\/kibrisdakik.com\/?author=1"}]}},"_links":{"self":[{"href":"https:\/\/kibrisdakik.com\/index.php?rest_route=\/wp\/v2\/posts\/88079","targetHints":{"allow":["GET"]}}],"collection":[{"href":"https:\/\/kibrisdakik.com\/index.php?rest_route=\/wp\/v2\/posts"}],"about":[{"href":"https:\/\/kibrisdakik.com\/index.php?rest_route=\/wp\/v2\/types\/post"}],"author":[{"embeddable":true,"href":"https:\/\/kibrisdakik.com\/index.php?rest_route=\/wp\/v2\/users\/1"}],"replies":[{"embeddable":true,"href":"https:\/\/kibrisdakik.com\/index.php?rest_route=%2Fwp%2Fv2%2Fcomments&post=88079"}],"version-history":[{"count":0,"href":"https:\/\/kibrisdakik.com\/index.php?rest_route=\/wp\/v2\/posts\/88079\/revisions"}],"wp:featuredmedia":[{"embeddable":true,"href":"https:\/\/kibrisdakik.com\/index.php?rest_route=\/wp\/v2\/media\/88080"}],"wp:attachment":[{"href":"https:\/\/kibrisdakik.com\/index.php?rest_route=%2Fwp%2Fv2%2Fmedia&parent=88079"}],"wp:term":[{"taxonomy":"category","embeddable":true,"href":"https:\/\/kibrisdakik.com\/index.php?rest_route=%2Fwp%2Fv2%2Fcategories&post=88079"},{"taxonomy":"post_tag","embeddable":true,"href":"https:\/\/kibrisdakik.com\/index.php?rest_route=%2Fwp%2Fv2%2Ftags&post=88079"}],"curies":[{"name":"wp","href":"https:\/\/api.w.org\/{rel}","templated":true}]}}