{"id":88167,"date":"2025-08-14T13:28:04","date_gmt":"2025-08-14T10:28:04","guid":{"rendered":"https:\/\/kibrisdakik.com\/index.php\/2025\/08\/14\/murataga-atlilar-sandallar-sehitleri-bugun-duzenlenen-torenlerle-anildi\/"},"modified":"2025-08-14T13:28:04","modified_gmt":"2025-08-14T10:28:04","slug":"murataga-atlilar-sandallar-sehitleri-bugun-duzenlenen-torenlerle-anildi","status":"publish","type":"post","link":"https:\/\/kibrisdakik.com\/?p=88167","title":{"rendered":"MURATA\u011eA ATLILAR SANDALLAR \u015eEH\u0130TLER\u0130 BUG\u00dcN D\u00dcZENLENEN T\u00d6RENLERLE ANILDI"},"content":{"rendered":"<p> <br \/>\n<\/p>\n<div data-text-id=\"182537\" property=\"articleBody\">\n<p>Murata\u011fa-Sandallar \u015fehitleri ile Atl\u0131lar \u015fehitleri, bug\u00fcn d\u00fczenlenen t\u00f6renlerle an\u0131ld\u0131.Murata\u011fa-Sandallar \u015fehitleri i\u00e7in, Murata\u011fa-Sandallar \u015eehitleri An\u0131t\u0131, Atl\u0131lar \u015fehitleri i\u00e7in de, Atl\u0131lar \u015eehitleri An\u0131t\u0131 \u00f6n\u00fcnde t\u00f6ren d\u00fczenlendi.<\/p>\n<p><\/p>\n<p>T\u00f6renlere, Cumhurba\u015fkan\u0131 Ersin Tatar, Meclis Ba\u015fkan\u0131 Ziya \u00d6zt\u00fcrkler, Ba\u015fbakan \u00dcnal \u00dcstel, T\u00fcrkiye Cumhuriyeti Lefko\u015fa B\u00fcy\u00fckel\u00e7isi Ali Murat Ba\u015f\u00e7eri, K\u0131br\u0131s T\u00fcrk Bar\u0131\u015f Kuvvetleri Komutan\u0131 T\u00fcmgeneral Sebahattin K\u0131l\u0131n\u00e7, G\u00fcvenlik Kuvvetleri Komutan\u0131 T\u00fcmgeneral \u0130lker G\u00f6rg\u00fcl\u00fc, Ana Muhalefet CTP Genel Ba\u015fkan\u0131 Tufan Erh\u00fcrman, bakanlar, milletvekilleri, belediye ba\u015fkanlar\u0131, \u015fehit aileleri ve di\u011fer yetkililer kat\u0131ld\u0131.<\/p>\n<p><img loading=\"lazy\" decoding=\"async\" alt=\"M S8\" class=\"detail-photo img-fluid\" height=\"431\" src=\"https:\/\/mhahabercom.teimg.com\/mhahaber-com\/uploads\/2025\/08\/m-s8.png\" width=\"706\"\/><\/p>\n<p>T\u00f6renlerde, protokol s\u0131ras\u0131na g\u00f6re \u00e7elenkler an\u0131tlara sunuldu, sayg\u0131 duru\u015funda bulunuldu, sayg\u0131 at\u0131\u015f\u0131 yap\u0131ld\u0131, \u0130stiklal mar\u015f\u0131 okundu ve bayraklar g\u00f6ndere \u00e7ekildi.<\/p>\n<p><img loading=\"lazy\" decoding=\"async\" alt=\"M S10\" class=\"detail-photo img-fluid\" height=\"431\" src=\"https:\/\/mhahabercom.teimg.com\/mhahaber-com\/uploads\/2025\/08\/m-s10.png\" width=\"706\"\/><br \/>&#13;\n <\/p>\n<p><strong>Tatar: \u201cDevlet, egemenlik ve garant\u00f6rl\u00fck vazge\u00e7ilmez k\u0131rm\u0131z\u0131 \u00e7izgimizdir\u201d<\/strong><\/p>\n<p>Cumhurba\u015fkan\u0131 Ersin Tatar, t\u00f6rende yapt\u0131\u011f\u0131 konu\u015fmada, katliam\u0131n 51. y\u0131ld\u00f6n\u00fcm\u00fcnde \u015fehitleri rahmet ve sayg\u0131yla and\u0131.<\/p>\n<p>K\u0131br\u0131s T\u00fcrk halk\u0131n\u0131n maruz kald\u0131\u011f\u0131 sald\u0131r\u0131lar ve katliamlara i\u015faret eden Tatar, K\u0131br\u0131s T\u00fcrk halk\u0131 i\u00e7in Bar\u0131\u015f Harekat\u0131n\u0131n d\u00f6n\u00fcm noktas\u0131 oldu\u011funu vurgulad\u0131.<\/p>\n<p><img loading=\"lazy\" decoding=\"async\" alt=\"M S12\" class=\"detail-photo img-fluid\" height=\"431\" src=\"https:\/\/mhahabercom.teimg.com\/mhahaber-com\/uploads\/2025\/08\/m-s12.png\" width=\"706\"\/><\/p>\n<p>Tatar, bunun ayr\u0131ca K\u0131br\u0131s T\u00fcrk halk\u0131n\u0131n en \u00f6nemli tarihi oldu\u011funu ifade ederek, Bar\u0131\u015f Harekat\u0131 sonras\u0131 \u00e7\u00f6z\u00fcm i\u00e7in toplant\u0131lar yap\u0131ld\u0131\u011f\u0131n\u0131 ancak bunlar\u0131n kabul g\u00f6rmedi\u011fini ve ikinci Bar\u0131\u015f Harekat\u0131 yap\u0131ld\u0131\u011f\u0131n\u0131 kaydetti.<\/p>\n<p>Murata\u011fa, Sandallar ve Atl\u0131lar katliamlar\u0131n\u0131n \u00e7ok ac\u0131, insafs\u0131z oldu\u011funu, bu katliamlar\u0131n Rum taraf\u0131nda da \u201ccezaland\u0131r\u0131lmam\u0131\u015f cinayet\u201d olarak yer ald\u0131\u011f\u0131n\u0131 i\u015faret eden Tatar, burada ya\u015fananlar\u0131n \u201c\u0130nsanl\u0131k tarihinde g\u00f6r\u00fclmemi\u015f bir katliam\u201d oldu\u011funu dile getirdi.<\/p>\n<p><img loading=\"lazy\" decoding=\"async\" alt=\"M S10\" class=\"detail-photo img-fluid\" height=\"431\" src=\"https:\/\/mhahabercom.teimg.com\/mhahaber-com\/uploads\/2025\/08\/m-s10.png\" width=\"706\"\/><\/p>\n<p>Bug\u00fcn Gazze\u2019ye bak\u0131nca bar\u0131\u015f, huzur, g\u00fcvenlik i\u00e7inde ya\u015faman\u0131n de\u011ferinin \u00f6neminin daha iyi g\u00f6r\u00fcld\u00fc\u011f\u00fcne i\u015faret eren Tatar, bunu T\u00fcrkiye ve TSK\u2019ya bor\u00e7lu olduklar\u0131n\u0131 kaydetti.<\/p>\n<p>Bug\u00fcnk\u00fc durumun, egemenli\u011fin, huzurun bar\u0131\u015f\u0131n devletin \u00f6nemini de\u011ferini \u00e7ok iyi bildiklerini vurgulayan Tatar, K\u0131br\u0131s\u2019ta bir \u00e7\u00f6z\u00fcm i\u00e7in iki devlet, egemenlik ve TC\u2019nin garant\u00f6rl\u00fc\u011f\u00fcn\u00fcn vazge\u00e7ilmez k\u0131rm\u0131z\u0131 \u00e7izgileri oldu\u011funu s\u00f6yledi.<\/p>\n<p><img loading=\"lazy\" decoding=\"async\" alt=\"M S6\" class=\"detail-photo img-fluid\" height=\"431\" src=\"https:\/\/mhahabercom.teimg.com\/mhahaber-com\/uploads\/2025\/08\/m-s6.png\" width=\"706\"\/><\/p>\n<p>Tatar, \u015fehitlerin manevi huzurunda bunlar\u0131 s\u00f6yledi\u011fini ifade ederek, \u015fehitleri and\u0131, ailelerinin ac\u0131s\u0131n\u0131 payla\u015ft\u0131\u011f\u0131n\u0131 ve devlet olarak her zaman yanlar\u0131nda olduklar\u0131n\u0131 dile getirdi.<br \/>&#13;\n <\/p>\n<p><strong>A\u015f\u0131r: \u201cEn ac\u0131 g\u00fcn\u00fcm\u00fcz\u201d<\/strong><\/p>\n<p>Murata\u011fa, Atl\u0131lar, Sandallar \u015eehitlerini Ya\u015fatma Derne\u011fi Ba\u015fkan\u0131 Ahmet A\u015f\u0131r da, t\u00f6rende yapt\u0131\u011f\u0131 konu\u015fmada, \u201cBizlerin en ac\u0131 g\u00fcn\u00fc bug\u00fcn\u201d dedi ve 51 y\u0131ld\u0131r 14 A\u011fustos\u2019ta ayr\u0131 bir ac\u0131 \u00e7ektiklerini s\u00f6yledi.<\/p>\n<p>A\u015f\u0131r, bu b\u00f6lgede atalar\u0131n\u0131n, milli m\u00fccadele d\u00f6neminde topra\u011f\u0131n\u0131 korudu\u011funu, bayra\u011f\u0131n indirilmedi\u011fini ve t\u00fcm sald\u0131r\u0131lara ra\u011fmen T\u00fcrk topra\u011f\u0131na sahip \u00e7\u0131kt\u0131klar\u0131n\u0131 ifade ederek, o d\u00f6nemin tarih\u00e7esini anlatt\u0131.<\/p>\n<p><img loading=\"lazy\" decoding=\"async\" alt=\"M S4\" class=\"detail-photo img-fluid\" height=\"431\" src=\"https:\/\/mhahabercom.teimg.com\/mhahaber-com\/uploads\/2025\/08\/m-s4.png\" width=\"706\"\/><\/p>\n<p>T\u00fcrkiye Cumhuriyeti\u2019nin her zaman oldu\u011fu gibi o d\u00f6nem de K\u0131br\u0131s T\u00fcrk halk\u0131n\u0131n yan\u0131nda oldu\u011funu i\u015faret eden A\u015f\u0131r, o d\u00f6nem ya\u015fanan ac\u0131lar\u0131 sald\u0131r\u0131lar\u0131 katliamlar\u0131 anlatt\u0131, T\u00fcrk ordusu sayesinde kurtulduklar\u0131na dikkat \u00e7ekti.<\/p>\n<p>Bug\u00fcn, o d\u00f6nem annelerinin, babalar\u0131n\u0131n \u00e7ocuklar\u0131n\u0131n toplu halde katledildi\u011fini ifade eden A\u015f\u0131r, bug\u00fcn Gazze\u2019de ya\u015fananlar\u0131n, T\u00fcrk ordusu olmasa burada da ya\u015fanaca\u011f\u0131n\u0131, ya\u015fand\u0131\u011f\u0131n\u0131, o y\u00fczden T\u00fcrkiye Cumhuriyeti\u2019nden asla vazge\u00e7meyeceklerini s\u00f6yledi.<\/p>\n<p><img loading=\"lazy\" decoding=\"async\" alt=\"M S14\" class=\"detail-photo img-fluid\" height=\"431\" src=\"https:\/\/mhahabercom.teimg.com\/mhahaber-com\/uploads\/2025\/08\/m-s14.png\" width=\"706\"\/><\/p>\n<p>A\u015f\u0131r, vah\u015fete \u015fahit oldu\u011funu, o vah\u015feti g\u00f6rd\u00fc\u011f\u00fcn\u00fc belirterek, ac\u0131 an\u0131lar\u0131n\u0131 payla\u015ft\u0131.<\/p>\n<p>Atl\u0131lar \u015fehitli\u011findeki kimliklendirme \u00e7al\u0131\u015fmalar\u0131ndan dolay\u0131 yetkililere de te\u015fekk\u00fcr eden A\u015f\u0131r, \u015fehitlerin, ba\u015f u\u00e7lar\u0131nda dalgalanan bayraklar inmedi\u011fi s\u00fcrece rahat uyuyacaklar\u0131na i\u015faret etti.<\/p>\n<p><img loading=\"lazy\" decoding=\"async\" alt=\"M S13\" class=\"detail-photo img-fluid\" height=\"431\" src=\"https:\/\/mhahabercom.teimg.com\/mhahaber-com\/uploads\/2025\/08\/m-s13.png\" width=\"706\"\/><\/p>\n<p><strong>Benan: \u201cToplu mezarlar bize \u2018unutmay\u0131n unutturmay\u0131n\u2019 diyor\u201d<\/strong><\/p>\n<p>\u015eehit Aileleri ve Mal\u00fcl Gaziler Derne\u011fi Ba\u015fkan\u0131 G\u00fcrsel Benan da, Murata\u011fa Sandallar Atl\u0131lar \u015fehitlerini and\u0131, o ac\u0131y\u0131 bug\u00fcn de ya\u015fad\u0131klar\u0131n\u0131 s\u00f6yledi.<\/p>\n<p>Buradaki katliamlar\u0131n d\u00fcnyan\u0131n g\u00f6z\u00fc \u00f6n\u00fcnde ya\u015fand\u0131\u011f\u0131n\u0131 ve sadece T\u00fcrk olduklar\u0131 i\u00e7in katledildiklerini ifade eden Benan, katledilen insanlar\u0131n silahs\u0131z ve sadece ya\u015famak \u00fcretmek aileleri i\u00e7in \u00e7al\u0131\u015fan siviller oldu\u011funu kaydetti.<\/p>\n<p><img loading=\"lazy\" decoding=\"async\" alt=\"M S3\" class=\"detail-photo img-fluid\" height=\"431\" src=\"https:\/\/mhahabercom.teimg.com\/mhahaber-com\/uploads\/2025\/08\/m-s3.png\" width=\"706\"\/><\/p>\n<p>Benan, 16 g\u00fcnl\u00fck bebekten 95 ya\u015f\u0131ndaki dedeye kadar herkesin katledildi\u011fini an\u0131msatarak, bunun sadece K\u0131br\u0131s T\u00fcrk\u00fcn\u00fcn de\u011fil insanl\u0131\u011f\u0131n vicdan\u0131nda a\u011f\u0131r yara b\u0131rakt\u0131\u011f\u0131n\u0131 belirtti.<\/p>\n<p>\u201cBir daha b\u00f6yle ac\u0131lar ya\u015fanmas\u0131n\u201d diyen Benan, bu katliamlar\u0131n derin izler b\u0131rakt\u0131\u011f\u0131n\u0131 ancak bug\u00fcn sadece yas de\u011fil, birlik beraberli\u011fin \u00f6nemini, vatan topraklar\u0131n\u0131n \u00f6nemini anlad\u0131klar\u0131n\u0131 ve kenetlendiklerine dikkat \u00e7ekti.<\/p>\n<p><img loading=\"lazy\" decoding=\"async\" alt=\"M S11\" class=\"detail-photo img-fluid\" height=\"431\" src=\"https:\/\/mhahabercom.teimg.com\/mhahaber-com\/uploads\/2025\/08\/m-s11.png\" width=\"706\"\/><\/p>\n<p>\u201cBug\u00fcn \u00f6zg\u00fcr ba\u011f\u0131ms\u0131z bu topraklarda bayrak devlet \u00e7at\u0131s\u0131 alt\u0131nda ya\u015f\u0131yorsak bu \u015fehitler sayesindedir\u201d ifadelerini kullanan Benan, \u201cBunlar\u0131 unutmadan yolumuza devam edece\u011fiz. Toplu mezarlar bize \u2018unutmay\u0131n unutturmay\u0131n\u2019 diyor\u201d dedi.<\/p>\n<p>Konu\u015fmalar\u0131n ard\u0131ndan \u015fehitlik gezildi ve \u00e7i\u00e7ekler b\u0131rak\u0131ld\u0131.<\/p>\n<p><img loading=\"lazy\" decoding=\"async\" alt=\"M S1\" class=\"detail-photo img-fluid\" height=\"431\" src=\"https:\/\/mhahabercom.teimg.com\/mhahaber-com\/uploads\/2025\/08\/m-s1.png\" width=\"706\"\/><\/p>\n<p><strong>Atl\u0131lar \u015fehitleri an\u0131ld\u0131<\/strong><\/p>\n<p>Murata\u011fa Sandallar \u015fehitlerinin anma t\u00f6reni ard\u0131ndan Atl\u0131lar \u015fehitleri de, Atl\u0131lar \u015eehitleri An\u0131t\u0131 \u00f6n\u00fcnde d\u00fczenlenen t\u00f6renle an\u0131ld\u0131.<\/p>\n<\/p><\/div>\n<p><br \/>\n<br \/><a href=\"[kibrisdakik.com]\n<\/p>\n","protected":false},"excerpt":{"rendered":"<p>Murata\u011fa-Sandallar \u015fehitleri ile Atl\u0131lar \u015fehitleri, bug\u00fcn d\u00fczenlenen t\u00f6renlerle an\u0131ld\u0131.Murata\u011fa-Sandallar \u015fehitleri i\u00e7in, Murata\u011fa-Sandallar \u015eehitleri An\u0131t\u0131, Atl\u0131lar \u015fehitleri i\u00e7in de, Atl\u0131lar \u015eehitleri An\u0131t\u0131 \u00f6n\u00fcnde t\u00f6ren d\u00fczenlendi. T\u00f6renlere, Cumhurba\u015fkan\u0131 Ersin Tatar, Meclis Ba\u015fkan\u0131 Ziya \u00d6zt\u00fcrkler, Ba\u015fbakan \u00dcnal \u00dcstel, T\u00fcrkiye Cumhuriyeti Lefko\u015fa B\u00fcy\u00fckel\u00e7isi Ali Murat Ba\u015f\u00e7eri, K\u0131br\u0131s T\u00fcrk Bar\u0131\u015f Kuvvetleri Komutan\u0131 T\u00fcmgeneral Sebahattin K\u0131l\u0131n\u00e7, G\u00fcvenlik Kuvvetleri Komutan\u0131 T\u00fcmgeneral \u0130lker<\/p>\n","protected":false},"author":1,"featured_media":88168,"comment_status":"open","ping_status":"open","sticky":false,"template":"","format":"standard","meta":{"footnotes":""},"categories":[81,101],"tags":[],"class_list":["post-88167","post","type-post","status-publish","format-standard","has-post-thumbnail","hentry","category-kibris","category-manset"],"yoast_head":"<!-- This site is optimized with the Yoast SEO plugin v27.5 - https:\/\/yoast.com\/product\/yoast-seo-wordpress\/ -->\n<title>MURATA\u011eA ATLILAR SANDALLAR \u015eEH\u0130TLER\u0130 BUG\u00dcN D\u00dcZENLENEN T\u00d6RENLERLE ANILDI -<\/title>\n<meta name=\"robots\" content=\"index, follow, max-snippet:-1, max-image-preview:large, max-video-preview:-1\" \/>\n<link rel=\"canonical\" href=\"https:\/\/kibrisdakik.com\/?p=88167\" \/>\n<meta property=\"og:locale\" content=\"tr_TR\" \/>\n<meta property=\"og:type\" content=\"article\" \/>\n<meta property=\"og:title\" content=\"MURATA\u011eA ATLILAR SANDALLAR \u015eEH\u0130TLER\u0130 BUG\u00dcN D\u00dcZENLENEN T\u00d6RENLERLE ANILDI -\" \/>\n<meta property=\"og:description\" content=\"Murata\u011fa-Sandallar \u015fehitleri ile Atl\u0131lar \u015fehitleri, bug\u00fcn d\u00fczenlenen t\u00f6renlerle an\u0131ld\u0131.Murata\u011fa-Sandallar \u015fehitleri i\u00e7in, Murata\u011fa-Sandallar \u015eehitleri An\u0131t\u0131, Atl\u0131lar \u015fehitleri i\u00e7in de, Atl\u0131lar \u015eehitleri An\u0131t\u0131 \u00f6n\u00fcnde t\u00f6ren d\u00fczenlendi. T\u00f6renlere, Cumhurba\u015fkan\u0131 Ersin Tatar, Meclis Ba\u015fkan\u0131 Ziya \u00d6zt\u00fcrkler, Ba\u015fbakan \u00dcnal \u00dcstel, T\u00fcrkiye Cumhuriyeti Lefko\u015fa B\u00fcy\u00fckel\u00e7isi Ali Murat Ba\u015f\u00e7eri, K\u0131br\u0131s T\u00fcrk Bar\u0131\u015f Kuvvetleri Komutan\u0131 T\u00fcmgeneral Sebahattin K\u0131l\u0131n\u00e7, G\u00fcvenlik Kuvvetleri Komutan\u0131 T\u00fcmgeneral \u0130lker\" \/>\n<meta property=\"og:url\" content=\"https:\/\/kibrisdakik.com\/?p=88167\" \/>\n<meta property=\"article:published_time\" content=\"2025-08-14T10:28:04+00:00\" \/>\n<meta property=\"og:image\" content=\"https:\/\/kibrisdakik.com\/wp-content\/uploads\/2025\/08\/m-u-r-t-s-740x420.png\" \/>\n\t<meta property=\"og:image:width\" content=\"1280\" \/>\n\t<meta property=\"og:image:height\" content=\"720\" \/>\n\t<meta property=\"og:image:type\" content=\"image\/png\" \/>\n<meta name=\"author\" content=\"admin\" \/>\n<meta name=\"twitter:card\" content=\"summary_large_image\" \/>\n<meta name=\"twitter:label1\" content=\"Yazan:\" \/>\n\t<meta name=\"twitter:data1\" content=\"admin\" \/>\n\t<meta name=\"twitter:label2\" content=\"Tahmini okuma s\u00fcresi\" \/>\n\t<meta name=\"twitter:data2\" content=\"5 dakika\" \/>\n<script type=\"application\/ld+json\" class=\"yoast-schema-graph\">{\"@context\":\"https:\\\/\\\/schema.org\",\"@graph\":[{\"@type\":\"Article\",\"@id\":\"https:\\\/\\\/kibrisdakik.com\\\/?p=88167#article\",\"isPartOf\":{\"@id\":\"https:\\\/\\\/kibrisdakik.com\\\/?p=88167\"},\"author\":{\"name\":\"admin\",\"@id\":\"https:\\\/\\\/kibrisdakik.com\\\/#\\\/schema\\\/person\\\/9cd9d437bbb44f72b73ba127e06d8e79\"},\"headline\":\"MURATA\u011eA ATLILAR SANDALLAR \u015eEH\u0130TLER\u0130 BUG\u00dcN D\u00dcZENLENEN T\u00d6RENLERLE ANILDI\",\"datePublished\":\"2025-08-14T10:28:04+00:00\",\"mainEntityOfPage\":{\"@id\":\"https:\\\/\\\/kibrisdakik.com\\\/?p=88167\"},\"wordCount\":939,\"commentCount\":0,\"image\":{\"@id\":\"https:\\\/\\\/kibrisdakik.com\\\/?p=88167#primaryimage\"},\"thumbnailUrl\":\"https:\\\/\\\/kibrisdakik.com\\\/wp-content\\\/uploads\\\/2025\\\/08\\\/m-u-r-t-s-740x420.png\",\"articleSection\":[\"K\u0131br\u0131s\",\"Man\u015fet\"],\"inLanguage\":\"tr\",\"potentialAction\":[{\"@type\":\"CommentAction\",\"name\":\"Comment\",\"target\":[\"https:\\\/\\\/kibrisdakik.com\\\/?p=88167#respond\"]}]},{\"@type\":\"WebPage\",\"@id\":\"https:\\\/\\\/kibrisdakik.com\\\/?p=88167\",\"url\":\"https:\\\/\\\/kibrisdakik.com\\\/?p=88167\",\"name\":\"MURATA\u011eA ATLILAR SANDALLAR \u015eEH\u0130TLER\u0130 BUG\u00dcN D\u00dcZENLENEN T\u00d6RENLERLE ANILDI -\",\"isPartOf\":{\"@id\":\"https:\\\/\\\/kibrisdakik.com\\\/#website\"},\"primaryImageOfPage\":{\"@id\":\"https:\\\/\\\/kibrisdakik.com\\\/?p=88167#primaryimage\"},\"image\":{\"@id\":\"https:\\\/\\\/kibrisdakik.com\\\/?p=88167#primaryimage\"},\"thumbnailUrl\":\"https:\\\/\\\/kibrisdakik.com\\\/wp-content\\\/uploads\\\/2025\\\/08\\\/m-u-r-t-s-740x420.png\",\"datePublished\":\"2025-08-14T10:28:04+00:00\",\"author\":{\"@id\":\"https:\\\/\\\/kibrisdakik.com\\\/#\\\/schema\\\/person\\\/9cd9d437bbb44f72b73ba127e06d8e79\"},\"breadcrumb\":{\"@id\":\"https:\\\/\\\/kibrisdakik.com\\\/?p=88167#breadcrumb\"},\"inLanguage\":\"tr\",\"potentialAction\":[{\"@type\":\"ReadAction\",\"target\":[\"https:\\\/\\\/kibrisdakik.com\\\/?p=88167\"]}]},{\"@type\":\"ImageObject\",\"inLanguage\":\"tr\",\"@id\":\"https:\\\/\\\/kibrisdakik.com\\\/?p=88167#primaryimage\",\"url\":\"https:\\\/\\\/kibrisdakik.com\\\/wp-content\\\/uploads\\\/2025\\\/08\\\/m-u-r-t-s-740x420.png\",\"contentUrl\":\"https:\\\/\\\/kibrisdakik.com\\\/wp-content\\\/uploads\\\/2025\\\/08\\\/m-u-r-t-s-740x420.png\",\"width\":1280,\"height\":720},{\"@type\":\"BreadcrumbList\",\"@id\":\"https:\\\/\\\/kibrisdakik.com\\\/?p=88167#breadcrumb\",\"itemListElement\":[{\"@type\":\"ListItem\",\"position\":1,\"name\":\"Home\",\"item\":\"https:\\\/\\\/kibrisdakik.com\\\/\"},{\"@type\":\"ListItem\",\"position\":2,\"name\":\"MURATA\u011eA ATLILAR SANDALLAR \u015eEH\u0130TLER\u0130 BUG\u00dcN D\u00dcZENLENEN T\u00d6RENLERLE ANILDI\"}]},{\"@type\":\"WebSite\",\"@id\":\"https:\\\/\\\/kibrisdakik.com\\\/#website\",\"url\":\"https:\\\/\\\/kibrisdakik.com\\\/\",\"name\":\"\",\"description\":\"Tam vaktinde haber\",\"potentialAction\":[{\"@type\":\"SearchAction\",\"target\":{\"@type\":\"EntryPoint\",\"urlTemplate\":\"https:\\\/\\\/kibrisdakik.com\\\/?s={search_term_string}\"},\"query-input\":{\"@type\":\"PropertyValueSpecification\",\"valueRequired\":true,\"valueName\":\"search_term_string\"}}],\"inLanguage\":\"tr\"},{\"@type\":\"Person\",\"@id\":\"https:\\\/\\\/kibrisdakik.com\\\/#\\\/schema\\\/person\\\/9cd9d437bbb44f72b73ba127e06d8e79\",\"name\":\"admin\",\"image\":{\"@type\":\"ImageObject\",\"inLanguage\":\"tr\",\"@id\":\"https:\\\/\\\/secure.gravatar.com\\\/avatar\\\/ccc17943b9d660506c869530f897617f7cb1c21a4bf30023f252596d83e1f007?s=96&d=mm&r=g\",\"url\":\"https:\\\/\\\/secure.gravatar.com\\\/avatar\\\/ccc17943b9d660506c869530f897617f7cb1c21a4bf30023f252596d83e1f007?s=96&d=mm&r=g\",\"contentUrl\":\"https:\\\/\\\/secure.gravatar.com\\\/avatar\\\/ccc17943b9d660506c869530f897617f7cb1c21a4bf30023f252596d83e1f007?s=96&d=mm&r=g\",\"caption\":\"admin\"},\"sameAs\":[\"https:\\\/\\\/kibrisdakik.com\"],\"url\":\"https:\\\/\\\/kibrisdakik.com\\\/?author=1\"}]}<\/script>\n<!-- \/ Yoast SEO plugin. -->","yoast_head_json":{"title":"MURATA\u011eA ATLILAR SANDALLAR \u015eEH\u0130TLER\u0130 BUG\u00dcN D\u00dcZENLENEN T\u00d6RENLERLE ANILDI -","robots":{"index":"index","follow":"follow","max-snippet":"max-snippet:-1","max-image-preview":"max-image-preview:large","max-video-preview":"max-video-preview:-1"},"canonical":"https:\/\/kibrisdakik.com\/?p=88167","og_locale":"tr_TR","og_type":"article","og_title":"MURATA\u011eA ATLILAR SANDALLAR \u015eEH\u0130TLER\u0130 BUG\u00dcN D\u00dcZENLENEN T\u00d6RENLERLE ANILDI -","og_description":"Murata\u011fa-Sandallar \u015fehitleri ile Atl\u0131lar \u015fehitleri, bug\u00fcn d\u00fczenlenen t\u00f6renlerle an\u0131ld\u0131.Murata\u011fa-Sandallar \u015fehitleri i\u00e7in, Murata\u011fa-Sandallar \u015eehitleri An\u0131t\u0131, Atl\u0131lar \u015fehitleri i\u00e7in de, Atl\u0131lar \u015eehitleri An\u0131t\u0131 \u00f6n\u00fcnde t\u00f6ren d\u00fczenlendi. T\u00f6renlere, Cumhurba\u015fkan\u0131 Ersin Tatar, Meclis Ba\u015fkan\u0131 Ziya \u00d6zt\u00fcrkler, Ba\u015fbakan \u00dcnal \u00dcstel, T\u00fcrkiye Cumhuriyeti Lefko\u015fa B\u00fcy\u00fckel\u00e7isi Ali Murat Ba\u015f\u00e7eri, K\u0131br\u0131s T\u00fcrk Bar\u0131\u015f Kuvvetleri Komutan\u0131 T\u00fcmgeneral Sebahattin K\u0131l\u0131n\u00e7, G\u00fcvenlik Kuvvetleri Komutan\u0131 T\u00fcmgeneral \u0130lker","og_url":"https:\/\/kibrisdakik.com\/?p=88167","article_published_time":"2025-08-14T10:28:04+00:00","og_image":[{"width":1280,"height":720,"url":"https:\/\/kibrisdakik.com\/wp-content\/uploads\/2025\/08\/m-u-r-t-s-740x420.png","type":"image\/png"}],"author":"admin","twitter_card":"summary_large_image","twitter_misc":{"Yazan:":"admin","Tahmini okuma s\u00fcresi":"5 dakika"},"schema":{"@context":"https:\/\/schema.org","@graph":[{"@type":"Article","@id":"https:\/\/kibrisdakik.com\/?p=88167#article","isPartOf":{"@id":"https:\/\/kibrisdakik.com\/?p=88167"},"author":{"name":"admin","@id":"https:\/\/kibrisdakik.com\/#\/schema\/person\/9cd9d437bbb44f72b73ba127e06d8e79"},"headline":"MURATA\u011eA ATLILAR SANDALLAR \u015eEH\u0130TLER\u0130 BUG\u00dcN D\u00dcZENLENEN T\u00d6RENLERLE ANILDI","datePublished":"2025-08-14T10:28:04+00:00","mainEntityOfPage":{"@id":"https:\/\/kibrisdakik.com\/?p=88167"},"wordCount":939,"commentCount":0,"image":{"@id":"https:\/\/kibrisdakik.com\/?p=88167#primaryimage"},"thumbnailUrl":"https:\/\/kibrisdakik.com\/wp-content\/uploads\/2025\/08\/m-u-r-t-s-740x420.png","articleSection":["K\u0131br\u0131s","Man\u015fet"],"inLanguage":"tr","potentialAction":[{"@type":"CommentAction","name":"Comment","target":["https:\/\/kibrisdakik.com\/?p=88167#respond"]}]},{"@type":"WebPage","@id":"https:\/\/kibrisdakik.com\/?p=88167","url":"https:\/\/kibrisdakik.com\/?p=88167","name":"MURATA\u011eA ATLILAR SANDALLAR \u015eEH\u0130TLER\u0130 BUG\u00dcN D\u00dcZENLENEN T\u00d6RENLERLE ANILDI -","isPartOf":{"@id":"https:\/\/kibrisdakik.com\/#website"},"primaryImageOfPage":{"@id":"https:\/\/kibrisdakik.com\/?p=88167#primaryimage"},"image":{"@id":"https:\/\/kibrisdakik.com\/?p=88167#primaryimage"},"thumbnailUrl":"https:\/\/kibrisdakik.com\/wp-content\/uploads\/2025\/08\/m-u-r-t-s-740x420.png","datePublished":"2025-08-14T10:28:04+00:00","author":{"@id":"https:\/\/kibrisdakik.com\/#\/schema\/person\/9cd9d437bbb44f72b73ba127e06d8e79"},"breadcrumb":{"@id":"https:\/\/kibrisdakik.com\/?p=88167#breadcrumb"},"inLanguage":"tr","potentialAction":[{"@type":"ReadAction","target":["https:\/\/kibrisdakik.com\/?p=88167"]}]},{"@type":"ImageObject","inLanguage":"tr","@id":"https:\/\/kibrisdakik.com\/?p=88167#primaryimage","url":"https:\/\/kibrisdakik.com\/wp-content\/uploads\/2025\/08\/m-u-r-t-s-740x420.png","contentUrl":"https:\/\/kibrisdakik.com\/wp-content\/uploads\/2025\/08\/m-u-r-t-s-740x420.png","width":1280,"height":720},{"@type":"BreadcrumbList","@id":"https:\/\/kibrisdakik.com\/?p=88167#breadcrumb","itemListElement":[{"@type":"ListItem","position":1,"name":"Home","item":"https:\/\/kibrisdakik.com\/"},{"@type":"ListItem","position":2,"name":"MURATA\u011eA ATLILAR SANDALLAR \u015eEH\u0130TLER\u0130 BUG\u00dcN D\u00dcZENLENEN T\u00d6RENLERLE ANILDI"}]},{"@type":"WebSite","@id":"https:\/\/kibrisdakik.com\/#website","url":"https:\/\/kibrisdakik.com\/","name":"","description":"Tam vaktinde haber","potentialAction":[{"@type":"SearchAction","target":{"@type":"EntryPoint","urlTemplate":"https:\/\/kibrisdakik.com\/?s={search_term_string}"},"query-input":{"@type":"PropertyValueSpecification","valueRequired":true,"valueName":"search_term_string"}}],"inLanguage":"tr"},{"@type":"Person","@id":"https:\/\/kibrisdakik.com\/#\/schema\/person\/9cd9d437bbb44f72b73ba127e06d8e79","name":"admin","image":{"@type":"ImageObject","inLanguage":"tr","@id":"https:\/\/secure.gravatar.com\/avatar\/ccc17943b9d660506c869530f897617f7cb1c21a4bf30023f252596d83e1f007?s=96&d=mm&r=g","url":"https:\/\/secure.gravatar.com\/avatar\/ccc17943b9d660506c869530f897617f7cb1c21a4bf30023f252596d83e1f007?s=96&d=mm&r=g","contentUrl":"https:\/\/secure.gravatar.com\/avatar\/ccc17943b9d660506c869530f897617f7cb1c21a4bf30023f252596d83e1f007?s=96&d=mm&r=g","caption":"admin"},"sameAs":["https:\/\/kibrisdakik.com"],"url":"https:\/\/kibrisdakik.com\/?author=1"}]}},"_links":{"self":[{"href":"https:\/\/kibrisdakik.com\/index.php?rest_route=\/wp\/v2\/posts\/88167","targetHints":{"allow":["GET"]}}],"collection":[{"href":"https:\/\/kibrisdakik.com\/index.php?rest_route=\/wp\/v2\/posts"}],"about":[{"href":"https:\/\/kibrisdakik.com\/index.php?rest_route=\/wp\/v2\/types\/post"}],"author":[{"embeddable":true,"href":"https:\/\/kibrisdakik.com\/index.php?rest_route=\/wp\/v2\/users\/1"}],"replies":[{"embeddable":true,"href":"https:\/\/kibrisdakik.com\/index.php?rest_route=%2Fwp%2Fv2%2Fcomments&post=88167"}],"version-history":[{"count":0,"href":"https:\/\/kibrisdakik.com\/index.php?rest_route=\/wp\/v2\/posts\/88167\/revisions"}],"wp:featuredmedia":[{"embeddable":true,"href":"https:\/\/kibrisdakik.com\/index.php?rest_route=\/wp\/v2\/media\/88168"}],"wp:attachment":[{"href":"https:\/\/kibrisdakik.com\/index.php?rest_route=%2Fwp%2Fv2%2Fmedia&parent=88167"}],"wp:term":[{"taxonomy":"category","embeddable":true,"href":"https:\/\/kibrisdakik.com\/index.php?rest_route=%2Fwp%2Fv2%2Fcategories&post=88167"},{"taxonomy":"post_tag","embeddable":true,"href":"https:\/\/kibrisdakik.com\/index.php?rest_route=%2Fwp%2Fv2%2Ftags&post=88167"}],"curies":[{"name":"wp","href":"https:\/\/api.w.org\/{rel}","templated":true}]}}