{"id":88177,"date":"2025-08-14T14:12:12","date_gmt":"2025-08-14T11:12:12","guid":{"rendered":"https:\/\/kibrisdakik.com\/index.php\/2025\/08\/14\/kayip-suriyeli-cocuk-turkiyedeki-ailesine-kavusturulacak\/"},"modified":"2025-08-14T14:12:12","modified_gmt":"2025-08-14T11:12:12","slug":"kayip-suriyeli-cocuk-turkiyedeki-ailesine-kavusturulacak","status":"publish","type":"post","link":"https:\/\/kibrisdakik.com\/?p=88177","title":{"rendered":"KAYIP SUR\u0130YEL\u0130 \u00c7OCUK T\u00dcRK\u0130YE\u2019DEK\u0130 A\u0130LES\u0130NE KAVU\u015eTURULACAK"},"content":{"rendered":"<p> <br \/>\n<br \/><\/p>\n<div data-text-id=\"182545\" property=\"articleBody\">\n<p>\u00c7al\u0131\u015fma ve Sosyal G\u00fcvenlik Bakanl\u0131\u011f\u0131&#8217;na ba\u011fl\u0131 Sosyal Hizmetler Dairesi M\u00fcd\u00fcrl\u00fc\u011f\u00fc, G\u00fcney K\u0131br\u0131s&#8217;ta 6 A\u011fustos&#8217;tan bu yana kay\u0131p olarak aranan ve KKTC s\u0131n\u0131rlar\u0131 i\u00e7erisinde tespit edilen Suriye uyruklu 13 ya\u015f\u0131ndaki M.A\u2019n\u0131n, yasal prosed\u00fcrlerin tamamlanmas\u0131n\u0131n ard\u0131ndan T\u00fcrkiye\u2019deki ailesine g\u00fcvenli bir \u015fekilde ula\u015ft\u0131r\u0131laca\u011f\u0131n\u0131 a\u00e7\u0131klad\u0131.<\/p>\n<p>Daireden yap\u0131lan a\u00e7\u0131klamaya g\u00f6re, Suriye uyruklu 13 ya\u015f\u0131ndaki M.A\u2019n\u0131n, Polis Genel M\u00fcd\u00fcrl\u00fc\u011f\u00fc ile i\u015f birli\u011fi i\u00e7erisinde Sosyal Hizmetler Dairesi g\u00f6zetiminde Tang\u00fcl \u00dcnal \u00c7a\u011f\u0131ner Sevgi Evi\u2019ne yerle\u015ftirildi\u011fi belirtildi.<\/p>\n<p>A\u00e7\u0131klamada, sa\u011fl\u0131k durumu iyi olan M.A\u2019n\u0131n kurum taraf\u0131ndan gerekli sosyal hizmet destekleri sa\u011flanarak koruma alt\u0131na al\u0131nd\u0131\u011f\u0131 kaydedildi.<\/p>\n<p>\u201c\u00c7ocu\u011fun ailesinin T\u00fcrkiye&#8217;de oldu\u011fu tespit edilmi\u015f olup, ilgili ki\u015filerle ileti\u015fim kurulmu\u015ftur. Yasal prosed\u00fcrlerin tamamlanmas\u0131n\u0131n ard\u0131ndan, M.A.\u2019n\u0131n T\u00fcrkiye\u2019deki ailesine g\u00fcvenli bir \u015fekilde ula\u015ft\u0131r\u0131lmas\u0131 hedefleniyor&#8221; ifadelerine yer verilen a\u00e7\u0131klamada, konunun KKTC makamlar\u0131 taraf\u0131ndan yak\u0131ndan takip edildi\u011fini, s\u00fcrecin uluslararas\u0131 \u00e7ocuk haklar\u0131 ve koruma ilkeleri do\u011frultusunda y\u00fcr\u00fct\u00fcld\u00fc\u011f\u00fc kaydedildi.<\/p>\n<\/p><\/div>\n<p><br \/>\n<br \/><a href=\"[kibrisdakik.com]\n<\/p>\n","protected":false},"excerpt":{"rendered":"<p>\u00c7al\u0131\u015fma ve Sosyal G\u00fcvenlik Bakanl\u0131\u011f\u0131&#8217;na ba\u011fl\u0131 Sosyal Hizmetler Dairesi M\u00fcd\u00fcrl\u00fc\u011f\u00fc, G\u00fcney K\u0131br\u0131s&#8217;ta 6 A\u011fustos&#8217;tan bu yana kay\u0131p olarak aranan ve KKTC s\u0131n\u0131rlar\u0131 i\u00e7erisinde tespit edilen Suriye uyruklu 13 ya\u015f\u0131ndaki M.A\u2019n\u0131n, yasal prosed\u00fcrlerin tamamlanmas\u0131n\u0131n ard\u0131ndan T\u00fcrkiye\u2019deki ailesine g\u00fcvenli bir \u015fekilde ula\u015ft\u0131r\u0131laca\u011f\u0131n\u0131 a\u00e7\u0131klad\u0131. Daireden yap\u0131lan a\u00e7\u0131klamaya g\u00f6re, Suriye uyruklu 13 ya\u015f\u0131ndaki M.A\u2019n\u0131n, Polis Genel M\u00fcd\u00fcrl\u00fc\u011f\u00fc ile i\u015f<\/p>\n","protected":false},"author":1,"featured_media":88178,"comment_status":"open","ping_status":"open","sticky":false,"template":"","format":"standard","meta":{"footnotes":""},"categories":[81,101],"tags":[],"class_list":["post-88177","post","type-post","status-publish","format-standard","has-post-thumbnail","hentry","category-kibris","category-manset"],"yoast_head":"<!-- This site is optimized with the Yoast SEO plugin v27.4 - https:\/\/yoast.com\/product\/yoast-seo-wordpress\/ -->\n<title>KAYIP SUR\u0130YEL\u0130 \u00c7OCUK T\u00dcRK\u0130YE\u2019DEK\u0130 A\u0130LES\u0130NE KAVU\u015eTURULACAK -<\/title>\n<meta name=\"robots\" content=\"index, follow, max-snippet:-1, max-image-preview:large, max-video-preview:-1\" \/>\n<link rel=\"canonical\" href=\"https:\/\/kibrisdakik.com\/?p=88177\" \/>\n<meta property=\"og:locale\" content=\"tr_TR\" \/>\n<meta property=\"og:type\" content=\"article\" \/>\n<meta property=\"og:title\" content=\"KAYIP SUR\u0130YEL\u0130 \u00c7OCUK T\u00dcRK\u0130YE\u2019DEK\u0130 A\u0130LES\u0130NE KAVU\u015eTURULACAK -\" \/>\n<meta property=\"og:description\" content=\"\u00c7al\u0131\u015fma ve Sosyal G\u00fcvenlik Bakanl\u0131\u011f\u0131&#8217;na ba\u011fl\u0131 Sosyal Hizmetler Dairesi M\u00fcd\u00fcrl\u00fc\u011f\u00fc, G\u00fcney K\u0131br\u0131s&#8217;ta 6 A\u011fustos&#8217;tan bu yana kay\u0131p olarak aranan ve KKTC s\u0131n\u0131rlar\u0131 i\u00e7erisinde tespit edilen Suriye uyruklu 13 ya\u015f\u0131ndaki M.A\u2019n\u0131n, yasal prosed\u00fcrlerin tamamlanmas\u0131n\u0131n ard\u0131ndan T\u00fcrkiye\u2019deki ailesine g\u00fcvenli bir \u015fekilde ula\u015ft\u0131r\u0131laca\u011f\u0131n\u0131 a\u00e7\u0131klad\u0131. Daireden yap\u0131lan a\u00e7\u0131klamaya g\u00f6re, Suriye uyruklu 13 ya\u015f\u0131ndaki M.A\u2019n\u0131n, Polis Genel M\u00fcd\u00fcrl\u00fc\u011f\u00fc ile i\u015f\" \/>\n<meta property=\"og:url\" content=\"https:\/\/kibrisdakik.com\/?p=88177\" \/>\n<meta property=\"article:published_time\" content=\"2025-08-14T11:12:12+00:00\" \/>\n<meta property=\"og:image\" content=\"https:\/\/kibrisdakik.com\/wp-content\/uploads\/2025\/08\/mha-214-740x420.png\" \/>\n\t<meta property=\"og:image:width\" content=\"1280\" \/>\n\t<meta property=\"og:image:height\" content=\"720\" \/>\n\t<meta property=\"og:image:type\" content=\"image\/png\" \/>\n<meta name=\"author\" content=\"admin\" \/>\n<meta name=\"twitter:card\" content=\"summary_large_image\" \/>\n<meta name=\"twitter:label1\" content=\"Yazan:\" \/>\n\t<meta name=\"twitter:data1\" content=\"admin\" \/>\n\t<meta name=\"twitter:label2\" content=\"Tahmini okuma s\u00fcresi\" \/>\n\t<meta name=\"twitter:data2\" content=\"1 dakika\" \/>\n<script type=\"application\/ld+json\" class=\"yoast-schema-graph\">{\"@context\":\"https:\\\/\\\/schema.org\",\"@graph\":[{\"@type\":\"Article\",\"@id\":\"https:\\\/\\\/kibrisdakik.com\\\/?p=88177#article\",\"isPartOf\":{\"@id\":\"https:\\\/\\\/kibrisdakik.com\\\/?p=88177\"},\"author\":{\"name\":\"admin\",\"@id\":\"https:\\\/\\\/kibrisdakik.com\\\/#\\\/schema\\\/person\\\/9cd9d437bbb44f72b73ba127e06d8e79\"},\"headline\":\"KAYIP SUR\u0130YEL\u0130 \u00c7OCUK T\u00dcRK\u0130YE\u2019DEK\u0130 A\u0130LES\u0130NE KAVU\u015eTURULACAK\",\"datePublished\":\"2025-08-14T11:12:12+00:00\",\"mainEntityOfPage\":{\"@id\":\"https:\\\/\\\/kibrisdakik.com\\\/?p=88177\"},\"wordCount\":226,\"commentCount\":0,\"image\":{\"@id\":\"https:\\\/\\\/kibrisdakik.com\\\/?p=88177#primaryimage\"},\"thumbnailUrl\":\"https:\\\/\\\/kibrisdakik.com\\\/wp-content\\\/uploads\\\/2025\\\/08\\\/mha-214-740x420.png\",\"articleSection\":[\"K\u0131br\u0131s\",\"Man\u015fet\"],\"inLanguage\":\"tr\",\"potentialAction\":[{\"@type\":\"CommentAction\",\"name\":\"Comment\",\"target\":[\"https:\\\/\\\/kibrisdakik.com\\\/?p=88177#respond\"]}]},{\"@type\":\"WebPage\",\"@id\":\"https:\\\/\\\/kibrisdakik.com\\\/?p=88177\",\"url\":\"https:\\\/\\\/kibrisdakik.com\\\/?p=88177\",\"name\":\"KAYIP SUR\u0130YEL\u0130 \u00c7OCUK T\u00dcRK\u0130YE\u2019DEK\u0130 A\u0130LES\u0130NE KAVU\u015eTURULACAK -\",\"isPartOf\":{\"@id\":\"https:\\\/\\\/kibrisdakik.com\\\/#website\"},\"primaryImageOfPage\":{\"@id\":\"https:\\\/\\\/kibrisdakik.com\\\/?p=88177#primaryimage\"},\"image\":{\"@id\":\"https:\\\/\\\/kibrisdakik.com\\\/?p=88177#primaryimage\"},\"thumbnailUrl\":\"https:\\\/\\\/kibrisdakik.com\\\/wp-content\\\/uploads\\\/2025\\\/08\\\/mha-214-740x420.png\",\"datePublished\":\"2025-08-14T11:12:12+00:00\",\"author\":{\"@id\":\"https:\\\/\\\/kibrisdakik.com\\\/#\\\/schema\\\/person\\\/9cd9d437bbb44f72b73ba127e06d8e79\"},\"breadcrumb\":{\"@id\":\"https:\\\/\\\/kibrisdakik.com\\\/?p=88177#breadcrumb\"},\"inLanguage\":\"tr\",\"potentialAction\":[{\"@type\":\"ReadAction\",\"target\":[\"https:\\\/\\\/kibrisdakik.com\\\/?p=88177\"]}]},{\"@type\":\"ImageObject\",\"inLanguage\":\"tr\",\"@id\":\"https:\\\/\\\/kibrisdakik.com\\\/?p=88177#primaryimage\",\"url\":\"https:\\\/\\\/kibrisdakik.com\\\/wp-content\\\/uploads\\\/2025\\\/08\\\/mha-214-740x420.png\",\"contentUrl\":\"https:\\\/\\\/kibrisdakik.com\\\/wp-content\\\/uploads\\\/2025\\\/08\\\/mha-214-740x420.png\",\"width\":1280,\"height\":720},{\"@type\":\"BreadcrumbList\",\"@id\":\"https:\\\/\\\/kibrisdakik.com\\\/?p=88177#breadcrumb\",\"itemListElement\":[{\"@type\":\"ListItem\",\"position\":1,\"name\":\"Home\",\"item\":\"https:\\\/\\\/kibrisdakik.com\\\/\"},{\"@type\":\"ListItem\",\"position\":2,\"name\":\"KAYIP SUR\u0130YEL\u0130 \u00c7OCUK T\u00dcRK\u0130YE\u2019DEK\u0130 A\u0130LES\u0130NE KAVU\u015eTURULACAK\"}]},{\"@type\":\"WebSite\",\"@id\":\"https:\\\/\\\/kibrisdakik.com\\\/#website\",\"url\":\"https:\\\/\\\/kibrisdakik.com\\\/\",\"name\":\"\",\"description\":\"Tam vaktinde haber\",\"potentialAction\":[{\"@type\":\"SearchAction\",\"target\":{\"@type\":\"EntryPoint\",\"urlTemplate\":\"https:\\\/\\\/kibrisdakik.com\\\/?s={search_term_string}\"},\"query-input\":{\"@type\":\"PropertyValueSpecification\",\"valueRequired\":true,\"valueName\":\"search_term_string\"}}],\"inLanguage\":\"tr\"},{\"@type\":\"Person\",\"@id\":\"https:\\\/\\\/kibrisdakik.com\\\/#\\\/schema\\\/person\\\/9cd9d437bbb44f72b73ba127e06d8e79\",\"name\":\"admin\",\"image\":{\"@type\":\"ImageObject\",\"inLanguage\":\"tr\",\"@id\":\"https:\\\/\\\/secure.gravatar.com\\\/avatar\\\/ccc17943b9d660506c869530f897617f7cb1c21a4bf30023f252596d83e1f007?s=96&d=mm&r=g\",\"url\":\"https:\\\/\\\/secure.gravatar.com\\\/avatar\\\/ccc17943b9d660506c869530f897617f7cb1c21a4bf30023f252596d83e1f007?s=96&d=mm&r=g\",\"contentUrl\":\"https:\\\/\\\/secure.gravatar.com\\\/avatar\\\/ccc17943b9d660506c869530f897617f7cb1c21a4bf30023f252596d83e1f007?s=96&d=mm&r=g\",\"caption\":\"admin\"},\"sameAs\":[\"https:\\\/\\\/kibrisdakik.com\"],\"url\":\"https:\\\/\\\/kibrisdakik.com\\\/?author=1\"}]}<\/script>\n<!-- \/ Yoast SEO plugin. -->","yoast_head_json":{"title":"KAYIP SUR\u0130YEL\u0130 \u00c7OCUK T\u00dcRK\u0130YE\u2019DEK\u0130 A\u0130LES\u0130NE KAVU\u015eTURULACAK -","robots":{"index":"index","follow":"follow","max-snippet":"max-snippet:-1","max-image-preview":"max-image-preview:large","max-video-preview":"max-video-preview:-1"},"canonical":"https:\/\/kibrisdakik.com\/?p=88177","og_locale":"tr_TR","og_type":"article","og_title":"KAYIP SUR\u0130YEL\u0130 \u00c7OCUK T\u00dcRK\u0130YE\u2019DEK\u0130 A\u0130LES\u0130NE KAVU\u015eTURULACAK -","og_description":"\u00c7al\u0131\u015fma ve Sosyal G\u00fcvenlik Bakanl\u0131\u011f\u0131&#8217;na ba\u011fl\u0131 Sosyal Hizmetler Dairesi M\u00fcd\u00fcrl\u00fc\u011f\u00fc, G\u00fcney K\u0131br\u0131s&#8217;ta 6 A\u011fustos&#8217;tan bu yana kay\u0131p olarak aranan ve KKTC s\u0131n\u0131rlar\u0131 i\u00e7erisinde tespit edilen Suriye uyruklu 13 ya\u015f\u0131ndaki M.A\u2019n\u0131n, yasal prosed\u00fcrlerin tamamlanmas\u0131n\u0131n ard\u0131ndan T\u00fcrkiye\u2019deki ailesine g\u00fcvenli bir \u015fekilde ula\u015ft\u0131r\u0131laca\u011f\u0131n\u0131 a\u00e7\u0131klad\u0131. Daireden yap\u0131lan a\u00e7\u0131klamaya g\u00f6re, Suriye uyruklu 13 ya\u015f\u0131ndaki M.A\u2019n\u0131n, Polis Genel M\u00fcd\u00fcrl\u00fc\u011f\u00fc ile i\u015f","og_url":"https:\/\/kibrisdakik.com\/?p=88177","article_published_time":"2025-08-14T11:12:12+00:00","og_image":[{"width":1280,"height":720,"url":"https:\/\/kibrisdakik.com\/wp-content\/uploads\/2025\/08\/mha-214-740x420.png","type":"image\/png"}],"author":"admin","twitter_card":"summary_large_image","twitter_misc":{"Yazan:":"admin","Tahmini okuma s\u00fcresi":"1 dakika"},"schema":{"@context":"https:\/\/schema.org","@graph":[{"@type":"Article","@id":"https:\/\/kibrisdakik.com\/?p=88177#article","isPartOf":{"@id":"https:\/\/kibrisdakik.com\/?p=88177"},"author":{"name":"admin","@id":"https:\/\/kibrisdakik.com\/#\/schema\/person\/9cd9d437bbb44f72b73ba127e06d8e79"},"headline":"KAYIP SUR\u0130YEL\u0130 \u00c7OCUK T\u00dcRK\u0130YE\u2019DEK\u0130 A\u0130LES\u0130NE KAVU\u015eTURULACAK","datePublished":"2025-08-14T11:12:12+00:00","mainEntityOfPage":{"@id":"https:\/\/kibrisdakik.com\/?p=88177"},"wordCount":226,"commentCount":0,"image":{"@id":"https:\/\/kibrisdakik.com\/?p=88177#primaryimage"},"thumbnailUrl":"https:\/\/kibrisdakik.com\/wp-content\/uploads\/2025\/08\/mha-214-740x420.png","articleSection":["K\u0131br\u0131s","Man\u015fet"],"inLanguage":"tr","potentialAction":[{"@type":"CommentAction","name":"Comment","target":["https:\/\/kibrisdakik.com\/?p=88177#respond"]}]},{"@type":"WebPage","@id":"https:\/\/kibrisdakik.com\/?p=88177","url":"https:\/\/kibrisdakik.com\/?p=88177","name":"KAYIP SUR\u0130YEL\u0130 \u00c7OCUK T\u00dcRK\u0130YE\u2019DEK\u0130 A\u0130LES\u0130NE KAVU\u015eTURULACAK -","isPartOf":{"@id":"https:\/\/kibrisdakik.com\/#website"},"primaryImageOfPage":{"@id":"https:\/\/kibrisdakik.com\/?p=88177#primaryimage"},"image":{"@id":"https:\/\/kibrisdakik.com\/?p=88177#primaryimage"},"thumbnailUrl":"https:\/\/kibrisdakik.com\/wp-content\/uploads\/2025\/08\/mha-214-740x420.png","datePublished":"2025-08-14T11:12:12+00:00","author":{"@id":"https:\/\/kibrisdakik.com\/#\/schema\/person\/9cd9d437bbb44f72b73ba127e06d8e79"},"breadcrumb":{"@id":"https:\/\/kibrisdakik.com\/?p=88177#breadcrumb"},"inLanguage":"tr","potentialAction":[{"@type":"ReadAction","target":["https:\/\/kibrisdakik.com\/?p=88177"]}]},{"@type":"ImageObject","inLanguage":"tr","@id":"https:\/\/kibrisdakik.com\/?p=88177#primaryimage","url":"https:\/\/kibrisdakik.com\/wp-content\/uploads\/2025\/08\/mha-214-740x420.png","contentUrl":"https:\/\/kibrisdakik.com\/wp-content\/uploads\/2025\/08\/mha-214-740x420.png","width":1280,"height":720},{"@type":"BreadcrumbList","@id":"https:\/\/kibrisdakik.com\/?p=88177#breadcrumb","itemListElement":[{"@type":"ListItem","position":1,"name":"Home","item":"https:\/\/kibrisdakik.com\/"},{"@type":"ListItem","position":2,"name":"KAYIP SUR\u0130YEL\u0130 \u00c7OCUK T\u00dcRK\u0130YE\u2019DEK\u0130 A\u0130LES\u0130NE KAVU\u015eTURULACAK"}]},{"@type":"WebSite","@id":"https:\/\/kibrisdakik.com\/#website","url":"https:\/\/kibrisdakik.com\/","name":"","description":"Tam vaktinde haber","potentialAction":[{"@type":"SearchAction","target":{"@type":"EntryPoint","urlTemplate":"https:\/\/kibrisdakik.com\/?s={search_term_string}"},"query-input":{"@type":"PropertyValueSpecification","valueRequired":true,"valueName":"search_term_string"}}],"inLanguage":"tr"},{"@type":"Person","@id":"https:\/\/kibrisdakik.com\/#\/schema\/person\/9cd9d437bbb44f72b73ba127e06d8e79","name":"admin","image":{"@type":"ImageObject","inLanguage":"tr","@id":"https:\/\/secure.gravatar.com\/avatar\/ccc17943b9d660506c869530f897617f7cb1c21a4bf30023f252596d83e1f007?s=96&d=mm&r=g","url":"https:\/\/secure.gravatar.com\/avatar\/ccc17943b9d660506c869530f897617f7cb1c21a4bf30023f252596d83e1f007?s=96&d=mm&r=g","contentUrl":"https:\/\/secure.gravatar.com\/avatar\/ccc17943b9d660506c869530f897617f7cb1c21a4bf30023f252596d83e1f007?s=96&d=mm&r=g","caption":"admin"},"sameAs":["https:\/\/kibrisdakik.com"],"url":"https:\/\/kibrisdakik.com\/?author=1"}]}},"_links":{"self":[{"href":"https:\/\/kibrisdakik.com\/index.php?rest_route=\/wp\/v2\/posts\/88177","targetHints":{"allow":["GET"]}}],"collection":[{"href":"https:\/\/kibrisdakik.com\/index.php?rest_route=\/wp\/v2\/posts"}],"about":[{"href":"https:\/\/kibrisdakik.com\/index.php?rest_route=\/wp\/v2\/types\/post"}],"author":[{"embeddable":true,"href":"https:\/\/kibrisdakik.com\/index.php?rest_route=\/wp\/v2\/users\/1"}],"replies":[{"embeddable":true,"href":"https:\/\/kibrisdakik.com\/index.php?rest_route=%2Fwp%2Fv2%2Fcomments&post=88177"}],"version-history":[{"count":0,"href":"https:\/\/kibrisdakik.com\/index.php?rest_route=\/wp\/v2\/posts\/88177\/revisions"}],"wp:featuredmedia":[{"embeddable":true,"href":"https:\/\/kibrisdakik.com\/index.php?rest_route=\/wp\/v2\/media\/88178"}],"wp:attachment":[{"href":"https:\/\/kibrisdakik.com\/index.php?rest_route=%2Fwp%2Fv2%2Fmedia&parent=88177"}],"wp:term":[{"taxonomy":"category","embeddable":true,"href":"https:\/\/kibrisdakik.com\/index.php?rest_route=%2Fwp%2Fv2%2Fcategories&post=88177"},{"taxonomy":"post_tag","embeddable":true,"href":"https:\/\/kibrisdakik.com\/index.php?rest_route=%2Fwp%2Fv2%2Ftags&post=88177"}],"curies":[{"name":"wp","href":"https:\/\/api.w.org\/{rel}","templated":true}]}}