{"id":8819,"date":"2023-06-14T19:06:15","date_gmt":"2023-06-14T19:06:15","guid":{"rendered":"https:\/\/kibrisdakik.com\/index.php\/2023\/06\/14\/fly-kibris-hava-yollari-bodrum-ve-ordu-giresuna-direkt-ucuslarini-baslatti\/"},"modified":"2023-06-14T19:06:15","modified_gmt":"2023-06-14T19:06:15","slug":"fly-kibris-hava-yollari-bodrum-ve-ordu-giresuna-direkt-ucuslarini-baslatti","status":"publish","type":"post","link":"https:\/\/kibrisdakik.com\/?p=8819","title":{"rendered":"Fly K\u0131br\u0131s Hava Yollar\u0131 Bodrum ve Ordu-Giresun\u2019a direkt u\u00e7u\u015flar\u0131n\u0131 ba\u015flatt\u0131"},"content":{"rendered":"<p><\/p>\n<div>\n<div class=\"mariselle-image-container center\">\n                <img width=\"2560\" height=\"1439\" class=\"lazy-image\" alt=\"\" decoding=\"async\" loading=\"lazy\" sizes=\"auto, (max-width: 2560px) 100vw, 2560px\" src=\"https:\/\/brtk.net\/wp-content\/uploads\/2023\/06\/14\/InShot_20230614_195830532-scaled.jpg?ver=8abd615349c46e05213bde21dca285df\" srcset=\"https:\/\/brtk.net\/wp-content\/uploads\/2023\/06\/14\/InShot_20230614_195830532-scaled.jpg?ver=8abd615349c46e05213bde21dca285df 2560w, https:\/\/brtk.net\/wp-content\/uploads\/2023\/06\/14\/InShot_20230614_195830532-300x169.jpg?ver=8abd615349c46e05213bde21dca285df 300w, https:\/\/brtk.net\/wp-content\/uploads\/2023\/06\/14\/InShot_20230614_195830532-1024x576.jpg?ver=ac4a044dcd32469b38a422a407158333 1024w, https:\/\/brtk.net\/wp-content\/uploads\/2023\/06\/14\/InShot_20230614_195830532-768x432.jpg?ver=ac4a044dcd32469b38a422a407158333 768w, https:\/\/brtk.net\/wp-content\/uploads\/2023\/06\/14\/InShot_20230614_195830532-1536x863.jpg?ver=29941db0c175cd880a8f32b158e14ca6 1536w, https:\/\/brtk.net\/wp-content\/uploads\/2023\/06\/14\/InShot_20230614_195830532-2048x1151.jpg?ver=6c84df3d377bb55ffaefbbfbb8731822 2048w\"\/>                            <\/div>\n<p>K\u0131sa bir s\u00fcre \u00f6nce u\u00e7u\u015flar\u0131na ba\u015flayan yerli havayolu \u015firketi FLY K\u0131br\u0131s, Bodrum ve Ordu-Giresun\u2019u da destinasyonuna ekleyerek u\u00e7u\u015f noktalar\u0131n\u0131 geni\u015fletti.<\/p>\n<p>Ercan Havaalan\u0131ndan Bodrum\u2019a ger\u00e7ekle\u015ftirilen ilk u\u00e7u\u015fta FH 143 sefer say\u0131l\u0131 Airbus A320 u\u00e7a\u011f\u0131 Bodrum Havaalan\u0131\u2019nda su tak\u0131 t\u00f6reni ile kar\u015f\u0131land\u0131.<\/p>\n<p>Fly K\u0131br\u0131s Havayollar\u0131 Bodrum\u2019a ger\u00e7ekle\u015ftirdi\u011fi ilk u\u00e7u\u015fu Doria Otel\u2019de d\u00fczenledi\u011fi lansman ile tan\u0131tt\u0131. FLY K\u0131br\u0131s Havayollar\u0131 Kurucu Orta\u011f\u0131 Rauf Denkta\u015f yapt\u0131\u011f\u0131 konu\u015fmada, 16 Nisan\u2019da u\u00e7u\u015flara ba\u015flayan Havayollar\u0131\u2019n\u0131n temel hedeflerinden birinin iki \u00fclke aras\u0131ndaki sars\u0131lmaz ba\u011flar\u0131 daha g\u00fc\u00e7l\u00fc hale getirmek oldu\u011funu s\u00f6yledi.<\/p>\n<p>S\u00f6z konusu u\u00e7u\u015flar\u0131n her iki \u00fclke aras\u0131ndaki ili\u015fkiyi geli\u015ftirerek ekonomik anlamda gelir sa\u011flayaca\u011f\u0131na inan\u00e7 belirten Denkta\u015f, u\u00e7ak filolar\u0131n\u0131 geli\u015ftirmek i\u00e7in \u00e7al\u0131\u015fmalar\u0131n\u0131n devam etti\u011fini s\u00f6yledi. Fly K\u0131br\u0131s Havayollar\u0131 Kurucu Ortaklar\u0131ndan Nusret Polat da 20 y\u0131ldan beridir turizm ile ilgilendiklerini ve bu y\u00f6nde faaliyet g\u00f6sterdiklerini aktararak, Bodrum hatt\u0131n\u0131n a\u00e7\u0131lmas\u0131n\u0131n \u00f6nemine de\u011findi.<\/p>\n<p>Bodrum\u2019a haftada iki sefer d\u00fczenlediklerini dile getiren Polat, Mart ay\u0131nda 2. U\u00e7aklar\u0131n\u0131n da devreye girece\u011fini dile getirdi.<\/p>\n<p>Bodrum Belediye Ba\u015fkan Vekili Emel \u00c7akalo\u011flu da kar\u015f\u0131l\u0131kl\u0131 u\u00e7u\u015flar\u0131n ba\u015flamas\u0131ndan dolay\u0131 duydu\u011fu memnuniyeti dile getirerek, Bodrum\u2019un \u00fclke turizmine ciddi katk\u0131 sa\u011flad\u0131\u011f\u0131n\u0131 anlatt\u0131.<\/p>\n<p>Bodrum Kaymakam\u0131 Bilgehan Bayar da Bodrum\u2019un T\u00fcrkiye\u2019nin en \u00f6nemli turizm merkezlerinden biri oldu\u011funu vurgulayarak,FLY K\u0131br\u0131s Havayollar\u0131\u2019n\u0131n Bodruma sefer ba\u015flatmas\u0131na katk\u0131 koyanlara te\u015fekk\u00fcr etti. <\/p>\n<p>Bay\u0131nd\u0131rl\u0131k ve Ula\u015ft\u0131rma Bakanl\u0131\u011f\u0131 M\u00fcste\u015far\u0131 Enver \u00d6zt\u00fcrk de Bodrum\u2019a d\u00fczenlenen ilk seferde bulunmaktan dolay\u0131 duydu\u011fu memnuniyeti dile getirerek bir ada \u00fclkesi olan <a href=\"https:\/\/brtk.net\/\">KKTC<\/a>\u2019ye sadece deniz ve hava ula\u015f\u0131m\u0131n\u0131n bulundu\u011funu kaydetti.<\/p>\n<p>Ula\u015f\u0131m konusuna b\u00fcy\u00fck \u00f6nem verdiklerini hem hava hem de deniz ula\u015f\u0131m\u0131 y\u00f6n\u00fcnde ciddi ad\u0131mlar att\u0131klar\u0131n\u0131 ifade eden \u00d6zt\u00fcrk, 3 k\u0131ymetli giri\u015fimci taraf\u0131ndan kurulan yerli havayolunun \u00fclke ula\u015f\u0131m\u0131 i\u00e7in \u00e7ok \u00f6nemli oldu\u011funu vurgulad\u0131.<\/p>\n<p>Enver \u00d6zt\u00fcrk, 20 Temmuz\u2019da a\u00e7\u0131lmas\u0131 planlanan yeni havaalan\u0131yla birlikte b\u00fcy\u00fck g\u00f6vdeli u\u00e7aklar\u0131n piste inebilece\u011fini ve b\u00f6ylelikle maaliyetlerin de d\u00fc\u015ferek ula\u015f\u0131mda yeni bir d\u00f6neme girilece\u011fini kaydetti.<\/p>\n<p>T\u00fcrkiye\u2019nin yan\u0131 s\u0131ra 3. D\u00fcnya \u00dclkelerden de <a href=\"https:\/\/brtk.net\/\">KKTC<\/a>\u2019ye do\u011frudan u\u00e7u\u015flar\u0131n ba\u015flayabilece\u011fi mesaj\u0131n\u0131 veren \u00d6zt\u00fcrk, s\u00f6z konusu direkt u\u00e7u\u015flar\u0131n ba\u015flamas\u0131yla birlikte \u00fclkenin tan\u0131nmas\u0131 y\u00f6n\u00fcnde \u00f6nemli bir ad\u0131m at\u0131labilece\u011fini kaydetti.<\/p>\n<p>Mu\u011fla Vali Yard\u0131mc\u0131s\u0131 Murat Sar\u0131 daikili ili\u015fkilerin g\u00fc\u00e7lenmesi bak\u0131m\u0131ndan d\u00fczenlenen u\u00e7u\u015flar\u0131n \u00f6nemli oldu\u011funu belirterek kar\u015f\u0131l\u0131kl\u0131 u\u00e7u\u015flar\u0131n yeni f\u0131rsatlar yarataca\u011f\u0131n\u0131 ifade etti. Turizm K\u00fclt\u00fcr, Gen\u00e7lik ve \u00c7evre Bakan\u0131 Fikri Atao\u011flu da FLY K\u0131brs\u0131 Havayolu \u015firketinin \u00fclke havac\u0131l\u0131k alan\u0131na yeni bir soluk getirdi\u011fini ifade ederek s\u00f6z konusu havayolunun kurulmas\u0131yla birlikte u\u00e7ak bilet fiyatlar\u0131n\u0131n da d\u00fc\u015fmeye ba\u015flad\u0131\u011f\u0131n\u0131 s\u00f6yledi. U\u00e7ak bilet fiyatlar\u0131n\u0131n istenilen noktaya gelmesiyle ilgili T\u00fcrkiye Cumhurba\u015fkan\u0131 Recep Tayip Erdo\u011fan ile de g\u00f6r\u00fc\u015ft\u00fcklerini aktaran Bakan Atao\u011flu, Cumhurba\u015fkan\u0131 Erdo\u011fan\u2019\u0131n bilet fiyatlar\u0131n\u0131n arzu edilen rakamlara inmesiyle ilgili gereken talimatlar\u0131n verildi\u011fini anlatt\u0131. Fly K\u0131br\u0131s Havayollar\u0131\u2019n\u0131n kurulmas\u0131n\u0131n ve s\u00fcrd\u00fcr\u00fclebilir olmas\u0131n\u0131n \u00f6nemine de\u011finen Bakan Atao\u011flu,turizmde sahip olduklar\u0131n\u0131 bir\u00e7ok de\u011ferler ile iddial\u0131 olduklar\u0131n\u0131 kaydetti.<\/p>\n<p>Bakan Atao\u011flu, Bodrum\u2019a ba\u015flat\u0131lan direkt u\u00e7u\u015flardan dolay\u0131 duydu\u011fu memnuniyeti dile getirerek kar\u015f\u0131l\u0131kl\u0131 u\u00e7u\u015flar\u0131n her iki \u00fclke aras\u0131ndaki ba\u011flar\u0131n daha da g\u00fc\u00e7lenmesine vesile olaca\u011f\u0131n\u0131 s\u00f6zlerine ekledi. Konu\u015fmalar\u0131n ard\u0131ndan lansman FLY K\u0131br\u0131s Havayollar\u0131\u2019n\u0131n tan\u0131t\u0131m filmi ile devam etti. Lansman verilen koktey ile son buldu.<\/p>\n<p><a href=\"https:\/\/brtk.net\/\">BRT<\/a><\/p>\n<\/p><\/div>\n<p><script async\n                    defer\n                    crossorigin=\"anonymous\"\n                    src=\"https:\/\/connect.facebook.net\/tr_TR\/sdk.js#xfbml=1&#038;version=v3.3\"\n            ><\/script><\/p>\n","protected":false},"excerpt":{"rendered":"<p>K\u0131sa bir s\u00fcre \u00f6nce u\u00e7u\u015flar\u0131na ba\u015flayan yerli havayolu \u015firketi FLY K\u0131br\u0131s, Bodrum ve Ordu-Giresun\u2019u da destinasyonuna ekleyerek u\u00e7u\u015f noktalar\u0131n\u0131 geni\u015fletti. Ercan Havaalan\u0131ndan Bodrum\u2019a ger\u00e7ekle\u015ftirilen ilk u\u00e7u\u015fta FH 143 sefer say\u0131l\u0131 Airbus A320 u\u00e7a\u011f\u0131 Bodrum Havaalan\u0131\u2019nda su tak\u0131 t\u00f6reni ile kar\u015f\u0131land\u0131. Fly K\u0131br\u0131s Havayollar\u0131 Bodrum\u2019a ger\u00e7ekle\u015ftirdi\u011fi ilk u\u00e7u\u015fu Doria Otel\u2019de d\u00fczenledi\u011fi lansman ile tan\u0131tt\u0131. FLY K\u0131br\u0131s<\/p>\n","protected":false},"author":1,"featured_media":8820,"comment_status":"open","ping_status":"open","sticky":false,"template":"","format":"standard","meta":{"footnotes":""},"categories":[1],"tags":[],"class_list":["post-8819","post","type-post","status-publish","format-standard","has-post-thumbnail","hentry","category-gundem"],"yoast_head":"<!-- This site is optimized with the Yoast SEO plugin v27.5 - https:\/\/yoast.com\/product\/yoast-seo-wordpress\/ -->\n<title>Fly K\u0131br\u0131s Hava Yollar\u0131 Bodrum ve Ordu-Giresun\u2019a direkt u\u00e7u\u015flar\u0131n\u0131 ba\u015flatt\u0131 -<\/title>\n<meta name=\"robots\" content=\"index, follow, max-snippet:-1, max-image-preview:large, max-video-preview:-1\" \/>\n<link rel=\"canonical\" href=\"https:\/\/kibrisdakik.com\/?p=8819\" \/>\n<meta property=\"og:locale\" content=\"tr_TR\" \/>\n<meta property=\"og:type\" content=\"article\" \/>\n<meta property=\"og:title\" content=\"Fly K\u0131br\u0131s Hava Yollar\u0131 Bodrum ve Ordu-Giresun\u2019a direkt u\u00e7u\u015flar\u0131n\u0131 ba\u015flatt\u0131 -\" \/>\n<meta property=\"og:description\" content=\"K\u0131sa bir s\u00fcre \u00f6nce u\u00e7u\u015flar\u0131na ba\u015flayan yerli havayolu \u015firketi FLY K\u0131br\u0131s, Bodrum ve Ordu-Giresun\u2019u da destinasyonuna ekleyerek u\u00e7u\u015f noktalar\u0131n\u0131 geni\u015fletti. Ercan Havaalan\u0131ndan Bodrum\u2019a ger\u00e7ekle\u015ftirilen ilk u\u00e7u\u015fta FH 143 sefer say\u0131l\u0131 Airbus A320 u\u00e7a\u011f\u0131 Bodrum Havaalan\u0131\u2019nda su tak\u0131 t\u00f6reni ile kar\u015f\u0131land\u0131. Fly K\u0131br\u0131s Havayollar\u0131 Bodrum\u2019a ger\u00e7ekle\u015ftirdi\u011fi ilk u\u00e7u\u015fu Doria Otel\u2019de d\u00fczenledi\u011fi lansman ile tan\u0131tt\u0131. FLY K\u0131br\u0131s\" \/>\n<meta property=\"og:url\" content=\"https:\/\/kibrisdakik.com\/?p=8819\" \/>\n<meta property=\"article:published_time\" content=\"2023-06-14T19:06:15+00:00\" \/>\n<meta property=\"og:image\" content=\"https:\/\/kibrisdakik.com\/wp-content\/uploads\/2023\/06\/InShot_20230614_195830532-scaled-740x420.jpg\" \/>\n\t<meta property=\"og:image:width\" content=\"2560\" \/>\n\t<meta property=\"og:image:height\" content=\"1439\" \/>\n\t<meta property=\"og:image:type\" content=\"image\/jpeg\" \/>\n<meta name=\"author\" content=\"admin\" \/>\n<meta name=\"twitter:card\" content=\"summary_large_image\" \/>\n<meta name=\"twitter:label1\" content=\"Yazan:\" \/>\n\t<meta name=\"twitter:data1\" content=\"admin\" \/>\n\t<meta name=\"twitter:label2\" content=\"Tahmini okuma s\u00fcresi\" \/>\n\t<meta name=\"twitter:data2\" content=\"4 dakika\" \/>\n<script type=\"application\/ld+json\" class=\"yoast-schema-graph\">{\"@context\":\"https:\\\/\\\/schema.org\",\"@graph\":[{\"@type\":\"Article\",\"@id\":\"https:\\\/\\\/kibrisdakik.com\\\/?p=8819#article\",\"isPartOf\":{\"@id\":\"https:\\\/\\\/kibrisdakik.com\\\/?p=8819\"},\"author\":{\"name\":\"admin\",\"@id\":\"https:\\\/\\\/kibrisdakik.com\\\/#\\\/schema\\\/person\\\/9cd9d437bbb44f72b73ba127e06d8e79\"},\"headline\":\"Fly K\u0131br\u0131s Hava Yollar\u0131 Bodrum ve Ordu-Giresun\u2019a direkt u\u00e7u\u015flar\u0131n\u0131 ba\u015flatt\u0131\",\"datePublished\":\"2023-06-14T19:06:15+00:00\",\"mainEntityOfPage\":{\"@id\":\"https:\\\/\\\/kibrisdakik.com\\\/?p=8819\"},\"wordCount\":749,\"commentCount\":0,\"image\":{\"@id\":\"https:\\\/\\\/kibrisdakik.com\\\/?p=8819#primaryimage\"},\"thumbnailUrl\":\"https:\\\/\\\/kibrisdakik.com\\\/wp-content\\\/uploads\\\/2023\\\/06\\\/InShot_20230614_195830532-scaled-740x420.jpg\",\"articleSection\":[\"G\u00fcndem\"],\"inLanguage\":\"tr\",\"potentialAction\":[{\"@type\":\"CommentAction\",\"name\":\"Comment\",\"target\":[\"https:\\\/\\\/kibrisdakik.com\\\/?p=8819#respond\"]}]},{\"@type\":\"WebPage\",\"@id\":\"https:\\\/\\\/kibrisdakik.com\\\/?p=8819\",\"url\":\"https:\\\/\\\/kibrisdakik.com\\\/?p=8819\",\"name\":\"Fly K\u0131br\u0131s Hava Yollar\u0131 Bodrum ve Ordu-Giresun\u2019a direkt u\u00e7u\u015flar\u0131n\u0131 ba\u015flatt\u0131 -\",\"isPartOf\":{\"@id\":\"https:\\\/\\\/kibrisdakik.com\\\/#website\"},\"primaryImageOfPage\":{\"@id\":\"https:\\\/\\\/kibrisdakik.com\\\/?p=8819#primaryimage\"},\"image\":{\"@id\":\"https:\\\/\\\/kibrisdakik.com\\\/?p=8819#primaryimage\"},\"thumbnailUrl\":\"https:\\\/\\\/kibrisdakik.com\\\/wp-content\\\/uploads\\\/2023\\\/06\\\/InShot_20230614_195830532-scaled-740x420.jpg\",\"datePublished\":\"2023-06-14T19:06:15+00:00\",\"author\":{\"@id\":\"https:\\\/\\\/kibrisdakik.com\\\/#\\\/schema\\\/person\\\/9cd9d437bbb44f72b73ba127e06d8e79\"},\"breadcrumb\":{\"@id\":\"https:\\\/\\\/kibrisdakik.com\\\/?p=8819#breadcrumb\"},\"inLanguage\":\"tr\",\"potentialAction\":[{\"@type\":\"ReadAction\",\"target\":[\"https:\\\/\\\/kibrisdakik.com\\\/?p=8819\"]}]},{\"@type\":\"ImageObject\",\"inLanguage\":\"tr\",\"@id\":\"https:\\\/\\\/kibrisdakik.com\\\/?p=8819#primaryimage\",\"url\":\"https:\\\/\\\/kibrisdakik.com\\\/wp-content\\\/uploads\\\/2023\\\/06\\\/InShot_20230614_195830532-scaled-740x420.jpg\",\"contentUrl\":\"https:\\\/\\\/kibrisdakik.com\\\/wp-content\\\/uploads\\\/2023\\\/06\\\/InShot_20230614_195830532-scaled-740x420.jpg\",\"width\":2560,\"height\":1439},{\"@type\":\"BreadcrumbList\",\"@id\":\"https:\\\/\\\/kibrisdakik.com\\\/?p=8819#breadcrumb\",\"itemListElement\":[{\"@type\":\"ListItem\",\"position\":1,\"name\":\"Home\",\"item\":\"https:\\\/\\\/kibrisdakik.com\\\/\"},{\"@type\":\"ListItem\",\"position\":2,\"name\":\"Fly K\u0131br\u0131s Hava Yollar\u0131 Bodrum ve Ordu-Giresun\u2019a direkt u\u00e7u\u015flar\u0131n\u0131 ba\u015flatt\u0131\"}]},{\"@type\":\"WebSite\",\"@id\":\"https:\\\/\\\/kibrisdakik.com\\\/#website\",\"url\":\"https:\\\/\\\/kibrisdakik.com\\\/\",\"name\":\"\",\"description\":\"Tam vaktinde haber\",\"potentialAction\":[{\"@type\":\"SearchAction\",\"target\":{\"@type\":\"EntryPoint\",\"urlTemplate\":\"https:\\\/\\\/kibrisdakik.com\\\/?s={search_term_string}\"},\"query-input\":{\"@type\":\"PropertyValueSpecification\",\"valueRequired\":true,\"valueName\":\"search_term_string\"}}],\"inLanguage\":\"tr\"},{\"@type\":\"Person\",\"@id\":\"https:\\\/\\\/kibrisdakik.com\\\/#\\\/schema\\\/person\\\/9cd9d437bbb44f72b73ba127e06d8e79\",\"name\":\"admin\",\"image\":{\"@type\":\"ImageObject\",\"inLanguage\":\"tr\",\"@id\":\"https:\\\/\\\/secure.gravatar.com\\\/avatar\\\/ccc17943b9d660506c869530f897617f7cb1c21a4bf30023f252596d83e1f007?s=96&d=mm&r=g\",\"url\":\"https:\\\/\\\/secure.gravatar.com\\\/avatar\\\/ccc17943b9d660506c869530f897617f7cb1c21a4bf30023f252596d83e1f007?s=96&d=mm&r=g\",\"contentUrl\":\"https:\\\/\\\/secure.gravatar.com\\\/avatar\\\/ccc17943b9d660506c869530f897617f7cb1c21a4bf30023f252596d83e1f007?s=96&d=mm&r=g\",\"caption\":\"admin\"},\"sameAs\":[\"https:\\\/\\\/kibrisdakik.com\"],\"url\":\"https:\\\/\\\/kibrisdakik.com\\\/?author=1\"}]}<\/script>\n<!-- \/ Yoast SEO plugin. -->","yoast_head_json":{"title":"Fly K\u0131br\u0131s Hava Yollar\u0131 Bodrum ve Ordu-Giresun\u2019a direkt u\u00e7u\u015flar\u0131n\u0131 ba\u015flatt\u0131 -","robots":{"index":"index","follow":"follow","max-snippet":"max-snippet:-1","max-image-preview":"max-image-preview:large","max-video-preview":"max-video-preview:-1"},"canonical":"https:\/\/kibrisdakik.com\/?p=8819","og_locale":"tr_TR","og_type":"article","og_title":"Fly K\u0131br\u0131s Hava Yollar\u0131 Bodrum ve Ordu-Giresun\u2019a direkt u\u00e7u\u015flar\u0131n\u0131 ba\u015flatt\u0131 -","og_description":"K\u0131sa bir s\u00fcre \u00f6nce u\u00e7u\u015flar\u0131na ba\u015flayan yerli havayolu \u015firketi FLY K\u0131br\u0131s, Bodrum ve Ordu-Giresun\u2019u da destinasyonuna ekleyerek u\u00e7u\u015f noktalar\u0131n\u0131 geni\u015fletti. Ercan Havaalan\u0131ndan Bodrum\u2019a ger\u00e7ekle\u015ftirilen ilk u\u00e7u\u015fta FH 143 sefer say\u0131l\u0131 Airbus A320 u\u00e7a\u011f\u0131 Bodrum Havaalan\u0131\u2019nda su tak\u0131 t\u00f6reni ile kar\u015f\u0131land\u0131. Fly K\u0131br\u0131s Havayollar\u0131 Bodrum\u2019a ger\u00e7ekle\u015ftirdi\u011fi ilk u\u00e7u\u015fu Doria Otel\u2019de d\u00fczenledi\u011fi lansman ile tan\u0131tt\u0131. FLY K\u0131br\u0131s","og_url":"https:\/\/kibrisdakik.com\/?p=8819","article_published_time":"2023-06-14T19:06:15+00:00","og_image":[{"width":2560,"height":1439,"url":"https:\/\/kibrisdakik.com\/wp-content\/uploads\/2023\/06\/InShot_20230614_195830532-scaled-740x420.jpg","type":"image\/jpeg"}],"author":"admin","twitter_card":"summary_large_image","twitter_misc":{"Yazan:":"admin","Tahmini okuma s\u00fcresi":"4 dakika"},"schema":{"@context":"https:\/\/schema.org","@graph":[{"@type":"Article","@id":"https:\/\/kibrisdakik.com\/?p=8819#article","isPartOf":{"@id":"https:\/\/kibrisdakik.com\/?p=8819"},"author":{"name":"admin","@id":"https:\/\/kibrisdakik.com\/#\/schema\/person\/9cd9d437bbb44f72b73ba127e06d8e79"},"headline":"Fly K\u0131br\u0131s Hava Yollar\u0131 Bodrum ve Ordu-Giresun\u2019a direkt u\u00e7u\u015flar\u0131n\u0131 ba\u015flatt\u0131","datePublished":"2023-06-14T19:06:15+00:00","mainEntityOfPage":{"@id":"https:\/\/kibrisdakik.com\/?p=8819"},"wordCount":749,"commentCount":0,"image":{"@id":"https:\/\/kibrisdakik.com\/?p=8819#primaryimage"},"thumbnailUrl":"https:\/\/kibrisdakik.com\/wp-content\/uploads\/2023\/06\/InShot_20230614_195830532-scaled-740x420.jpg","articleSection":["G\u00fcndem"],"inLanguage":"tr","potentialAction":[{"@type":"CommentAction","name":"Comment","target":["https:\/\/kibrisdakik.com\/?p=8819#respond"]}]},{"@type":"WebPage","@id":"https:\/\/kibrisdakik.com\/?p=8819","url":"https:\/\/kibrisdakik.com\/?p=8819","name":"Fly K\u0131br\u0131s Hava Yollar\u0131 Bodrum ve Ordu-Giresun\u2019a direkt u\u00e7u\u015flar\u0131n\u0131 ba\u015flatt\u0131 -","isPartOf":{"@id":"https:\/\/kibrisdakik.com\/#website"},"primaryImageOfPage":{"@id":"https:\/\/kibrisdakik.com\/?p=8819#primaryimage"},"image":{"@id":"https:\/\/kibrisdakik.com\/?p=8819#primaryimage"},"thumbnailUrl":"https:\/\/kibrisdakik.com\/wp-content\/uploads\/2023\/06\/InShot_20230614_195830532-scaled-740x420.jpg","datePublished":"2023-06-14T19:06:15+00:00","author":{"@id":"https:\/\/kibrisdakik.com\/#\/schema\/person\/9cd9d437bbb44f72b73ba127e06d8e79"},"breadcrumb":{"@id":"https:\/\/kibrisdakik.com\/?p=8819#breadcrumb"},"inLanguage":"tr","potentialAction":[{"@type":"ReadAction","target":["https:\/\/kibrisdakik.com\/?p=8819"]}]},{"@type":"ImageObject","inLanguage":"tr","@id":"https:\/\/kibrisdakik.com\/?p=8819#primaryimage","url":"https:\/\/kibrisdakik.com\/wp-content\/uploads\/2023\/06\/InShot_20230614_195830532-scaled-740x420.jpg","contentUrl":"https:\/\/kibrisdakik.com\/wp-content\/uploads\/2023\/06\/InShot_20230614_195830532-scaled-740x420.jpg","width":2560,"height":1439},{"@type":"BreadcrumbList","@id":"https:\/\/kibrisdakik.com\/?p=8819#breadcrumb","itemListElement":[{"@type":"ListItem","position":1,"name":"Home","item":"https:\/\/kibrisdakik.com\/"},{"@type":"ListItem","position":2,"name":"Fly K\u0131br\u0131s Hava Yollar\u0131 Bodrum ve Ordu-Giresun\u2019a direkt u\u00e7u\u015flar\u0131n\u0131 ba\u015flatt\u0131"}]},{"@type":"WebSite","@id":"https:\/\/kibrisdakik.com\/#website","url":"https:\/\/kibrisdakik.com\/","name":"","description":"Tam vaktinde haber","potentialAction":[{"@type":"SearchAction","target":{"@type":"EntryPoint","urlTemplate":"https:\/\/kibrisdakik.com\/?s={search_term_string}"},"query-input":{"@type":"PropertyValueSpecification","valueRequired":true,"valueName":"search_term_string"}}],"inLanguage":"tr"},{"@type":"Person","@id":"https:\/\/kibrisdakik.com\/#\/schema\/person\/9cd9d437bbb44f72b73ba127e06d8e79","name":"admin","image":{"@type":"ImageObject","inLanguage":"tr","@id":"https:\/\/secure.gravatar.com\/avatar\/ccc17943b9d660506c869530f897617f7cb1c21a4bf30023f252596d83e1f007?s=96&d=mm&r=g","url":"https:\/\/secure.gravatar.com\/avatar\/ccc17943b9d660506c869530f897617f7cb1c21a4bf30023f252596d83e1f007?s=96&d=mm&r=g","contentUrl":"https:\/\/secure.gravatar.com\/avatar\/ccc17943b9d660506c869530f897617f7cb1c21a4bf30023f252596d83e1f007?s=96&d=mm&r=g","caption":"admin"},"sameAs":["https:\/\/kibrisdakik.com"],"url":"https:\/\/kibrisdakik.com\/?author=1"}]}},"_links":{"self":[{"href":"https:\/\/kibrisdakik.com\/index.php?rest_route=\/wp\/v2\/posts\/8819","targetHints":{"allow":["GET"]}}],"collection":[{"href":"https:\/\/kibrisdakik.com\/index.php?rest_route=\/wp\/v2\/posts"}],"about":[{"href":"https:\/\/kibrisdakik.com\/index.php?rest_route=\/wp\/v2\/types\/post"}],"author":[{"embeddable":true,"href":"https:\/\/kibrisdakik.com\/index.php?rest_route=\/wp\/v2\/users\/1"}],"replies":[{"embeddable":true,"href":"https:\/\/kibrisdakik.com\/index.php?rest_route=%2Fwp%2Fv2%2Fcomments&post=8819"}],"version-history":[{"count":0,"href":"https:\/\/kibrisdakik.com\/index.php?rest_route=\/wp\/v2\/posts\/8819\/revisions"}],"wp:featuredmedia":[{"embeddable":true,"href":"https:\/\/kibrisdakik.com\/index.php?rest_route=\/wp\/v2\/media\/8820"}],"wp:attachment":[{"href":"https:\/\/kibrisdakik.com\/index.php?rest_route=%2Fwp%2Fv2%2Fmedia&parent=8819"}],"wp:term":[{"taxonomy":"category","embeddable":true,"href":"https:\/\/kibrisdakik.com\/index.php?rest_route=%2Fwp%2Fv2%2Fcategories&post=8819"},{"taxonomy":"post_tag","embeddable":true,"href":"https:\/\/kibrisdakik.com\/index.php?rest_route=%2Fwp%2Fv2%2Ftags&post=8819"}],"curies":[{"name":"wp","href":"https:\/\/api.w.org\/{rel}","templated":true}]}}