{"id":88287,"date":"2025-08-15T13:03:04","date_gmt":"2025-08-15T10:03:04","guid":{"rendered":"https:\/\/kibrisdakik.com\/index.php\/2025\/08\/15\/lefkosa-gine-yolunda-arac-alev-aldi\/"},"modified":"2025-08-15T13:03:04","modified_gmt":"2025-08-15T10:03:04","slug":"lefkosa-gine-yolunda-arac-alev-aldi","status":"publish","type":"post","link":"https:\/\/kibrisdakik.com\/?p=88287","title":{"rendered":"LEFKO\u015eA-G\u0130NE YOLUNDA ARA\u00c7 ALEV ALDI&#8230;"},"content":{"rendered":"<p> <br \/>\n<br \/><\/p>\n<div data-text-id=\"182620\" property=\"articleBody\">\n<p>Polis Bas\u0131n Subayl\u0131\u011f\u0131&#8217;ndan al\u0131nan bilgiye g\u00f6re 15.08.2025 tarihinde, saat 11.25 s\u0131ralar\u0131nda, Lefko\u015fa &#8211; Gine Anayolunun 3-4 km&#8217;leri aras\u0131nda Girne istikametine do\u011fru seyretti\u011fi s\u0131rada arac\u0131n motor b\u00f6l\u00fcm\u00fcndeki benzin ka\u00e7a\u011f\u0131n\u0131n s\u0131cak aksamlara temas etmesi sonucu yang\u0131n meydana geldi. Yang\u0131n sonucu ara\u00e7 tamamen yanarak zarar g\u00f6r\u00fcrken yang\u0131n\u0131n yol kenar\u0131nda bulunan kuru otlara sirayet etmesi sonucu yakla\u015f\u0131k 300 metrekarelik alan i\u00e7erisindeki kuru otlar yand\u0131. Yang\u0131n \u0130tfaiye Ekipleri taraf\u0131ndan s\u00f6nd\u00fcr\u00fclm\u00fc\u015f olup soru\u015fturma devam etmektedir.<\/p>\n<\/p><\/div>\n<p><br \/>\n<br \/><a href=\"[kibrisdakik.com]\n<\/p>\n","protected":false},"excerpt":{"rendered":"<p>Polis Bas\u0131n Subayl\u0131\u011f\u0131&#8217;ndan al\u0131nan bilgiye g\u00f6re 15.08.2025 tarihinde, saat 11.25 s\u0131ralar\u0131nda, Lefko\u015fa &#8211; Gine Anayolunun 3-4 km&#8217;leri aras\u0131nda Girne istikametine do\u011fru seyretti\u011fi s\u0131rada arac\u0131n motor b\u00f6l\u00fcm\u00fcndeki benzin ka\u00e7a\u011f\u0131n\u0131n s\u0131cak aksamlara temas etmesi sonucu yang\u0131n meydana geldi. Yang\u0131n sonucu ara\u00e7 tamamen yanarak zarar g\u00f6r\u00fcrken yang\u0131n\u0131n yol kenar\u0131nda bulunan kuru otlara sirayet etmesi sonucu yakla\u015f\u0131k 300 metrekarelik<\/p>\n","protected":false},"author":1,"featured_media":88288,"comment_status":"open","ping_status":"open","sticky":false,"template":"","format":"standard","meta":{"footnotes":""},"categories":[81,101],"tags":[],"class_list":["post-88287","post","type-post","status-publish","format-standard","has-post-thumbnail","hentry","category-kibris","category-manset"],"yoast_head":"<!-- This site is optimized with the Yoast SEO plugin v27.5 - https:\/\/yoast.com\/product\/yoast-seo-wordpress\/ -->\n<title>LEFKO\u015eA-G\u0130NE YOLUNDA ARA\u00c7 ALEV ALDI... -<\/title>\n<meta name=\"robots\" content=\"index, follow, max-snippet:-1, max-image-preview:large, max-video-preview:-1\" \/>\n<link rel=\"canonical\" href=\"https:\/\/kibrisdakik.com\/?p=88287\" \/>\n<meta property=\"og:locale\" content=\"tr_TR\" \/>\n<meta property=\"og:type\" content=\"article\" \/>\n<meta property=\"og:title\" content=\"LEFKO\u015eA-G\u0130NE YOLUNDA ARA\u00c7 ALEV ALDI... -\" \/>\n<meta property=\"og:description\" content=\"Polis Bas\u0131n Subayl\u0131\u011f\u0131&#8217;ndan al\u0131nan bilgiye g\u00f6re 15.08.2025 tarihinde, saat 11.25 s\u0131ralar\u0131nda, Lefko\u015fa &#8211; Gine Anayolunun 3-4 km&#8217;leri aras\u0131nda Girne istikametine do\u011fru seyretti\u011fi s\u0131rada arac\u0131n motor b\u00f6l\u00fcm\u00fcndeki benzin ka\u00e7a\u011f\u0131n\u0131n s\u0131cak aksamlara temas etmesi sonucu yang\u0131n meydana geldi. Yang\u0131n sonucu ara\u00e7 tamamen yanarak zarar g\u00f6r\u00fcrken yang\u0131n\u0131n yol kenar\u0131nda bulunan kuru otlara sirayet etmesi sonucu yakla\u015f\u0131k 300 metrekarelik\" \/>\n<meta property=\"og:url\" content=\"https:\/\/kibrisdakik.com\/?p=88287\" \/>\n<meta property=\"article:published_time\" content=\"2025-08-15T10:03:04+00:00\" \/>\n<meta property=\"og:image\" content=\"https:\/\/kibrisdakik.com\/wp-content\/uploads\/2025\/08\/mha-238-740x420.png\" \/>\n\t<meta property=\"og:image:width\" content=\"1280\" \/>\n\t<meta property=\"og:image:height\" content=\"720\" \/>\n\t<meta property=\"og:image:type\" content=\"image\/png\" \/>\n<meta name=\"author\" content=\"admin\" \/>\n<meta name=\"twitter:card\" content=\"summary_large_image\" \/>\n<meta name=\"twitter:label1\" content=\"Yazan:\" \/>\n\t<meta name=\"twitter:data1\" content=\"admin\" \/>\n\t<meta name=\"twitter:label2\" content=\"Tahmini okuma s\u00fcresi\" \/>\n\t<meta name=\"twitter:data2\" content=\"1 dakika\" \/>\n<script type=\"application\/ld+json\" class=\"yoast-schema-graph\">{\"@context\":\"https:\\\/\\\/schema.org\",\"@graph\":[{\"@type\":\"Article\",\"@id\":\"https:\\\/\\\/kibrisdakik.com\\\/?p=88287#article\",\"isPartOf\":{\"@id\":\"https:\\\/\\\/kibrisdakik.com\\\/?p=88287\"},\"author\":{\"name\":\"admin\",\"@id\":\"https:\\\/\\\/kibrisdakik.com\\\/#\\\/schema\\\/person\\\/9cd9d437bbb44f72b73ba127e06d8e79\"},\"headline\":\"LEFKO\u015eA-G\u0130NE YOLUNDA ARA\u00c7 ALEV ALDI&#8230;\",\"datePublished\":\"2025-08-15T10:03:04+00:00\",\"mainEntityOfPage\":{\"@id\":\"https:\\\/\\\/kibrisdakik.com\\\/?p=88287\"},\"wordCount\":109,\"commentCount\":0,\"image\":{\"@id\":\"https:\\\/\\\/kibrisdakik.com\\\/?p=88287#primaryimage\"},\"thumbnailUrl\":\"https:\\\/\\\/kibrisdakik.com\\\/wp-content\\\/uploads\\\/2025\\\/08\\\/mha-238-740x420.png\",\"articleSection\":[\"K\u0131br\u0131s\",\"Man\u015fet\"],\"inLanguage\":\"tr\",\"potentialAction\":[{\"@type\":\"CommentAction\",\"name\":\"Comment\",\"target\":[\"https:\\\/\\\/kibrisdakik.com\\\/?p=88287#respond\"]}]},{\"@type\":\"WebPage\",\"@id\":\"https:\\\/\\\/kibrisdakik.com\\\/?p=88287\",\"url\":\"https:\\\/\\\/kibrisdakik.com\\\/?p=88287\",\"name\":\"LEFKO\u015eA-G\u0130NE YOLUNDA ARA\u00c7 ALEV ALDI... -\",\"isPartOf\":{\"@id\":\"https:\\\/\\\/kibrisdakik.com\\\/#website\"},\"primaryImageOfPage\":{\"@id\":\"https:\\\/\\\/kibrisdakik.com\\\/?p=88287#primaryimage\"},\"image\":{\"@id\":\"https:\\\/\\\/kibrisdakik.com\\\/?p=88287#primaryimage\"},\"thumbnailUrl\":\"https:\\\/\\\/kibrisdakik.com\\\/wp-content\\\/uploads\\\/2025\\\/08\\\/mha-238-740x420.png\",\"datePublished\":\"2025-08-15T10:03:04+00:00\",\"author\":{\"@id\":\"https:\\\/\\\/kibrisdakik.com\\\/#\\\/schema\\\/person\\\/9cd9d437bbb44f72b73ba127e06d8e79\"},\"breadcrumb\":{\"@id\":\"https:\\\/\\\/kibrisdakik.com\\\/?p=88287#breadcrumb\"},\"inLanguage\":\"tr\",\"potentialAction\":[{\"@type\":\"ReadAction\",\"target\":[\"https:\\\/\\\/kibrisdakik.com\\\/?p=88287\"]}]},{\"@type\":\"ImageObject\",\"inLanguage\":\"tr\",\"@id\":\"https:\\\/\\\/kibrisdakik.com\\\/?p=88287#primaryimage\",\"url\":\"https:\\\/\\\/kibrisdakik.com\\\/wp-content\\\/uploads\\\/2025\\\/08\\\/mha-238-740x420.png\",\"contentUrl\":\"https:\\\/\\\/kibrisdakik.com\\\/wp-content\\\/uploads\\\/2025\\\/08\\\/mha-238-740x420.png\",\"width\":1280,\"height\":720},{\"@type\":\"BreadcrumbList\",\"@id\":\"https:\\\/\\\/kibrisdakik.com\\\/?p=88287#breadcrumb\",\"itemListElement\":[{\"@type\":\"ListItem\",\"position\":1,\"name\":\"Home\",\"item\":\"https:\\\/\\\/kibrisdakik.com\\\/\"},{\"@type\":\"ListItem\",\"position\":2,\"name\":\"LEFKO\u015eA-G\u0130NE YOLUNDA ARA\u00c7 ALEV ALDI&#8230;\"}]},{\"@type\":\"WebSite\",\"@id\":\"https:\\\/\\\/kibrisdakik.com\\\/#website\",\"url\":\"https:\\\/\\\/kibrisdakik.com\\\/\",\"name\":\"\",\"description\":\"Tam vaktinde haber\",\"potentialAction\":[{\"@type\":\"SearchAction\",\"target\":{\"@type\":\"EntryPoint\",\"urlTemplate\":\"https:\\\/\\\/kibrisdakik.com\\\/?s={search_term_string}\"},\"query-input\":{\"@type\":\"PropertyValueSpecification\",\"valueRequired\":true,\"valueName\":\"search_term_string\"}}],\"inLanguage\":\"tr\"},{\"@type\":\"Person\",\"@id\":\"https:\\\/\\\/kibrisdakik.com\\\/#\\\/schema\\\/person\\\/9cd9d437bbb44f72b73ba127e06d8e79\",\"name\":\"admin\",\"image\":{\"@type\":\"ImageObject\",\"inLanguage\":\"tr\",\"@id\":\"https:\\\/\\\/secure.gravatar.com\\\/avatar\\\/ccc17943b9d660506c869530f897617f7cb1c21a4bf30023f252596d83e1f007?s=96&d=mm&r=g\",\"url\":\"https:\\\/\\\/secure.gravatar.com\\\/avatar\\\/ccc17943b9d660506c869530f897617f7cb1c21a4bf30023f252596d83e1f007?s=96&d=mm&r=g\",\"contentUrl\":\"https:\\\/\\\/secure.gravatar.com\\\/avatar\\\/ccc17943b9d660506c869530f897617f7cb1c21a4bf30023f252596d83e1f007?s=96&d=mm&r=g\",\"caption\":\"admin\"},\"sameAs\":[\"https:\\\/\\\/kibrisdakik.com\"],\"url\":\"https:\\\/\\\/kibrisdakik.com\\\/?author=1\"}]}<\/script>\n<!-- \/ Yoast SEO plugin. -->","yoast_head_json":{"title":"LEFKO\u015eA-G\u0130NE YOLUNDA ARA\u00c7 ALEV ALDI... -","robots":{"index":"index","follow":"follow","max-snippet":"max-snippet:-1","max-image-preview":"max-image-preview:large","max-video-preview":"max-video-preview:-1"},"canonical":"https:\/\/kibrisdakik.com\/?p=88287","og_locale":"tr_TR","og_type":"article","og_title":"LEFKO\u015eA-G\u0130NE YOLUNDA ARA\u00c7 ALEV ALDI... -","og_description":"Polis Bas\u0131n Subayl\u0131\u011f\u0131&#8217;ndan al\u0131nan bilgiye g\u00f6re 15.08.2025 tarihinde, saat 11.25 s\u0131ralar\u0131nda, Lefko\u015fa &#8211; Gine Anayolunun 3-4 km&#8217;leri aras\u0131nda Girne istikametine do\u011fru seyretti\u011fi s\u0131rada arac\u0131n motor b\u00f6l\u00fcm\u00fcndeki benzin ka\u00e7a\u011f\u0131n\u0131n s\u0131cak aksamlara temas etmesi sonucu yang\u0131n meydana geldi. Yang\u0131n sonucu ara\u00e7 tamamen yanarak zarar g\u00f6r\u00fcrken yang\u0131n\u0131n yol kenar\u0131nda bulunan kuru otlara sirayet etmesi sonucu yakla\u015f\u0131k 300 metrekarelik","og_url":"https:\/\/kibrisdakik.com\/?p=88287","article_published_time":"2025-08-15T10:03:04+00:00","og_image":[{"width":1280,"height":720,"url":"https:\/\/kibrisdakik.com\/wp-content\/uploads\/2025\/08\/mha-238-740x420.png","type":"image\/png"}],"author":"admin","twitter_card":"summary_large_image","twitter_misc":{"Yazan:":"admin","Tahmini okuma s\u00fcresi":"1 dakika"},"schema":{"@context":"https:\/\/schema.org","@graph":[{"@type":"Article","@id":"https:\/\/kibrisdakik.com\/?p=88287#article","isPartOf":{"@id":"https:\/\/kibrisdakik.com\/?p=88287"},"author":{"name":"admin","@id":"https:\/\/kibrisdakik.com\/#\/schema\/person\/9cd9d437bbb44f72b73ba127e06d8e79"},"headline":"LEFKO\u015eA-G\u0130NE YOLUNDA ARA\u00c7 ALEV ALDI&#8230;","datePublished":"2025-08-15T10:03:04+00:00","mainEntityOfPage":{"@id":"https:\/\/kibrisdakik.com\/?p=88287"},"wordCount":109,"commentCount":0,"image":{"@id":"https:\/\/kibrisdakik.com\/?p=88287#primaryimage"},"thumbnailUrl":"https:\/\/kibrisdakik.com\/wp-content\/uploads\/2025\/08\/mha-238-740x420.png","articleSection":["K\u0131br\u0131s","Man\u015fet"],"inLanguage":"tr","potentialAction":[{"@type":"CommentAction","name":"Comment","target":["https:\/\/kibrisdakik.com\/?p=88287#respond"]}]},{"@type":"WebPage","@id":"https:\/\/kibrisdakik.com\/?p=88287","url":"https:\/\/kibrisdakik.com\/?p=88287","name":"LEFKO\u015eA-G\u0130NE YOLUNDA ARA\u00c7 ALEV ALDI... -","isPartOf":{"@id":"https:\/\/kibrisdakik.com\/#website"},"primaryImageOfPage":{"@id":"https:\/\/kibrisdakik.com\/?p=88287#primaryimage"},"image":{"@id":"https:\/\/kibrisdakik.com\/?p=88287#primaryimage"},"thumbnailUrl":"https:\/\/kibrisdakik.com\/wp-content\/uploads\/2025\/08\/mha-238-740x420.png","datePublished":"2025-08-15T10:03:04+00:00","author":{"@id":"https:\/\/kibrisdakik.com\/#\/schema\/person\/9cd9d437bbb44f72b73ba127e06d8e79"},"breadcrumb":{"@id":"https:\/\/kibrisdakik.com\/?p=88287#breadcrumb"},"inLanguage":"tr","potentialAction":[{"@type":"ReadAction","target":["https:\/\/kibrisdakik.com\/?p=88287"]}]},{"@type":"ImageObject","inLanguage":"tr","@id":"https:\/\/kibrisdakik.com\/?p=88287#primaryimage","url":"https:\/\/kibrisdakik.com\/wp-content\/uploads\/2025\/08\/mha-238-740x420.png","contentUrl":"https:\/\/kibrisdakik.com\/wp-content\/uploads\/2025\/08\/mha-238-740x420.png","width":1280,"height":720},{"@type":"BreadcrumbList","@id":"https:\/\/kibrisdakik.com\/?p=88287#breadcrumb","itemListElement":[{"@type":"ListItem","position":1,"name":"Home","item":"https:\/\/kibrisdakik.com\/"},{"@type":"ListItem","position":2,"name":"LEFKO\u015eA-G\u0130NE YOLUNDA ARA\u00c7 ALEV ALDI&#8230;"}]},{"@type":"WebSite","@id":"https:\/\/kibrisdakik.com\/#website","url":"https:\/\/kibrisdakik.com\/","name":"","description":"Tam vaktinde haber","potentialAction":[{"@type":"SearchAction","target":{"@type":"EntryPoint","urlTemplate":"https:\/\/kibrisdakik.com\/?s={search_term_string}"},"query-input":{"@type":"PropertyValueSpecification","valueRequired":true,"valueName":"search_term_string"}}],"inLanguage":"tr"},{"@type":"Person","@id":"https:\/\/kibrisdakik.com\/#\/schema\/person\/9cd9d437bbb44f72b73ba127e06d8e79","name":"admin","image":{"@type":"ImageObject","inLanguage":"tr","@id":"https:\/\/secure.gravatar.com\/avatar\/ccc17943b9d660506c869530f897617f7cb1c21a4bf30023f252596d83e1f007?s=96&d=mm&r=g","url":"https:\/\/secure.gravatar.com\/avatar\/ccc17943b9d660506c869530f897617f7cb1c21a4bf30023f252596d83e1f007?s=96&d=mm&r=g","contentUrl":"https:\/\/secure.gravatar.com\/avatar\/ccc17943b9d660506c869530f897617f7cb1c21a4bf30023f252596d83e1f007?s=96&d=mm&r=g","caption":"admin"},"sameAs":["https:\/\/kibrisdakik.com"],"url":"https:\/\/kibrisdakik.com\/?author=1"}]}},"_links":{"self":[{"href":"https:\/\/kibrisdakik.com\/index.php?rest_route=\/wp\/v2\/posts\/88287","targetHints":{"allow":["GET"]}}],"collection":[{"href":"https:\/\/kibrisdakik.com\/index.php?rest_route=\/wp\/v2\/posts"}],"about":[{"href":"https:\/\/kibrisdakik.com\/index.php?rest_route=\/wp\/v2\/types\/post"}],"author":[{"embeddable":true,"href":"https:\/\/kibrisdakik.com\/index.php?rest_route=\/wp\/v2\/users\/1"}],"replies":[{"embeddable":true,"href":"https:\/\/kibrisdakik.com\/index.php?rest_route=%2Fwp%2Fv2%2Fcomments&post=88287"}],"version-history":[{"count":0,"href":"https:\/\/kibrisdakik.com\/index.php?rest_route=\/wp\/v2\/posts\/88287\/revisions"}],"wp:featuredmedia":[{"embeddable":true,"href":"https:\/\/kibrisdakik.com\/index.php?rest_route=\/wp\/v2\/media\/88288"}],"wp:attachment":[{"href":"https:\/\/kibrisdakik.com\/index.php?rest_route=%2Fwp%2Fv2%2Fmedia&parent=88287"}],"wp:term":[{"taxonomy":"category","embeddable":true,"href":"https:\/\/kibrisdakik.com\/index.php?rest_route=%2Fwp%2Fv2%2Fcategories&post=88287"},{"taxonomy":"post_tag","embeddable":true,"href":"https:\/\/kibrisdakik.com\/index.php?rest_route=%2Fwp%2Fv2%2Ftags&post=88287"}],"curies":[{"name":"wp","href":"https:\/\/api.w.org\/{rel}","templated":true}]}}