{"id":88289,"date":"2025-08-15T13:15:26","date_gmt":"2025-08-15T10:15:26","guid":{"rendered":"https:\/\/kibrisdakik.com\/index.php\/2025\/08\/15\/bmde-plastik-kirliligiyle-mucadele-konferansinda-anlasma-saglanamadi\/"},"modified":"2025-08-15T13:15:26","modified_gmt":"2025-08-15T10:15:26","slug":"bmde-plastik-kirliligiyle-mucadele-konferansinda-anlasma-saglanamadi","status":"publish","type":"post","link":"https:\/\/kibrisdakik.com\/?p=88289","title":{"rendered":"BM&#8217;de plastik kirlili\u011fiyle m\u00fccadele konferans\u0131nda anla\u015fma sa\u011flanamad\u0131"},"content":{"rendered":"<p><\/p>\n<div>\n<div>\n<p>&#13;<br \/>\u0130svi\u00e7re\u2019nin Cenevre kentinde 5 A\u011fustos\u2019tan bu yana devam eden H\u00fck\u00fcmetleraras\u0131 M\u00fczakere Komitesinin be\u015finci oturumunun ikinci b\u00f6l\u00fcm\u00fc (INC-5.2) bug\u00fcn sona erdi.<\/p>\n<p>&#13;<br \/>Toplant\u0131da \u00fcye \u00fclkelerin ortak metinde uzla\u015famamalar\u0131 nedeniyle istenen uzla\u015fma sa\u011flanamad\u0131.<\/p>\n<p>&#13;<br \/>UNEP \u0130cra Direkt\u00f6r\u00fc Inger Andersen, toplant\u0131n\u0131n ard\u0131ndan yapt\u0131\u011f\u0131 bas\u0131n a\u00e7\u0131klamas\u0131nda, \u201cA\u00e7\u0131k\u00e7as\u0131 bu noktada istedi\u011fimiz yere varamad\u0131\u011f\u0131m\u0131z \u00e7ok a\u00e7\u0131k ancak herkesin buraya anla\u015fmay\u0131 tamamlamak niyetiyle geldi\u011fine de inan\u0131yorum.\u201d dedi.<\/p>\n<h2>&#13;<br \/>\u201c\u00d6nemli bir ilerleme kaydedildi\u011fini kabul etmeliyiz\u201d<\/h2>\n<p>&#13;<br \/>D\u00fcnyan\u0131n a\u00e7\u0131k\u00e7a \u00f6nemli siyasi karma\u015f\u0131kl\u0131k \u00e7a\u011f\u0131nda oldu\u011funa dikkati \u00e7eken Andersen, ekonomik zorluklar ve \u00e7ok tarafl\u0131 karma\u015f\u0131kl\u0131klar\u0131n ya\u015fand\u0131\u011f\u0131 s\u00fcre\u00e7te olundu\u011funu bildirdi.<\/p>\n<p>&#13;<br \/>Andersen, \u015fu de\u011ferlendirmelerde bulundu:<\/p>\n<p>&#13;<br \/>\u201cAncak ya\u015fanan bu derin zorluklara ve hepimizin bu zorluklarla birlikte ya\u015fad\u0131\u011f\u0131 hayal k\u0131r\u0131kl\u0131\u011f\u0131na ra\u011fmen \u00f6nemli bir ilerleme kaydedildi\u011fini kabul etmeliyiz. K\u0131rm\u0131z\u0131 \u00e7izgilerin netle\u015ftirilmesinde ilerleme kaydedildi. \u00dclkelerin tart\u0131\u015f\u0131lmas\u0131nda ilerleme kaydedildi. \u0130lerleme, insanlar\u0131n anla\u015fma talep etmesi ve \u00f6n\u00fcm\u00fczde \u00e7ok fazla s\u0131k\u0131 \u00e7al\u0131\u015fma olmas\u0131 sayesinde sa\u011fland\u0131. \u0130stedi\u011fimiz noktaya ula\u015famad\u0131k ancak insanlar anla\u015fmay\u0131 istiyor. Herkesin bu \u00e7al\u0131\u015fman\u0131n durmayaca\u011f\u0131n\u0131 \u00e7\u00fcnk\u00fc plastik kirlili\u011finin durmayaca\u011f\u0131n\u0131 anlamas\u0131 gerekiyor.\u201d<\/p>\n<p>&#13;<br \/>UNEP olarak bu s\u00fcreci desteklediklerini kaydeden Andersen, \u00e7al\u0131\u015fmalar\u0131na devam edeceklerini vurgulad\u0131.<\/p>\n<p>&#13;<br \/>Andersen, \u201c\u00dcye devletleri arzu etti\u011fi \u015fekilde \u00e7ok tarafl\u0131 s\u00fcrece kat\u0131lmaya devam edece\u011fiz. Ayr\u0131ca, deniz ortam\u0131 da dahil plastik kirlili\u011finin daha iyi y\u00f6netilmesi ve sonland\u0131r\u0131lmas\u0131 i\u00e7in programl\u0131 destek konusunda talepte bulunan \u00fcye devletlerle yerel d\u00fczeyde de etkile\u015fimde bulunaca\u011f\u0131z.\u201d dedi.<\/p>\n<p>&#13;<br \/>Toplant\u0131ya kat\u0131lan \u00fclkeler, ortak metinde anla\u015fma sa\u011flanamamas\u0131 dolay\u0131s\u0131yla hayal k\u0131r\u0131kl\u0131\u011f\u0131 ya\u015farken bunu \u201ctarihi f\u0131rsat\u0131\u201d ka\u00e7\u0131rmak olarak yorumlad\u0131.<\/p>\n<\/div>\n<\/div>\n","protected":false},"excerpt":{"rendered":"<p>&#13;\u0130svi\u00e7re\u2019nin Cenevre kentinde 5 A\u011fustos\u2019tan bu yana devam eden H\u00fck\u00fcmetleraras\u0131 M\u00fczakere Komitesinin be\u015finci oturumunun ikinci b\u00f6l\u00fcm\u00fc (INC-5.2) bug\u00fcn sona erdi. &#13;Toplant\u0131da \u00fcye \u00fclkelerin ortak metinde uzla\u015famamalar\u0131 nedeniyle istenen uzla\u015fma sa\u011flanamad\u0131. &#13;UNEP \u0130cra Direkt\u00f6r\u00fc Inger Andersen, toplant\u0131n\u0131n ard\u0131ndan yapt\u0131\u011f\u0131 bas\u0131n a\u00e7\u0131klamas\u0131nda, \u201cA\u00e7\u0131k\u00e7as\u0131 bu noktada istedi\u011fimiz yere varamad\u0131\u011f\u0131m\u0131z \u00e7ok a\u00e7\u0131k ancak herkesin buraya anla\u015fmay\u0131 tamamlamak niyetiyle geldi\u011fine<\/p>\n","protected":false},"author":1,"featured_media":88290,"comment_status":"open","ping_status":"open","sticky":false,"template":"","format":"standard","meta":{"footnotes":""},"categories":[101,86],"tags":[],"class_list":["post-88289","post","type-post","status-publish","format-standard","has-post-thumbnail","hentry","category-manset","category-turkiye"],"yoast_head":"<!-- This site is optimized with the Yoast SEO plugin v27.4 - https:\/\/yoast.com\/product\/yoast-seo-wordpress\/ -->\n<title>BM&#039;de plastik kirlili\u011fiyle m\u00fccadele konferans\u0131nda anla\u015fma sa\u011flanamad\u0131 -<\/title>\n<meta name=\"robots\" content=\"index, follow, max-snippet:-1, max-image-preview:large, max-video-preview:-1\" \/>\n<link rel=\"canonical\" href=\"https:\/\/kibrisdakik.com\/?p=88289\" \/>\n<meta property=\"og:locale\" content=\"tr_TR\" \/>\n<meta property=\"og:type\" content=\"article\" \/>\n<meta property=\"og:title\" content=\"BM&#039;de plastik kirlili\u011fiyle m\u00fccadele konferans\u0131nda anla\u015fma sa\u011flanamad\u0131 -\" \/>\n<meta property=\"og:description\" content=\"&#013;\u0130svi\u00e7re\u2019nin Cenevre kentinde 5 A\u011fustos\u2019tan bu yana devam eden H\u00fck\u00fcmetleraras\u0131 M\u00fczakere Komitesinin be\u015finci oturumunun ikinci b\u00f6l\u00fcm\u00fc (INC-5.2) bug\u00fcn sona erdi. &#013;Toplant\u0131da \u00fcye \u00fclkelerin ortak metinde uzla\u015famamalar\u0131 nedeniyle istenen uzla\u015fma sa\u011flanamad\u0131. &#013;UNEP \u0130cra Direkt\u00f6r\u00fc Inger Andersen, toplant\u0131n\u0131n ard\u0131ndan yapt\u0131\u011f\u0131 bas\u0131n a\u00e7\u0131klamas\u0131nda, \u201cA\u00e7\u0131k\u00e7as\u0131 bu noktada istedi\u011fimiz yere varamad\u0131\u011f\u0131m\u0131z \u00e7ok a\u00e7\u0131k ancak herkesin buraya anla\u015fmay\u0131 tamamlamak niyetiyle geldi\u011fine\" \/>\n<meta property=\"og:url\" content=\"https:\/\/kibrisdakik.com\/?p=88289\" \/>\n<meta property=\"article:published_time\" content=\"2025-08-15T10:15:26+00:00\" \/>\n<meta property=\"og:image\" content=\"https:\/\/kibrisdakik.com\/wp-content\/uploads\/2025\/08\/plastik-kirliligi-aa-2056633-740x420.jpg\" \/>\n\t<meta property=\"og:image:width\" content=\"1280\" \/>\n\t<meta property=\"og:image:height\" content=\"720\" \/>\n\t<meta property=\"og:image:type\" content=\"image\/jpeg\" \/>\n<meta name=\"author\" content=\"admin\" \/>\n<meta name=\"twitter:card\" content=\"summary_large_image\" \/>\n<meta name=\"twitter:label1\" content=\"Yazan:\" \/>\n\t<meta name=\"twitter:data1\" content=\"admin\" \/>\n\t<meta name=\"twitter:label2\" content=\"Tahmini okuma s\u00fcresi\" \/>\n\t<meta name=\"twitter:data2\" content=\"2 dakika\" \/>\n<script type=\"application\/ld+json\" class=\"yoast-schema-graph\">{\"@context\":\"https:\\\/\\\/schema.org\",\"@graph\":[{\"@type\":\"Article\",\"@id\":\"https:\\\/\\\/kibrisdakik.com\\\/?p=88289#article\",\"isPartOf\":{\"@id\":\"https:\\\/\\\/kibrisdakik.com\\\/?p=88289\"},\"author\":{\"name\":\"admin\",\"@id\":\"https:\\\/\\\/kibrisdakik.com\\\/#\\\/schema\\\/person\\\/9cd9d437bbb44f72b73ba127e06d8e79\"},\"headline\":\"BM&#8217;de plastik kirlili\u011fiyle m\u00fccadele konferans\u0131nda anla\u015fma sa\u011flanamad\u0131\",\"datePublished\":\"2025-08-15T10:15:26+00:00\",\"mainEntityOfPage\":{\"@id\":\"https:\\\/\\\/kibrisdakik.com\\\/?p=88289\"},\"wordCount\":328,\"commentCount\":0,\"image\":{\"@id\":\"https:\\\/\\\/kibrisdakik.com\\\/?p=88289#primaryimage\"},\"thumbnailUrl\":\"https:\\\/\\\/kibrisdakik.com\\\/wp-content\\\/uploads\\\/2025\\\/08\\\/plastik-kirliligi-aa-2056633-740x420.jpg\",\"articleSection\":[\"Man\u015fet\",\"T\u00fcrkiye\"],\"inLanguage\":\"tr\",\"potentialAction\":[{\"@type\":\"CommentAction\",\"name\":\"Comment\",\"target\":[\"https:\\\/\\\/kibrisdakik.com\\\/?p=88289#respond\"]}]},{\"@type\":\"WebPage\",\"@id\":\"https:\\\/\\\/kibrisdakik.com\\\/?p=88289\",\"url\":\"https:\\\/\\\/kibrisdakik.com\\\/?p=88289\",\"name\":\"BM'de plastik kirlili\u011fiyle m\u00fccadele konferans\u0131nda anla\u015fma sa\u011flanamad\u0131 -\",\"isPartOf\":{\"@id\":\"https:\\\/\\\/kibrisdakik.com\\\/#website\"},\"primaryImageOfPage\":{\"@id\":\"https:\\\/\\\/kibrisdakik.com\\\/?p=88289#primaryimage\"},\"image\":{\"@id\":\"https:\\\/\\\/kibrisdakik.com\\\/?p=88289#primaryimage\"},\"thumbnailUrl\":\"https:\\\/\\\/kibrisdakik.com\\\/wp-content\\\/uploads\\\/2025\\\/08\\\/plastik-kirliligi-aa-2056633-740x420.jpg\",\"datePublished\":\"2025-08-15T10:15:26+00:00\",\"author\":{\"@id\":\"https:\\\/\\\/kibrisdakik.com\\\/#\\\/schema\\\/person\\\/9cd9d437bbb44f72b73ba127e06d8e79\"},\"breadcrumb\":{\"@id\":\"https:\\\/\\\/kibrisdakik.com\\\/?p=88289#breadcrumb\"},\"inLanguage\":\"tr\",\"potentialAction\":[{\"@type\":\"ReadAction\",\"target\":[\"https:\\\/\\\/kibrisdakik.com\\\/?p=88289\"]}]},{\"@type\":\"ImageObject\",\"inLanguage\":\"tr\",\"@id\":\"https:\\\/\\\/kibrisdakik.com\\\/?p=88289#primaryimage\",\"url\":\"https:\\\/\\\/kibrisdakik.com\\\/wp-content\\\/uploads\\\/2025\\\/08\\\/plastik-kirliligi-aa-2056633-740x420.jpg\",\"contentUrl\":\"https:\\\/\\\/kibrisdakik.com\\\/wp-content\\\/uploads\\\/2025\\\/08\\\/plastik-kirliligi-aa-2056633-740x420.jpg\",\"width\":1280,\"height\":720},{\"@type\":\"BreadcrumbList\",\"@id\":\"https:\\\/\\\/kibrisdakik.com\\\/?p=88289#breadcrumb\",\"itemListElement\":[{\"@type\":\"ListItem\",\"position\":1,\"name\":\"Home\",\"item\":\"https:\\\/\\\/kibrisdakik.com\\\/\"},{\"@type\":\"ListItem\",\"position\":2,\"name\":\"BM&#8217;de plastik kirlili\u011fiyle m\u00fccadele konferans\u0131nda anla\u015fma sa\u011flanamad\u0131\"}]},{\"@type\":\"WebSite\",\"@id\":\"https:\\\/\\\/kibrisdakik.com\\\/#website\",\"url\":\"https:\\\/\\\/kibrisdakik.com\\\/\",\"name\":\"\",\"description\":\"Tam vaktinde haber\",\"potentialAction\":[{\"@type\":\"SearchAction\",\"target\":{\"@type\":\"EntryPoint\",\"urlTemplate\":\"https:\\\/\\\/kibrisdakik.com\\\/?s={search_term_string}\"},\"query-input\":{\"@type\":\"PropertyValueSpecification\",\"valueRequired\":true,\"valueName\":\"search_term_string\"}}],\"inLanguage\":\"tr\"},{\"@type\":\"Person\",\"@id\":\"https:\\\/\\\/kibrisdakik.com\\\/#\\\/schema\\\/person\\\/9cd9d437bbb44f72b73ba127e06d8e79\",\"name\":\"admin\",\"image\":{\"@type\":\"ImageObject\",\"inLanguage\":\"tr\",\"@id\":\"https:\\\/\\\/secure.gravatar.com\\\/avatar\\\/ccc17943b9d660506c869530f897617f7cb1c21a4bf30023f252596d83e1f007?s=96&d=mm&r=g\",\"url\":\"https:\\\/\\\/secure.gravatar.com\\\/avatar\\\/ccc17943b9d660506c869530f897617f7cb1c21a4bf30023f252596d83e1f007?s=96&d=mm&r=g\",\"contentUrl\":\"https:\\\/\\\/secure.gravatar.com\\\/avatar\\\/ccc17943b9d660506c869530f897617f7cb1c21a4bf30023f252596d83e1f007?s=96&d=mm&r=g\",\"caption\":\"admin\"},\"sameAs\":[\"https:\\\/\\\/kibrisdakik.com\"],\"url\":\"https:\\\/\\\/kibrisdakik.com\\\/?author=1\"}]}<\/script>\n<!-- \/ Yoast SEO plugin. -->","yoast_head_json":{"title":"BM'de plastik kirlili\u011fiyle m\u00fccadele konferans\u0131nda anla\u015fma sa\u011flanamad\u0131 -","robots":{"index":"index","follow":"follow","max-snippet":"max-snippet:-1","max-image-preview":"max-image-preview:large","max-video-preview":"max-video-preview:-1"},"canonical":"https:\/\/kibrisdakik.com\/?p=88289","og_locale":"tr_TR","og_type":"article","og_title":"BM'de plastik kirlili\u011fiyle m\u00fccadele konferans\u0131nda anla\u015fma sa\u011flanamad\u0131 -","og_description":"&#13;\u0130svi\u00e7re\u2019nin Cenevre kentinde 5 A\u011fustos\u2019tan bu yana devam eden H\u00fck\u00fcmetleraras\u0131 M\u00fczakere Komitesinin be\u015finci oturumunun ikinci b\u00f6l\u00fcm\u00fc (INC-5.2) bug\u00fcn sona erdi. &#13;Toplant\u0131da \u00fcye \u00fclkelerin ortak metinde uzla\u015famamalar\u0131 nedeniyle istenen uzla\u015fma sa\u011flanamad\u0131. &#13;UNEP \u0130cra Direkt\u00f6r\u00fc Inger Andersen, toplant\u0131n\u0131n ard\u0131ndan yapt\u0131\u011f\u0131 bas\u0131n a\u00e7\u0131klamas\u0131nda, \u201cA\u00e7\u0131k\u00e7as\u0131 bu noktada istedi\u011fimiz yere varamad\u0131\u011f\u0131m\u0131z \u00e7ok a\u00e7\u0131k ancak herkesin buraya anla\u015fmay\u0131 tamamlamak niyetiyle geldi\u011fine","og_url":"https:\/\/kibrisdakik.com\/?p=88289","article_published_time":"2025-08-15T10:15:26+00:00","og_image":[{"width":1280,"height":720,"url":"https:\/\/kibrisdakik.com\/wp-content\/uploads\/2025\/08\/plastik-kirliligi-aa-2056633-740x420.jpg","type":"image\/jpeg"}],"author":"admin","twitter_card":"summary_large_image","twitter_misc":{"Yazan:":"admin","Tahmini okuma s\u00fcresi":"2 dakika"},"schema":{"@context":"https:\/\/schema.org","@graph":[{"@type":"Article","@id":"https:\/\/kibrisdakik.com\/?p=88289#article","isPartOf":{"@id":"https:\/\/kibrisdakik.com\/?p=88289"},"author":{"name":"admin","@id":"https:\/\/kibrisdakik.com\/#\/schema\/person\/9cd9d437bbb44f72b73ba127e06d8e79"},"headline":"BM&#8217;de plastik kirlili\u011fiyle m\u00fccadele konferans\u0131nda anla\u015fma sa\u011flanamad\u0131","datePublished":"2025-08-15T10:15:26+00:00","mainEntityOfPage":{"@id":"https:\/\/kibrisdakik.com\/?p=88289"},"wordCount":328,"commentCount":0,"image":{"@id":"https:\/\/kibrisdakik.com\/?p=88289#primaryimage"},"thumbnailUrl":"https:\/\/kibrisdakik.com\/wp-content\/uploads\/2025\/08\/plastik-kirliligi-aa-2056633-740x420.jpg","articleSection":["Man\u015fet","T\u00fcrkiye"],"inLanguage":"tr","potentialAction":[{"@type":"CommentAction","name":"Comment","target":["https:\/\/kibrisdakik.com\/?p=88289#respond"]}]},{"@type":"WebPage","@id":"https:\/\/kibrisdakik.com\/?p=88289","url":"https:\/\/kibrisdakik.com\/?p=88289","name":"BM'de plastik kirlili\u011fiyle m\u00fccadele konferans\u0131nda anla\u015fma sa\u011flanamad\u0131 -","isPartOf":{"@id":"https:\/\/kibrisdakik.com\/#website"},"primaryImageOfPage":{"@id":"https:\/\/kibrisdakik.com\/?p=88289#primaryimage"},"image":{"@id":"https:\/\/kibrisdakik.com\/?p=88289#primaryimage"},"thumbnailUrl":"https:\/\/kibrisdakik.com\/wp-content\/uploads\/2025\/08\/plastik-kirliligi-aa-2056633-740x420.jpg","datePublished":"2025-08-15T10:15:26+00:00","author":{"@id":"https:\/\/kibrisdakik.com\/#\/schema\/person\/9cd9d437bbb44f72b73ba127e06d8e79"},"breadcrumb":{"@id":"https:\/\/kibrisdakik.com\/?p=88289#breadcrumb"},"inLanguage":"tr","potentialAction":[{"@type":"ReadAction","target":["https:\/\/kibrisdakik.com\/?p=88289"]}]},{"@type":"ImageObject","inLanguage":"tr","@id":"https:\/\/kibrisdakik.com\/?p=88289#primaryimage","url":"https:\/\/kibrisdakik.com\/wp-content\/uploads\/2025\/08\/plastik-kirliligi-aa-2056633-740x420.jpg","contentUrl":"https:\/\/kibrisdakik.com\/wp-content\/uploads\/2025\/08\/plastik-kirliligi-aa-2056633-740x420.jpg","width":1280,"height":720},{"@type":"BreadcrumbList","@id":"https:\/\/kibrisdakik.com\/?p=88289#breadcrumb","itemListElement":[{"@type":"ListItem","position":1,"name":"Home","item":"https:\/\/kibrisdakik.com\/"},{"@type":"ListItem","position":2,"name":"BM&#8217;de plastik kirlili\u011fiyle m\u00fccadele konferans\u0131nda anla\u015fma sa\u011flanamad\u0131"}]},{"@type":"WebSite","@id":"https:\/\/kibrisdakik.com\/#website","url":"https:\/\/kibrisdakik.com\/","name":"","description":"Tam vaktinde haber","potentialAction":[{"@type":"SearchAction","target":{"@type":"EntryPoint","urlTemplate":"https:\/\/kibrisdakik.com\/?s={search_term_string}"},"query-input":{"@type":"PropertyValueSpecification","valueRequired":true,"valueName":"search_term_string"}}],"inLanguage":"tr"},{"@type":"Person","@id":"https:\/\/kibrisdakik.com\/#\/schema\/person\/9cd9d437bbb44f72b73ba127e06d8e79","name":"admin","image":{"@type":"ImageObject","inLanguage":"tr","@id":"https:\/\/secure.gravatar.com\/avatar\/ccc17943b9d660506c869530f897617f7cb1c21a4bf30023f252596d83e1f007?s=96&d=mm&r=g","url":"https:\/\/secure.gravatar.com\/avatar\/ccc17943b9d660506c869530f897617f7cb1c21a4bf30023f252596d83e1f007?s=96&d=mm&r=g","contentUrl":"https:\/\/secure.gravatar.com\/avatar\/ccc17943b9d660506c869530f897617f7cb1c21a4bf30023f252596d83e1f007?s=96&d=mm&r=g","caption":"admin"},"sameAs":["https:\/\/kibrisdakik.com"],"url":"https:\/\/kibrisdakik.com\/?author=1"}]}},"_links":{"self":[{"href":"https:\/\/kibrisdakik.com\/index.php?rest_route=\/wp\/v2\/posts\/88289","targetHints":{"allow":["GET"]}}],"collection":[{"href":"https:\/\/kibrisdakik.com\/index.php?rest_route=\/wp\/v2\/posts"}],"about":[{"href":"https:\/\/kibrisdakik.com\/index.php?rest_route=\/wp\/v2\/types\/post"}],"author":[{"embeddable":true,"href":"https:\/\/kibrisdakik.com\/index.php?rest_route=\/wp\/v2\/users\/1"}],"replies":[{"embeddable":true,"href":"https:\/\/kibrisdakik.com\/index.php?rest_route=%2Fwp%2Fv2%2Fcomments&post=88289"}],"version-history":[{"count":0,"href":"https:\/\/kibrisdakik.com\/index.php?rest_route=\/wp\/v2\/posts\/88289\/revisions"}],"wp:featuredmedia":[{"embeddable":true,"href":"https:\/\/kibrisdakik.com\/index.php?rest_route=\/wp\/v2\/media\/88290"}],"wp:attachment":[{"href":"https:\/\/kibrisdakik.com\/index.php?rest_route=%2Fwp%2Fv2%2Fmedia&parent=88289"}],"wp:term":[{"taxonomy":"category","embeddable":true,"href":"https:\/\/kibrisdakik.com\/index.php?rest_route=%2Fwp%2Fv2%2Fcategories&post=88289"},{"taxonomy":"post_tag","embeddable":true,"href":"https:\/\/kibrisdakik.com\/index.php?rest_route=%2Fwp%2Fv2%2Ftags&post=88289"}],"curies":[{"name":"wp","href":"https:\/\/api.w.org\/{rel}","templated":true}]}}