{"id":88301,"date":"2025-08-15T14:19:06","date_gmt":"2025-08-15T11:19:06","guid":{"rendered":"https:\/\/kibrisdakik.com\/index.php\/2025\/08\/15\/basbakanliktan-vatandaslari-yangin-riskine-karsi-uyardi\/"},"modified":"2025-08-15T14:19:06","modified_gmt":"2025-08-15T11:19:06","slug":"basbakanliktan-vatandaslari-yangin-riskine-karsi-uyardi","status":"publish","type":"post","link":"https:\/\/kibrisdakik.com\/?p=88301","title":{"rendered":"BA\u015eBAKANLIK\u2019TAN VATANDA\u015eLARI YANGIN R\u0130SK\u0130NE KAR\u015eI UYARDI"},"content":{"rendered":"<p> <br \/>\n<br \/><\/p>\n<p>Kuzey K\u0131br\u0131s\u2019ta artan s\u0131cakl\u0131klar ve orman yang\u0131n\u0131 riski nedeniyle Ba\u015fbakanl\u0131k Afet ve Acil Durum Komitesi\u2019nden vatanda\u015flara uyar\u0131 geldi. Komitenin a\u00e7\u0131klamas\u0131 \u015f\u00f6yle:<\/p>\n<p>&#8220;KUZEY KIBRIS T\u00dcRK CUMHUR\u0130YET\u0130<br \/>\nBA\u015eBAKANLIK AFET VE AC\u0130L DURUM KOM\u0130TES\u0130<br \/>\nBASIN A\u00c7IKLAMASI<\/p>\n<p>\u00dclkemizde son g\u00fcnlerde ya\u015fanan a\u015f\u0131r\u0131 s\u0131cakl\u0131klar ve d\u00fc\u015f\u00fck nem oranlar\u0131, orman yang\u0131n\u0131 riskini tehlikeli seviyelere ta\u015f\u0131m\u0131\u015ft\u0131r. Bu tehlike, hem do\u011fal ya\u015fam\u0131 hem de halk\u0131m\u0131z\u0131n can ve mal g\u00fcvenli\u011fini ciddi bi\u00e7imde tehdit etmektedir.<\/p>\n<p>Bu nedenle, vatanda\u015flar\u0131m\u0131z\u0131 en \u00fcst d\u00fczeyde dikkatli ve duyarl\u0131 olmaya \u00e7a\u011f\u0131r\u0131yoruz. \u00d6zellikle a\u00e7\u0131k alanlarda:<br \/>\n\u2022 Ate\u015f yak\u0131lmamas\u0131,<br \/>\n\u2022 An\u0131z veya \u00e7\u00f6p yakma gibi i\u015flemlerden kesinlikle uzak durulmas\u0131,<br \/>\n\u2022 Sigara izmaritlerinin \u00e7evreye at\u0131lmamas\u0131,<br \/>\n\u2022 Ormanl\u0131k alanlar ve piknik b\u00f6lgelerinde y\u00fcksek \u0131s\u0131 yayan cihazlar\u0131n kullan\u0131lmamas\u0131, hayati \u00f6neme sahiptir.<\/p>\n<p>G\u00f6sterilecek her bireysel dikkat, yaln\u0131zca tek bir a\u011fac\u0131 de\u011fil, \u00fclkemizin gelece\u011fini de koruyacakt\u0131r.<\/p>\n<p>Herhangi bir duman ya da yang\u0131n belirtisi g\u00f6r\u00fclmesi durumunda, vakit kaybetmeden 177 Orman Yang\u0131n \u0130hbar Hatt\u0131\u2019n\u0131n aranmas\u0131 gerekmektedir.<\/p>\n<p>Unutulmamal\u0131d\u0131r ki; yang\u0131n\u0131 ba\u015flamadan engellemek, ba\u015flad\u0131ktan sonra s\u00f6nd\u00fcrmekten \u00e7ok daha de\u011ferlidir.<\/p>\n<p>Yang\u0131n riskine kar\u015f\u0131 fedakarca g\u00f6rev yapan t\u00fcm ekiplerimize, itfaiyemize kolayl\u0131klar diliyor, halk\u0131m\u0131z\u0131n sa\u011fduyulu deste\u011fiyle bu zorlu s\u00fcreci hep birlikte a\u015faca\u011f\u0131m\u0131za y\u00fcrekten inan\u0131yoruz.<\/p>\n<p>H\u00fcseyin Cahito\u011flu<br \/>\nBa\u015fbakanl\u0131k M\u00fcste\u015far\u0131<br \/>\nAfet ve Acil Durum Komitesi Ba\u015fkan\u0131&#8221;<\/p>\n<p><br \/>\n<br \/><a href=\"[kibrisdakik.com]\n<\/p>\n","protected":false},"excerpt":{"rendered":"<p>Kuzey K\u0131br\u0131s\u2019ta artan s\u0131cakl\u0131klar ve orman yang\u0131n\u0131 riski nedeniyle Ba\u015fbakanl\u0131k Afet ve Acil Durum Komitesi\u2019nden vatanda\u015flara uyar\u0131 geldi. Komitenin a\u00e7\u0131klamas\u0131 \u015f\u00f6yle: &#8220;KUZEY KIBRIS T\u00dcRK CUMHUR\u0130YET\u0130 BA\u015eBAKANLIK AFET VE AC\u0130L DURUM KOM\u0130TES\u0130 BASIN A\u00c7IKLAMASI \u00dclkemizde son g\u00fcnlerde ya\u015fanan a\u015f\u0131r\u0131 s\u0131cakl\u0131klar ve d\u00fc\u015f\u00fck nem oranlar\u0131, orman yang\u0131n\u0131 riskini tehlikeli seviyelere ta\u015f\u0131m\u0131\u015ft\u0131r. Bu tehlike, hem do\u011fal ya\u015fam\u0131 hem<\/p>\n","protected":false},"author":1,"featured_media":88302,"comment_status":"open","ping_status":"open","sticky":false,"template":"","format":"standard","meta":{"footnotes":""},"categories":[81,101],"tags":[],"class_list":["post-88301","post","type-post","status-publish","format-standard","has-post-thumbnail","hentry","category-kibris","category-manset"],"yoast_head":"<!-- This site is optimized with the Yoast SEO plugin v27.5 - https:\/\/yoast.com\/product\/yoast-seo-wordpress\/ -->\n<title>BA\u015eBAKANLIK\u2019TAN VATANDA\u015eLARI YANGIN R\u0130SK\u0130NE KAR\u015eI UYARDI -<\/title>\n<meta name=\"robots\" content=\"index, follow, max-snippet:-1, max-image-preview:large, max-video-preview:-1\" \/>\n<link rel=\"canonical\" href=\"https:\/\/kibrisdakik.com\/?p=88301\" \/>\n<meta property=\"og:locale\" content=\"tr_TR\" \/>\n<meta property=\"og:type\" content=\"article\" \/>\n<meta property=\"og:title\" content=\"BA\u015eBAKANLIK\u2019TAN VATANDA\u015eLARI YANGIN R\u0130SK\u0130NE KAR\u015eI UYARDI -\" \/>\n<meta property=\"og:description\" content=\"Kuzey K\u0131br\u0131s\u2019ta artan s\u0131cakl\u0131klar ve orman yang\u0131n\u0131 riski nedeniyle Ba\u015fbakanl\u0131k Afet ve Acil Durum Komitesi\u2019nden vatanda\u015flara uyar\u0131 geldi. Komitenin a\u00e7\u0131klamas\u0131 \u015f\u00f6yle: &#8220;KUZEY KIBRIS T\u00dcRK CUMHUR\u0130YET\u0130 BA\u015eBAKANLIK AFET VE AC\u0130L DURUM KOM\u0130TES\u0130 BASIN A\u00c7IKLAMASI \u00dclkemizde son g\u00fcnlerde ya\u015fanan a\u015f\u0131r\u0131 s\u0131cakl\u0131klar ve d\u00fc\u015f\u00fck nem oranlar\u0131, orman yang\u0131n\u0131 riskini tehlikeli seviyelere ta\u015f\u0131m\u0131\u015ft\u0131r. Bu tehlike, hem do\u011fal ya\u015fam\u0131 hem\" \/>\n<meta property=\"og:url\" content=\"https:\/\/kibrisdakik.com\/?p=88301\" \/>\n<meta property=\"article:published_time\" content=\"2025-08-15T11:19:06+00:00\" \/>\n<meta property=\"og:image\" content=\"https:\/\/kibrisdakik.com\/wp-content\/uploads\/2025\/08\/mha-242-740x420.png\" \/>\n\t<meta property=\"og:image:width\" content=\"1280\" \/>\n\t<meta property=\"og:image:height\" content=\"720\" \/>\n\t<meta property=\"og:image:type\" content=\"image\/png\" \/>\n<meta name=\"author\" content=\"admin\" \/>\n<meta name=\"twitter:card\" content=\"summary_large_image\" \/>\n<meta name=\"twitter:label1\" content=\"Yazan:\" \/>\n\t<meta name=\"twitter:data1\" content=\"admin\" \/>\n\t<meta name=\"twitter:label2\" content=\"Tahmini okuma s\u00fcresi\" \/>\n\t<meta name=\"twitter:data2\" content=\"1 dakika\" \/>\n<script type=\"application\/ld+json\" class=\"yoast-schema-graph\">{\"@context\":\"https:\\\/\\\/schema.org\",\"@graph\":[{\"@type\":\"Article\",\"@id\":\"https:\\\/\\\/kibrisdakik.com\\\/?p=88301#article\",\"isPartOf\":{\"@id\":\"https:\\\/\\\/kibrisdakik.com\\\/?p=88301\"},\"author\":{\"name\":\"admin\",\"@id\":\"https:\\\/\\\/kibrisdakik.com\\\/#\\\/schema\\\/person\\\/9cd9d437bbb44f72b73ba127e06d8e79\"},\"headline\":\"BA\u015eBAKANLIK\u2019TAN VATANDA\u015eLARI YANGIN R\u0130SK\u0130NE KAR\u015eI UYARDI\",\"datePublished\":\"2025-08-15T11:19:06+00:00\",\"mainEntityOfPage\":{\"@id\":\"https:\\\/\\\/kibrisdakik.com\\\/?p=88301\"},\"wordCount\":288,\"commentCount\":0,\"image\":{\"@id\":\"https:\\\/\\\/kibrisdakik.com\\\/?p=88301#primaryimage\"},\"thumbnailUrl\":\"https:\\\/\\\/kibrisdakik.com\\\/wp-content\\\/uploads\\\/2025\\\/08\\\/mha-242-740x420.png\",\"articleSection\":[\"K\u0131br\u0131s\",\"Man\u015fet\"],\"inLanguage\":\"tr\",\"potentialAction\":[{\"@type\":\"CommentAction\",\"name\":\"Comment\",\"target\":[\"https:\\\/\\\/kibrisdakik.com\\\/?p=88301#respond\"]}]},{\"@type\":\"WebPage\",\"@id\":\"https:\\\/\\\/kibrisdakik.com\\\/?p=88301\",\"url\":\"https:\\\/\\\/kibrisdakik.com\\\/?p=88301\",\"name\":\"BA\u015eBAKANLIK\u2019TAN VATANDA\u015eLARI YANGIN R\u0130SK\u0130NE KAR\u015eI UYARDI -\",\"isPartOf\":{\"@id\":\"https:\\\/\\\/kibrisdakik.com\\\/#website\"},\"primaryImageOfPage\":{\"@id\":\"https:\\\/\\\/kibrisdakik.com\\\/?p=88301#primaryimage\"},\"image\":{\"@id\":\"https:\\\/\\\/kibrisdakik.com\\\/?p=88301#primaryimage\"},\"thumbnailUrl\":\"https:\\\/\\\/kibrisdakik.com\\\/wp-content\\\/uploads\\\/2025\\\/08\\\/mha-242-740x420.png\",\"datePublished\":\"2025-08-15T11:19:06+00:00\",\"author\":{\"@id\":\"https:\\\/\\\/kibrisdakik.com\\\/#\\\/schema\\\/person\\\/9cd9d437bbb44f72b73ba127e06d8e79\"},\"breadcrumb\":{\"@id\":\"https:\\\/\\\/kibrisdakik.com\\\/?p=88301#breadcrumb\"},\"inLanguage\":\"tr\",\"potentialAction\":[{\"@type\":\"ReadAction\",\"target\":[\"https:\\\/\\\/kibrisdakik.com\\\/?p=88301\"]}]},{\"@type\":\"ImageObject\",\"inLanguage\":\"tr\",\"@id\":\"https:\\\/\\\/kibrisdakik.com\\\/?p=88301#primaryimage\",\"url\":\"https:\\\/\\\/kibrisdakik.com\\\/wp-content\\\/uploads\\\/2025\\\/08\\\/mha-242-740x420.png\",\"contentUrl\":\"https:\\\/\\\/kibrisdakik.com\\\/wp-content\\\/uploads\\\/2025\\\/08\\\/mha-242-740x420.png\",\"width\":1280,\"height\":720},{\"@type\":\"BreadcrumbList\",\"@id\":\"https:\\\/\\\/kibrisdakik.com\\\/?p=88301#breadcrumb\",\"itemListElement\":[{\"@type\":\"ListItem\",\"position\":1,\"name\":\"Home\",\"item\":\"https:\\\/\\\/kibrisdakik.com\\\/\"},{\"@type\":\"ListItem\",\"position\":2,\"name\":\"BA\u015eBAKANLIK\u2019TAN VATANDA\u015eLARI YANGIN R\u0130SK\u0130NE KAR\u015eI UYARDI\"}]},{\"@type\":\"WebSite\",\"@id\":\"https:\\\/\\\/kibrisdakik.com\\\/#website\",\"url\":\"https:\\\/\\\/kibrisdakik.com\\\/\",\"name\":\"\",\"description\":\"Tam vaktinde haber\",\"potentialAction\":[{\"@type\":\"SearchAction\",\"target\":{\"@type\":\"EntryPoint\",\"urlTemplate\":\"https:\\\/\\\/kibrisdakik.com\\\/?s={search_term_string}\"},\"query-input\":{\"@type\":\"PropertyValueSpecification\",\"valueRequired\":true,\"valueName\":\"search_term_string\"}}],\"inLanguage\":\"tr\"},{\"@type\":\"Person\",\"@id\":\"https:\\\/\\\/kibrisdakik.com\\\/#\\\/schema\\\/person\\\/9cd9d437bbb44f72b73ba127e06d8e79\",\"name\":\"admin\",\"image\":{\"@type\":\"ImageObject\",\"inLanguage\":\"tr\",\"@id\":\"https:\\\/\\\/secure.gravatar.com\\\/avatar\\\/ccc17943b9d660506c869530f897617f7cb1c21a4bf30023f252596d83e1f007?s=96&d=mm&r=g\",\"url\":\"https:\\\/\\\/secure.gravatar.com\\\/avatar\\\/ccc17943b9d660506c869530f897617f7cb1c21a4bf30023f252596d83e1f007?s=96&d=mm&r=g\",\"contentUrl\":\"https:\\\/\\\/secure.gravatar.com\\\/avatar\\\/ccc17943b9d660506c869530f897617f7cb1c21a4bf30023f252596d83e1f007?s=96&d=mm&r=g\",\"caption\":\"admin\"},\"sameAs\":[\"https:\\\/\\\/kibrisdakik.com\"],\"url\":\"https:\\\/\\\/kibrisdakik.com\\\/?author=1\"}]}<\/script>\n<!-- \/ Yoast SEO plugin. -->","yoast_head_json":{"title":"BA\u015eBAKANLIK\u2019TAN VATANDA\u015eLARI YANGIN R\u0130SK\u0130NE KAR\u015eI UYARDI -","robots":{"index":"index","follow":"follow","max-snippet":"max-snippet:-1","max-image-preview":"max-image-preview:large","max-video-preview":"max-video-preview:-1"},"canonical":"https:\/\/kibrisdakik.com\/?p=88301","og_locale":"tr_TR","og_type":"article","og_title":"BA\u015eBAKANLIK\u2019TAN VATANDA\u015eLARI YANGIN R\u0130SK\u0130NE KAR\u015eI UYARDI -","og_description":"Kuzey K\u0131br\u0131s\u2019ta artan s\u0131cakl\u0131klar ve orman yang\u0131n\u0131 riski nedeniyle Ba\u015fbakanl\u0131k Afet ve Acil Durum Komitesi\u2019nden vatanda\u015flara uyar\u0131 geldi. Komitenin a\u00e7\u0131klamas\u0131 \u015f\u00f6yle: &#8220;KUZEY KIBRIS T\u00dcRK CUMHUR\u0130YET\u0130 BA\u015eBAKANLIK AFET VE AC\u0130L DURUM KOM\u0130TES\u0130 BASIN A\u00c7IKLAMASI \u00dclkemizde son g\u00fcnlerde ya\u015fanan a\u015f\u0131r\u0131 s\u0131cakl\u0131klar ve d\u00fc\u015f\u00fck nem oranlar\u0131, orman yang\u0131n\u0131 riskini tehlikeli seviyelere ta\u015f\u0131m\u0131\u015ft\u0131r. Bu tehlike, hem do\u011fal ya\u015fam\u0131 hem","og_url":"https:\/\/kibrisdakik.com\/?p=88301","article_published_time":"2025-08-15T11:19:06+00:00","og_image":[{"width":1280,"height":720,"url":"https:\/\/kibrisdakik.com\/wp-content\/uploads\/2025\/08\/mha-242-740x420.png","type":"image\/png"}],"author":"admin","twitter_card":"summary_large_image","twitter_misc":{"Yazan:":"admin","Tahmini okuma s\u00fcresi":"1 dakika"},"schema":{"@context":"https:\/\/schema.org","@graph":[{"@type":"Article","@id":"https:\/\/kibrisdakik.com\/?p=88301#article","isPartOf":{"@id":"https:\/\/kibrisdakik.com\/?p=88301"},"author":{"name":"admin","@id":"https:\/\/kibrisdakik.com\/#\/schema\/person\/9cd9d437bbb44f72b73ba127e06d8e79"},"headline":"BA\u015eBAKANLIK\u2019TAN VATANDA\u015eLARI YANGIN R\u0130SK\u0130NE KAR\u015eI UYARDI","datePublished":"2025-08-15T11:19:06+00:00","mainEntityOfPage":{"@id":"https:\/\/kibrisdakik.com\/?p=88301"},"wordCount":288,"commentCount":0,"image":{"@id":"https:\/\/kibrisdakik.com\/?p=88301#primaryimage"},"thumbnailUrl":"https:\/\/kibrisdakik.com\/wp-content\/uploads\/2025\/08\/mha-242-740x420.png","articleSection":["K\u0131br\u0131s","Man\u015fet"],"inLanguage":"tr","potentialAction":[{"@type":"CommentAction","name":"Comment","target":["https:\/\/kibrisdakik.com\/?p=88301#respond"]}]},{"@type":"WebPage","@id":"https:\/\/kibrisdakik.com\/?p=88301","url":"https:\/\/kibrisdakik.com\/?p=88301","name":"BA\u015eBAKANLIK\u2019TAN VATANDA\u015eLARI YANGIN R\u0130SK\u0130NE KAR\u015eI UYARDI -","isPartOf":{"@id":"https:\/\/kibrisdakik.com\/#website"},"primaryImageOfPage":{"@id":"https:\/\/kibrisdakik.com\/?p=88301#primaryimage"},"image":{"@id":"https:\/\/kibrisdakik.com\/?p=88301#primaryimage"},"thumbnailUrl":"https:\/\/kibrisdakik.com\/wp-content\/uploads\/2025\/08\/mha-242-740x420.png","datePublished":"2025-08-15T11:19:06+00:00","author":{"@id":"https:\/\/kibrisdakik.com\/#\/schema\/person\/9cd9d437bbb44f72b73ba127e06d8e79"},"breadcrumb":{"@id":"https:\/\/kibrisdakik.com\/?p=88301#breadcrumb"},"inLanguage":"tr","potentialAction":[{"@type":"ReadAction","target":["https:\/\/kibrisdakik.com\/?p=88301"]}]},{"@type":"ImageObject","inLanguage":"tr","@id":"https:\/\/kibrisdakik.com\/?p=88301#primaryimage","url":"https:\/\/kibrisdakik.com\/wp-content\/uploads\/2025\/08\/mha-242-740x420.png","contentUrl":"https:\/\/kibrisdakik.com\/wp-content\/uploads\/2025\/08\/mha-242-740x420.png","width":1280,"height":720},{"@type":"BreadcrumbList","@id":"https:\/\/kibrisdakik.com\/?p=88301#breadcrumb","itemListElement":[{"@type":"ListItem","position":1,"name":"Home","item":"https:\/\/kibrisdakik.com\/"},{"@type":"ListItem","position":2,"name":"BA\u015eBAKANLIK\u2019TAN VATANDA\u015eLARI YANGIN R\u0130SK\u0130NE KAR\u015eI UYARDI"}]},{"@type":"WebSite","@id":"https:\/\/kibrisdakik.com\/#website","url":"https:\/\/kibrisdakik.com\/","name":"","description":"Tam vaktinde haber","potentialAction":[{"@type":"SearchAction","target":{"@type":"EntryPoint","urlTemplate":"https:\/\/kibrisdakik.com\/?s={search_term_string}"},"query-input":{"@type":"PropertyValueSpecification","valueRequired":true,"valueName":"search_term_string"}}],"inLanguage":"tr"},{"@type":"Person","@id":"https:\/\/kibrisdakik.com\/#\/schema\/person\/9cd9d437bbb44f72b73ba127e06d8e79","name":"admin","image":{"@type":"ImageObject","inLanguage":"tr","@id":"https:\/\/secure.gravatar.com\/avatar\/ccc17943b9d660506c869530f897617f7cb1c21a4bf30023f252596d83e1f007?s=96&d=mm&r=g","url":"https:\/\/secure.gravatar.com\/avatar\/ccc17943b9d660506c869530f897617f7cb1c21a4bf30023f252596d83e1f007?s=96&d=mm&r=g","contentUrl":"https:\/\/secure.gravatar.com\/avatar\/ccc17943b9d660506c869530f897617f7cb1c21a4bf30023f252596d83e1f007?s=96&d=mm&r=g","caption":"admin"},"sameAs":["https:\/\/kibrisdakik.com"],"url":"https:\/\/kibrisdakik.com\/?author=1"}]}},"_links":{"self":[{"href":"https:\/\/kibrisdakik.com\/index.php?rest_route=\/wp\/v2\/posts\/88301","targetHints":{"allow":["GET"]}}],"collection":[{"href":"https:\/\/kibrisdakik.com\/index.php?rest_route=\/wp\/v2\/posts"}],"about":[{"href":"https:\/\/kibrisdakik.com\/index.php?rest_route=\/wp\/v2\/types\/post"}],"author":[{"embeddable":true,"href":"https:\/\/kibrisdakik.com\/index.php?rest_route=\/wp\/v2\/users\/1"}],"replies":[{"embeddable":true,"href":"https:\/\/kibrisdakik.com\/index.php?rest_route=%2Fwp%2Fv2%2Fcomments&post=88301"}],"version-history":[{"count":0,"href":"https:\/\/kibrisdakik.com\/index.php?rest_route=\/wp\/v2\/posts\/88301\/revisions"}],"wp:featuredmedia":[{"embeddable":true,"href":"https:\/\/kibrisdakik.com\/index.php?rest_route=\/wp\/v2\/media\/88302"}],"wp:attachment":[{"href":"https:\/\/kibrisdakik.com\/index.php?rest_route=%2Fwp%2Fv2%2Fmedia&parent=88301"}],"wp:term":[{"taxonomy":"category","embeddable":true,"href":"https:\/\/kibrisdakik.com\/index.php?rest_route=%2Fwp%2Fv2%2Fcategories&post=88301"},{"taxonomy":"post_tag","embeddable":true,"href":"https:\/\/kibrisdakik.com\/index.php?rest_route=%2Fwp%2Fv2%2Ftags&post=88301"}],"curies":[{"name":"wp","href":"https:\/\/api.w.org\/{rel}","templated":true}]}}