{"id":88367,"date":"2025-08-16T09:45:06","date_gmt":"2025-08-16T06:45:06","guid":{"rendered":"https:\/\/kibrisdakik.com\/index.php\/2025\/08\/16\/karakumda-bir-oto-galeriye-ates-acildi\/"},"modified":"2025-08-16T09:45:06","modified_gmt":"2025-08-16T06:45:06","slug":"karakumda-bir-oto-galeriye-ates-acildi","status":"publish","type":"post","link":"https:\/\/kibrisdakik.com\/?p=88367","title":{"rendered":"KARAKUM\u2019DA B\u0130R OTO GALER\u0130YE ATE\u015e A\u00c7ILDI\u2026"},"content":{"rendered":"<p> <br \/>\n<br \/><\/p>\n<div data-text-id=\"182658\" property=\"articleBody\">\n<p>Karakum\u2019da d\u00fcn ak\u015fam bir oto galeriye ate\u015f a\u00e7\u0131ld\u0131, galerideki \u00fc\u00e7 ara\u00e7 hasar g\u00f6rd\u00fc.<\/p>\n<p>Polis Bas\u0131n Subayl\u0131\u011f\u0131\u2019ndan verilen bilgiye g\u00f6re, saat 01.30 s\u0131ralar\u0131nda, Karakum\u2019da U\u011fur Mumcu Caddesi \u00fczerinde faaliyet g\u00f6steren bir oto galeriye kimli\u011fi me\u00e7hul \u015fah\u0131s taraf\u0131ndan, tasarrufunda kanunsuz olarak bulundurdu\u011fu tabanca ile ate\u015f a\u00e7\u0131ld\u0131. Olayda herhangi bir yaralanma veya can kayb\u0131 olmazken, a\u00e7\u0131lan ate\u015f sonucu oto galerideki \u00fc\u00e7 ara\u00e7 hasar g\u00f6rd\u00fc.<\/p>\n<p>Olayla ilgili soru\u015fturma devam ediyor.<\/p>\n<\/p><\/div>\n<p><br \/>\n<br \/><a href=\"[kibrisdakik.com]\n<\/p>\n","protected":false},"excerpt":{"rendered":"<p>Karakum\u2019da d\u00fcn ak\u015fam bir oto galeriye ate\u015f a\u00e7\u0131ld\u0131, galerideki \u00fc\u00e7 ara\u00e7 hasar g\u00f6rd\u00fc. Polis Bas\u0131n Subayl\u0131\u011f\u0131\u2019ndan verilen bilgiye g\u00f6re, saat 01.30 s\u0131ralar\u0131nda, Karakum\u2019da U\u011fur Mumcu Caddesi \u00fczerinde faaliyet g\u00f6steren bir oto galeriye kimli\u011fi me\u00e7hul \u015fah\u0131s taraf\u0131ndan, tasarrufunda kanunsuz olarak bulundurdu\u011fu tabanca ile ate\u015f a\u00e7\u0131ld\u0131. Olayda herhangi bir yaralanma veya can kayb\u0131 olmazken, a\u00e7\u0131lan ate\u015f sonucu<\/p>\n","protected":false},"author":1,"featured_media":88368,"comment_status":"open","ping_status":"open","sticky":false,"template":"","format":"standard","meta":{"footnotes":""},"categories":[81,101],"tags":[],"class_list":["post-88367","post","type-post","status-publish","format-standard","has-post-thumbnail","hentry","category-kibris","category-manset"],"yoast_head":"<!-- This site is optimized with the Yoast SEO plugin v27.4 - https:\/\/yoast.com\/product\/yoast-seo-wordpress\/ -->\n<title>KARAKUM\u2019DA B\u0130R OTO GALER\u0130YE ATE\u015e A\u00c7ILDI\u2026 -<\/title>\n<meta name=\"robots\" content=\"index, follow, max-snippet:-1, max-image-preview:large, max-video-preview:-1\" \/>\n<link rel=\"canonical\" href=\"https:\/\/kibrisdakik.com\/?p=88367\" \/>\n<meta property=\"og:locale\" content=\"tr_TR\" \/>\n<meta property=\"og:type\" content=\"article\" \/>\n<meta property=\"og:title\" content=\"KARAKUM\u2019DA B\u0130R OTO GALER\u0130YE ATE\u015e A\u00c7ILDI\u2026 -\" \/>\n<meta property=\"og:description\" content=\"Karakum\u2019da d\u00fcn ak\u015fam bir oto galeriye ate\u015f a\u00e7\u0131ld\u0131, galerideki \u00fc\u00e7 ara\u00e7 hasar g\u00f6rd\u00fc. Polis Bas\u0131n Subayl\u0131\u011f\u0131\u2019ndan verilen bilgiye g\u00f6re, saat 01.30 s\u0131ralar\u0131nda, Karakum\u2019da U\u011fur Mumcu Caddesi \u00fczerinde faaliyet g\u00f6steren bir oto galeriye kimli\u011fi me\u00e7hul \u015fah\u0131s taraf\u0131ndan, tasarrufunda kanunsuz olarak bulundurdu\u011fu tabanca ile ate\u015f a\u00e7\u0131ld\u0131. Olayda herhangi bir yaralanma veya can kayb\u0131 olmazken, a\u00e7\u0131lan ate\u015f sonucu\" \/>\n<meta property=\"og:url\" content=\"https:\/\/kibrisdakik.com\/?p=88367\" \/>\n<meta property=\"article:published_time\" content=\"2025-08-16T06:45:06+00:00\" \/>\n<meta property=\"og:image\" content=\"https:\/\/kibrisdakik.com\/wp-content\/uploads\/2025\/08\/mha-252-740x420.png\" \/>\n\t<meta property=\"og:image:width\" content=\"1280\" \/>\n\t<meta property=\"og:image:height\" content=\"720\" \/>\n\t<meta property=\"og:image:type\" content=\"image\/png\" \/>\n<meta name=\"author\" content=\"admin\" \/>\n<meta name=\"twitter:card\" content=\"summary_large_image\" \/>\n<meta name=\"twitter:label1\" content=\"Yazan:\" \/>\n\t<meta name=\"twitter:data1\" content=\"admin\" \/>\n<script type=\"application\/ld+json\" class=\"yoast-schema-graph\">{\"@context\":\"https:\\\/\\\/schema.org\",\"@graph\":[{\"@type\":\"Article\",\"@id\":\"https:\\\/\\\/kibrisdakik.com\\\/?p=88367#article\",\"isPartOf\":{\"@id\":\"https:\\\/\\\/kibrisdakik.com\\\/?p=88367\"},\"author\":{\"name\":\"admin\",\"@id\":\"https:\\\/\\\/kibrisdakik.com\\\/#\\\/schema\\\/person\\\/9cd9d437bbb44f72b73ba127e06d8e79\"},\"headline\":\"KARAKUM\u2019DA B\u0130R OTO GALER\u0130YE ATE\u015e A\u00c7ILDI\u2026\",\"datePublished\":\"2025-08-16T06:45:06+00:00\",\"mainEntityOfPage\":{\"@id\":\"https:\\\/\\\/kibrisdakik.com\\\/?p=88367\"},\"wordCount\":97,\"commentCount\":0,\"image\":{\"@id\":\"https:\\\/\\\/kibrisdakik.com\\\/?p=88367#primaryimage\"},\"thumbnailUrl\":\"https:\\\/\\\/kibrisdakik.com\\\/wp-content\\\/uploads\\\/2025\\\/08\\\/mha-252-740x420.png\",\"articleSection\":[\"K\u0131br\u0131s\",\"Man\u015fet\"],\"inLanguage\":\"tr\",\"potentialAction\":[{\"@type\":\"CommentAction\",\"name\":\"Comment\",\"target\":[\"https:\\\/\\\/kibrisdakik.com\\\/?p=88367#respond\"]}]},{\"@type\":\"WebPage\",\"@id\":\"https:\\\/\\\/kibrisdakik.com\\\/?p=88367\",\"url\":\"https:\\\/\\\/kibrisdakik.com\\\/?p=88367\",\"name\":\"KARAKUM\u2019DA B\u0130R OTO GALER\u0130YE ATE\u015e A\u00c7ILDI\u2026 -\",\"isPartOf\":{\"@id\":\"https:\\\/\\\/kibrisdakik.com\\\/#website\"},\"primaryImageOfPage\":{\"@id\":\"https:\\\/\\\/kibrisdakik.com\\\/?p=88367#primaryimage\"},\"image\":{\"@id\":\"https:\\\/\\\/kibrisdakik.com\\\/?p=88367#primaryimage\"},\"thumbnailUrl\":\"https:\\\/\\\/kibrisdakik.com\\\/wp-content\\\/uploads\\\/2025\\\/08\\\/mha-252-740x420.png\",\"datePublished\":\"2025-08-16T06:45:06+00:00\",\"author\":{\"@id\":\"https:\\\/\\\/kibrisdakik.com\\\/#\\\/schema\\\/person\\\/9cd9d437bbb44f72b73ba127e06d8e79\"},\"breadcrumb\":{\"@id\":\"https:\\\/\\\/kibrisdakik.com\\\/?p=88367#breadcrumb\"},\"inLanguage\":\"tr\",\"potentialAction\":[{\"@type\":\"ReadAction\",\"target\":[\"https:\\\/\\\/kibrisdakik.com\\\/?p=88367\"]}]},{\"@type\":\"ImageObject\",\"inLanguage\":\"tr\",\"@id\":\"https:\\\/\\\/kibrisdakik.com\\\/?p=88367#primaryimage\",\"url\":\"https:\\\/\\\/kibrisdakik.com\\\/wp-content\\\/uploads\\\/2025\\\/08\\\/mha-252-740x420.png\",\"contentUrl\":\"https:\\\/\\\/kibrisdakik.com\\\/wp-content\\\/uploads\\\/2025\\\/08\\\/mha-252-740x420.png\",\"width\":1280,\"height\":720},{\"@type\":\"BreadcrumbList\",\"@id\":\"https:\\\/\\\/kibrisdakik.com\\\/?p=88367#breadcrumb\",\"itemListElement\":[{\"@type\":\"ListItem\",\"position\":1,\"name\":\"Home\",\"item\":\"https:\\\/\\\/kibrisdakik.com\\\/\"},{\"@type\":\"ListItem\",\"position\":2,\"name\":\"KARAKUM\u2019DA B\u0130R OTO GALER\u0130YE ATE\u015e A\u00c7ILDI\u2026\"}]},{\"@type\":\"WebSite\",\"@id\":\"https:\\\/\\\/kibrisdakik.com\\\/#website\",\"url\":\"https:\\\/\\\/kibrisdakik.com\\\/\",\"name\":\"\",\"description\":\"Tam vaktinde haber\",\"potentialAction\":[{\"@type\":\"SearchAction\",\"target\":{\"@type\":\"EntryPoint\",\"urlTemplate\":\"https:\\\/\\\/kibrisdakik.com\\\/?s={search_term_string}\"},\"query-input\":{\"@type\":\"PropertyValueSpecification\",\"valueRequired\":true,\"valueName\":\"search_term_string\"}}],\"inLanguage\":\"tr\"},{\"@type\":\"Person\",\"@id\":\"https:\\\/\\\/kibrisdakik.com\\\/#\\\/schema\\\/person\\\/9cd9d437bbb44f72b73ba127e06d8e79\",\"name\":\"admin\",\"image\":{\"@type\":\"ImageObject\",\"inLanguage\":\"tr\",\"@id\":\"https:\\\/\\\/secure.gravatar.com\\\/avatar\\\/ccc17943b9d660506c869530f897617f7cb1c21a4bf30023f252596d83e1f007?s=96&d=mm&r=g\",\"url\":\"https:\\\/\\\/secure.gravatar.com\\\/avatar\\\/ccc17943b9d660506c869530f897617f7cb1c21a4bf30023f252596d83e1f007?s=96&d=mm&r=g\",\"contentUrl\":\"https:\\\/\\\/secure.gravatar.com\\\/avatar\\\/ccc17943b9d660506c869530f897617f7cb1c21a4bf30023f252596d83e1f007?s=96&d=mm&r=g\",\"caption\":\"admin\"},\"sameAs\":[\"https:\\\/\\\/kibrisdakik.com\"],\"url\":\"https:\\\/\\\/kibrisdakik.com\\\/?author=1\"}]}<\/script>\n<!-- \/ Yoast SEO plugin. -->","yoast_head_json":{"title":"KARAKUM\u2019DA B\u0130R OTO GALER\u0130YE ATE\u015e A\u00c7ILDI\u2026 -","robots":{"index":"index","follow":"follow","max-snippet":"max-snippet:-1","max-image-preview":"max-image-preview:large","max-video-preview":"max-video-preview:-1"},"canonical":"https:\/\/kibrisdakik.com\/?p=88367","og_locale":"tr_TR","og_type":"article","og_title":"KARAKUM\u2019DA B\u0130R OTO GALER\u0130YE ATE\u015e A\u00c7ILDI\u2026 -","og_description":"Karakum\u2019da d\u00fcn ak\u015fam bir oto galeriye ate\u015f a\u00e7\u0131ld\u0131, galerideki \u00fc\u00e7 ara\u00e7 hasar g\u00f6rd\u00fc. Polis Bas\u0131n Subayl\u0131\u011f\u0131\u2019ndan verilen bilgiye g\u00f6re, saat 01.30 s\u0131ralar\u0131nda, Karakum\u2019da U\u011fur Mumcu Caddesi \u00fczerinde faaliyet g\u00f6steren bir oto galeriye kimli\u011fi me\u00e7hul \u015fah\u0131s taraf\u0131ndan, tasarrufunda kanunsuz olarak bulundurdu\u011fu tabanca ile ate\u015f a\u00e7\u0131ld\u0131. Olayda herhangi bir yaralanma veya can kayb\u0131 olmazken, a\u00e7\u0131lan ate\u015f sonucu","og_url":"https:\/\/kibrisdakik.com\/?p=88367","article_published_time":"2025-08-16T06:45:06+00:00","og_image":[{"width":1280,"height":720,"url":"https:\/\/kibrisdakik.com\/wp-content\/uploads\/2025\/08\/mha-252-740x420.png","type":"image\/png"}],"author":"admin","twitter_card":"summary_large_image","twitter_misc":{"Yazan:":"admin"},"schema":{"@context":"https:\/\/schema.org","@graph":[{"@type":"Article","@id":"https:\/\/kibrisdakik.com\/?p=88367#article","isPartOf":{"@id":"https:\/\/kibrisdakik.com\/?p=88367"},"author":{"name":"admin","@id":"https:\/\/kibrisdakik.com\/#\/schema\/person\/9cd9d437bbb44f72b73ba127e06d8e79"},"headline":"KARAKUM\u2019DA B\u0130R OTO GALER\u0130YE ATE\u015e A\u00c7ILDI\u2026","datePublished":"2025-08-16T06:45:06+00:00","mainEntityOfPage":{"@id":"https:\/\/kibrisdakik.com\/?p=88367"},"wordCount":97,"commentCount":0,"image":{"@id":"https:\/\/kibrisdakik.com\/?p=88367#primaryimage"},"thumbnailUrl":"https:\/\/kibrisdakik.com\/wp-content\/uploads\/2025\/08\/mha-252-740x420.png","articleSection":["K\u0131br\u0131s","Man\u015fet"],"inLanguage":"tr","potentialAction":[{"@type":"CommentAction","name":"Comment","target":["https:\/\/kibrisdakik.com\/?p=88367#respond"]}]},{"@type":"WebPage","@id":"https:\/\/kibrisdakik.com\/?p=88367","url":"https:\/\/kibrisdakik.com\/?p=88367","name":"KARAKUM\u2019DA B\u0130R OTO GALER\u0130YE ATE\u015e A\u00c7ILDI\u2026 -","isPartOf":{"@id":"https:\/\/kibrisdakik.com\/#website"},"primaryImageOfPage":{"@id":"https:\/\/kibrisdakik.com\/?p=88367#primaryimage"},"image":{"@id":"https:\/\/kibrisdakik.com\/?p=88367#primaryimage"},"thumbnailUrl":"https:\/\/kibrisdakik.com\/wp-content\/uploads\/2025\/08\/mha-252-740x420.png","datePublished":"2025-08-16T06:45:06+00:00","author":{"@id":"https:\/\/kibrisdakik.com\/#\/schema\/person\/9cd9d437bbb44f72b73ba127e06d8e79"},"breadcrumb":{"@id":"https:\/\/kibrisdakik.com\/?p=88367#breadcrumb"},"inLanguage":"tr","potentialAction":[{"@type":"ReadAction","target":["https:\/\/kibrisdakik.com\/?p=88367"]}]},{"@type":"ImageObject","inLanguage":"tr","@id":"https:\/\/kibrisdakik.com\/?p=88367#primaryimage","url":"https:\/\/kibrisdakik.com\/wp-content\/uploads\/2025\/08\/mha-252-740x420.png","contentUrl":"https:\/\/kibrisdakik.com\/wp-content\/uploads\/2025\/08\/mha-252-740x420.png","width":1280,"height":720},{"@type":"BreadcrumbList","@id":"https:\/\/kibrisdakik.com\/?p=88367#breadcrumb","itemListElement":[{"@type":"ListItem","position":1,"name":"Home","item":"https:\/\/kibrisdakik.com\/"},{"@type":"ListItem","position":2,"name":"KARAKUM\u2019DA B\u0130R OTO GALER\u0130YE ATE\u015e A\u00c7ILDI\u2026"}]},{"@type":"WebSite","@id":"https:\/\/kibrisdakik.com\/#website","url":"https:\/\/kibrisdakik.com\/","name":"","description":"Tam vaktinde haber","potentialAction":[{"@type":"SearchAction","target":{"@type":"EntryPoint","urlTemplate":"https:\/\/kibrisdakik.com\/?s={search_term_string}"},"query-input":{"@type":"PropertyValueSpecification","valueRequired":true,"valueName":"search_term_string"}}],"inLanguage":"tr"},{"@type":"Person","@id":"https:\/\/kibrisdakik.com\/#\/schema\/person\/9cd9d437bbb44f72b73ba127e06d8e79","name":"admin","image":{"@type":"ImageObject","inLanguage":"tr","@id":"https:\/\/secure.gravatar.com\/avatar\/ccc17943b9d660506c869530f897617f7cb1c21a4bf30023f252596d83e1f007?s=96&d=mm&r=g","url":"https:\/\/secure.gravatar.com\/avatar\/ccc17943b9d660506c869530f897617f7cb1c21a4bf30023f252596d83e1f007?s=96&d=mm&r=g","contentUrl":"https:\/\/secure.gravatar.com\/avatar\/ccc17943b9d660506c869530f897617f7cb1c21a4bf30023f252596d83e1f007?s=96&d=mm&r=g","caption":"admin"},"sameAs":["https:\/\/kibrisdakik.com"],"url":"https:\/\/kibrisdakik.com\/?author=1"}]}},"_links":{"self":[{"href":"https:\/\/kibrisdakik.com\/index.php?rest_route=\/wp\/v2\/posts\/88367","targetHints":{"allow":["GET"]}}],"collection":[{"href":"https:\/\/kibrisdakik.com\/index.php?rest_route=\/wp\/v2\/posts"}],"about":[{"href":"https:\/\/kibrisdakik.com\/index.php?rest_route=\/wp\/v2\/types\/post"}],"author":[{"embeddable":true,"href":"https:\/\/kibrisdakik.com\/index.php?rest_route=\/wp\/v2\/users\/1"}],"replies":[{"embeddable":true,"href":"https:\/\/kibrisdakik.com\/index.php?rest_route=%2Fwp%2Fv2%2Fcomments&post=88367"}],"version-history":[{"count":0,"href":"https:\/\/kibrisdakik.com\/index.php?rest_route=\/wp\/v2\/posts\/88367\/revisions"}],"wp:featuredmedia":[{"embeddable":true,"href":"https:\/\/kibrisdakik.com\/index.php?rest_route=\/wp\/v2\/media\/88368"}],"wp:attachment":[{"href":"https:\/\/kibrisdakik.com\/index.php?rest_route=%2Fwp%2Fv2%2Fmedia&parent=88367"}],"wp:term":[{"taxonomy":"category","embeddable":true,"href":"https:\/\/kibrisdakik.com\/index.php?rest_route=%2Fwp%2Fv2%2Fcategories&post=88367"},{"taxonomy":"post_tag","embeddable":true,"href":"https:\/\/kibrisdakik.com\/index.php?rest_route=%2Fwp%2Fv2%2Ftags&post=88367"}],"curies":[{"name":"wp","href":"https:\/\/api.w.org\/{rel}","templated":true}]}}