{"id":88512,"date":"2025-08-17T13:34:03","date_gmt":"2025-08-17T10:34:03","guid":{"rendered":"https:\/\/kibrisdakik.com\/index.php\/2025\/08\/17\/isvecte-cuma-namazi-cikisinda-silahli-saldiri-2-yarali-2\/"},"modified":"2025-08-17T13:34:03","modified_gmt":"2025-08-17T10:34:03","slug":"isvecte-cuma-namazi-cikisinda-silahli-saldiri-2-yarali-2","status":"publish","type":"post","link":"https:\/\/kibrisdakik.com\/?p=88512","title":{"rendered":"\u0130sve\u00e7&#8217;te cuma namaz\u0131 \u00e7\u0131k\u0131\u015f\u0131nda silahl\u0131 sald\u0131r\u0131: 2 yaral\u0131"},"content":{"rendered":"<p><\/p>\n<div>\n<p>&#13;<br \/>\n\t\u00d6rebro Polisinin resmi internet sitesinden yap\u0131lan a\u00e7\u0131klamada, yerel saatle 13.45&#8217;te \u00d6rebro&#8217;daki cami yak\u0131nlar\u0131nda silah sesi duyuldu\u011funa dair bir ihbar al\u0131nd\u0131\u011f\u0131 belirtildi.<\/p>\n<p>&#13;<br \/>\n\tA\u00e7\u0131klamada, ihbar\u0131n ard\u0131ndan polis ekiplerinin olay yerine intikal etti\u011fi ve sald\u0131r\u0131da yaral\u0131lar\u0131n oldu\u011fu aktar\u0131ld\u0131.<\/p>\n<p>&#13;<br \/>\n\tVatanda\u015flara olay yerinden uzak durmalar\u0131 \u00e7a\u011fr\u0131s\u0131 yap\u0131lan a\u00e7\u0131klamada, olaya ili\u015fkin soru\u015fturma a\u00e7\u0131ld\u0131\u011f\u0131 kaydedildi.<\/p>\n<p>&#13;<br \/>\n\t\u0130sve\u00e7 devlet televizyonu SVT&#8217;nin haberine g\u00f6re, Polis S\u00f6zc\u00fcs\u00fc Lars Hedelin, sald\u0131r\u0131da 2 ki\u015finin yaraland\u0131\u011f\u0131n\u0131 duyurdu.<\/p>\n<p>&#13;<br \/>\n\t\u00d6rebro Polisinden yap\u0131lan di\u011fer bir a\u00e7\u0131klamada, sald\u0131r\u0131yla ilgili mevcut bilgilere g\u00f6re polisin, olay\u0131n &#8220;su\u00e7 \u015febekesiyle ba\u011flant\u0131l\u0131&#8221; oldu\u011funu de\u011ferlendirdi\u011fi belirtildi.<\/p>\n<p>&#13;<br \/>\n\tPolis, \u015f\u00fcpheliyi yakalamak i\u00e7in geni\u015f \u00e7apl\u0131 operasyon y\u00fcr\u00fct\u00fcyor.<\/p>\n<p>&#13;<br \/>\n\t\u0130sve\u00e7 \u0130slam Federasyonu Ba\u015fkan\u0131 Tahir Akan, sald\u0131r\u0131ya ili\u015fkin a\u00e7\u0131klama yapt\u0131.<\/p>\n<p>&#13;<br \/>\n\tAkan, sald\u0131r\u0131n\u0131n cami ve cami cemaatine y\u00f6nelik olmad\u0131\u011f\u0131n\u0131 ve &#8220;\u0131rk\u00e7\u0131l\u0131k&#8221; saikiyle yap\u0131lmad\u0131\u011f\u0131n\u0131 s\u00f6yledi.<\/p>\n<p>&#13;<br \/>\n\tCami yak\u0131n\u0131nda bekleyen bir ki\u015finin cuma namaz\u0131 k\u0131lan iki ki\u015fiyle &#8220;\u00f6zel husumeti&#8221; oldu\u011funu aktaran Akan, &#8220;Sald\u0131ran, \u00f6nceden planlad\u0131\u011f\u0131 gibi cuma namaz\u0131 \u00e7\u0131k\u0131\u015f\u0131 husumetli oldu\u011fu iki ki\u015fiyi ate\u015f ederek vuruyor. Cemaatin i\u00e7inde doktor oldu\u011fu i\u00e7in ilk m\u00fcdahaleyi doktor yap\u0131yor. Vurulanlardan birinin a\u011f\u0131r, di\u011ferinin hafif yaral\u0131 oldu\u011fu bilgisini ald\u0131m.&#8221; diye konu\u015ftu.<\/p>\n<\/p><\/div>\n","protected":false},"excerpt":{"rendered":"<p>&#13; \u00d6rebro Polisinin resmi internet sitesinden yap\u0131lan a\u00e7\u0131klamada, yerel saatle 13.45&#8217;te \u00d6rebro&#8217;daki cami yak\u0131nlar\u0131nda silah sesi duyuldu\u011funa dair bir ihbar al\u0131nd\u0131\u011f\u0131 belirtildi. &#13; A\u00e7\u0131klamada, ihbar\u0131n ard\u0131ndan polis ekiplerinin olay yerine intikal etti\u011fi ve sald\u0131r\u0131da yaral\u0131lar\u0131n oldu\u011fu aktar\u0131ld\u0131. &#13; Vatanda\u015flara olay yerinden uzak durmalar\u0131 \u00e7a\u011fr\u0131s\u0131 yap\u0131lan a\u00e7\u0131klamada, olaya ili\u015fkin soru\u015fturma a\u00e7\u0131ld\u0131\u011f\u0131 kaydedildi. &#13; \u0130sve\u00e7 devlet televizyonu<\/p>\n","protected":false},"author":1,"featured_media":88513,"comment_status":"open","ping_status":"open","sticky":false,"template":"","format":"standard","meta":{"footnotes":""},"categories":[101,86],"tags":[],"class_list":["post-88512","post","type-post","status-publish","format-standard","has-post-thumbnail","hentry","category-manset","category-turkiye"],"yoast_head":"<!-- This site is optimized with the Yoast SEO plugin v27.5 - https:\/\/yoast.com\/product\/yoast-seo-wordpress\/ -->\n<title>\u0130sve\u00e7&#039;te cuma namaz\u0131 \u00e7\u0131k\u0131\u015f\u0131nda silahl\u0131 sald\u0131r\u0131: 2 yaral\u0131 -<\/title>\n<meta name=\"robots\" content=\"index, follow, max-snippet:-1, max-image-preview:large, max-video-preview:-1\" \/>\n<link rel=\"canonical\" href=\"https:\/\/kibrisdakik.com\/?p=88512\" \/>\n<meta property=\"og:locale\" content=\"tr_TR\" \/>\n<meta property=\"og:type\" content=\"article\" \/>\n<meta property=\"og:title\" content=\"\u0130sve\u00e7&#039;te cuma namaz\u0131 \u00e7\u0131k\u0131\u015f\u0131nda silahl\u0131 sald\u0131r\u0131: 2 yaral\u0131 -\" \/>\n<meta property=\"og:description\" content=\"&#013; \u00d6rebro Polisinin resmi internet sitesinden yap\u0131lan a\u00e7\u0131klamada, yerel saatle 13.45&#8217;te \u00d6rebro&#8217;daki cami yak\u0131nlar\u0131nda silah sesi duyuldu\u011funa dair bir ihbar al\u0131nd\u0131\u011f\u0131 belirtildi. &#013; A\u00e7\u0131klamada, ihbar\u0131n ard\u0131ndan polis ekiplerinin olay yerine intikal etti\u011fi ve sald\u0131r\u0131da yaral\u0131lar\u0131n oldu\u011fu aktar\u0131ld\u0131. &#013; Vatanda\u015flara olay yerinden uzak durmalar\u0131 \u00e7a\u011fr\u0131s\u0131 yap\u0131lan a\u00e7\u0131klamada, olaya ili\u015fkin soru\u015fturma a\u00e7\u0131ld\u0131\u011f\u0131 kaydedildi. &#013; \u0130sve\u00e7 devlet televizyonu\" \/>\n<meta property=\"og:url\" content=\"https:\/\/kibrisdakik.com\/?p=88512\" \/>\n<meta property=\"article:published_time\" content=\"2025-08-17T10:34:03+00:00\" \/>\n<meta property=\"og:image\" content=\"https:\/\/kibrisdakik.com\/wp-content\/uploads\/2025\/08\/1755426849_isvec-polis-1486928-740x420.jpg\" \/>\n\t<meta property=\"og:image:width\" content=\"1280\" \/>\n\t<meta property=\"og:image:height\" content=\"720\" \/>\n\t<meta property=\"og:image:type\" content=\"image\/jpeg\" \/>\n<meta name=\"author\" content=\"admin\" \/>\n<meta name=\"twitter:card\" content=\"summary_large_image\" \/>\n<meta name=\"twitter:label1\" content=\"Yazan:\" \/>\n\t<meta name=\"twitter:data1\" content=\"admin\" \/>\n\t<meta name=\"twitter:label2\" content=\"Tahmini okuma s\u00fcresi\" \/>\n\t<meta name=\"twitter:data2\" content=\"1 dakika\" \/>\n<script type=\"application\/ld+json\" class=\"yoast-schema-graph\">{\"@context\":\"https:\\\/\\\/schema.org\",\"@graph\":[{\"@type\":\"Article\",\"@id\":\"https:\\\/\\\/kibrisdakik.com\\\/?p=88512#article\",\"isPartOf\":{\"@id\":\"https:\\\/\\\/kibrisdakik.com\\\/?p=88512\"},\"author\":{\"name\":\"admin\",\"@id\":\"https:\\\/\\\/kibrisdakik.com\\\/#\\\/schema\\\/person\\\/9cd9d437bbb44f72b73ba127e06d8e79\"},\"headline\":\"\u0130sve\u00e7&#8217;te cuma namaz\u0131 \u00e7\u0131k\u0131\u015f\u0131nda silahl\u0131 sald\u0131r\u0131: 2 yaral\u0131\",\"datePublished\":\"2025-08-17T10:34:03+00:00\",\"mainEntityOfPage\":{\"@id\":\"https:\\\/\\\/kibrisdakik.com\\\/?p=88512\"},\"wordCount\":252,\"commentCount\":0,\"image\":{\"@id\":\"https:\\\/\\\/kibrisdakik.com\\\/?p=88512#primaryimage\"},\"thumbnailUrl\":\"https:\\\/\\\/kibrisdakik.com\\\/wp-content\\\/uploads\\\/2025\\\/08\\\/1755426849_isvec-polis-1486928-740x420.jpg\",\"articleSection\":[\"Man\u015fet\",\"T\u00fcrkiye\"],\"inLanguage\":\"tr\",\"potentialAction\":[{\"@type\":\"CommentAction\",\"name\":\"Comment\",\"target\":[\"https:\\\/\\\/kibrisdakik.com\\\/?p=88512#respond\"]}]},{\"@type\":\"WebPage\",\"@id\":\"https:\\\/\\\/kibrisdakik.com\\\/?p=88512\",\"url\":\"https:\\\/\\\/kibrisdakik.com\\\/?p=88512\",\"name\":\"\u0130sve\u00e7'te cuma namaz\u0131 \u00e7\u0131k\u0131\u015f\u0131nda silahl\u0131 sald\u0131r\u0131: 2 yaral\u0131 -\",\"isPartOf\":{\"@id\":\"https:\\\/\\\/kibrisdakik.com\\\/#website\"},\"primaryImageOfPage\":{\"@id\":\"https:\\\/\\\/kibrisdakik.com\\\/?p=88512#primaryimage\"},\"image\":{\"@id\":\"https:\\\/\\\/kibrisdakik.com\\\/?p=88512#primaryimage\"},\"thumbnailUrl\":\"https:\\\/\\\/kibrisdakik.com\\\/wp-content\\\/uploads\\\/2025\\\/08\\\/1755426849_isvec-polis-1486928-740x420.jpg\",\"datePublished\":\"2025-08-17T10:34:03+00:00\",\"author\":{\"@id\":\"https:\\\/\\\/kibrisdakik.com\\\/#\\\/schema\\\/person\\\/9cd9d437bbb44f72b73ba127e06d8e79\"},\"breadcrumb\":{\"@id\":\"https:\\\/\\\/kibrisdakik.com\\\/?p=88512#breadcrumb\"},\"inLanguage\":\"tr\",\"potentialAction\":[{\"@type\":\"ReadAction\",\"target\":[\"https:\\\/\\\/kibrisdakik.com\\\/?p=88512\"]}]},{\"@type\":\"ImageObject\",\"inLanguage\":\"tr\",\"@id\":\"https:\\\/\\\/kibrisdakik.com\\\/?p=88512#primaryimage\",\"url\":\"https:\\\/\\\/kibrisdakik.com\\\/wp-content\\\/uploads\\\/2025\\\/08\\\/1755426849_isvec-polis-1486928-740x420.jpg\",\"contentUrl\":\"https:\\\/\\\/kibrisdakik.com\\\/wp-content\\\/uploads\\\/2025\\\/08\\\/1755426849_isvec-polis-1486928-740x420.jpg\",\"width\":1280,\"height\":720},{\"@type\":\"BreadcrumbList\",\"@id\":\"https:\\\/\\\/kibrisdakik.com\\\/?p=88512#breadcrumb\",\"itemListElement\":[{\"@type\":\"ListItem\",\"position\":1,\"name\":\"Home\",\"item\":\"https:\\\/\\\/kibrisdakik.com\\\/\"},{\"@type\":\"ListItem\",\"position\":2,\"name\":\"\u0130sve\u00e7&#8217;te cuma namaz\u0131 \u00e7\u0131k\u0131\u015f\u0131nda silahl\u0131 sald\u0131r\u0131: 2 yaral\u0131\"}]},{\"@type\":\"WebSite\",\"@id\":\"https:\\\/\\\/kibrisdakik.com\\\/#website\",\"url\":\"https:\\\/\\\/kibrisdakik.com\\\/\",\"name\":\"\",\"description\":\"Tam vaktinde haber\",\"potentialAction\":[{\"@type\":\"SearchAction\",\"target\":{\"@type\":\"EntryPoint\",\"urlTemplate\":\"https:\\\/\\\/kibrisdakik.com\\\/?s={search_term_string}\"},\"query-input\":{\"@type\":\"PropertyValueSpecification\",\"valueRequired\":true,\"valueName\":\"search_term_string\"}}],\"inLanguage\":\"tr\"},{\"@type\":\"Person\",\"@id\":\"https:\\\/\\\/kibrisdakik.com\\\/#\\\/schema\\\/person\\\/9cd9d437bbb44f72b73ba127e06d8e79\",\"name\":\"admin\",\"image\":{\"@type\":\"ImageObject\",\"inLanguage\":\"tr\",\"@id\":\"https:\\\/\\\/secure.gravatar.com\\\/avatar\\\/ccc17943b9d660506c869530f897617f7cb1c21a4bf30023f252596d83e1f007?s=96&d=mm&r=g\",\"url\":\"https:\\\/\\\/secure.gravatar.com\\\/avatar\\\/ccc17943b9d660506c869530f897617f7cb1c21a4bf30023f252596d83e1f007?s=96&d=mm&r=g\",\"contentUrl\":\"https:\\\/\\\/secure.gravatar.com\\\/avatar\\\/ccc17943b9d660506c869530f897617f7cb1c21a4bf30023f252596d83e1f007?s=96&d=mm&r=g\",\"caption\":\"admin\"},\"sameAs\":[\"https:\\\/\\\/kibrisdakik.com\"],\"url\":\"https:\\\/\\\/kibrisdakik.com\\\/?author=1\"}]}<\/script>\n<!-- \/ Yoast SEO plugin. -->","yoast_head_json":{"title":"\u0130sve\u00e7'te cuma namaz\u0131 \u00e7\u0131k\u0131\u015f\u0131nda silahl\u0131 sald\u0131r\u0131: 2 yaral\u0131 -","robots":{"index":"index","follow":"follow","max-snippet":"max-snippet:-1","max-image-preview":"max-image-preview:large","max-video-preview":"max-video-preview:-1"},"canonical":"https:\/\/kibrisdakik.com\/?p=88512","og_locale":"tr_TR","og_type":"article","og_title":"\u0130sve\u00e7'te cuma namaz\u0131 \u00e7\u0131k\u0131\u015f\u0131nda silahl\u0131 sald\u0131r\u0131: 2 yaral\u0131 -","og_description":"&#13; \u00d6rebro Polisinin resmi internet sitesinden yap\u0131lan a\u00e7\u0131klamada, yerel saatle 13.45&#8217;te \u00d6rebro&#8217;daki cami yak\u0131nlar\u0131nda silah sesi duyuldu\u011funa dair bir ihbar al\u0131nd\u0131\u011f\u0131 belirtildi. &#13; A\u00e7\u0131klamada, ihbar\u0131n ard\u0131ndan polis ekiplerinin olay yerine intikal etti\u011fi ve sald\u0131r\u0131da yaral\u0131lar\u0131n oldu\u011fu aktar\u0131ld\u0131. &#13; Vatanda\u015flara olay yerinden uzak durmalar\u0131 \u00e7a\u011fr\u0131s\u0131 yap\u0131lan a\u00e7\u0131klamada, olaya ili\u015fkin soru\u015fturma a\u00e7\u0131ld\u0131\u011f\u0131 kaydedildi. &#13; \u0130sve\u00e7 devlet televizyonu","og_url":"https:\/\/kibrisdakik.com\/?p=88512","article_published_time":"2025-08-17T10:34:03+00:00","og_image":[{"width":1280,"height":720,"url":"https:\/\/kibrisdakik.com\/wp-content\/uploads\/2025\/08\/1755426849_isvec-polis-1486928-740x420.jpg","type":"image\/jpeg"}],"author":"admin","twitter_card":"summary_large_image","twitter_misc":{"Yazan:":"admin","Tahmini okuma s\u00fcresi":"1 dakika"},"schema":{"@context":"https:\/\/schema.org","@graph":[{"@type":"Article","@id":"https:\/\/kibrisdakik.com\/?p=88512#article","isPartOf":{"@id":"https:\/\/kibrisdakik.com\/?p=88512"},"author":{"name":"admin","@id":"https:\/\/kibrisdakik.com\/#\/schema\/person\/9cd9d437bbb44f72b73ba127e06d8e79"},"headline":"\u0130sve\u00e7&#8217;te cuma namaz\u0131 \u00e7\u0131k\u0131\u015f\u0131nda silahl\u0131 sald\u0131r\u0131: 2 yaral\u0131","datePublished":"2025-08-17T10:34:03+00:00","mainEntityOfPage":{"@id":"https:\/\/kibrisdakik.com\/?p=88512"},"wordCount":252,"commentCount":0,"image":{"@id":"https:\/\/kibrisdakik.com\/?p=88512#primaryimage"},"thumbnailUrl":"https:\/\/kibrisdakik.com\/wp-content\/uploads\/2025\/08\/1755426849_isvec-polis-1486928-740x420.jpg","articleSection":["Man\u015fet","T\u00fcrkiye"],"inLanguage":"tr","potentialAction":[{"@type":"CommentAction","name":"Comment","target":["https:\/\/kibrisdakik.com\/?p=88512#respond"]}]},{"@type":"WebPage","@id":"https:\/\/kibrisdakik.com\/?p=88512","url":"https:\/\/kibrisdakik.com\/?p=88512","name":"\u0130sve\u00e7'te cuma namaz\u0131 \u00e7\u0131k\u0131\u015f\u0131nda silahl\u0131 sald\u0131r\u0131: 2 yaral\u0131 -","isPartOf":{"@id":"https:\/\/kibrisdakik.com\/#website"},"primaryImageOfPage":{"@id":"https:\/\/kibrisdakik.com\/?p=88512#primaryimage"},"image":{"@id":"https:\/\/kibrisdakik.com\/?p=88512#primaryimage"},"thumbnailUrl":"https:\/\/kibrisdakik.com\/wp-content\/uploads\/2025\/08\/1755426849_isvec-polis-1486928-740x420.jpg","datePublished":"2025-08-17T10:34:03+00:00","author":{"@id":"https:\/\/kibrisdakik.com\/#\/schema\/person\/9cd9d437bbb44f72b73ba127e06d8e79"},"breadcrumb":{"@id":"https:\/\/kibrisdakik.com\/?p=88512#breadcrumb"},"inLanguage":"tr","potentialAction":[{"@type":"ReadAction","target":["https:\/\/kibrisdakik.com\/?p=88512"]}]},{"@type":"ImageObject","inLanguage":"tr","@id":"https:\/\/kibrisdakik.com\/?p=88512#primaryimage","url":"https:\/\/kibrisdakik.com\/wp-content\/uploads\/2025\/08\/1755426849_isvec-polis-1486928-740x420.jpg","contentUrl":"https:\/\/kibrisdakik.com\/wp-content\/uploads\/2025\/08\/1755426849_isvec-polis-1486928-740x420.jpg","width":1280,"height":720},{"@type":"BreadcrumbList","@id":"https:\/\/kibrisdakik.com\/?p=88512#breadcrumb","itemListElement":[{"@type":"ListItem","position":1,"name":"Home","item":"https:\/\/kibrisdakik.com\/"},{"@type":"ListItem","position":2,"name":"\u0130sve\u00e7&#8217;te cuma namaz\u0131 \u00e7\u0131k\u0131\u015f\u0131nda silahl\u0131 sald\u0131r\u0131: 2 yaral\u0131"}]},{"@type":"WebSite","@id":"https:\/\/kibrisdakik.com\/#website","url":"https:\/\/kibrisdakik.com\/","name":"","description":"Tam vaktinde haber","potentialAction":[{"@type":"SearchAction","target":{"@type":"EntryPoint","urlTemplate":"https:\/\/kibrisdakik.com\/?s={search_term_string}"},"query-input":{"@type":"PropertyValueSpecification","valueRequired":true,"valueName":"search_term_string"}}],"inLanguage":"tr"},{"@type":"Person","@id":"https:\/\/kibrisdakik.com\/#\/schema\/person\/9cd9d437bbb44f72b73ba127e06d8e79","name":"admin","image":{"@type":"ImageObject","inLanguage":"tr","@id":"https:\/\/secure.gravatar.com\/avatar\/ccc17943b9d660506c869530f897617f7cb1c21a4bf30023f252596d83e1f007?s=96&d=mm&r=g","url":"https:\/\/secure.gravatar.com\/avatar\/ccc17943b9d660506c869530f897617f7cb1c21a4bf30023f252596d83e1f007?s=96&d=mm&r=g","contentUrl":"https:\/\/secure.gravatar.com\/avatar\/ccc17943b9d660506c869530f897617f7cb1c21a4bf30023f252596d83e1f007?s=96&d=mm&r=g","caption":"admin"},"sameAs":["https:\/\/kibrisdakik.com"],"url":"https:\/\/kibrisdakik.com\/?author=1"}]}},"_links":{"self":[{"href":"https:\/\/kibrisdakik.com\/index.php?rest_route=\/wp\/v2\/posts\/88512","targetHints":{"allow":["GET"]}}],"collection":[{"href":"https:\/\/kibrisdakik.com\/index.php?rest_route=\/wp\/v2\/posts"}],"about":[{"href":"https:\/\/kibrisdakik.com\/index.php?rest_route=\/wp\/v2\/types\/post"}],"author":[{"embeddable":true,"href":"https:\/\/kibrisdakik.com\/index.php?rest_route=\/wp\/v2\/users\/1"}],"replies":[{"embeddable":true,"href":"https:\/\/kibrisdakik.com\/index.php?rest_route=%2Fwp%2Fv2%2Fcomments&post=88512"}],"version-history":[{"count":0,"href":"https:\/\/kibrisdakik.com\/index.php?rest_route=\/wp\/v2\/posts\/88512\/revisions"}],"wp:featuredmedia":[{"embeddable":true,"href":"https:\/\/kibrisdakik.com\/index.php?rest_route=\/wp\/v2\/media\/88513"}],"wp:attachment":[{"href":"https:\/\/kibrisdakik.com\/index.php?rest_route=%2Fwp%2Fv2%2Fmedia&parent=88512"}],"wp:term":[{"taxonomy":"category","embeddable":true,"href":"https:\/\/kibrisdakik.com\/index.php?rest_route=%2Fwp%2Fv2%2Fcategories&post=88512"},{"taxonomy":"post_tag","embeddable":true,"href":"https:\/\/kibrisdakik.com\/index.php?rest_route=%2Fwp%2Fv2%2Ftags&post=88512"}],"curies":[{"name":"wp","href":"https:\/\/api.w.org\/{rel}","templated":true}]}}