{"id":88586,"date":"2025-08-17T17:01:01","date_gmt":"2025-08-17T14:01:01","guid":{"rendered":"https:\/\/kibrisdakik.com\/index.php\/2025\/08\/17\/yeni-haftada-ekonomi-gundemi-yogun\/"},"modified":"2025-08-17T17:01:01","modified_gmt":"2025-08-17T14:01:01","slug":"yeni-haftada-ekonomi-gundemi-yogun","status":"publish","type":"post","link":"https:\/\/kibrisdakik.com\/?p=88586","title":{"rendered":"Yeni haftada ekonomi g\u00fcndemi yo\u011fun"},"content":{"rendered":"<p><\/p>\n<div>\n<p>&#13;<br \/>\n\tYeni haftada ekonomi g\u00fcndemi yo\u011fun&#8230;<\/p>\n<p>&#13;<br \/>\n\tYurt i\u00e7inde kamuda 8. d\u00f6nem toplu s\u00f6zle\u015fme s\u00fcrecine ili\u015fkin toplant\u0131lar takip edilecek. H\u00fck\u00fcmet ge\u00e7en hafta ikinci teklifini a\u00e7\u0131klad\u0131. Taban \u00fccretlere bin lira art\u0131\u015f \u00f6nerildi. Toplu s\u00f6zle\u015fmede s\u00fcre\u00e7 en ge\u00e7 31 A\u011fustos&#8217;ta sona erecek.<\/p>\n<p>&#13;<br \/>\n\tUzla\u015fma olmazsa Kamu G\u00f6revlileri Hakem Kurulu devreye girecek. Kurulun verece\u011fi karar ba\u011flay\u0131c\u0131 olacak.<\/p>\n<h2>&#13;<br \/>\n\t\u0130kinci \u00e7eyrek i\u015fsizlik oran\u0131 belli olacak<\/h2>\n<p>&#13;<br \/>\n\tT\u00fcrkiye \u0130statistik Kurumu sal\u0131 g\u00fcn\u00fc ikinci \u00e7eyrek i\u015fsizlik oran\u0131n\u0131 a\u00e7\u0131klayacak. \u0130lk \u00e7eyrekte i\u015fsizlik y\u00fczde 8 virg\u00fcl 2 oldu. Mart ay\u0131nda oran y\u00fczde 7,9\u2019a gerilemi\u015fti. Ayl\u0131k bazda 2005\u2019ten bu yana en d\u00fc\u015f\u00fck d\u00fczey g\u00f6r\u00fcld\u00fc.<\/p>\n<p>&#13;<br \/>\n\tPer\u015fembe g\u00fcn\u00fc t\u00fcketici g\u00fcven endeksi belli olacak. Temmuz ay\u0131nda endeks y\u00fczde 1,8 gerileyerek 83,5 oldu. A\u011fustos rakamlar\u0131 i\u00e7 talep ve beklentiler i\u00e7in ipucu verecek.<\/p>\n<h2>&#13;<br \/>\n\tK\u00fcresel cephede g\u00f6zler ABD&#8217;de<\/h2>\n<p>&#13;<br \/>\n\tK\u00fcresel cephede de takvim hareketli&#8230;<\/p>\n<p>&#13;<br \/>\n\t\u00c7er\u015famba Avro B\u00f6lgesi&#8217;nde enflasyon, cuma Almanya&#8217;da b\u00fcy\u00fcme verileri a\u00e7\u0131klanacak. Amerikan Merkez Bankas\u0131 FED&#8217;in ge\u00e7en haftaki faiz karar\u0131na dair tutanaklar \u00e7ar\u015famba g\u00fcn\u00fc belli olacak.<\/p>\n<p>&#13;<br \/>\n\tEn \u00f6nemli g\u00fcndem maddesi olarak ise 21-23 A\u011fustos&#8217;ta Amerika Birle\u015fik Devletleri&#8217;nin Jackson Hole\u00a0 kasabas\u0131nda ger\u00e7ekle\u015ftirilecek toplant\u0131 \u00f6ne \u00e7\u0131k\u0131yor.<\/p>\n<p>&#13;<br \/>\n\tMerkez Bankas\u0131 yetkililerinin sempozyumda verece\u011fi mesajlar yak\u0131ndan takip edilecek.<br \/>&#13;<br \/>\n\tFed Ba\u015fkan\u0131 Powell ise mesajlar\u0131n\u0131, cuma g\u00fcn\u00fc verecek.\u00a0<\/p>\n<\/p><\/div>\n","protected":false},"excerpt":{"rendered":"<p>&#13; Yeni haftada ekonomi g\u00fcndemi yo\u011fun&#8230; &#13; Yurt i\u00e7inde kamuda 8. d\u00f6nem toplu s\u00f6zle\u015fme s\u00fcrecine ili\u015fkin toplant\u0131lar takip edilecek. H\u00fck\u00fcmet ge\u00e7en hafta ikinci teklifini a\u00e7\u0131klad\u0131. Taban \u00fccretlere bin lira art\u0131\u015f \u00f6nerildi. Toplu s\u00f6zle\u015fmede s\u00fcre\u00e7 en ge\u00e7 31 A\u011fustos&#8217;ta sona erecek. &#13; Uzla\u015fma olmazsa Kamu G\u00f6revlileri Hakem Kurulu devreye girecek. Kurulun verece\u011fi karar ba\u011flay\u0131c\u0131 olacak. &#13;<\/p>\n","protected":false},"author":1,"featured_media":88587,"comment_status":"open","ping_status":"open","sticky":false,"template":"","format":"standard","meta":{"footnotes":""},"categories":[101,86],"tags":[],"class_list":["post-88586","post","type-post","status-publish","format-standard","has-post-thumbnail","hentry","category-manset","category-turkiye"],"yoast_head":"<!-- This site is optimized with the Yoast SEO plugin v27.4 - https:\/\/yoast.com\/product\/yoast-seo-wordpress\/ -->\n<title>Yeni haftada ekonomi g\u00fcndemi yo\u011fun -<\/title>\n<meta name=\"robots\" content=\"index, follow, max-snippet:-1, max-image-preview:large, max-video-preview:-1\" \/>\n<link rel=\"canonical\" href=\"https:\/\/kibrisdakik.com\/?p=88586\" \/>\n<meta property=\"og:locale\" content=\"tr_TR\" \/>\n<meta property=\"og:type\" content=\"article\" \/>\n<meta property=\"og:title\" content=\"Yeni haftada ekonomi g\u00fcndemi yo\u011fun -\" \/>\n<meta property=\"og:description\" content=\"&#013; Yeni haftada ekonomi g\u00fcndemi yo\u011fun&#8230; &#013; Yurt i\u00e7inde kamuda 8. d\u00f6nem toplu s\u00f6zle\u015fme s\u00fcrecine ili\u015fkin toplant\u0131lar takip edilecek. H\u00fck\u00fcmet ge\u00e7en hafta ikinci teklifini a\u00e7\u0131klad\u0131. Taban \u00fccretlere bin lira art\u0131\u015f \u00f6nerildi. Toplu s\u00f6zle\u015fmede s\u00fcre\u00e7 en ge\u00e7 31 A\u011fustos&#8217;ta sona erecek. &#013; Uzla\u015fma olmazsa Kamu G\u00f6revlileri Hakem Kurulu devreye girecek. Kurulun verece\u011fi karar ba\u011flay\u0131c\u0131 olacak. &#013;\" \/>\n<meta property=\"og:url\" content=\"https:\/\/kibrisdakik.com\/?p=88586\" \/>\n<meta property=\"article:published_time\" content=\"2025-08-17T14:01:01+00:00\" \/>\n<meta property=\"og:image\" content=\"https:\/\/kibrisdakik.com\/wp-content\/uploads\/2025\/08\/ekonomi-grafik-getty-1529756-740x420.jpg\" \/>\n\t<meta property=\"og:image:width\" content=\"1280\" \/>\n\t<meta property=\"og:image:height\" content=\"720\" \/>\n\t<meta property=\"og:image:type\" content=\"image\/jpeg\" \/>\n<meta name=\"author\" content=\"admin\" \/>\n<meta name=\"twitter:card\" content=\"summary_large_image\" \/>\n<meta name=\"twitter:label1\" content=\"Yazan:\" \/>\n\t<meta name=\"twitter:data1\" content=\"admin\" \/>\n\t<meta name=\"twitter:label2\" content=\"Tahmini okuma s\u00fcresi\" \/>\n\t<meta name=\"twitter:data2\" content=\"1 dakika\" \/>\n<script type=\"application\/ld+json\" class=\"yoast-schema-graph\">{\"@context\":\"https:\\\/\\\/schema.org\",\"@graph\":[{\"@type\":\"Article\",\"@id\":\"https:\\\/\\\/kibrisdakik.com\\\/?p=88586#article\",\"isPartOf\":{\"@id\":\"https:\\\/\\\/kibrisdakik.com\\\/?p=88586\"},\"author\":{\"name\":\"admin\",\"@id\":\"https:\\\/\\\/kibrisdakik.com\\\/#\\\/schema\\\/person\\\/9cd9d437bbb44f72b73ba127e06d8e79\"},\"headline\":\"Yeni haftada ekonomi g\u00fcndemi yo\u011fun\",\"datePublished\":\"2025-08-17T14:01:01+00:00\",\"mainEntityOfPage\":{\"@id\":\"https:\\\/\\\/kibrisdakik.com\\\/?p=88586\"},\"wordCount\":253,\"commentCount\":0,\"image\":{\"@id\":\"https:\\\/\\\/kibrisdakik.com\\\/?p=88586#primaryimage\"},\"thumbnailUrl\":\"https:\\\/\\\/kibrisdakik.com\\\/wp-content\\\/uploads\\\/2025\\\/08\\\/ekonomi-grafik-getty-1529756-740x420.jpg\",\"articleSection\":[\"Man\u015fet\",\"T\u00fcrkiye\"],\"inLanguage\":\"tr\",\"potentialAction\":[{\"@type\":\"CommentAction\",\"name\":\"Comment\",\"target\":[\"https:\\\/\\\/kibrisdakik.com\\\/?p=88586#respond\"]}]},{\"@type\":\"WebPage\",\"@id\":\"https:\\\/\\\/kibrisdakik.com\\\/?p=88586\",\"url\":\"https:\\\/\\\/kibrisdakik.com\\\/?p=88586\",\"name\":\"Yeni haftada ekonomi g\u00fcndemi yo\u011fun -\",\"isPartOf\":{\"@id\":\"https:\\\/\\\/kibrisdakik.com\\\/#website\"},\"primaryImageOfPage\":{\"@id\":\"https:\\\/\\\/kibrisdakik.com\\\/?p=88586#primaryimage\"},\"image\":{\"@id\":\"https:\\\/\\\/kibrisdakik.com\\\/?p=88586#primaryimage\"},\"thumbnailUrl\":\"https:\\\/\\\/kibrisdakik.com\\\/wp-content\\\/uploads\\\/2025\\\/08\\\/ekonomi-grafik-getty-1529756-740x420.jpg\",\"datePublished\":\"2025-08-17T14:01:01+00:00\",\"author\":{\"@id\":\"https:\\\/\\\/kibrisdakik.com\\\/#\\\/schema\\\/person\\\/9cd9d437bbb44f72b73ba127e06d8e79\"},\"breadcrumb\":{\"@id\":\"https:\\\/\\\/kibrisdakik.com\\\/?p=88586#breadcrumb\"},\"inLanguage\":\"tr\",\"potentialAction\":[{\"@type\":\"ReadAction\",\"target\":[\"https:\\\/\\\/kibrisdakik.com\\\/?p=88586\"]}]},{\"@type\":\"ImageObject\",\"inLanguage\":\"tr\",\"@id\":\"https:\\\/\\\/kibrisdakik.com\\\/?p=88586#primaryimage\",\"url\":\"https:\\\/\\\/kibrisdakik.com\\\/wp-content\\\/uploads\\\/2025\\\/08\\\/ekonomi-grafik-getty-1529756-740x420.jpg\",\"contentUrl\":\"https:\\\/\\\/kibrisdakik.com\\\/wp-content\\\/uploads\\\/2025\\\/08\\\/ekonomi-grafik-getty-1529756-740x420.jpg\",\"width\":1280,\"height\":720},{\"@type\":\"BreadcrumbList\",\"@id\":\"https:\\\/\\\/kibrisdakik.com\\\/?p=88586#breadcrumb\",\"itemListElement\":[{\"@type\":\"ListItem\",\"position\":1,\"name\":\"Home\",\"item\":\"https:\\\/\\\/kibrisdakik.com\\\/\"},{\"@type\":\"ListItem\",\"position\":2,\"name\":\"Yeni haftada ekonomi g\u00fcndemi yo\u011fun\"}]},{\"@type\":\"WebSite\",\"@id\":\"https:\\\/\\\/kibrisdakik.com\\\/#website\",\"url\":\"https:\\\/\\\/kibrisdakik.com\\\/\",\"name\":\"\",\"description\":\"Tam vaktinde haber\",\"potentialAction\":[{\"@type\":\"SearchAction\",\"target\":{\"@type\":\"EntryPoint\",\"urlTemplate\":\"https:\\\/\\\/kibrisdakik.com\\\/?s={search_term_string}\"},\"query-input\":{\"@type\":\"PropertyValueSpecification\",\"valueRequired\":true,\"valueName\":\"search_term_string\"}}],\"inLanguage\":\"tr\"},{\"@type\":\"Person\",\"@id\":\"https:\\\/\\\/kibrisdakik.com\\\/#\\\/schema\\\/person\\\/9cd9d437bbb44f72b73ba127e06d8e79\",\"name\":\"admin\",\"image\":{\"@type\":\"ImageObject\",\"inLanguage\":\"tr\",\"@id\":\"https:\\\/\\\/secure.gravatar.com\\\/avatar\\\/ccc17943b9d660506c869530f897617f7cb1c21a4bf30023f252596d83e1f007?s=96&d=mm&r=g\",\"url\":\"https:\\\/\\\/secure.gravatar.com\\\/avatar\\\/ccc17943b9d660506c869530f897617f7cb1c21a4bf30023f252596d83e1f007?s=96&d=mm&r=g\",\"contentUrl\":\"https:\\\/\\\/secure.gravatar.com\\\/avatar\\\/ccc17943b9d660506c869530f897617f7cb1c21a4bf30023f252596d83e1f007?s=96&d=mm&r=g\",\"caption\":\"admin\"},\"sameAs\":[\"https:\\\/\\\/kibrisdakik.com\"],\"url\":\"https:\\\/\\\/kibrisdakik.com\\\/?author=1\"}]}<\/script>\n<!-- \/ Yoast SEO plugin. -->","yoast_head_json":{"title":"Yeni haftada ekonomi g\u00fcndemi yo\u011fun -","robots":{"index":"index","follow":"follow","max-snippet":"max-snippet:-1","max-image-preview":"max-image-preview:large","max-video-preview":"max-video-preview:-1"},"canonical":"https:\/\/kibrisdakik.com\/?p=88586","og_locale":"tr_TR","og_type":"article","og_title":"Yeni haftada ekonomi g\u00fcndemi yo\u011fun -","og_description":"&#13; Yeni haftada ekonomi g\u00fcndemi yo\u011fun&#8230; &#13; Yurt i\u00e7inde kamuda 8. d\u00f6nem toplu s\u00f6zle\u015fme s\u00fcrecine ili\u015fkin toplant\u0131lar takip edilecek. H\u00fck\u00fcmet ge\u00e7en hafta ikinci teklifini a\u00e7\u0131klad\u0131. Taban \u00fccretlere bin lira art\u0131\u015f \u00f6nerildi. Toplu s\u00f6zle\u015fmede s\u00fcre\u00e7 en ge\u00e7 31 A\u011fustos&#8217;ta sona erecek. &#13; Uzla\u015fma olmazsa Kamu G\u00f6revlileri Hakem Kurulu devreye girecek. Kurulun verece\u011fi karar ba\u011flay\u0131c\u0131 olacak. &#13;","og_url":"https:\/\/kibrisdakik.com\/?p=88586","article_published_time":"2025-08-17T14:01:01+00:00","og_image":[{"width":1280,"height":720,"url":"https:\/\/kibrisdakik.com\/wp-content\/uploads\/2025\/08\/ekonomi-grafik-getty-1529756-740x420.jpg","type":"image\/jpeg"}],"author":"admin","twitter_card":"summary_large_image","twitter_misc":{"Yazan:":"admin","Tahmini okuma s\u00fcresi":"1 dakika"},"schema":{"@context":"https:\/\/schema.org","@graph":[{"@type":"Article","@id":"https:\/\/kibrisdakik.com\/?p=88586#article","isPartOf":{"@id":"https:\/\/kibrisdakik.com\/?p=88586"},"author":{"name":"admin","@id":"https:\/\/kibrisdakik.com\/#\/schema\/person\/9cd9d437bbb44f72b73ba127e06d8e79"},"headline":"Yeni haftada ekonomi g\u00fcndemi yo\u011fun","datePublished":"2025-08-17T14:01:01+00:00","mainEntityOfPage":{"@id":"https:\/\/kibrisdakik.com\/?p=88586"},"wordCount":253,"commentCount":0,"image":{"@id":"https:\/\/kibrisdakik.com\/?p=88586#primaryimage"},"thumbnailUrl":"https:\/\/kibrisdakik.com\/wp-content\/uploads\/2025\/08\/ekonomi-grafik-getty-1529756-740x420.jpg","articleSection":["Man\u015fet","T\u00fcrkiye"],"inLanguage":"tr","potentialAction":[{"@type":"CommentAction","name":"Comment","target":["https:\/\/kibrisdakik.com\/?p=88586#respond"]}]},{"@type":"WebPage","@id":"https:\/\/kibrisdakik.com\/?p=88586","url":"https:\/\/kibrisdakik.com\/?p=88586","name":"Yeni haftada ekonomi g\u00fcndemi yo\u011fun -","isPartOf":{"@id":"https:\/\/kibrisdakik.com\/#website"},"primaryImageOfPage":{"@id":"https:\/\/kibrisdakik.com\/?p=88586#primaryimage"},"image":{"@id":"https:\/\/kibrisdakik.com\/?p=88586#primaryimage"},"thumbnailUrl":"https:\/\/kibrisdakik.com\/wp-content\/uploads\/2025\/08\/ekonomi-grafik-getty-1529756-740x420.jpg","datePublished":"2025-08-17T14:01:01+00:00","author":{"@id":"https:\/\/kibrisdakik.com\/#\/schema\/person\/9cd9d437bbb44f72b73ba127e06d8e79"},"breadcrumb":{"@id":"https:\/\/kibrisdakik.com\/?p=88586#breadcrumb"},"inLanguage":"tr","potentialAction":[{"@type":"ReadAction","target":["https:\/\/kibrisdakik.com\/?p=88586"]}]},{"@type":"ImageObject","inLanguage":"tr","@id":"https:\/\/kibrisdakik.com\/?p=88586#primaryimage","url":"https:\/\/kibrisdakik.com\/wp-content\/uploads\/2025\/08\/ekonomi-grafik-getty-1529756-740x420.jpg","contentUrl":"https:\/\/kibrisdakik.com\/wp-content\/uploads\/2025\/08\/ekonomi-grafik-getty-1529756-740x420.jpg","width":1280,"height":720},{"@type":"BreadcrumbList","@id":"https:\/\/kibrisdakik.com\/?p=88586#breadcrumb","itemListElement":[{"@type":"ListItem","position":1,"name":"Home","item":"https:\/\/kibrisdakik.com\/"},{"@type":"ListItem","position":2,"name":"Yeni haftada ekonomi g\u00fcndemi yo\u011fun"}]},{"@type":"WebSite","@id":"https:\/\/kibrisdakik.com\/#website","url":"https:\/\/kibrisdakik.com\/","name":"","description":"Tam vaktinde haber","potentialAction":[{"@type":"SearchAction","target":{"@type":"EntryPoint","urlTemplate":"https:\/\/kibrisdakik.com\/?s={search_term_string}"},"query-input":{"@type":"PropertyValueSpecification","valueRequired":true,"valueName":"search_term_string"}}],"inLanguage":"tr"},{"@type":"Person","@id":"https:\/\/kibrisdakik.com\/#\/schema\/person\/9cd9d437bbb44f72b73ba127e06d8e79","name":"admin","image":{"@type":"ImageObject","inLanguage":"tr","@id":"https:\/\/secure.gravatar.com\/avatar\/ccc17943b9d660506c869530f897617f7cb1c21a4bf30023f252596d83e1f007?s=96&d=mm&r=g","url":"https:\/\/secure.gravatar.com\/avatar\/ccc17943b9d660506c869530f897617f7cb1c21a4bf30023f252596d83e1f007?s=96&d=mm&r=g","contentUrl":"https:\/\/secure.gravatar.com\/avatar\/ccc17943b9d660506c869530f897617f7cb1c21a4bf30023f252596d83e1f007?s=96&d=mm&r=g","caption":"admin"},"sameAs":["https:\/\/kibrisdakik.com"],"url":"https:\/\/kibrisdakik.com\/?author=1"}]}},"_links":{"self":[{"href":"https:\/\/kibrisdakik.com\/index.php?rest_route=\/wp\/v2\/posts\/88586","targetHints":{"allow":["GET"]}}],"collection":[{"href":"https:\/\/kibrisdakik.com\/index.php?rest_route=\/wp\/v2\/posts"}],"about":[{"href":"https:\/\/kibrisdakik.com\/index.php?rest_route=\/wp\/v2\/types\/post"}],"author":[{"embeddable":true,"href":"https:\/\/kibrisdakik.com\/index.php?rest_route=\/wp\/v2\/users\/1"}],"replies":[{"embeddable":true,"href":"https:\/\/kibrisdakik.com\/index.php?rest_route=%2Fwp%2Fv2%2Fcomments&post=88586"}],"version-history":[{"count":0,"href":"https:\/\/kibrisdakik.com\/index.php?rest_route=\/wp\/v2\/posts\/88586\/revisions"}],"wp:featuredmedia":[{"embeddable":true,"href":"https:\/\/kibrisdakik.com\/index.php?rest_route=\/wp\/v2\/media\/88587"}],"wp:attachment":[{"href":"https:\/\/kibrisdakik.com\/index.php?rest_route=%2Fwp%2Fv2%2Fmedia&parent=88586"}],"wp:term":[{"taxonomy":"category","embeddable":true,"href":"https:\/\/kibrisdakik.com\/index.php?rest_route=%2Fwp%2Fv2%2Fcategories&post=88586"},{"taxonomy":"post_tag","embeddable":true,"href":"https:\/\/kibrisdakik.com\/index.php?rest_route=%2Fwp%2Fv2%2Ftags&post=88586"}],"curies":[{"name":"wp","href":"https:\/\/api.w.org\/{rel}","templated":true}]}}