{"id":88622,"date":"2025-08-17T18:20:14","date_gmt":"2025-08-17T15:20:14","guid":{"rendered":"https:\/\/kibrisdakik.com\/index.php\/2025\/08\/17\/osmaniyede-yangina-giden-arazoz-devrildi-1-sehit-4-yarali\/"},"modified":"2025-08-17T18:20:14","modified_gmt":"2025-08-17T15:20:14","slug":"osmaniyede-yangina-giden-arazoz-devrildi-1-sehit-4-yarali","status":"publish","type":"post","link":"https:\/\/kibrisdakik.com\/?p=88622","title":{"rendered":"Osmaniye&#8217;de yang\u0131na giden araz\u00f6z devrildi: 1 \u015fehit, 4 yaral\u0131"},"content":{"rendered":"<p><\/p>\n<div>\n<p>&#13;<br \/>\n\tD\u00fczi\u00e7i Orman \u0130\u015fletme M\u00fcd\u00fcrl\u00fc\u011f\u00fc Yan\u0131kk\u0131\u015fla Orman \u0130\u015fletme \u015eefli\u011fi s\u0131n\u0131rlar\u0131 i\u00e7inde orman yang\u0131n\u0131 ihbar\u0131na giden araz\u00f6z, s\u00fcr\u00fcc\u00fcs\u00fcn\u00fcn direksiyon hakimiyetini kaybetmesi sonucu devrildi.<\/p>\n<p>&#13;<br \/>\n\t\u0130hbar \u00fczerine b\u00f6lgeye 112 Acil Sa\u011fl\u0131k ve jandarma ekipleri sevk edildi.<\/p>\n<p><\/p>\n<p>&#13;<br \/>\n\tKazada araz\u00f6zde bulunan i\u015f\u00e7i Adem Naz\u0131m Demirel hayat\u0131n\u0131 kaybetti, 4 i\u015f\u00e7i yaraland\u0131.<\/p>\n<p>&#13;<br \/>\n\tYaral\u0131lar, ambulanslarla Osmaniye Devlet Hastanesi&#8217;ne kald\u0131r\u0131ld\u0131.<\/p>\n<h2>&#13;<br \/>\n\tBakan Yumakl\u0131&#8217;dan ba\u015fsa\u011fl\u0131\u011f\u0131 mesaj\u0131<\/h2>\n<p>&#13;<br \/>\n\tTar\u0131m ve Orman Bakan\u0131 \u0130brahim Yumakl\u0131, T\u00fcrkiye merkezli sosyal medya platformu Next Sosyal&#8217;den yapt\u0131\u011f\u0131 payla\u015f\u0131mda, \u015funlar\u0131 kaydetti:<\/p>\n<p>&#13;<br \/>\n\t<em>&#8220;Osmaniye&#8217;nin Hasanbeyli il\u00e7esinde yang\u0131na m\u00fcdahaleye giderken meydana gelen araz\u00f6z kazas\u0131nda orman i\u015f\u00e7imiz Adem Naz\u0131m Demirel \u015fehit olmu\u015ftur. Ara\u00e7ta bulunan orman i\u015f\u00e7ilerimiz Ali Ayd\u0131n Kar, G\u00f6khan Sefer, Suat Metin ve Ahmet K\u00fcr\u015fat \u0130ren yaralanarak hastanede tedavi alt\u0131na al\u0131nm\u0131\u015ft\u0131r. Hayat\u0131n\u0131 kaybeden orman kahraman\u0131m\u0131za Allah&#8217;tan rahmet, ailesine, yak\u0131nlar\u0131na ve orman te\u015fkilat\u0131m\u0131za ba\u015fsa\u011fl\u0131\u011f\u0131, yaral\u0131lar\u0131m\u0131za acil \u015fifalar diliyorum. Milletimizin ba\u015f\u0131 sa\u011f olsun.&#8221;<\/em><\/p>\n<h2>&#13;<br \/>\n\tDuran&#8217;dan taziye mesaj\u0131<\/h2>\n<p>&#13;<br \/>\n\t\u0130leti\u015fim Ba\u015fkan\u0131 Burhanettin Duran, Osmaniye&#8217;de araz\u00f6z\u00fcn devrilmesi sonucu \u015fehit olan orman i\u015f\u00e7isi i\u00e7in taziye mesaj\u0131 yay\u0131mlad\u0131.<\/p>\n<p>&#13;<br \/>\n\tDuran, Next Sosyal hesab\u0131ndan yapt\u0131\u011f\u0131 payla\u015f\u0131mda, &#8220;Osmaniye&#8217;deki orman yang\u0131n\u0131na m\u00fcdahaleye giden araz\u00f6z\u00fcn devrilmesi sonucu \u015fehit olan orman emek\u00e7isi karde\u015fimize Allah&#8217;tan rahmet, yaral\u0131 karde\u015fimize acil \u015fifalar diliyorum. Duam\u0131z, ye\u015fil vatan\u0131m\u0131z\u0131 korumak i\u00e7in m\u00fccadele eden t\u00fcm kahramanlar\u0131m\u0131z i\u00e7in. Mekan\u0131 cennet olsun&#8221; ifadelerini kulland\u0131.<\/p>\n<\/p><\/div>\n","protected":false},"excerpt":{"rendered":"<p>&#13; D\u00fczi\u00e7i Orman \u0130\u015fletme M\u00fcd\u00fcrl\u00fc\u011f\u00fc Yan\u0131kk\u0131\u015fla Orman \u0130\u015fletme \u015eefli\u011fi s\u0131n\u0131rlar\u0131 i\u00e7inde orman yang\u0131n\u0131 ihbar\u0131na giden araz\u00f6z, s\u00fcr\u00fcc\u00fcs\u00fcn\u00fcn direksiyon hakimiyetini kaybetmesi sonucu devrildi. &#13; \u0130hbar \u00fczerine b\u00f6lgeye 112 Acil Sa\u011fl\u0131k ve jandarma ekipleri sevk edildi. &#13; Kazada araz\u00f6zde bulunan i\u015f\u00e7i Adem Naz\u0131m Demirel hayat\u0131n\u0131 kaybetti, 4 i\u015f\u00e7i yaraland\u0131. &#13; Yaral\u0131lar, ambulanslarla Osmaniye Devlet Hastanesi&#8217;ne kald\u0131r\u0131ld\u0131. &#13;<\/p>\n","protected":false},"author":1,"featured_media":88623,"comment_status":"open","ping_status":"open","sticky":false,"template":"","format":"standard","meta":{"footnotes":""},"categories":[101,86],"tags":[],"class_list":["post-88622","post","type-post","status-publish","format-standard","has-post-thumbnail","hentry","category-manset","category-turkiye"],"yoast_head":"<!-- This site is optimized with the Yoast SEO plugin v27.5 - https:\/\/yoast.com\/product\/yoast-seo-wordpress\/ -->\n<title>Osmaniye&#039;de yang\u0131na giden araz\u00f6z devrildi: 1 \u015fehit, 4 yaral\u0131 -<\/title>\n<meta name=\"robots\" content=\"index, follow, max-snippet:-1, max-image-preview:large, max-video-preview:-1\" \/>\n<link rel=\"canonical\" href=\"https:\/\/kibrisdakik.com\/?p=88622\" \/>\n<meta property=\"og:locale\" content=\"tr_TR\" \/>\n<meta property=\"og:type\" content=\"article\" \/>\n<meta property=\"og:title\" content=\"Osmaniye&#039;de yang\u0131na giden araz\u00f6z devrildi: 1 \u015fehit, 4 yaral\u0131 -\" \/>\n<meta property=\"og:description\" content=\"&#013; D\u00fczi\u00e7i Orman \u0130\u015fletme M\u00fcd\u00fcrl\u00fc\u011f\u00fc Yan\u0131kk\u0131\u015fla Orman \u0130\u015fletme \u015eefli\u011fi s\u0131n\u0131rlar\u0131 i\u00e7inde orman yang\u0131n\u0131 ihbar\u0131na giden araz\u00f6z, s\u00fcr\u00fcc\u00fcs\u00fcn\u00fcn direksiyon hakimiyetini kaybetmesi sonucu devrildi. &#013; \u0130hbar \u00fczerine b\u00f6lgeye 112 Acil Sa\u011fl\u0131k ve jandarma ekipleri sevk edildi. &#013; Kazada araz\u00f6zde bulunan i\u015f\u00e7i Adem Naz\u0131m Demirel hayat\u0131n\u0131 kaybetti, 4 i\u015f\u00e7i yaraland\u0131. &#013; Yaral\u0131lar, ambulanslarla Osmaniye Devlet Hastanesi&#8217;ne kald\u0131r\u0131ld\u0131. &#013;\" \/>\n<meta property=\"og:url\" content=\"https:\/\/kibrisdakik.com\/?p=88622\" \/>\n<meta property=\"article:published_time\" content=\"2025-08-17T15:20:14+00:00\" \/>\n<meta property=\"og:image\" content=\"https:\/\/kibrisdakik.com\/wp-content\/uploads\/2025\/08\/kaza-trt-haber-2388465-740x420.jpg\" \/>\n\t<meta property=\"og:image:width\" content=\"1280\" \/>\n\t<meta property=\"og:image:height\" content=\"720\" \/>\n\t<meta property=\"og:image:type\" content=\"image\/jpeg\" \/>\n<meta name=\"author\" content=\"admin\" \/>\n<meta name=\"twitter:card\" content=\"summary_large_image\" \/>\n<meta name=\"twitter:label1\" content=\"Yazan:\" \/>\n\t<meta name=\"twitter:data1\" content=\"admin\" \/>\n\t<meta name=\"twitter:label2\" content=\"Tahmini okuma s\u00fcresi\" \/>\n\t<meta name=\"twitter:data2\" content=\"1 dakika\" \/>\n<script type=\"application\/ld+json\" class=\"yoast-schema-graph\">{\"@context\":\"https:\\\/\\\/schema.org\",\"@graph\":[{\"@type\":\"Article\",\"@id\":\"https:\\\/\\\/kibrisdakik.com\\\/?p=88622#article\",\"isPartOf\":{\"@id\":\"https:\\\/\\\/kibrisdakik.com\\\/?p=88622\"},\"author\":{\"name\":\"admin\",\"@id\":\"https:\\\/\\\/kibrisdakik.com\\\/#\\\/schema\\\/person\\\/9cd9d437bbb44f72b73ba127e06d8e79\"},\"headline\":\"Osmaniye&#8217;de yang\u0131na giden araz\u00f6z devrildi: 1 \u015fehit, 4 yaral\u0131\",\"datePublished\":\"2025-08-17T15:20:14+00:00\",\"mainEntityOfPage\":{\"@id\":\"https:\\\/\\\/kibrisdakik.com\\\/?p=88622\"},\"wordCount\":288,\"commentCount\":0,\"image\":{\"@id\":\"https:\\\/\\\/kibrisdakik.com\\\/?p=88622#primaryimage\"},\"thumbnailUrl\":\"https:\\\/\\\/kibrisdakik.com\\\/wp-content\\\/uploads\\\/2025\\\/08\\\/kaza-trt-haber-2388465-740x420.jpg\",\"articleSection\":[\"Man\u015fet\",\"T\u00fcrkiye\"],\"inLanguage\":\"tr\",\"potentialAction\":[{\"@type\":\"CommentAction\",\"name\":\"Comment\",\"target\":[\"https:\\\/\\\/kibrisdakik.com\\\/?p=88622#respond\"]}]},{\"@type\":\"WebPage\",\"@id\":\"https:\\\/\\\/kibrisdakik.com\\\/?p=88622\",\"url\":\"https:\\\/\\\/kibrisdakik.com\\\/?p=88622\",\"name\":\"Osmaniye'de yang\u0131na giden araz\u00f6z devrildi: 1 \u015fehit, 4 yaral\u0131 -\",\"isPartOf\":{\"@id\":\"https:\\\/\\\/kibrisdakik.com\\\/#website\"},\"primaryImageOfPage\":{\"@id\":\"https:\\\/\\\/kibrisdakik.com\\\/?p=88622#primaryimage\"},\"image\":{\"@id\":\"https:\\\/\\\/kibrisdakik.com\\\/?p=88622#primaryimage\"},\"thumbnailUrl\":\"https:\\\/\\\/kibrisdakik.com\\\/wp-content\\\/uploads\\\/2025\\\/08\\\/kaza-trt-haber-2388465-740x420.jpg\",\"datePublished\":\"2025-08-17T15:20:14+00:00\",\"author\":{\"@id\":\"https:\\\/\\\/kibrisdakik.com\\\/#\\\/schema\\\/person\\\/9cd9d437bbb44f72b73ba127e06d8e79\"},\"breadcrumb\":{\"@id\":\"https:\\\/\\\/kibrisdakik.com\\\/?p=88622#breadcrumb\"},\"inLanguage\":\"tr\",\"potentialAction\":[{\"@type\":\"ReadAction\",\"target\":[\"https:\\\/\\\/kibrisdakik.com\\\/?p=88622\"]}]},{\"@type\":\"ImageObject\",\"inLanguage\":\"tr\",\"@id\":\"https:\\\/\\\/kibrisdakik.com\\\/?p=88622#primaryimage\",\"url\":\"https:\\\/\\\/kibrisdakik.com\\\/wp-content\\\/uploads\\\/2025\\\/08\\\/kaza-trt-haber-2388465-740x420.jpg\",\"contentUrl\":\"https:\\\/\\\/kibrisdakik.com\\\/wp-content\\\/uploads\\\/2025\\\/08\\\/kaza-trt-haber-2388465-740x420.jpg\",\"width\":1280,\"height\":720},{\"@type\":\"BreadcrumbList\",\"@id\":\"https:\\\/\\\/kibrisdakik.com\\\/?p=88622#breadcrumb\",\"itemListElement\":[{\"@type\":\"ListItem\",\"position\":1,\"name\":\"Home\",\"item\":\"https:\\\/\\\/kibrisdakik.com\\\/\"},{\"@type\":\"ListItem\",\"position\":2,\"name\":\"Osmaniye&#8217;de yang\u0131na giden araz\u00f6z devrildi: 1 \u015fehit, 4 yaral\u0131\"}]},{\"@type\":\"WebSite\",\"@id\":\"https:\\\/\\\/kibrisdakik.com\\\/#website\",\"url\":\"https:\\\/\\\/kibrisdakik.com\\\/\",\"name\":\"\",\"description\":\"Tam vaktinde haber\",\"potentialAction\":[{\"@type\":\"SearchAction\",\"target\":{\"@type\":\"EntryPoint\",\"urlTemplate\":\"https:\\\/\\\/kibrisdakik.com\\\/?s={search_term_string}\"},\"query-input\":{\"@type\":\"PropertyValueSpecification\",\"valueRequired\":true,\"valueName\":\"search_term_string\"}}],\"inLanguage\":\"tr\"},{\"@type\":\"Person\",\"@id\":\"https:\\\/\\\/kibrisdakik.com\\\/#\\\/schema\\\/person\\\/9cd9d437bbb44f72b73ba127e06d8e79\",\"name\":\"admin\",\"image\":{\"@type\":\"ImageObject\",\"inLanguage\":\"tr\",\"@id\":\"https:\\\/\\\/secure.gravatar.com\\\/avatar\\\/ccc17943b9d660506c869530f897617f7cb1c21a4bf30023f252596d83e1f007?s=96&d=mm&r=g\",\"url\":\"https:\\\/\\\/secure.gravatar.com\\\/avatar\\\/ccc17943b9d660506c869530f897617f7cb1c21a4bf30023f252596d83e1f007?s=96&d=mm&r=g\",\"contentUrl\":\"https:\\\/\\\/secure.gravatar.com\\\/avatar\\\/ccc17943b9d660506c869530f897617f7cb1c21a4bf30023f252596d83e1f007?s=96&d=mm&r=g\",\"caption\":\"admin\"},\"sameAs\":[\"https:\\\/\\\/kibrisdakik.com\"],\"url\":\"https:\\\/\\\/kibrisdakik.com\\\/?author=1\"}]}<\/script>\n<!-- \/ Yoast SEO plugin. -->","yoast_head_json":{"title":"Osmaniye'de yang\u0131na giden araz\u00f6z devrildi: 1 \u015fehit, 4 yaral\u0131 -","robots":{"index":"index","follow":"follow","max-snippet":"max-snippet:-1","max-image-preview":"max-image-preview:large","max-video-preview":"max-video-preview:-1"},"canonical":"https:\/\/kibrisdakik.com\/?p=88622","og_locale":"tr_TR","og_type":"article","og_title":"Osmaniye'de yang\u0131na giden araz\u00f6z devrildi: 1 \u015fehit, 4 yaral\u0131 -","og_description":"&#13; D\u00fczi\u00e7i Orman \u0130\u015fletme M\u00fcd\u00fcrl\u00fc\u011f\u00fc Yan\u0131kk\u0131\u015fla Orman \u0130\u015fletme \u015eefli\u011fi s\u0131n\u0131rlar\u0131 i\u00e7inde orman yang\u0131n\u0131 ihbar\u0131na giden araz\u00f6z, s\u00fcr\u00fcc\u00fcs\u00fcn\u00fcn direksiyon hakimiyetini kaybetmesi sonucu devrildi. &#13; \u0130hbar \u00fczerine b\u00f6lgeye 112 Acil Sa\u011fl\u0131k ve jandarma ekipleri sevk edildi. &#13; Kazada araz\u00f6zde bulunan i\u015f\u00e7i Adem Naz\u0131m Demirel hayat\u0131n\u0131 kaybetti, 4 i\u015f\u00e7i yaraland\u0131. &#13; Yaral\u0131lar, ambulanslarla Osmaniye Devlet Hastanesi&#8217;ne kald\u0131r\u0131ld\u0131. &#13;","og_url":"https:\/\/kibrisdakik.com\/?p=88622","article_published_time":"2025-08-17T15:20:14+00:00","og_image":[{"width":1280,"height":720,"url":"https:\/\/kibrisdakik.com\/wp-content\/uploads\/2025\/08\/kaza-trt-haber-2388465-740x420.jpg","type":"image\/jpeg"}],"author":"admin","twitter_card":"summary_large_image","twitter_misc":{"Yazan:":"admin","Tahmini okuma s\u00fcresi":"1 dakika"},"schema":{"@context":"https:\/\/schema.org","@graph":[{"@type":"Article","@id":"https:\/\/kibrisdakik.com\/?p=88622#article","isPartOf":{"@id":"https:\/\/kibrisdakik.com\/?p=88622"},"author":{"name":"admin","@id":"https:\/\/kibrisdakik.com\/#\/schema\/person\/9cd9d437bbb44f72b73ba127e06d8e79"},"headline":"Osmaniye&#8217;de yang\u0131na giden araz\u00f6z devrildi: 1 \u015fehit, 4 yaral\u0131","datePublished":"2025-08-17T15:20:14+00:00","mainEntityOfPage":{"@id":"https:\/\/kibrisdakik.com\/?p=88622"},"wordCount":288,"commentCount":0,"image":{"@id":"https:\/\/kibrisdakik.com\/?p=88622#primaryimage"},"thumbnailUrl":"https:\/\/kibrisdakik.com\/wp-content\/uploads\/2025\/08\/kaza-trt-haber-2388465-740x420.jpg","articleSection":["Man\u015fet","T\u00fcrkiye"],"inLanguage":"tr","potentialAction":[{"@type":"CommentAction","name":"Comment","target":["https:\/\/kibrisdakik.com\/?p=88622#respond"]}]},{"@type":"WebPage","@id":"https:\/\/kibrisdakik.com\/?p=88622","url":"https:\/\/kibrisdakik.com\/?p=88622","name":"Osmaniye'de yang\u0131na giden araz\u00f6z devrildi: 1 \u015fehit, 4 yaral\u0131 -","isPartOf":{"@id":"https:\/\/kibrisdakik.com\/#website"},"primaryImageOfPage":{"@id":"https:\/\/kibrisdakik.com\/?p=88622#primaryimage"},"image":{"@id":"https:\/\/kibrisdakik.com\/?p=88622#primaryimage"},"thumbnailUrl":"https:\/\/kibrisdakik.com\/wp-content\/uploads\/2025\/08\/kaza-trt-haber-2388465-740x420.jpg","datePublished":"2025-08-17T15:20:14+00:00","author":{"@id":"https:\/\/kibrisdakik.com\/#\/schema\/person\/9cd9d437bbb44f72b73ba127e06d8e79"},"breadcrumb":{"@id":"https:\/\/kibrisdakik.com\/?p=88622#breadcrumb"},"inLanguage":"tr","potentialAction":[{"@type":"ReadAction","target":["https:\/\/kibrisdakik.com\/?p=88622"]}]},{"@type":"ImageObject","inLanguage":"tr","@id":"https:\/\/kibrisdakik.com\/?p=88622#primaryimage","url":"https:\/\/kibrisdakik.com\/wp-content\/uploads\/2025\/08\/kaza-trt-haber-2388465-740x420.jpg","contentUrl":"https:\/\/kibrisdakik.com\/wp-content\/uploads\/2025\/08\/kaza-trt-haber-2388465-740x420.jpg","width":1280,"height":720},{"@type":"BreadcrumbList","@id":"https:\/\/kibrisdakik.com\/?p=88622#breadcrumb","itemListElement":[{"@type":"ListItem","position":1,"name":"Home","item":"https:\/\/kibrisdakik.com\/"},{"@type":"ListItem","position":2,"name":"Osmaniye&#8217;de yang\u0131na giden araz\u00f6z devrildi: 1 \u015fehit, 4 yaral\u0131"}]},{"@type":"WebSite","@id":"https:\/\/kibrisdakik.com\/#website","url":"https:\/\/kibrisdakik.com\/","name":"","description":"Tam vaktinde haber","potentialAction":[{"@type":"SearchAction","target":{"@type":"EntryPoint","urlTemplate":"https:\/\/kibrisdakik.com\/?s={search_term_string}"},"query-input":{"@type":"PropertyValueSpecification","valueRequired":true,"valueName":"search_term_string"}}],"inLanguage":"tr"},{"@type":"Person","@id":"https:\/\/kibrisdakik.com\/#\/schema\/person\/9cd9d437bbb44f72b73ba127e06d8e79","name":"admin","image":{"@type":"ImageObject","inLanguage":"tr","@id":"https:\/\/secure.gravatar.com\/avatar\/ccc17943b9d660506c869530f897617f7cb1c21a4bf30023f252596d83e1f007?s=96&d=mm&r=g","url":"https:\/\/secure.gravatar.com\/avatar\/ccc17943b9d660506c869530f897617f7cb1c21a4bf30023f252596d83e1f007?s=96&d=mm&r=g","contentUrl":"https:\/\/secure.gravatar.com\/avatar\/ccc17943b9d660506c869530f897617f7cb1c21a4bf30023f252596d83e1f007?s=96&d=mm&r=g","caption":"admin"},"sameAs":["https:\/\/kibrisdakik.com"],"url":"https:\/\/kibrisdakik.com\/?author=1"}]}},"_links":{"self":[{"href":"https:\/\/kibrisdakik.com\/index.php?rest_route=\/wp\/v2\/posts\/88622","targetHints":{"allow":["GET"]}}],"collection":[{"href":"https:\/\/kibrisdakik.com\/index.php?rest_route=\/wp\/v2\/posts"}],"about":[{"href":"https:\/\/kibrisdakik.com\/index.php?rest_route=\/wp\/v2\/types\/post"}],"author":[{"embeddable":true,"href":"https:\/\/kibrisdakik.com\/index.php?rest_route=\/wp\/v2\/users\/1"}],"replies":[{"embeddable":true,"href":"https:\/\/kibrisdakik.com\/index.php?rest_route=%2Fwp%2Fv2%2Fcomments&post=88622"}],"version-history":[{"count":0,"href":"https:\/\/kibrisdakik.com\/index.php?rest_route=\/wp\/v2\/posts\/88622\/revisions"}],"wp:featuredmedia":[{"embeddable":true,"href":"https:\/\/kibrisdakik.com\/index.php?rest_route=\/wp\/v2\/media\/88623"}],"wp:attachment":[{"href":"https:\/\/kibrisdakik.com\/index.php?rest_route=%2Fwp%2Fv2%2Fmedia&parent=88622"}],"wp:term":[{"taxonomy":"category","embeddable":true,"href":"https:\/\/kibrisdakik.com\/index.php?rest_route=%2Fwp%2Fv2%2Fcategories&post=88622"},{"taxonomy":"post_tag","embeddable":true,"href":"https:\/\/kibrisdakik.com\/index.php?rest_route=%2Fwp%2Fv2%2Ftags&post=88622"}],"curies":[{"name":"wp","href":"https:\/\/api.w.org\/{rel}","templated":true}]}}