{"id":88634,"date":"2025-08-17T18:51:02","date_gmt":"2025-08-17T15:51:02","guid":{"rendered":"https:\/\/kibrisdakik.com\/index.php\/2025\/08\/17\/cevdet-yilmaz-gonulluler-koalisyonu-liderler-toplantisina-katildi\/"},"modified":"2025-08-17T18:51:02","modified_gmt":"2025-08-17T15:51:02","slug":"cevdet-yilmaz-gonulluler-koalisyonu-liderler-toplantisina-katildi","status":"publish","type":"post","link":"https:\/\/kibrisdakik.com\/?p=88634","title":{"rendered":"Cevdet Y\u0131lmaz G\u00f6n\u00fcll\u00fcler Koalisyonu Liderler Toplant\u0131s\u0131&#8217;na kat\u0131ld\u0131"},"content":{"rendered":"<p><\/p>\n<div>\n<p>&#13;<br \/>\n\tCumhurba\u015fkan\u0131 Yard\u0131mc\u0131s\u0131 Cevdet Y\u0131lmaz, Next Sosyal hesab\u0131ndan yapt\u0131\u011f\u0131 payla\u015f\u0131mda, Alaska Zirvesi sonras\u0131 ABD Ba\u015fkan\u0131 Donald Trump ile Ukrayna Devlet Ba\u015fkan\u0131 Volodimir Zelenski&#8217;nin g\u00f6r\u00fc\u015fmeleri \u00f6ncesinde, Cumhurba\u015fkan\u0131 Recep Tayyip Erdo\u011fan&#8217;\u0131 temsilen &#8220;G\u00f6n\u00fcll\u00fcler Koalisyonu&#8221; \u00e7evrim i\u00e7i liderler toplant\u0131s\u0131na kat\u0131ld\u0131\u011f\u0131n\u0131 a\u00e7\u0131klad\u0131:<\/p>\n<p>&#13;<br \/>\n\t<em>&#8220;G\u00f6n\u00fcll\u00fcler Koalisyonu Avrupa&#8217;n\u0131n \u00f6nde gelen \u00fclkelerini, AB ve NATO temsilcileri ile Avrupa d\u0131\u015f\u0131ndan Avustralya, Japonya ve Kanada gibi \u00fclkeleri kapsamaktad\u0131r. \u00c7at\u0131\u015fma yerine diplomasiyi \u00f6ne \u00e7\u0131karan ilkesel yakla\u015f\u0131m\u0131yla T\u00fcrkiye, bar\u0131\u015f\u0131n tesisi i\u00e7in her t\u00fcrl\u00fc katk\u0131y\u0131 sa\u011flamaya haz\u0131rd\u0131r.&#8221;<\/em><\/p>\n<\/p><\/div>\n","protected":false},"excerpt":{"rendered":"<p>&#13; Cumhurba\u015fkan\u0131 Yard\u0131mc\u0131s\u0131 Cevdet Y\u0131lmaz, Next Sosyal hesab\u0131ndan yapt\u0131\u011f\u0131 payla\u015f\u0131mda, Alaska Zirvesi sonras\u0131 ABD Ba\u015fkan\u0131 Donald Trump ile Ukrayna Devlet Ba\u015fkan\u0131 Volodimir Zelenski&#8217;nin g\u00f6r\u00fc\u015fmeleri \u00f6ncesinde, Cumhurba\u015fkan\u0131 Recep Tayyip Erdo\u011fan&#8217;\u0131 temsilen &#8220;G\u00f6n\u00fcll\u00fcler Koalisyonu&#8221; \u00e7evrim i\u00e7i liderler toplant\u0131s\u0131na kat\u0131ld\u0131\u011f\u0131n\u0131 a\u00e7\u0131klad\u0131: &#13; &#8220;G\u00f6n\u00fcll\u00fcler Koalisyonu Avrupa&#8217;n\u0131n \u00f6nde gelen \u00fclkelerini, AB ve NATO temsilcileri ile Avrupa d\u0131\u015f\u0131ndan Avustralya, Japonya ve<\/p>\n","protected":false},"author":1,"featured_media":88635,"comment_status":"open","ping_status":"open","sticky":false,"template":"","format":"standard","meta":{"footnotes":""},"categories":[101,86],"tags":[],"class_list":["post-88634","post","type-post","status-publish","format-standard","has-post-thumbnail","hentry","category-manset","category-turkiye"],"yoast_head":"<!-- This site is optimized with the Yoast SEO plugin v27.5 - https:\/\/yoast.com\/product\/yoast-seo-wordpress\/ -->\n<title>Cevdet Y\u0131lmaz G\u00f6n\u00fcll\u00fcler Koalisyonu Liderler Toplant\u0131s\u0131&#039;na kat\u0131ld\u0131 -<\/title>\n<meta name=\"robots\" content=\"index, follow, max-snippet:-1, max-image-preview:large, max-video-preview:-1\" \/>\n<link rel=\"canonical\" href=\"https:\/\/kibrisdakik.com\/?p=88634\" \/>\n<meta property=\"og:locale\" content=\"tr_TR\" \/>\n<meta property=\"og:type\" content=\"article\" \/>\n<meta property=\"og:title\" content=\"Cevdet Y\u0131lmaz G\u00f6n\u00fcll\u00fcler Koalisyonu Liderler Toplant\u0131s\u0131&#039;na kat\u0131ld\u0131 -\" \/>\n<meta property=\"og:description\" content=\"&#013; Cumhurba\u015fkan\u0131 Yard\u0131mc\u0131s\u0131 Cevdet Y\u0131lmaz, Next Sosyal hesab\u0131ndan yapt\u0131\u011f\u0131 payla\u015f\u0131mda, Alaska Zirvesi sonras\u0131 ABD Ba\u015fkan\u0131 Donald Trump ile Ukrayna Devlet Ba\u015fkan\u0131 Volodimir Zelenski&#8217;nin g\u00f6r\u00fc\u015fmeleri \u00f6ncesinde, Cumhurba\u015fkan\u0131 Recep Tayyip Erdo\u011fan&#8217;\u0131 temsilen &#8220;G\u00f6n\u00fcll\u00fcler Koalisyonu&#8221; \u00e7evrim i\u00e7i liderler toplant\u0131s\u0131na kat\u0131ld\u0131\u011f\u0131n\u0131 a\u00e7\u0131klad\u0131: &#013; &#8220;G\u00f6n\u00fcll\u00fcler Koalisyonu Avrupa&#8217;n\u0131n \u00f6nde gelen \u00fclkelerini, AB ve NATO temsilcileri ile Avrupa d\u0131\u015f\u0131ndan Avustralya, Japonya ve\" \/>\n<meta property=\"og:url\" content=\"https:\/\/kibrisdakik.com\/?p=88634\" \/>\n<meta property=\"article:published_time\" content=\"2025-08-17T15:51:02+00:00\" \/>\n<meta property=\"og:image\" content=\"https:\/\/kibrisdakik.com\/wp-content\/uploads\/2025\/08\/cevdet-yilmaz-gonulluler-koalisyonu-liderler-toplantisi-2389142-740x420.jpg\" \/>\n\t<meta property=\"og:image:width\" content=\"1280\" \/>\n\t<meta property=\"og:image:height\" content=\"720\" \/>\n\t<meta property=\"og:image:type\" content=\"image\/jpeg\" \/>\n<meta name=\"author\" content=\"admin\" \/>\n<meta name=\"twitter:card\" content=\"summary_large_image\" \/>\n<meta name=\"twitter:label1\" content=\"Yazan:\" \/>\n\t<meta name=\"twitter:data1\" content=\"admin\" \/>\n\t<meta name=\"twitter:label2\" content=\"Tahmini okuma s\u00fcresi\" \/>\n\t<meta name=\"twitter:data2\" content=\"1 dakika\" \/>\n<script type=\"application\/ld+json\" class=\"yoast-schema-graph\">{\"@context\":\"https:\\\/\\\/schema.org\",\"@graph\":[{\"@type\":\"Article\",\"@id\":\"https:\\\/\\\/kibrisdakik.com\\\/?p=88634#article\",\"isPartOf\":{\"@id\":\"https:\\\/\\\/kibrisdakik.com\\\/?p=88634\"},\"author\":{\"name\":\"admin\",\"@id\":\"https:\\\/\\\/kibrisdakik.com\\\/#\\\/schema\\\/person\\\/9cd9d437bbb44f72b73ba127e06d8e79\"},\"headline\":\"Cevdet Y\u0131lmaz G\u00f6n\u00fcll\u00fcler Koalisyonu Liderler Toplant\u0131s\u0131&#8217;na kat\u0131ld\u0131\",\"datePublished\":\"2025-08-17T15:51:02+00:00\",\"mainEntityOfPage\":{\"@id\":\"https:\\\/\\\/kibrisdakik.com\\\/?p=88634\"},\"wordCount\":125,\"commentCount\":0,\"image\":{\"@id\":\"https:\\\/\\\/kibrisdakik.com\\\/?p=88634#primaryimage\"},\"thumbnailUrl\":\"https:\\\/\\\/kibrisdakik.com\\\/wp-content\\\/uploads\\\/2025\\\/08\\\/cevdet-yilmaz-gonulluler-koalisyonu-liderler-toplantisi-2389142-740x420.jpg\",\"articleSection\":[\"Man\u015fet\",\"T\u00fcrkiye\"],\"inLanguage\":\"tr\",\"potentialAction\":[{\"@type\":\"CommentAction\",\"name\":\"Comment\",\"target\":[\"https:\\\/\\\/kibrisdakik.com\\\/?p=88634#respond\"]}]},{\"@type\":\"WebPage\",\"@id\":\"https:\\\/\\\/kibrisdakik.com\\\/?p=88634\",\"url\":\"https:\\\/\\\/kibrisdakik.com\\\/?p=88634\",\"name\":\"Cevdet Y\u0131lmaz G\u00f6n\u00fcll\u00fcler Koalisyonu Liderler Toplant\u0131s\u0131'na kat\u0131ld\u0131 -\",\"isPartOf\":{\"@id\":\"https:\\\/\\\/kibrisdakik.com\\\/#website\"},\"primaryImageOfPage\":{\"@id\":\"https:\\\/\\\/kibrisdakik.com\\\/?p=88634#primaryimage\"},\"image\":{\"@id\":\"https:\\\/\\\/kibrisdakik.com\\\/?p=88634#primaryimage\"},\"thumbnailUrl\":\"https:\\\/\\\/kibrisdakik.com\\\/wp-content\\\/uploads\\\/2025\\\/08\\\/cevdet-yilmaz-gonulluler-koalisyonu-liderler-toplantisi-2389142-740x420.jpg\",\"datePublished\":\"2025-08-17T15:51:02+00:00\",\"author\":{\"@id\":\"https:\\\/\\\/kibrisdakik.com\\\/#\\\/schema\\\/person\\\/9cd9d437bbb44f72b73ba127e06d8e79\"},\"breadcrumb\":{\"@id\":\"https:\\\/\\\/kibrisdakik.com\\\/?p=88634#breadcrumb\"},\"inLanguage\":\"tr\",\"potentialAction\":[{\"@type\":\"ReadAction\",\"target\":[\"https:\\\/\\\/kibrisdakik.com\\\/?p=88634\"]}]},{\"@type\":\"ImageObject\",\"inLanguage\":\"tr\",\"@id\":\"https:\\\/\\\/kibrisdakik.com\\\/?p=88634#primaryimage\",\"url\":\"https:\\\/\\\/kibrisdakik.com\\\/wp-content\\\/uploads\\\/2025\\\/08\\\/cevdet-yilmaz-gonulluler-koalisyonu-liderler-toplantisi-2389142-740x420.jpg\",\"contentUrl\":\"https:\\\/\\\/kibrisdakik.com\\\/wp-content\\\/uploads\\\/2025\\\/08\\\/cevdet-yilmaz-gonulluler-koalisyonu-liderler-toplantisi-2389142-740x420.jpg\",\"width\":1280,\"height\":720},{\"@type\":\"BreadcrumbList\",\"@id\":\"https:\\\/\\\/kibrisdakik.com\\\/?p=88634#breadcrumb\",\"itemListElement\":[{\"@type\":\"ListItem\",\"position\":1,\"name\":\"Home\",\"item\":\"https:\\\/\\\/kibrisdakik.com\\\/\"},{\"@type\":\"ListItem\",\"position\":2,\"name\":\"Cevdet Y\u0131lmaz G\u00f6n\u00fcll\u00fcler Koalisyonu Liderler Toplant\u0131s\u0131&#8217;na kat\u0131ld\u0131\"}]},{\"@type\":\"WebSite\",\"@id\":\"https:\\\/\\\/kibrisdakik.com\\\/#website\",\"url\":\"https:\\\/\\\/kibrisdakik.com\\\/\",\"name\":\"\",\"description\":\"Tam vaktinde haber\",\"potentialAction\":[{\"@type\":\"SearchAction\",\"target\":{\"@type\":\"EntryPoint\",\"urlTemplate\":\"https:\\\/\\\/kibrisdakik.com\\\/?s={search_term_string}\"},\"query-input\":{\"@type\":\"PropertyValueSpecification\",\"valueRequired\":true,\"valueName\":\"search_term_string\"}}],\"inLanguage\":\"tr\"},{\"@type\":\"Person\",\"@id\":\"https:\\\/\\\/kibrisdakik.com\\\/#\\\/schema\\\/person\\\/9cd9d437bbb44f72b73ba127e06d8e79\",\"name\":\"admin\",\"image\":{\"@type\":\"ImageObject\",\"inLanguage\":\"tr\",\"@id\":\"https:\\\/\\\/secure.gravatar.com\\\/avatar\\\/ccc17943b9d660506c869530f897617f7cb1c21a4bf30023f252596d83e1f007?s=96&d=mm&r=g\",\"url\":\"https:\\\/\\\/secure.gravatar.com\\\/avatar\\\/ccc17943b9d660506c869530f897617f7cb1c21a4bf30023f252596d83e1f007?s=96&d=mm&r=g\",\"contentUrl\":\"https:\\\/\\\/secure.gravatar.com\\\/avatar\\\/ccc17943b9d660506c869530f897617f7cb1c21a4bf30023f252596d83e1f007?s=96&d=mm&r=g\",\"caption\":\"admin\"},\"sameAs\":[\"https:\\\/\\\/kibrisdakik.com\"],\"url\":\"https:\\\/\\\/kibrisdakik.com\\\/?author=1\"}]}<\/script>\n<!-- \/ Yoast SEO plugin. -->","yoast_head_json":{"title":"Cevdet Y\u0131lmaz G\u00f6n\u00fcll\u00fcler Koalisyonu Liderler Toplant\u0131s\u0131'na kat\u0131ld\u0131 -","robots":{"index":"index","follow":"follow","max-snippet":"max-snippet:-1","max-image-preview":"max-image-preview:large","max-video-preview":"max-video-preview:-1"},"canonical":"https:\/\/kibrisdakik.com\/?p=88634","og_locale":"tr_TR","og_type":"article","og_title":"Cevdet Y\u0131lmaz G\u00f6n\u00fcll\u00fcler Koalisyonu Liderler Toplant\u0131s\u0131'na kat\u0131ld\u0131 -","og_description":"&#13; Cumhurba\u015fkan\u0131 Yard\u0131mc\u0131s\u0131 Cevdet Y\u0131lmaz, Next Sosyal hesab\u0131ndan yapt\u0131\u011f\u0131 payla\u015f\u0131mda, Alaska Zirvesi sonras\u0131 ABD Ba\u015fkan\u0131 Donald Trump ile Ukrayna Devlet Ba\u015fkan\u0131 Volodimir Zelenski&#8217;nin g\u00f6r\u00fc\u015fmeleri \u00f6ncesinde, Cumhurba\u015fkan\u0131 Recep Tayyip Erdo\u011fan&#8217;\u0131 temsilen &#8220;G\u00f6n\u00fcll\u00fcler Koalisyonu&#8221; \u00e7evrim i\u00e7i liderler toplant\u0131s\u0131na kat\u0131ld\u0131\u011f\u0131n\u0131 a\u00e7\u0131klad\u0131: &#13; &#8220;G\u00f6n\u00fcll\u00fcler Koalisyonu Avrupa&#8217;n\u0131n \u00f6nde gelen \u00fclkelerini, AB ve NATO temsilcileri ile Avrupa d\u0131\u015f\u0131ndan Avustralya, Japonya ve","og_url":"https:\/\/kibrisdakik.com\/?p=88634","article_published_time":"2025-08-17T15:51:02+00:00","og_image":[{"width":1280,"height":720,"url":"https:\/\/kibrisdakik.com\/wp-content\/uploads\/2025\/08\/cevdet-yilmaz-gonulluler-koalisyonu-liderler-toplantisi-2389142-740x420.jpg","type":"image\/jpeg"}],"author":"admin","twitter_card":"summary_large_image","twitter_misc":{"Yazan:":"admin","Tahmini okuma s\u00fcresi":"1 dakika"},"schema":{"@context":"https:\/\/schema.org","@graph":[{"@type":"Article","@id":"https:\/\/kibrisdakik.com\/?p=88634#article","isPartOf":{"@id":"https:\/\/kibrisdakik.com\/?p=88634"},"author":{"name":"admin","@id":"https:\/\/kibrisdakik.com\/#\/schema\/person\/9cd9d437bbb44f72b73ba127e06d8e79"},"headline":"Cevdet Y\u0131lmaz G\u00f6n\u00fcll\u00fcler Koalisyonu Liderler Toplant\u0131s\u0131&#8217;na kat\u0131ld\u0131","datePublished":"2025-08-17T15:51:02+00:00","mainEntityOfPage":{"@id":"https:\/\/kibrisdakik.com\/?p=88634"},"wordCount":125,"commentCount":0,"image":{"@id":"https:\/\/kibrisdakik.com\/?p=88634#primaryimage"},"thumbnailUrl":"https:\/\/kibrisdakik.com\/wp-content\/uploads\/2025\/08\/cevdet-yilmaz-gonulluler-koalisyonu-liderler-toplantisi-2389142-740x420.jpg","articleSection":["Man\u015fet","T\u00fcrkiye"],"inLanguage":"tr","potentialAction":[{"@type":"CommentAction","name":"Comment","target":["https:\/\/kibrisdakik.com\/?p=88634#respond"]}]},{"@type":"WebPage","@id":"https:\/\/kibrisdakik.com\/?p=88634","url":"https:\/\/kibrisdakik.com\/?p=88634","name":"Cevdet Y\u0131lmaz G\u00f6n\u00fcll\u00fcler Koalisyonu Liderler Toplant\u0131s\u0131'na kat\u0131ld\u0131 -","isPartOf":{"@id":"https:\/\/kibrisdakik.com\/#website"},"primaryImageOfPage":{"@id":"https:\/\/kibrisdakik.com\/?p=88634#primaryimage"},"image":{"@id":"https:\/\/kibrisdakik.com\/?p=88634#primaryimage"},"thumbnailUrl":"https:\/\/kibrisdakik.com\/wp-content\/uploads\/2025\/08\/cevdet-yilmaz-gonulluler-koalisyonu-liderler-toplantisi-2389142-740x420.jpg","datePublished":"2025-08-17T15:51:02+00:00","author":{"@id":"https:\/\/kibrisdakik.com\/#\/schema\/person\/9cd9d437bbb44f72b73ba127e06d8e79"},"breadcrumb":{"@id":"https:\/\/kibrisdakik.com\/?p=88634#breadcrumb"},"inLanguage":"tr","potentialAction":[{"@type":"ReadAction","target":["https:\/\/kibrisdakik.com\/?p=88634"]}]},{"@type":"ImageObject","inLanguage":"tr","@id":"https:\/\/kibrisdakik.com\/?p=88634#primaryimage","url":"https:\/\/kibrisdakik.com\/wp-content\/uploads\/2025\/08\/cevdet-yilmaz-gonulluler-koalisyonu-liderler-toplantisi-2389142-740x420.jpg","contentUrl":"https:\/\/kibrisdakik.com\/wp-content\/uploads\/2025\/08\/cevdet-yilmaz-gonulluler-koalisyonu-liderler-toplantisi-2389142-740x420.jpg","width":1280,"height":720},{"@type":"BreadcrumbList","@id":"https:\/\/kibrisdakik.com\/?p=88634#breadcrumb","itemListElement":[{"@type":"ListItem","position":1,"name":"Home","item":"https:\/\/kibrisdakik.com\/"},{"@type":"ListItem","position":2,"name":"Cevdet Y\u0131lmaz G\u00f6n\u00fcll\u00fcler Koalisyonu Liderler Toplant\u0131s\u0131&#8217;na kat\u0131ld\u0131"}]},{"@type":"WebSite","@id":"https:\/\/kibrisdakik.com\/#website","url":"https:\/\/kibrisdakik.com\/","name":"","description":"Tam vaktinde haber","potentialAction":[{"@type":"SearchAction","target":{"@type":"EntryPoint","urlTemplate":"https:\/\/kibrisdakik.com\/?s={search_term_string}"},"query-input":{"@type":"PropertyValueSpecification","valueRequired":true,"valueName":"search_term_string"}}],"inLanguage":"tr"},{"@type":"Person","@id":"https:\/\/kibrisdakik.com\/#\/schema\/person\/9cd9d437bbb44f72b73ba127e06d8e79","name":"admin","image":{"@type":"ImageObject","inLanguage":"tr","@id":"https:\/\/secure.gravatar.com\/avatar\/ccc17943b9d660506c869530f897617f7cb1c21a4bf30023f252596d83e1f007?s=96&d=mm&r=g","url":"https:\/\/secure.gravatar.com\/avatar\/ccc17943b9d660506c869530f897617f7cb1c21a4bf30023f252596d83e1f007?s=96&d=mm&r=g","contentUrl":"https:\/\/secure.gravatar.com\/avatar\/ccc17943b9d660506c869530f897617f7cb1c21a4bf30023f252596d83e1f007?s=96&d=mm&r=g","caption":"admin"},"sameAs":["https:\/\/kibrisdakik.com"],"url":"https:\/\/kibrisdakik.com\/?author=1"}]}},"_links":{"self":[{"href":"https:\/\/kibrisdakik.com\/index.php?rest_route=\/wp\/v2\/posts\/88634","targetHints":{"allow":["GET"]}}],"collection":[{"href":"https:\/\/kibrisdakik.com\/index.php?rest_route=\/wp\/v2\/posts"}],"about":[{"href":"https:\/\/kibrisdakik.com\/index.php?rest_route=\/wp\/v2\/types\/post"}],"author":[{"embeddable":true,"href":"https:\/\/kibrisdakik.com\/index.php?rest_route=\/wp\/v2\/users\/1"}],"replies":[{"embeddable":true,"href":"https:\/\/kibrisdakik.com\/index.php?rest_route=%2Fwp%2Fv2%2Fcomments&post=88634"}],"version-history":[{"count":0,"href":"https:\/\/kibrisdakik.com\/index.php?rest_route=\/wp\/v2\/posts\/88634\/revisions"}],"wp:featuredmedia":[{"embeddable":true,"href":"https:\/\/kibrisdakik.com\/index.php?rest_route=\/wp\/v2\/media\/88635"}],"wp:attachment":[{"href":"https:\/\/kibrisdakik.com\/index.php?rest_route=%2Fwp%2Fv2%2Fmedia&parent=88634"}],"wp:term":[{"taxonomy":"category","embeddable":true,"href":"https:\/\/kibrisdakik.com\/index.php?rest_route=%2Fwp%2Fv2%2Fcategories&post=88634"},{"taxonomy":"post_tag","embeddable":true,"href":"https:\/\/kibrisdakik.com\/index.php?rest_route=%2Fwp%2Fv2%2Ftags&post=88634"}],"curies":[{"name":"wp","href":"https:\/\/api.w.org\/{rel}","templated":true}]}}