{"id":88664,"date":"2025-08-17T20:08:00","date_gmt":"2025-08-17T17:08:00","guid":{"rendered":"https:\/\/kibrisdakik.com\/index.php\/2025\/08\/17\/1-ocak-17-agustos-arasinda-5-bin-231-yangin-meydana-geldi\/"},"modified":"2025-08-17T20:08:00","modified_gmt":"2025-08-17T17:08:00","slug":"1-ocak-17-agustos-arasinda-5-bin-231-yangin-meydana-geldi","status":"publish","type":"post","link":"https:\/\/kibrisdakik.com\/?p=88664","title":{"rendered":"1 Ocak-17 A\u011fustos aras\u0131nda 5 bin 231 yang\u0131n meydana geldi"},"content":{"rendered":"<p><\/p>\n<div>\n<p>&#13;<br \/>\n\tOrman Genel M\u00fcd\u00fcrl\u00fc\u011f\u00fc&#8217;nden (OGM) yap\u0131lan a\u00e7\u0131klamada, T\u00fcrkiye&#8217;nin 2025 yaz\u0131n\u0131 y\u00fcksek s\u0131cakl\u0131klar, d\u00fc\u015f\u00fck nem ve kuvvetli r\u00fczgarlar\u0131n tetikledi\u011fi yang\u0131nlarla ge\u00e7irdi\u011fi belirtildi.<\/p>\n<p>&#13;<br \/>\n\tAkdeniz iklim ku\u015fa\u011f\u0131ndaki pek \u00e7ok \u00fclke gibi T\u00fcrkiye&#8217;nin de kritik bir m\u00fccadele d\u00f6neminden ge\u00e7ti\u011fi aktar\u0131lan a\u00e7\u0131klamada, son resmi verilere g\u00f6re Avrupa&#8217;n\u0131n pek \u00e7ok \u00fclkesinde ya\u015fanan yang\u0131nlarda 440 bin hektar, T\u00fcrkiye&#8217;de ise 64 bin 500 hektar alan\u0131n zarar g\u00f6rd\u00fc\u011f\u00fc bilgisi verildi.<\/p>\n<h2>&#13;<br \/>\n\t&#8220;Toplam 5 bin 231 yang\u0131n meydana geldi&#8221;<\/h2>\n<p>&#13;<br \/>\n\tA\u00e7\u0131klamada g\u00f6r\u00fc\u015flerine yer verilen Karacabey, orman d\u0131\u015f\u0131 alanlardaki an\u0131z yakma, tarla temizli\u011fi s\u0131ras\u0131nda kullan\u0131lan ate\u015f, dikkatsizce b\u0131rak\u0131lan \u015fi\u015fe ve cam par\u00e7alar\u0131n\u0131n yang\u0131n a\u00e7\u0131s\u0131ndan b\u00fcy\u00fck tehlike olu\u015fturdu\u011funa dikkati \u00e7ekerek, \u015fu de\u011ferlendirmede bulundu.<\/p>\n<p>&#13;<br \/>\n\t<em>&#8220;1 Ocak-17 A\u011fustos aras\u0131nda \u00fclkemizde 2 bin 239 orman, 2 bin 992 orman d\u0131\u015f\u0131 alan olmak \u00fczere toplam 5 bin 231 yang\u0131n meydana geldi. Bu rakamlar g\u00f6steriyor ki, yang\u0131nlar\u0131n y\u00fczde 57&#8217;si orman d\u0131\u015f\u0131 alanlarda ba\u015flad\u0131. Tar\u0131m arazileri, makilikler, yol kenarlar\u0131, bo\u015f araziler ve k\u0131rsal yerle\u015fimlerde \u00e7\u0131kan bu yang\u0131nlar\u0131n pek \u00e7o\u011fu, r\u00fczgar ve y\u00fcksek s\u0131cakl\u0131kla birlikte k\u0131sa s\u00fcrede ormanlara s\u0131\u00e7rad\u0131. Sonu\u00e7 olarak 64 bin 500 hektar alan\u0131m\u0131z b\u00fcy\u00fck zarar g\u00f6rd\u00fc.&#8221;<\/em><\/p>\n<p><\/p>\n<h2>&#13;<br \/>\n\t&#8220;Yol kenarlar\u0131nda \u00e7\u0131kan yang\u0131nlar\u0131n \u00f6nemli k\u0131sm\u0131 izmaritlerden kaynaklan\u0131yor&#8221;<\/h2>\n<p>&#13;<br \/>\n\tKaracabey, son g\u00fcnlerde artan ara\u00e7 yang\u0131nlar\u0131 ve yol kenarlar\u0131na at\u0131lan sigara izmaritlerinin de orman yang\u0131nlar\u0131n\u0131n nedenleri aras\u0131nda yer ald\u0131\u011f\u0131na de\u011finerek, s\u0131cak hava ve kuru otlar\u0131n, k\u00fc\u00e7\u00fcc\u00fck bir k\u0131v\u0131lc\u0131m\u0131 bile b\u00fcy\u00fck bir felakete d\u00f6n\u00fc\u015ft\u00fcrebildi\u011fini vurgulad\u0131. \u00d6zellikle otoyol ve tali yol kenarlar\u0131nda \u00e7\u0131kan yang\u0131nlar\u0131n \u00f6nemli bir k\u0131sm\u0131n\u0131n, s\u00fcr\u00fcc\u00fclerin camdan att\u0131\u011f\u0131 izmaritlerden kaynakland\u0131\u011f\u0131n\u0131 aktaran Karacabey, \u015funlar\u0131 kaydetti:<\/p>\n<p>&#13;<br \/>\n\t<em>&#8220;Son haftalarda ara\u00e7larda meydana gelen motor aksam\u0131 kaynakl\u0131 yang\u0131nlar da r\u00fczgar\u0131n etkisiyle h\u0131zla yay\u0131l\u0131p, ormanl\u0131k alanlara s\u0131\u00e7rayabiliyor. Hem izmarit atman\u0131n, hem de ara\u00e7 bak\u0131m\u0131n\u0131 ihmal etmenin cezas\u0131 var. Vatanda\u015flar\u0131m\u0131zdan bu konuda en y\u00fcksek hassasiyeti bekliyoruz. Ayr\u0131ca, orman ve orman d\u0131\u015f\u0131 alanlarda ate\u015f yak\u0131lmamas\u0131, \u015f\u00fcpheli dumanlar\u0131n 112 Acil \u00c7a\u011fr\u0131 Merkezi&#8217;ne hemen bildirilmesi ve yang\u0131n s\u00f6nd\u00fcrme \u00e7al\u0131\u015fmalar\u0131na engel olacak davran\u0131\u015flardan ka\u00e7\u0131n\u0131lmas\u0131 gerekiyor.&#8221;<\/em><\/p>\n<\/p><\/div>\n","protected":false},"excerpt":{"rendered":"<p>&#13; Orman Genel M\u00fcd\u00fcrl\u00fc\u011f\u00fc&#8217;nden (OGM) yap\u0131lan a\u00e7\u0131klamada, T\u00fcrkiye&#8217;nin 2025 yaz\u0131n\u0131 y\u00fcksek s\u0131cakl\u0131klar, d\u00fc\u015f\u00fck nem ve kuvvetli r\u00fczgarlar\u0131n tetikledi\u011fi yang\u0131nlarla ge\u00e7irdi\u011fi belirtildi. &#13; Akdeniz iklim ku\u015fa\u011f\u0131ndaki pek \u00e7ok \u00fclke gibi T\u00fcrkiye&#8217;nin de kritik bir m\u00fccadele d\u00f6neminden ge\u00e7ti\u011fi aktar\u0131lan a\u00e7\u0131klamada, son resmi verilere g\u00f6re Avrupa&#8217;n\u0131n pek \u00e7ok \u00fclkesinde ya\u015fanan yang\u0131nlarda 440 bin hektar, T\u00fcrkiye&#8217;de ise 64 bin<\/p>\n","protected":false},"author":1,"featured_media":88665,"comment_status":"open","ping_status":"open","sticky":false,"template":"","format":"standard","meta":{"footnotes":""},"categories":[101,86],"tags":[],"class_list":["post-88664","post","type-post","status-publish","format-standard","has-post-thumbnail","hentry","category-manset","category-turkiye"],"yoast_head":"<!-- This site is optimized with the Yoast SEO plugin v27.5 - https:\/\/yoast.com\/product\/yoast-seo-wordpress\/ -->\n<title>1 Ocak-17 A\u011fustos aras\u0131nda 5 bin 231 yang\u0131n meydana geldi -<\/title>\n<meta name=\"robots\" content=\"index, follow, max-snippet:-1, max-image-preview:large, max-video-preview:-1\" \/>\n<link rel=\"canonical\" href=\"https:\/\/kibrisdakik.com\/?p=88664\" \/>\n<meta property=\"og:locale\" content=\"tr_TR\" \/>\n<meta property=\"og:type\" content=\"article\" \/>\n<meta property=\"og:title\" content=\"1 Ocak-17 A\u011fustos aras\u0131nda 5 bin 231 yang\u0131n meydana geldi -\" \/>\n<meta property=\"og:description\" content=\"&#013; Orman Genel M\u00fcd\u00fcrl\u00fc\u011f\u00fc&#8217;nden (OGM) yap\u0131lan a\u00e7\u0131klamada, T\u00fcrkiye&#8217;nin 2025 yaz\u0131n\u0131 y\u00fcksek s\u0131cakl\u0131klar, d\u00fc\u015f\u00fck nem ve kuvvetli r\u00fczgarlar\u0131n tetikledi\u011fi yang\u0131nlarla ge\u00e7irdi\u011fi belirtildi. &#013; Akdeniz iklim ku\u015fa\u011f\u0131ndaki pek \u00e7ok \u00fclke gibi T\u00fcrkiye&#8217;nin de kritik bir m\u00fccadele d\u00f6neminden ge\u00e7ti\u011fi aktar\u0131lan a\u00e7\u0131klamada, son resmi verilere g\u00f6re Avrupa&#8217;n\u0131n pek \u00e7ok \u00fclkesinde ya\u015fanan yang\u0131nlarda 440 bin hektar, T\u00fcrkiye&#8217;de ise 64 bin\" \/>\n<meta property=\"og:url\" content=\"https:\/\/kibrisdakik.com\/?p=88664\" \/>\n<meta property=\"article:published_time\" content=\"2025-08-17T17:08:00+00:00\" \/>\n<meta property=\"og:image\" content=\"https:\/\/kibrisdakik.com\/wp-content\/uploads\/2025\/08\/orman-yangini-aa-2388040-740x420.jpg\" \/>\n\t<meta property=\"og:image:width\" content=\"1280\" \/>\n\t<meta property=\"og:image:height\" content=\"720\" \/>\n\t<meta property=\"og:image:type\" content=\"image\/jpeg\" \/>\n<meta name=\"author\" content=\"admin\" \/>\n<meta name=\"twitter:card\" content=\"summary_large_image\" \/>\n<meta name=\"twitter:label1\" content=\"Yazan:\" \/>\n\t<meta name=\"twitter:data1\" content=\"admin\" \/>\n\t<meta name=\"twitter:label2\" content=\"Tahmini okuma s\u00fcresi\" \/>\n\t<meta name=\"twitter:data2\" content=\"2 dakika\" \/>\n<script type=\"application\/ld+json\" class=\"yoast-schema-graph\">{\"@context\":\"https:\\\/\\\/schema.org\",\"@graph\":[{\"@type\":\"Article\",\"@id\":\"https:\\\/\\\/kibrisdakik.com\\\/?p=88664#article\",\"isPartOf\":{\"@id\":\"https:\\\/\\\/kibrisdakik.com\\\/?p=88664\"},\"author\":{\"name\":\"admin\",\"@id\":\"https:\\\/\\\/kibrisdakik.com\\\/#\\\/schema\\\/person\\\/9cd9d437bbb44f72b73ba127e06d8e79\"},\"headline\":\"1 Ocak-17 A\u011fustos aras\u0131nda 5 bin 231 yang\u0131n meydana geldi\",\"datePublished\":\"2025-08-17T17:08:00+00:00\",\"mainEntityOfPage\":{\"@id\":\"https:\\\/\\\/kibrisdakik.com\\\/?p=88664\"},\"wordCount\":431,\"commentCount\":0,\"image\":{\"@id\":\"https:\\\/\\\/kibrisdakik.com\\\/?p=88664#primaryimage\"},\"thumbnailUrl\":\"https:\\\/\\\/kibrisdakik.com\\\/wp-content\\\/uploads\\\/2025\\\/08\\\/orman-yangini-aa-2388040-740x420.jpg\",\"articleSection\":[\"Man\u015fet\",\"T\u00fcrkiye\"],\"inLanguage\":\"tr\",\"potentialAction\":[{\"@type\":\"CommentAction\",\"name\":\"Comment\",\"target\":[\"https:\\\/\\\/kibrisdakik.com\\\/?p=88664#respond\"]}]},{\"@type\":\"WebPage\",\"@id\":\"https:\\\/\\\/kibrisdakik.com\\\/?p=88664\",\"url\":\"https:\\\/\\\/kibrisdakik.com\\\/?p=88664\",\"name\":\"1 Ocak-17 A\u011fustos aras\u0131nda 5 bin 231 yang\u0131n meydana geldi -\",\"isPartOf\":{\"@id\":\"https:\\\/\\\/kibrisdakik.com\\\/#website\"},\"primaryImageOfPage\":{\"@id\":\"https:\\\/\\\/kibrisdakik.com\\\/?p=88664#primaryimage\"},\"image\":{\"@id\":\"https:\\\/\\\/kibrisdakik.com\\\/?p=88664#primaryimage\"},\"thumbnailUrl\":\"https:\\\/\\\/kibrisdakik.com\\\/wp-content\\\/uploads\\\/2025\\\/08\\\/orman-yangini-aa-2388040-740x420.jpg\",\"datePublished\":\"2025-08-17T17:08:00+00:00\",\"author\":{\"@id\":\"https:\\\/\\\/kibrisdakik.com\\\/#\\\/schema\\\/person\\\/9cd9d437bbb44f72b73ba127e06d8e79\"},\"breadcrumb\":{\"@id\":\"https:\\\/\\\/kibrisdakik.com\\\/?p=88664#breadcrumb\"},\"inLanguage\":\"tr\",\"potentialAction\":[{\"@type\":\"ReadAction\",\"target\":[\"https:\\\/\\\/kibrisdakik.com\\\/?p=88664\"]}]},{\"@type\":\"ImageObject\",\"inLanguage\":\"tr\",\"@id\":\"https:\\\/\\\/kibrisdakik.com\\\/?p=88664#primaryimage\",\"url\":\"https:\\\/\\\/kibrisdakik.com\\\/wp-content\\\/uploads\\\/2025\\\/08\\\/orman-yangini-aa-2388040-740x420.jpg\",\"contentUrl\":\"https:\\\/\\\/kibrisdakik.com\\\/wp-content\\\/uploads\\\/2025\\\/08\\\/orman-yangini-aa-2388040-740x420.jpg\",\"width\":1280,\"height\":720},{\"@type\":\"BreadcrumbList\",\"@id\":\"https:\\\/\\\/kibrisdakik.com\\\/?p=88664#breadcrumb\",\"itemListElement\":[{\"@type\":\"ListItem\",\"position\":1,\"name\":\"Home\",\"item\":\"https:\\\/\\\/kibrisdakik.com\\\/\"},{\"@type\":\"ListItem\",\"position\":2,\"name\":\"1 Ocak-17 A\u011fustos aras\u0131nda 5 bin 231 yang\u0131n meydana geldi\"}]},{\"@type\":\"WebSite\",\"@id\":\"https:\\\/\\\/kibrisdakik.com\\\/#website\",\"url\":\"https:\\\/\\\/kibrisdakik.com\\\/\",\"name\":\"\",\"description\":\"Tam vaktinde haber\",\"potentialAction\":[{\"@type\":\"SearchAction\",\"target\":{\"@type\":\"EntryPoint\",\"urlTemplate\":\"https:\\\/\\\/kibrisdakik.com\\\/?s={search_term_string}\"},\"query-input\":{\"@type\":\"PropertyValueSpecification\",\"valueRequired\":true,\"valueName\":\"search_term_string\"}}],\"inLanguage\":\"tr\"},{\"@type\":\"Person\",\"@id\":\"https:\\\/\\\/kibrisdakik.com\\\/#\\\/schema\\\/person\\\/9cd9d437bbb44f72b73ba127e06d8e79\",\"name\":\"admin\",\"image\":{\"@type\":\"ImageObject\",\"inLanguage\":\"tr\",\"@id\":\"https:\\\/\\\/secure.gravatar.com\\\/avatar\\\/ccc17943b9d660506c869530f897617f7cb1c21a4bf30023f252596d83e1f007?s=96&d=mm&r=g\",\"url\":\"https:\\\/\\\/secure.gravatar.com\\\/avatar\\\/ccc17943b9d660506c869530f897617f7cb1c21a4bf30023f252596d83e1f007?s=96&d=mm&r=g\",\"contentUrl\":\"https:\\\/\\\/secure.gravatar.com\\\/avatar\\\/ccc17943b9d660506c869530f897617f7cb1c21a4bf30023f252596d83e1f007?s=96&d=mm&r=g\",\"caption\":\"admin\"},\"sameAs\":[\"https:\\\/\\\/kibrisdakik.com\"],\"url\":\"https:\\\/\\\/kibrisdakik.com\\\/?author=1\"}]}<\/script>\n<!-- \/ Yoast SEO plugin. -->","yoast_head_json":{"title":"1 Ocak-17 A\u011fustos aras\u0131nda 5 bin 231 yang\u0131n meydana geldi -","robots":{"index":"index","follow":"follow","max-snippet":"max-snippet:-1","max-image-preview":"max-image-preview:large","max-video-preview":"max-video-preview:-1"},"canonical":"https:\/\/kibrisdakik.com\/?p=88664","og_locale":"tr_TR","og_type":"article","og_title":"1 Ocak-17 A\u011fustos aras\u0131nda 5 bin 231 yang\u0131n meydana geldi -","og_description":"&#13; Orman Genel M\u00fcd\u00fcrl\u00fc\u011f\u00fc&#8217;nden (OGM) yap\u0131lan a\u00e7\u0131klamada, T\u00fcrkiye&#8217;nin 2025 yaz\u0131n\u0131 y\u00fcksek s\u0131cakl\u0131klar, d\u00fc\u015f\u00fck nem ve kuvvetli r\u00fczgarlar\u0131n tetikledi\u011fi yang\u0131nlarla ge\u00e7irdi\u011fi belirtildi. &#13; Akdeniz iklim ku\u015fa\u011f\u0131ndaki pek \u00e7ok \u00fclke gibi T\u00fcrkiye&#8217;nin de kritik bir m\u00fccadele d\u00f6neminden ge\u00e7ti\u011fi aktar\u0131lan a\u00e7\u0131klamada, son resmi verilere g\u00f6re Avrupa&#8217;n\u0131n pek \u00e7ok \u00fclkesinde ya\u015fanan yang\u0131nlarda 440 bin hektar, T\u00fcrkiye&#8217;de ise 64 bin","og_url":"https:\/\/kibrisdakik.com\/?p=88664","article_published_time":"2025-08-17T17:08:00+00:00","og_image":[{"width":1280,"height":720,"url":"https:\/\/kibrisdakik.com\/wp-content\/uploads\/2025\/08\/orman-yangini-aa-2388040-740x420.jpg","type":"image\/jpeg"}],"author":"admin","twitter_card":"summary_large_image","twitter_misc":{"Yazan:":"admin","Tahmini okuma s\u00fcresi":"2 dakika"},"schema":{"@context":"https:\/\/schema.org","@graph":[{"@type":"Article","@id":"https:\/\/kibrisdakik.com\/?p=88664#article","isPartOf":{"@id":"https:\/\/kibrisdakik.com\/?p=88664"},"author":{"name":"admin","@id":"https:\/\/kibrisdakik.com\/#\/schema\/person\/9cd9d437bbb44f72b73ba127e06d8e79"},"headline":"1 Ocak-17 A\u011fustos aras\u0131nda 5 bin 231 yang\u0131n meydana geldi","datePublished":"2025-08-17T17:08:00+00:00","mainEntityOfPage":{"@id":"https:\/\/kibrisdakik.com\/?p=88664"},"wordCount":431,"commentCount":0,"image":{"@id":"https:\/\/kibrisdakik.com\/?p=88664#primaryimage"},"thumbnailUrl":"https:\/\/kibrisdakik.com\/wp-content\/uploads\/2025\/08\/orman-yangini-aa-2388040-740x420.jpg","articleSection":["Man\u015fet","T\u00fcrkiye"],"inLanguage":"tr","potentialAction":[{"@type":"CommentAction","name":"Comment","target":["https:\/\/kibrisdakik.com\/?p=88664#respond"]}]},{"@type":"WebPage","@id":"https:\/\/kibrisdakik.com\/?p=88664","url":"https:\/\/kibrisdakik.com\/?p=88664","name":"1 Ocak-17 A\u011fustos aras\u0131nda 5 bin 231 yang\u0131n meydana geldi -","isPartOf":{"@id":"https:\/\/kibrisdakik.com\/#website"},"primaryImageOfPage":{"@id":"https:\/\/kibrisdakik.com\/?p=88664#primaryimage"},"image":{"@id":"https:\/\/kibrisdakik.com\/?p=88664#primaryimage"},"thumbnailUrl":"https:\/\/kibrisdakik.com\/wp-content\/uploads\/2025\/08\/orman-yangini-aa-2388040-740x420.jpg","datePublished":"2025-08-17T17:08:00+00:00","author":{"@id":"https:\/\/kibrisdakik.com\/#\/schema\/person\/9cd9d437bbb44f72b73ba127e06d8e79"},"breadcrumb":{"@id":"https:\/\/kibrisdakik.com\/?p=88664#breadcrumb"},"inLanguage":"tr","potentialAction":[{"@type":"ReadAction","target":["https:\/\/kibrisdakik.com\/?p=88664"]}]},{"@type":"ImageObject","inLanguage":"tr","@id":"https:\/\/kibrisdakik.com\/?p=88664#primaryimage","url":"https:\/\/kibrisdakik.com\/wp-content\/uploads\/2025\/08\/orman-yangini-aa-2388040-740x420.jpg","contentUrl":"https:\/\/kibrisdakik.com\/wp-content\/uploads\/2025\/08\/orman-yangini-aa-2388040-740x420.jpg","width":1280,"height":720},{"@type":"BreadcrumbList","@id":"https:\/\/kibrisdakik.com\/?p=88664#breadcrumb","itemListElement":[{"@type":"ListItem","position":1,"name":"Home","item":"https:\/\/kibrisdakik.com\/"},{"@type":"ListItem","position":2,"name":"1 Ocak-17 A\u011fustos aras\u0131nda 5 bin 231 yang\u0131n meydana geldi"}]},{"@type":"WebSite","@id":"https:\/\/kibrisdakik.com\/#website","url":"https:\/\/kibrisdakik.com\/","name":"","description":"Tam vaktinde haber","potentialAction":[{"@type":"SearchAction","target":{"@type":"EntryPoint","urlTemplate":"https:\/\/kibrisdakik.com\/?s={search_term_string}"},"query-input":{"@type":"PropertyValueSpecification","valueRequired":true,"valueName":"search_term_string"}}],"inLanguage":"tr"},{"@type":"Person","@id":"https:\/\/kibrisdakik.com\/#\/schema\/person\/9cd9d437bbb44f72b73ba127e06d8e79","name":"admin","image":{"@type":"ImageObject","inLanguage":"tr","@id":"https:\/\/secure.gravatar.com\/avatar\/ccc17943b9d660506c869530f897617f7cb1c21a4bf30023f252596d83e1f007?s=96&d=mm&r=g","url":"https:\/\/secure.gravatar.com\/avatar\/ccc17943b9d660506c869530f897617f7cb1c21a4bf30023f252596d83e1f007?s=96&d=mm&r=g","contentUrl":"https:\/\/secure.gravatar.com\/avatar\/ccc17943b9d660506c869530f897617f7cb1c21a4bf30023f252596d83e1f007?s=96&d=mm&r=g","caption":"admin"},"sameAs":["https:\/\/kibrisdakik.com"],"url":"https:\/\/kibrisdakik.com\/?author=1"}]}},"_links":{"self":[{"href":"https:\/\/kibrisdakik.com\/index.php?rest_route=\/wp\/v2\/posts\/88664","targetHints":{"allow":["GET"]}}],"collection":[{"href":"https:\/\/kibrisdakik.com\/index.php?rest_route=\/wp\/v2\/posts"}],"about":[{"href":"https:\/\/kibrisdakik.com\/index.php?rest_route=\/wp\/v2\/types\/post"}],"author":[{"embeddable":true,"href":"https:\/\/kibrisdakik.com\/index.php?rest_route=\/wp\/v2\/users\/1"}],"replies":[{"embeddable":true,"href":"https:\/\/kibrisdakik.com\/index.php?rest_route=%2Fwp%2Fv2%2Fcomments&post=88664"}],"version-history":[{"count":0,"href":"https:\/\/kibrisdakik.com\/index.php?rest_route=\/wp\/v2\/posts\/88664\/revisions"}],"wp:featuredmedia":[{"embeddable":true,"href":"https:\/\/kibrisdakik.com\/index.php?rest_route=\/wp\/v2\/media\/88665"}],"wp:attachment":[{"href":"https:\/\/kibrisdakik.com\/index.php?rest_route=%2Fwp%2Fv2%2Fmedia&parent=88664"}],"wp:term":[{"taxonomy":"category","embeddable":true,"href":"https:\/\/kibrisdakik.com\/index.php?rest_route=%2Fwp%2Fv2%2Fcategories&post=88664"},{"taxonomy":"post_tag","embeddable":true,"href":"https:\/\/kibrisdakik.com\/index.php?rest_route=%2Fwp%2Fv2%2Ftags&post=88664"}],"curies":[{"name":"wp","href":"https:\/\/api.w.org\/{rel}","templated":true}]}}