{"id":88694,"date":"2025-08-17T23:59:03","date_gmt":"2025-08-17T20:59:03","guid":{"rendered":"https:\/\/kibrisdakik.com\/index.php\/2025\/08\/17\/katil-israil-7si-hastane-bahcesinde-olmak-uzere-32-filistinliyi-oldurdu\/"},"modified":"2025-08-17T23:59:03","modified_gmt":"2025-08-17T20:59:03","slug":"katil-israil-7si-hastane-bahcesinde-olmak-uzere-32-filistinliyi-oldurdu","status":"publish","type":"post","link":"https:\/\/kibrisdakik.com\/?p=88694","title":{"rendered":"Katil \u0130srail 7&#8217;si hastane bah\u00e7esinde olmak \u00fczere 32 Filistinliyi \u00f6ld\u00fcrd\u00fc"},"content":{"rendered":"<p><\/p>\n<div>\n<p>&#13;<br \/>\n\tHastane kaynaklar\u0131 ve g\u00f6rg\u00fc tan\u0131klar\u0131ndan al\u0131nan bilgiye g\u00f6re, katil \u0130srail ordusuna ait insans\u0131z hava arac\u0131 (\u0130HA), Gazze kentinin bat\u0131s\u0131nda bulunan El-Ehli Baptist Hastanesi&#8217;nin bah\u00e7esinde bir grup Filistinliyi hedef ald\u0131.<\/p>\n<p>&#13;<br \/>\n\tSald\u0131r\u0131da 7 ki\u015fi ya\u015fam\u0131n\u0131 yitirirken, baz\u0131lar\u0131 a\u011f\u0131r olmak \u00fczere bir\u00e7ok ki\u015fi yaraland\u0131.<\/p>\n<p>&#13;<br \/>\n\t\u0130\u015fgalci \u0130srail ordusu Gazze \u015eeridi&#8217;nin kuzeybat\u0131s\u0131ndaki Zikim b\u00f6lgesi yak\u0131nlar\u0131nda insani yard\u0131m bekleyenlerin \u00fczerine ate\u015f a\u00e7t\u0131. Sald\u0131r\u0131da 2 Filistinli ya\u015fam\u0131n\u0131 yitirdi.<\/p>\n<h2>&#13;<br \/>\n\tGazze \u015eeridi&#8217;nin orta kesimini hedef alan sald\u0131r\u0131lar<\/h2>\n<p>&#13;<br \/>\n\tGazze \u015eeridi&#8217;nin orta kesimindeki Bureyc M\u00fclteci Kamp\u0131nda sivillerin topland\u0131\u011f\u0131 alan\u0131n hedef al\u0131nd\u0131\u011f\u0131 sald\u0131r\u0131da 3 Filistinli hayat\u0131n\u0131 kaybetti.<\/p>\n<p>&#13;<br \/>\n\tNetzarim Koridoru yak\u0131nlar\u0131nda \u0130srail askerlerinin a\u00e7t\u0131\u011f\u0131 ate\u015f sonucu 1 Filistinli \u00f6ld\u00fc.<\/p>\n<p>&#13;<br \/>\n\tDeyr Belah&#8217;\u0131n bat\u0131s\u0131ndaki Bassa b\u00f6lgesinde sivillerin topland\u0131\u011f\u0131 alan \u0130HA&#8217;yla bombaland\u0131, 1 Filistinli hayat\u0131n\u0131 kaybetti.<\/p>\n<p>&#13;<br \/>\n\tAyr\u0131ca Nusayrat M\u00fclteci Kamp\u0131nda evi bombalanan 1 Filistinli de ya\u015fam\u0131n\u0131 yitirdi.<\/p>\n<h2>&#13;<br \/>\n\tGazze \u015eeridi&#8217;nin g\u00fcneyini hedef alan sald\u0131r\u0131lar<\/h2>\n<p>&#13;<br \/>\n\tKatil \u0130srail ordusu, Refah&#8217;\u0131n bat\u0131s\u0131nda, zorla yerlerinden edilen Filistinlilerin \u00e7ad\u0131r\u0131n\u0131 hedef ald\u0131. Sald\u0131r\u0131da en az 4 ki\u015fi hayat\u0131n\u0131 kaybetti, \u00e7ok say\u0131da ki\u015fi de yaraland\u0131.<\/p>\n<p>&#13;<br \/>\n\tRefah kentinde ise yard\u0131m bekleyenlere ate\u015f a\u00e7\u0131larak d\u00fczenlenen sald\u0131r\u0131larda 13 Filistinli \u00f6ld\u00fcr\u00fcld\u00fc.<\/p>\n<\/p><\/div>\n","protected":false},"excerpt":{"rendered":"<p>&#13; Hastane kaynaklar\u0131 ve g\u00f6rg\u00fc tan\u0131klar\u0131ndan al\u0131nan bilgiye g\u00f6re, katil \u0130srail ordusuna ait insans\u0131z hava arac\u0131 (\u0130HA), Gazze kentinin bat\u0131s\u0131nda bulunan El-Ehli Baptist Hastanesi&#8217;nin bah\u00e7esinde bir grup Filistinliyi hedef ald\u0131. &#13; Sald\u0131r\u0131da 7 ki\u015fi ya\u015fam\u0131n\u0131 yitirirken, baz\u0131lar\u0131 a\u011f\u0131r olmak \u00fczere bir\u00e7ok ki\u015fi yaraland\u0131. &#13; \u0130\u015fgalci \u0130srail ordusu Gazze \u015eeridi&#8217;nin kuzeybat\u0131s\u0131ndaki Zikim b\u00f6lgesi yak\u0131nlar\u0131nda insani yard\u0131m<\/p>\n","protected":false},"author":1,"featured_media":88695,"comment_status":"open","ping_status":"open","sticky":false,"template":"","format":"standard","meta":{"footnotes":""},"categories":[101,86],"tags":[],"class_list":["post-88694","post","type-post","status-publish","format-standard","has-post-thumbnail","hentry","category-manset","category-turkiye"],"yoast_head":"<!-- This site is optimized with the Yoast SEO plugin v27.4 - https:\/\/yoast.com\/product\/yoast-seo-wordpress\/ -->\n<title>Katil \u0130srail 7&#039;si hastane bah\u00e7esinde olmak \u00fczere 32 Filistinliyi \u00f6ld\u00fcrd\u00fc -<\/title>\n<meta name=\"robots\" content=\"index, follow, max-snippet:-1, max-image-preview:large, max-video-preview:-1\" \/>\n<link rel=\"canonical\" href=\"https:\/\/kibrisdakik.com\/?p=88694\" \/>\n<meta property=\"og:locale\" content=\"tr_TR\" \/>\n<meta property=\"og:type\" content=\"article\" \/>\n<meta property=\"og:title\" content=\"Katil \u0130srail 7&#039;si hastane bah\u00e7esinde olmak \u00fczere 32 Filistinliyi \u00f6ld\u00fcrd\u00fc -\" \/>\n<meta property=\"og:description\" content=\"&#013; Hastane kaynaklar\u0131 ve g\u00f6rg\u00fc tan\u0131klar\u0131ndan al\u0131nan bilgiye g\u00f6re, katil \u0130srail ordusuna ait insans\u0131z hava arac\u0131 (\u0130HA), Gazze kentinin bat\u0131s\u0131nda bulunan El-Ehli Baptist Hastanesi&#8217;nin bah\u00e7esinde bir grup Filistinliyi hedef ald\u0131. &#013; Sald\u0131r\u0131da 7 ki\u015fi ya\u015fam\u0131n\u0131 yitirirken, baz\u0131lar\u0131 a\u011f\u0131r olmak \u00fczere bir\u00e7ok ki\u015fi yaraland\u0131. &#013; \u0130\u015fgalci \u0130srail ordusu Gazze \u015eeridi&#8217;nin kuzeybat\u0131s\u0131ndaki Zikim b\u00f6lgesi yak\u0131nlar\u0131nda insani yard\u0131m\" \/>\n<meta property=\"og:url\" content=\"https:\/\/kibrisdakik.com\/?p=88694\" \/>\n<meta property=\"article:published_time\" content=\"2025-08-17T20:59:03+00:00\" \/>\n<meta property=\"og:image\" content=\"https:\/\/kibrisdakik.com\/wp-content\/uploads\/2025\/08\/gaza-aa-2389151-740x420.jpg\" \/>\n\t<meta property=\"og:image:width\" content=\"1280\" \/>\n\t<meta property=\"og:image:height\" content=\"720\" \/>\n\t<meta property=\"og:image:type\" content=\"image\/jpeg\" \/>\n<meta name=\"author\" content=\"admin\" \/>\n<meta name=\"twitter:card\" content=\"summary_large_image\" \/>\n<meta name=\"twitter:label1\" content=\"Yazan:\" \/>\n\t<meta name=\"twitter:data1\" content=\"admin\" \/>\n\t<meta name=\"twitter:label2\" content=\"Tahmini okuma s\u00fcresi\" \/>\n\t<meta name=\"twitter:data2\" content=\"1 dakika\" \/>\n<script type=\"application\/ld+json\" class=\"yoast-schema-graph\">{\"@context\":\"https:\\\/\\\/schema.org\",\"@graph\":[{\"@type\":\"Article\",\"@id\":\"https:\\\/\\\/kibrisdakik.com\\\/?p=88694#article\",\"isPartOf\":{\"@id\":\"https:\\\/\\\/kibrisdakik.com\\\/?p=88694\"},\"author\":{\"name\":\"admin\",\"@id\":\"https:\\\/\\\/kibrisdakik.com\\\/#\\\/schema\\\/person\\\/9cd9d437bbb44f72b73ba127e06d8e79\"},\"headline\":\"Katil \u0130srail 7&#8217;si hastane bah\u00e7esinde olmak \u00fczere 32 Filistinliyi \u00f6ld\u00fcrd\u00fc\",\"datePublished\":\"2025-08-17T20:59:03+00:00\",\"mainEntityOfPage\":{\"@id\":\"https:\\\/\\\/kibrisdakik.com\\\/?p=88694\"},\"wordCount\":238,\"commentCount\":0,\"image\":{\"@id\":\"https:\\\/\\\/kibrisdakik.com\\\/?p=88694#primaryimage\"},\"thumbnailUrl\":\"https:\\\/\\\/kibrisdakik.com\\\/wp-content\\\/uploads\\\/2025\\\/08\\\/gaza-aa-2389151-740x420.jpg\",\"articleSection\":[\"Man\u015fet\",\"T\u00fcrkiye\"],\"inLanguage\":\"tr\",\"potentialAction\":[{\"@type\":\"CommentAction\",\"name\":\"Comment\",\"target\":[\"https:\\\/\\\/kibrisdakik.com\\\/?p=88694#respond\"]}]},{\"@type\":\"WebPage\",\"@id\":\"https:\\\/\\\/kibrisdakik.com\\\/?p=88694\",\"url\":\"https:\\\/\\\/kibrisdakik.com\\\/?p=88694\",\"name\":\"Katil \u0130srail 7'si hastane bah\u00e7esinde olmak \u00fczere 32 Filistinliyi \u00f6ld\u00fcrd\u00fc -\",\"isPartOf\":{\"@id\":\"https:\\\/\\\/kibrisdakik.com\\\/#website\"},\"primaryImageOfPage\":{\"@id\":\"https:\\\/\\\/kibrisdakik.com\\\/?p=88694#primaryimage\"},\"image\":{\"@id\":\"https:\\\/\\\/kibrisdakik.com\\\/?p=88694#primaryimage\"},\"thumbnailUrl\":\"https:\\\/\\\/kibrisdakik.com\\\/wp-content\\\/uploads\\\/2025\\\/08\\\/gaza-aa-2389151-740x420.jpg\",\"datePublished\":\"2025-08-17T20:59:03+00:00\",\"author\":{\"@id\":\"https:\\\/\\\/kibrisdakik.com\\\/#\\\/schema\\\/person\\\/9cd9d437bbb44f72b73ba127e06d8e79\"},\"breadcrumb\":{\"@id\":\"https:\\\/\\\/kibrisdakik.com\\\/?p=88694#breadcrumb\"},\"inLanguage\":\"tr\",\"potentialAction\":[{\"@type\":\"ReadAction\",\"target\":[\"https:\\\/\\\/kibrisdakik.com\\\/?p=88694\"]}]},{\"@type\":\"ImageObject\",\"inLanguage\":\"tr\",\"@id\":\"https:\\\/\\\/kibrisdakik.com\\\/?p=88694#primaryimage\",\"url\":\"https:\\\/\\\/kibrisdakik.com\\\/wp-content\\\/uploads\\\/2025\\\/08\\\/gaza-aa-2389151-740x420.jpg\",\"contentUrl\":\"https:\\\/\\\/kibrisdakik.com\\\/wp-content\\\/uploads\\\/2025\\\/08\\\/gaza-aa-2389151-740x420.jpg\",\"width\":1280,\"height\":720},{\"@type\":\"BreadcrumbList\",\"@id\":\"https:\\\/\\\/kibrisdakik.com\\\/?p=88694#breadcrumb\",\"itemListElement\":[{\"@type\":\"ListItem\",\"position\":1,\"name\":\"Home\",\"item\":\"https:\\\/\\\/kibrisdakik.com\\\/\"},{\"@type\":\"ListItem\",\"position\":2,\"name\":\"Katil \u0130srail 7&#8217;si hastane bah\u00e7esinde olmak \u00fczere 32 Filistinliyi \u00f6ld\u00fcrd\u00fc\"}]},{\"@type\":\"WebSite\",\"@id\":\"https:\\\/\\\/kibrisdakik.com\\\/#website\",\"url\":\"https:\\\/\\\/kibrisdakik.com\\\/\",\"name\":\"\",\"description\":\"Tam vaktinde haber\",\"potentialAction\":[{\"@type\":\"SearchAction\",\"target\":{\"@type\":\"EntryPoint\",\"urlTemplate\":\"https:\\\/\\\/kibrisdakik.com\\\/?s={search_term_string}\"},\"query-input\":{\"@type\":\"PropertyValueSpecification\",\"valueRequired\":true,\"valueName\":\"search_term_string\"}}],\"inLanguage\":\"tr\"},{\"@type\":\"Person\",\"@id\":\"https:\\\/\\\/kibrisdakik.com\\\/#\\\/schema\\\/person\\\/9cd9d437bbb44f72b73ba127e06d8e79\",\"name\":\"admin\",\"image\":{\"@type\":\"ImageObject\",\"inLanguage\":\"tr\",\"@id\":\"https:\\\/\\\/secure.gravatar.com\\\/avatar\\\/ccc17943b9d660506c869530f897617f7cb1c21a4bf30023f252596d83e1f007?s=96&d=mm&r=g\",\"url\":\"https:\\\/\\\/secure.gravatar.com\\\/avatar\\\/ccc17943b9d660506c869530f897617f7cb1c21a4bf30023f252596d83e1f007?s=96&d=mm&r=g\",\"contentUrl\":\"https:\\\/\\\/secure.gravatar.com\\\/avatar\\\/ccc17943b9d660506c869530f897617f7cb1c21a4bf30023f252596d83e1f007?s=96&d=mm&r=g\",\"caption\":\"admin\"},\"sameAs\":[\"https:\\\/\\\/kibrisdakik.com\"],\"url\":\"https:\\\/\\\/kibrisdakik.com\\\/?author=1\"}]}<\/script>\n<!-- \/ Yoast SEO plugin. -->","yoast_head_json":{"title":"Katil \u0130srail 7'si hastane bah\u00e7esinde olmak \u00fczere 32 Filistinliyi \u00f6ld\u00fcrd\u00fc -","robots":{"index":"index","follow":"follow","max-snippet":"max-snippet:-1","max-image-preview":"max-image-preview:large","max-video-preview":"max-video-preview:-1"},"canonical":"https:\/\/kibrisdakik.com\/?p=88694","og_locale":"tr_TR","og_type":"article","og_title":"Katil \u0130srail 7'si hastane bah\u00e7esinde olmak \u00fczere 32 Filistinliyi \u00f6ld\u00fcrd\u00fc -","og_description":"&#13; Hastane kaynaklar\u0131 ve g\u00f6rg\u00fc tan\u0131klar\u0131ndan al\u0131nan bilgiye g\u00f6re, katil \u0130srail ordusuna ait insans\u0131z hava arac\u0131 (\u0130HA), Gazze kentinin bat\u0131s\u0131nda bulunan El-Ehli Baptist Hastanesi&#8217;nin bah\u00e7esinde bir grup Filistinliyi hedef ald\u0131. &#13; Sald\u0131r\u0131da 7 ki\u015fi ya\u015fam\u0131n\u0131 yitirirken, baz\u0131lar\u0131 a\u011f\u0131r olmak \u00fczere bir\u00e7ok ki\u015fi yaraland\u0131. &#13; \u0130\u015fgalci \u0130srail ordusu Gazze \u015eeridi&#8217;nin kuzeybat\u0131s\u0131ndaki Zikim b\u00f6lgesi yak\u0131nlar\u0131nda insani yard\u0131m","og_url":"https:\/\/kibrisdakik.com\/?p=88694","article_published_time":"2025-08-17T20:59:03+00:00","og_image":[{"width":1280,"height":720,"url":"https:\/\/kibrisdakik.com\/wp-content\/uploads\/2025\/08\/gaza-aa-2389151-740x420.jpg","type":"image\/jpeg"}],"author":"admin","twitter_card":"summary_large_image","twitter_misc":{"Yazan:":"admin","Tahmini okuma s\u00fcresi":"1 dakika"},"schema":{"@context":"https:\/\/schema.org","@graph":[{"@type":"Article","@id":"https:\/\/kibrisdakik.com\/?p=88694#article","isPartOf":{"@id":"https:\/\/kibrisdakik.com\/?p=88694"},"author":{"name":"admin","@id":"https:\/\/kibrisdakik.com\/#\/schema\/person\/9cd9d437bbb44f72b73ba127e06d8e79"},"headline":"Katil \u0130srail 7&#8217;si hastane bah\u00e7esinde olmak \u00fczere 32 Filistinliyi \u00f6ld\u00fcrd\u00fc","datePublished":"2025-08-17T20:59:03+00:00","mainEntityOfPage":{"@id":"https:\/\/kibrisdakik.com\/?p=88694"},"wordCount":238,"commentCount":0,"image":{"@id":"https:\/\/kibrisdakik.com\/?p=88694#primaryimage"},"thumbnailUrl":"https:\/\/kibrisdakik.com\/wp-content\/uploads\/2025\/08\/gaza-aa-2389151-740x420.jpg","articleSection":["Man\u015fet","T\u00fcrkiye"],"inLanguage":"tr","potentialAction":[{"@type":"CommentAction","name":"Comment","target":["https:\/\/kibrisdakik.com\/?p=88694#respond"]}]},{"@type":"WebPage","@id":"https:\/\/kibrisdakik.com\/?p=88694","url":"https:\/\/kibrisdakik.com\/?p=88694","name":"Katil \u0130srail 7'si hastane bah\u00e7esinde olmak \u00fczere 32 Filistinliyi \u00f6ld\u00fcrd\u00fc -","isPartOf":{"@id":"https:\/\/kibrisdakik.com\/#website"},"primaryImageOfPage":{"@id":"https:\/\/kibrisdakik.com\/?p=88694#primaryimage"},"image":{"@id":"https:\/\/kibrisdakik.com\/?p=88694#primaryimage"},"thumbnailUrl":"https:\/\/kibrisdakik.com\/wp-content\/uploads\/2025\/08\/gaza-aa-2389151-740x420.jpg","datePublished":"2025-08-17T20:59:03+00:00","author":{"@id":"https:\/\/kibrisdakik.com\/#\/schema\/person\/9cd9d437bbb44f72b73ba127e06d8e79"},"breadcrumb":{"@id":"https:\/\/kibrisdakik.com\/?p=88694#breadcrumb"},"inLanguage":"tr","potentialAction":[{"@type":"ReadAction","target":["https:\/\/kibrisdakik.com\/?p=88694"]}]},{"@type":"ImageObject","inLanguage":"tr","@id":"https:\/\/kibrisdakik.com\/?p=88694#primaryimage","url":"https:\/\/kibrisdakik.com\/wp-content\/uploads\/2025\/08\/gaza-aa-2389151-740x420.jpg","contentUrl":"https:\/\/kibrisdakik.com\/wp-content\/uploads\/2025\/08\/gaza-aa-2389151-740x420.jpg","width":1280,"height":720},{"@type":"BreadcrumbList","@id":"https:\/\/kibrisdakik.com\/?p=88694#breadcrumb","itemListElement":[{"@type":"ListItem","position":1,"name":"Home","item":"https:\/\/kibrisdakik.com\/"},{"@type":"ListItem","position":2,"name":"Katil \u0130srail 7&#8217;si hastane bah\u00e7esinde olmak \u00fczere 32 Filistinliyi \u00f6ld\u00fcrd\u00fc"}]},{"@type":"WebSite","@id":"https:\/\/kibrisdakik.com\/#website","url":"https:\/\/kibrisdakik.com\/","name":"","description":"Tam vaktinde haber","potentialAction":[{"@type":"SearchAction","target":{"@type":"EntryPoint","urlTemplate":"https:\/\/kibrisdakik.com\/?s={search_term_string}"},"query-input":{"@type":"PropertyValueSpecification","valueRequired":true,"valueName":"search_term_string"}}],"inLanguage":"tr"},{"@type":"Person","@id":"https:\/\/kibrisdakik.com\/#\/schema\/person\/9cd9d437bbb44f72b73ba127e06d8e79","name":"admin","image":{"@type":"ImageObject","inLanguage":"tr","@id":"https:\/\/secure.gravatar.com\/avatar\/ccc17943b9d660506c869530f897617f7cb1c21a4bf30023f252596d83e1f007?s=96&d=mm&r=g","url":"https:\/\/secure.gravatar.com\/avatar\/ccc17943b9d660506c869530f897617f7cb1c21a4bf30023f252596d83e1f007?s=96&d=mm&r=g","contentUrl":"https:\/\/secure.gravatar.com\/avatar\/ccc17943b9d660506c869530f897617f7cb1c21a4bf30023f252596d83e1f007?s=96&d=mm&r=g","caption":"admin"},"sameAs":["https:\/\/kibrisdakik.com"],"url":"https:\/\/kibrisdakik.com\/?author=1"}]}},"_links":{"self":[{"href":"https:\/\/kibrisdakik.com\/index.php?rest_route=\/wp\/v2\/posts\/88694","targetHints":{"allow":["GET"]}}],"collection":[{"href":"https:\/\/kibrisdakik.com\/index.php?rest_route=\/wp\/v2\/posts"}],"about":[{"href":"https:\/\/kibrisdakik.com\/index.php?rest_route=\/wp\/v2\/types\/post"}],"author":[{"embeddable":true,"href":"https:\/\/kibrisdakik.com\/index.php?rest_route=\/wp\/v2\/users\/1"}],"replies":[{"embeddable":true,"href":"https:\/\/kibrisdakik.com\/index.php?rest_route=%2Fwp%2Fv2%2Fcomments&post=88694"}],"version-history":[{"count":0,"href":"https:\/\/kibrisdakik.com\/index.php?rest_route=\/wp\/v2\/posts\/88694\/revisions"}],"wp:featuredmedia":[{"embeddable":true,"href":"https:\/\/kibrisdakik.com\/index.php?rest_route=\/wp\/v2\/media\/88695"}],"wp:attachment":[{"href":"https:\/\/kibrisdakik.com\/index.php?rest_route=%2Fwp%2Fv2%2Fmedia&parent=88694"}],"wp:term":[{"taxonomy":"category","embeddable":true,"href":"https:\/\/kibrisdakik.com\/index.php?rest_route=%2Fwp%2Fv2%2Fcategories&post=88694"},{"taxonomy":"post_tag","embeddable":true,"href":"https:\/\/kibrisdakik.com\/index.php?rest_route=%2Fwp%2Fv2%2Ftags&post=88694"}],"curies":[{"name":"wp","href":"https:\/\/api.w.org\/{rel}","templated":true}]}}