{"id":8875,"date":"2023-06-15T18:32:47","date_gmt":"2023-06-15T18:32:47","guid":{"rendered":"https:\/\/kibrisdakik.com\/index.php\/2023\/06\/15\/cumhurbaskani-tatar-hristodulides-ve-metsolaya-yanit-verdi\/"},"modified":"2023-06-15T18:32:47","modified_gmt":"2023-06-15T18:32:47","slug":"cumhurbaskani-tatar-hristodulides-ve-metsolaya-yanit-verdi","status":"publish","type":"post","link":"https:\/\/kibrisdakik.com\/?p=8875","title":{"rendered":"Cumhurba\u015fkan\u0131 Tatar, Hristodulides ve Metsola\u2019ya yan\u0131t verdi"},"content":{"rendered":"<p><\/p>\n<div>\n<div class=\"mariselle-image-container center\">\n                <img width=\"805\" height=\"400\" class=\"lazy-image\" alt=\"\" decoding=\"async\" loading=\"lazy\" sizes=\"auto, (max-width: 805px) 100vw, 805px\" src=\"https:\/\/brtk.net\/wp-content\/uploads\/2023\/06\/07\/tatar57.jpg?ver=b54ab2e9b6b9e31bc2a87583af7428e9\" srcset=\"https:\/\/brtk.net\/wp-content\/uploads\/2023\/06\/07\/tatar57.jpg?ver=b54ab2e9b6b9e31bc2a87583af7428e9 805w, https:\/\/brtk.net\/wp-content\/uploads\/2023\/06\/07\/tatar57-300x149.jpg?ver=e0b3f9b57c172b19bb0932e0341bdfba 300w, https:\/\/brtk.net\/wp-content\/uploads\/2023\/06\/07\/tatar57-768x382.jpg?ver=e0b3f9b57c172b19bb0932e0341bdfba 768w\"\/>                            <\/div>\n<p>Cumhurba\u015fkan\u0131 <a href=\"https:\/\/brtk.net\/\" target=\"_blank\" rel=\"noopener\"><a href=\"https:\/\/brtk.net\/\" target=\"_blank\" rel=\"noopener\">Ersin <\/a><a href=\"https:\/\/brtk.net\/\"\/><a href=\"https:\/\/brtk.net\/\"\/><a href=\"https:\/\/brtk.net\/\"\/><a href=\"https:\/\/brtk.net\/\"\/><a href=\"https:\/\/brtk.net\/\"\/><a href=\"https:\/\/brtk.net\/\"\/><a href=\"https:\/\/brtk.net\/\"\/><a href=\"https:\/\/brtk.net\/\"\/><a href=\"https:\/\/brtk.net\/\"\/><a href=\"https:\/\/brtk.net\/\"\/><a href=\"https:\/\/brtk.net\/\"\/><a href=\"https:\/\/brtk.net\/\"\/><a href=\"https:\/\/brtk.net\/\"\/><a href=\"https:\/\/brtk.net\/\">Tatar<\/a>, Rum Y\u00f6netimi Ba\u015fkan\u0131 Nikos Hristodulides\u2019in Avrupa Parlamentosu\u2019nda yapt\u0131\u011f\u0131 konu\u015fmaya yan\u0131t verdi\u2026<br \/><a href=\"https:\/\/brtk.net\/\"\/><a href=\"https:\/\/brtk.net\/\"\/><a href=\"https:\/\/brtk.net\/\"\/><a href=\"https:\/\/brtk.net\/\"\/><a href=\"https:\/\/brtk.net\/\"\/><a href=\"https:\/\/brtk.net\/\"\/><a href=\"https:\/\/brtk.net\/\"\/><a href=\"https:\/\/brtk.net\/\"\/><a href=\"https:\/\/brtk.net\/\"\/><a href=\"https:\/\/brtk.net\/\"\/><a href=\"https:\/\/brtk.net\/\"\/><a href=\"https:\/\/brtk.net\/\"\/><a href=\"https:\/\/brtk.net\/\"\/><a href=\"https:\/\/brtk.net\/\">Tatar<\/a>, Rum Lider Nikos Hristodulides\u2019in, Avrupa Parlamentosu\u2019nda yapt\u0131\u011f\u0131 konu\u015fmada K\u0131br\u0131s konusunun 60 y\u0131ld\u0131r neden \u00e7\u00f6z\u00fcms\u00fcz kald\u0131\u011f\u0131n\u0131 if\u015fa etti\u011fini belirterek \u201cRum lider, K\u0131br\u0131s T\u00fcrk Halk\u0131\u2019n\u0131 yok sayan, e\u015fit g\u00f6rmeyen tutumunu tekrarlarken, Anavatan T\u00fcrkiye\u2019ye AB \u00fczerinden bask\u0131 yap\u0131lmas\u0131 \u00e7a\u011fr\u0131s\u0131nda da bulunarak \u00e7aresizli\u011fini ortaya koymaktad\u0131r\u201d dedi.<br \/>Rum liderli\u011finin, K\u0131br\u0131s konusuna BM d\u0131\u015f\u0131nda ba\u015fka akt\u00f6rleri dahil etme \u00e7abalar\u0131n\u0131n beyhude oldu\u011funu anlamas\u0131 gerekti\u011fini ifade eden <a href=\"https:\/\/brtk.net\/\"\/><a href=\"https:\/\/brtk.net\/\"\/><a href=\"https:\/\/brtk.net\/\"\/><a href=\"https:\/\/brtk.net\/\"\/><a href=\"https:\/\/brtk.net\/\"\/><a href=\"https:\/\/brtk.net\/\"\/><a href=\"https:\/\/brtk.net\/\"\/><a href=\"https:\/\/brtk.net\/\"\/><a href=\"https:\/\/brtk.net\/\"\/><a href=\"https:\/\/brtk.net\/\"\/><a href=\"https:\/\/brtk.net\/\"\/><a href=\"https:\/\/brtk.net\/\"\/><a href=\"https:\/\/brtk.net\/\"\/><a href=\"https:\/\/brtk.net\/\">Tatar<\/a>, K\u0131br\u0131s T\u00fcrk taraf\u0131n\u0131n r\u0131za g\u00f6stermedi\u011fi herhangi bir akt\u00f6r\u00fcn olas\u0131 s\u00fcre\u00e7lere dahil olamayaca\u011f\u0131n\u0131 vurgulad\u0131.<\/p>\n<p><a href=\"https:\/\/brtk.net\/\"\/><a href=\"https:\/\/brtk.net\/\"\/><a href=\"https:\/\/brtk.net\/\"\/><a href=\"https:\/\/brtk.net\/\"\/><a href=\"https:\/\/brtk.net\/\"\/><a href=\"https:\/\/brtk.net\/\"\/><a href=\"https:\/\/brtk.net\/\"\/><a href=\"https:\/\/brtk.net\/\"\/><a href=\"https:\/\/brtk.net\/\"\/><a href=\"https:\/\/brtk.net\/\"\/><a href=\"https:\/\/brtk.net\/\"\/><a href=\"https:\/\/brtk.net\/\"\/><a href=\"https:\/\/brtk.net\/\"\/><a href=\"https:\/\/brtk.net\/\">Tatar<\/a> \u201cHristodulides, se\u00e7ildi\u011fi g\u00fcnden beri uzla\u015fmaz ve maksimalist tutumunu gizlemek amac\u0131yla AB\u2019yi K\u0131br\u0131s konusuna dahil etmeye y\u00f6nelik s\u00f6zde plan\u0131n\u0131 ileriye g\u00f6t\u00fcrme siyaseti g\u00fctmektedir. Bilinmelidir ki, K\u0131br\u0131s\u2019\u0131n gelece\u011fine dair tek yanl\u0131 herhangi bir \u00e7aba kabul g\u00f6rmeyecek ve K\u0131br\u0131s Rum lider son temaslar\u0131nda oldu\u011fu gibi elleri bombo\u015f G\u00fcney K\u0131br\u0131s\u2019a d\u00f6necektir\u201d ifadelerini kulland\u0131. <\/p>\n<p>Cumhurba\u015fkan\u0131 <a href=\"https:\/\/brtk.net\/\"\/><a href=\"https:\/\/brtk.net\/\"\/><a href=\"https:\/\/brtk.net\/\"\/><a href=\"https:\/\/brtk.net\/\"\/><a href=\"https:\/\/brtk.net\/\"\/><a href=\"https:\/\/brtk.net\/\"\/><a href=\"https:\/\/brtk.net\/\"\/><a href=\"https:\/\/brtk.net\/\"\/><a href=\"https:\/\/brtk.net\/\"\/><a href=\"https:\/\/brtk.net\/\"\/><a href=\"https:\/\/brtk.net\/\"\/><a href=\"https:\/\/brtk.net\/\"\/><a href=\"https:\/\/brtk.net\/\"\/><a href=\"https:\/\/brtk.net\/\">Tatar<\/a>, Avrupa Parlamentosu Ba\u015fkan\u0131 RobertaMetsola\u2019n\u0131n ise konu\u015fmas\u0131nda, \u201cK\u0131br\u0131s b\u00f6l\u00fcnm\u00fc\u015f oldu\u011fu s\u00fcrece Avrupa\u2019n\u0131n asla tamamlanamayaca\u011f\u0131n\u0131\u201d ifade ederken asl\u0131nda AB\u2019nin stat\u00fckonun kal\u0131c\u0131la\u015fmas\u0131na yapm\u0131\u015f oldu\u011fu b\u00fcy\u00fck katk\u0131y\u0131 unutmu\u015f g\u00f6r\u00fcnd\u00fc\u011f\u00fcn\u00fc dile getirdi.<br \/>Avrupa Birli\u011fi\u2019nin, Annan Plan\u0131\u2019n\u0131 reddeden Rum taraf\u0131n\u0131, kendi koymu\u015f oldu\u011fu tam \u00fcyelik kriterlerini, yani kendi hukukunu bilerek ve isteyerek \u00e7i\u011fneyerek 1960 Cumhuriyeti\u2019ni kuran uluslararas\u0131 antla\u015fmalar\u0131n da hilaf\u0131na tam \u00fcye yapt\u0131\u011f\u0131n\u0131 belirten <a href=\"https:\/\/brtk.net\/\"\/><a href=\"https:\/\/brtk.net\/\"\/><a href=\"https:\/\/brtk.net\/\"\/><a href=\"https:\/\/brtk.net\/\"\/><a href=\"https:\/\/brtk.net\/\"\/><a href=\"https:\/\/brtk.net\/\"\/><a href=\"https:\/\/brtk.net\/\"\/><a href=\"https:\/\/brtk.net\/\"\/><a href=\"https:\/\/brtk.net\/\"\/><a href=\"https:\/\/brtk.net\/\"\/><a href=\"https:\/\/brtk.net\/\"\/><a href=\"https:\/\/brtk.net\/\"\/><a href=\"https:\/\/brtk.net\/\"\/><a href=\"https:\/\/brtk.net\/\">Tatar<\/a>, Avrupa Birli\u011fi\u2019nin sanki Rum liderinin adan\u0131n t\u00fcm\u00fcnde yetki, otorite ve egemenli\u011fi varm\u0131\u015f gibi davranmaya devam etti\u011fine dikkati \u00e7ekti.<\/p>\n<p>Cumhurba\u015fkan\u0131 <a href=\"https:\/\/brtk.net\/\" target=\"_blank\" rel=\"noopener\"><a href=\"https:\/\/brtk.net\/\" target=\"_blank\" rel=\"noopener\">Ersin <\/a><a href=\"https:\/\/brtk.net\/\"\/><a href=\"https:\/\/brtk.net\/\"\/><a href=\"https:\/\/brtk.net\/\"\/><a href=\"https:\/\/brtk.net\/\"\/><a href=\"https:\/\/brtk.net\/\"\/><a href=\"https:\/\/brtk.net\/\"\/><a href=\"https:\/\/brtk.net\/\"\/><a href=\"https:\/\/brtk.net\/\"\/><a href=\"https:\/\/brtk.net\/\"\/><a href=\"https:\/\/brtk.net\/\"\/><a href=\"https:\/\/brtk.net\/\"\/><a href=\"https:\/\/brtk.net\/\"\/><a href=\"https:\/\/brtk.net\/\"\/><a href=\"https:\/\/brtk.net\/\">Tatar<\/a> a\u00e7\u0131klamas\u0131nda K\u0131br\u0131s Adas\u0131\u2019nda iki devlet ger\u00e7e\u011fi oldu\u011funa da vurgu yapt\u0131.<\/p>\n<p><a href=\"https:\/\/brtk.net\/\"\/><a href=\"https:\/\/brtk.net\/\"\/><a href=\"https:\/\/brtk.net\/\"\/><a href=\"https:\/\/brtk.net\/\"\/><a href=\"https:\/\/brtk.net\/\"\/><a href=\"https:\/\/brtk.net\/\"\/><a href=\"https:\/\/brtk.net\/\"\/><a href=\"https:\/\/brtk.net\/\"\/><a href=\"https:\/\/brtk.net\/\"\/><a href=\"https:\/\/brtk.net\/\"\/><a href=\"https:\/\/brtk.net\/\"\/><a href=\"https:\/\/brtk.net\/\"\/><a href=\"https:\/\/brtk.net\/\"\/><a href=\"https:\/\/brtk.net\/\">Tatar<\/a> \u201cBuradan bir kez daha tekrarlamakta fayda g\u00f6rmekteyim. K\u0131br\u0131s Adas\u0131\u2019nda iki Devlet ger\u00e7e\u011fi vard\u0131r. Bu iki Devletin s\u0131n\u0131rlar\u0131 da y\u00f6netimleri de demokratik yollardan se\u00e7ilen y\u00f6neticileri de bellidir ve iki Devlet bu esaslara g\u00f6re on y\u0131llard\u0131r yan yana ya\u015famaktad\u0131r. Ger\u00e7ekler b\u00f6yleyken, K\u0131br\u0131s Rum liderli\u011finin adan\u0131n t\u00fcm\u00fcn\u00fc temsil kabiliyeti varm\u0131\u015f ill\u00fczyonunu s\u00fcrd\u00fcrmek isteyenler, sadece ve sadece \u00e7\u00f6z\u00fcms\u00fczl\u00fc\u011fe ayn\u0131 zamanda mevcut stat\u00fckonun kal\u0131c\u0131la\u015fmas\u0131na hizmet etmektedirler\u201d ifadelerine yer verdi.<br \/>\u00c7\u00f6z\u00fcme gidecek yolun belli oldu\u011funu belirten Cumhurba\u015fkan\u0131 <a href=\"https:\/\/brtk.net\/\"\/><a href=\"https:\/\/brtk.net\/\"\/><a href=\"https:\/\/brtk.net\/\"\/><a href=\"https:\/\/brtk.net\/\"\/><a href=\"https:\/\/brtk.net\/\"\/><a href=\"https:\/\/brtk.net\/\"\/><a href=\"https:\/\/brtk.net\/\"\/><a href=\"https:\/\/brtk.net\/\"\/><a href=\"https:\/\/brtk.net\/\"\/><a href=\"https:\/\/brtk.net\/\"\/><a href=\"https:\/\/brtk.net\/\"\/><a href=\"https:\/\/brtk.net\/\"\/><a href=\"https:\/\/brtk.net\/\"\/><a href=\"https:\/\/brtk.net\/\">Tatar<\/a>, \u201cRum lider K\u0131br\u0131s T\u00fcrk Halk\u0131n\u0131n egemen e\u015fitli\u011fini ve e\u015fit uluslararas\u0131 stat\u00fcs\u00fcn\u00fc teyit etsin m\u00fczakerelere ba\u015flayal\u0131m, sahadaki ger\u00e7ekleri masaya yans\u0131tal\u0131m ve bu sorunu \u00e7\u00f6z\u00fcms\u00fczl\u00fckten kurtaral\u0131m\u201d dedi.<br \/>Avrupa Birli\u011fi\u2019nin de K\u0131br\u0131s\u2019ta bir uzla\u015f\u0131ya, bir \u00e7\u00f6z\u00fcme hizmet etmek istiyorsa, Rum lideri bu y\u00f6nde te\u015fvik etmesi gerekti\u011fini ifade eden <a href=\"https:\/\/brtk.net\/\"\/><a href=\"https:\/\/brtk.net\/\"\/><a href=\"https:\/\/brtk.net\/\"\/><a href=\"https:\/\/brtk.net\/\"\/><a href=\"https:\/\/brtk.net\/\"\/><a href=\"https:\/\/brtk.net\/\"\/><a href=\"https:\/\/brtk.net\/\"\/><a href=\"https:\/\/brtk.net\/\"\/><a href=\"https:\/\/brtk.net\/\"\/><a href=\"https:\/\/brtk.net\/\"\/><a href=\"https:\/\/brtk.net\/\"\/><a href=\"https:\/\/brtk.net\/\"\/><a href=\"https:\/\/brtk.net\/\"\/><a href=\"https:\/\/brtk.net\/\">Tatar<\/a> aksi halde sorunun bir par\u00e7as\u0131 haline gelen AB\u2019nin mevcut tutumuyla K\u0131br\u0131s konusuna olumlu bir katk\u0131 yapmas\u0131n\u0131n m\u00fcmk\u00fcn olmad\u0131\u011f\u0131n\u0131 belirtti.<br \/>Rum liderin konu\u015fmas\u0131nda, mesnetsiz iddialarla d\u00fczensiz g\u00f6\u00e7 konusunda Anavatan T\u00fcrkiye\u2019ye dil uzatt\u0131\u011f\u0131n\u0131 kaydeden <a href=\"https:\/\/brtk.net\/\"\/><a href=\"https:\/\/brtk.net\/\"\/><a href=\"https:\/\/brtk.net\/\"\/><a href=\"https:\/\/brtk.net\/\"\/><a href=\"https:\/\/brtk.net\/\"\/><a href=\"https:\/\/brtk.net\/\"\/><a href=\"https:\/\/brtk.net\/\"\/><a href=\"https:\/\/brtk.net\/\"\/><a href=\"https:\/\/brtk.net\/\"\/><a href=\"https:\/\/brtk.net\/\"\/><a href=\"https:\/\/brtk.net\/\"\/><a href=\"https:\/\/brtk.net\/\"\/><a href=\"https:\/\/brtk.net\/\"\/><a href=\"https:\/\/brtk.net\/\">Tatar<\/a>, k\u00fcresel bir sorun olan d\u00fczensiz g\u00f6\u00e7 konusunda insanl\u0131k trajedileri ya\u015fan\u0131rken, bu \u00e7aresiz insanlara kucak a\u00e7an, vaat edilen katk\u0131n\u0131n da verilmemesine ra\u011fmen kendi imkanlar\u0131yla d\u00fczensiz g\u00f6\u00e7menlere beslenme ve bar\u0131nma da dahil ya\u015fam veren T\u00fcrkiye Cumhuriyeti\u2019ne dil uzatman\u0131n kimsenin haddine olmad\u0131\u011f\u0131n\u0131n alt\u0131n\u0131 \u00e7izdi.<br \/><a href=\"https:\/\/brtk.net\/\"\/><a href=\"https:\/\/brtk.net\/\"\/><a href=\"https:\/\/brtk.net\/\"\/><a href=\"https:\/\/brtk.net\/\"\/><a href=\"https:\/\/brtk.net\/\"\/><a href=\"https:\/\/brtk.net\/\"\/><a href=\"https:\/\/brtk.net\/\"\/><a href=\"https:\/\/brtk.net\/\"\/><a href=\"https:\/\/brtk.net\/\"\/><a href=\"https:\/\/brtk.net\/\"\/><a href=\"https:\/\/brtk.net\/\"\/><a href=\"https:\/\/brtk.net\/\"\/><a href=\"https:\/\/brtk.net\/\"\/><a href=\"https:\/\/brtk.net\/\">Tatar<\/a> \u201cBu konuda g\u00f6r\u00fc\u015fmek istiyorlarsa, i\u015f birli\u011fi yapmak istiyorlarsa kendilerine sunmu\u015f oldu\u011fumuz \u00f6nerimiz hala masad\u0131r. Pop\u00fclizm yapmak yerine \u00f6nerimizi kabul etsinler, yetkililerimiz oturup bu konuda i\u015f birli\u011fi zeminini olu\u015ftursun\u201d ifadelerini kulland\u0131.<br \/>Rum Liderin hidrokarbon kaynaklar\u0131 konusunda da tek sahip ve tek yetkili kendileriymi\u015f gibi ifadeler kulland\u0131\u011f\u0131n\u0131, bununla da yetinmeyip do\u011fal gaz konusunda vaatlerde de bulundu\u011funa i\u015faret eden <a href=\"https:\/\/brtk.net\/\"\/><a href=\"https:\/\/brtk.net\/\"\/><a href=\"https:\/\/brtk.net\/\"\/><a href=\"https:\/\/brtk.net\/\"\/><a href=\"https:\/\/brtk.net\/\"\/><a href=\"https:\/\/brtk.net\/\"\/><a href=\"https:\/\/brtk.net\/\"\/><a href=\"https:\/\/brtk.net\/\"\/><a href=\"https:\/\/brtk.net\/\"\/><a href=\"https:\/\/brtk.net\/\"\/><a href=\"https:\/\/brtk.net\/\"\/><a href=\"https:\/\/brtk.net\/\"\/><a href=\"https:\/\/brtk.net\/\"\/><a href=\"https:\/\/brtk.net\/\">Tatar<\/a>, \u201cRum lider bilmelidir ki e\u015fit hak sahibi oldu\u011fumuz do\u011fal zenginliklere dair haklar\u0131m\u0131z\u0131 sonuna kadar savunmaya T\u00fcrkiye Cumhuriyeti\u2019nin deste\u011fiyle devam edece\u011fiz\u201d dedi.<br \/>Bu konuda da i\u015f birli\u011fi \u00e7a\u011fr\u0131s\u0131 yapt\u0131klar\u0131n\u0131 hat\u0131rlatan <a href=\"https:\/\/brtk.net\/\"\/><a href=\"https:\/\/brtk.net\/\"\/><a href=\"https:\/\/brtk.net\/\"\/><a href=\"https:\/\/brtk.net\/\"\/><a href=\"https:\/\/brtk.net\/\"\/><a href=\"https:\/\/brtk.net\/\"\/><a href=\"https:\/\/brtk.net\/\"\/><a href=\"https:\/\/brtk.net\/\"\/><a href=\"https:\/\/brtk.net\/\"\/><a href=\"https:\/\/brtk.net\/\"\/><a href=\"https:\/\/brtk.net\/\"\/><a href=\"https:\/\/brtk.net\/\"\/><a href=\"https:\/\/brtk.net\/\"\/><a href=\"https:\/\/brtk.net\/\">Tatar<\/a>, bu konuda da ayak s\u00fcr\u00fcyen taraf\u0131n belli oldu\u011funu belirtti.<br \/>Rum taraf\u0131na \u00e7a\u011fr\u0131 yapan <a href=\"https:\/\/brtk.net\/\"\/><a href=\"https:\/\/brtk.net\/\"\/><a href=\"https:\/\/brtk.net\/\"\/><a href=\"https:\/\/brtk.net\/\"\/><a href=\"https:\/\/brtk.net\/\"\/><a href=\"https:\/\/brtk.net\/\"\/><a href=\"https:\/\/brtk.net\/\"\/><a href=\"https:\/\/brtk.net\/\"\/><a href=\"https:\/\/brtk.net\/\"\/><a href=\"https:\/\/brtk.net\/\"\/><a href=\"https:\/\/brtk.net\/\"\/><a href=\"https:\/\/brtk.net\/\"\/><a href=\"https:\/\/brtk.net\/\"\/><a href=\"https:\/\/brtk.net\/\">Tatar<\/a> \u201c1 Temmuz 2022 tarihinde BM Genel Sekreteri arac\u0131l\u0131\u011f\u0131yla taraf\u0131n\u0131za g\u00f6nderdi\u011fimiz i\u015f birli\u011fi teklifimize olumlu yan\u0131t veriniz. Hemen teknik ekiplerimiz masaya otursun, i\u015f birli\u011fi yapal\u0131m hem iki taraf, hem K\u0131br\u0131s Adas\u0131 hem ilgili payda\u015flar hem de b\u00f6lgemiz kazans\u0131n\u201d dedi.<\/p>\n<\/p><\/div>\n<p><script async\n                    defer\n                    crossorigin=\"anonymous\"\n                    src=\"https:\/\/connect.facebook.net\/tr_TR\/sdk.js#xfbml=1&#038;version=v3.3\"\n            ><\/script><\/p>\n","protected":false},"excerpt":{"rendered":"<p>Cumhurba\u015fkan\u0131 Ersin Tatar, Rum Y\u00f6netimi Ba\u015fkan\u0131 Nikos Hristodulides\u2019in Avrupa Parlamentosu\u2019nda yapt\u0131\u011f\u0131 konu\u015fmaya yan\u0131t verdi\u2026Tatar, Rum Lider Nikos Hristodulides\u2019in, Avrupa Parlamentosu\u2019nda yapt\u0131\u011f\u0131 konu\u015fmada K\u0131br\u0131s konusunun 60 y\u0131ld\u0131r neden \u00e7\u00f6z\u00fcms\u00fcz kald\u0131\u011f\u0131n\u0131 if\u015fa etti\u011fini belirterek \u201cRum lider, K\u0131br\u0131s T\u00fcrk Halk\u0131\u2019n\u0131 yok sayan, e\u015fit g\u00f6rmeyen tutumunu tekrarlarken, Anavatan T\u00fcrkiye\u2019ye AB \u00fczerinden bask\u0131 yap\u0131lmas\u0131 \u00e7a\u011fr\u0131s\u0131nda da bulunarak \u00e7aresizli\u011fini ortaya koymaktad\u0131r\u201d<\/p>\n","protected":false},"author":1,"featured_media":6632,"comment_status":"open","ping_status":"open","sticky":false,"template":"","format":"standard","meta":{"footnotes":""},"categories":[1],"tags":[],"class_list":["post-8875","post","type-post","status-publish","format-standard","has-post-thumbnail","hentry","category-gundem"],"yoast_head":"<!-- This site is optimized with the Yoast SEO plugin v27.5 - https:\/\/yoast.com\/product\/yoast-seo-wordpress\/ -->\n<title>Cumhurba\u015fkan\u0131 Tatar, Hristodulides ve Metsola\u2019ya yan\u0131t verdi -<\/title>\n<meta name=\"robots\" content=\"index, follow, max-snippet:-1, max-image-preview:large, max-video-preview:-1\" \/>\n<link rel=\"canonical\" href=\"https:\/\/kibrisdakik.com\/?p=8875\" \/>\n<meta property=\"og:locale\" content=\"tr_TR\" \/>\n<meta property=\"og:type\" content=\"article\" \/>\n<meta property=\"og:title\" content=\"Cumhurba\u015fkan\u0131 Tatar, Hristodulides ve Metsola\u2019ya yan\u0131t verdi -\" \/>\n<meta property=\"og:description\" content=\"Cumhurba\u015fkan\u0131 Ersin Tatar, Rum Y\u00f6netimi Ba\u015fkan\u0131 Nikos Hristodulides\u2019in Avrupa Parlamentosu\u2019nda yapt\u0131\u011f\u0131 konu\u015fmaya yan\u0131t verdi\u2026Tatar, Rum Lider Nikos Hristodulides\u2019in, Avrupa Parlamentosu\u2019nda yapt\u0131\u011f\u0131 konu\u015fmada K\u0131br\u0131s konusunun 60 y\u0131ld\u0131r neden \u00e7\u00f6z\u00fcms\u00fcz kald\u0131\u011f\u0131n\u0131 if\u015fa etti\u011fini belirterek \u201cRum lider, K\u0131br\u0131s T\u00fcrk Halk\u0131\u2019n\u0131 yok sayan, e\u015fit g\u00f6rmeyen tutumunu tekrarlarken, Anavatan T\u00fcrkiye\u2019ye AB \u00fczerinden bask\u0131 yap\u0131lmas\u0131 \u00e7a\u011fr\u0131s\u0131nda da bulunarak \u00e7aresizli\u011fini ortaya koymaktad\u0131r\u201d\" \/>\n<meta property=\"og:url\" content=\"https:\/\/kibrisdakik.com\/?p=8875\" \/>\n<meta property=\"article:published_time\" content=\"2023-06-15T18:32:47+00:00\" \/>\n<meta property=\"og:image\" content=\"https:\/\/kibrisdakik.com\/wp-content\/uploads\/2023\/05\/ERSINTATAR-740x420.jpeg\" \/>\n\t<meta property=\"og:image:width\" content=\"1600\" \/>\n\t<meta property=\"og:image:height\" content=\"1066\" \/>\n\t<meta property=\"og:image:type\" content=\"image\/jpeg\" \/>\n<meta name=\"author\" content=\"admin\" \/>\n<meta name=\"twitter:card\" content=\"summary_large_image\" \/>\n<meta name=\"twitter:label1\" content=\"Yazan:\" \/>\n\t<meta name=\"twitter:data1\" content=\"admin\" \/>\n\t<meta name=\"twitter:label2\" content=\"Tahmini okuma s\u00fcresi\" \/>\n\t<meta name=\"twitter:data2\" content=\"4 dakika\" \/>\n<script type=\"application\/ld+json\" class=\"yoast-schema-graph\">{\"@context\":\"https:\\\/\\\/schema.org\",\"@graph\":[{\"@type\":\"Article\",\"@id\":\"https:\\\/\\\/kibrisdakik.com\\\/?p=8875#article\",\"isPartOf\":{\"@id\":\"https:\\\/\\\/kibrisdakik.com\\\/?p=8875\"},\"author\":{\"name\":\"admin\",\"@id\":\"https:\\\/\\\/kibrisdakik.com\\\/#\\\/schema\\\/person\\\/9cd9d437bbb44f72b73ba127e06d8e79\"},\"headline\":\"Cumhurba\u015fkan\u0131 Tatar, Hristodulides ve Metsola\u2019ya yan\u0131t verdi\",\"datePublished\":\"2023-06-15T18:32:47+00:00\",\"mainEntityOfPage\":{\"@id\":\"https:\\\/\\\/kibrisdakik.com\\\/?p=8875\"},\"wordCount\":861,\"commentCount\":0,\"image\":{\"@id\":\"https:\\\/\\\/kibrisdakik.com\\\/?p=8875#primaryimage\"},\"thumbnailUrl\":\"https:\\\/\\\/kibrisdakik.com\\\/wp-content\\\/uploads\\\/2023\\\/05\\\/ERSINTATAR-740x420.jpeg\",\"articleSection\":[\"G\u00fcndem\"],\"inLanguage\":\"tr\",\"potentialAction\":[{\"@type\":\"CommentAction\",\"name\":\"Comment\",\"target\":[\"https:\\\/\\\/kibrisdakik.com\\\/?p=8875#respond\"]}]},{\"@type\":\"WebPage\",\"@id\":\"https:\\\/\\\/kibrisdakik.com\\\/?p=8875\",\"url\":\"https:\\\/\\\/kibrisdakik.com\\\/?p=8875\",\"name\":\"Cumhurba\u015fkan\u0131 Tatar, Hristodulides ve Metsola\u2019ya yan\u0131t verdi -\",\"isPartOf\":{\"@id\":\"https:\\\/\\\/kibrisdakik.com\\\/#website\"},\"primaryImageOfPage\":{\"@id\":\"https:\\\/\\\/kibrisdakik.com\\\/?p=8875#primaryimage\"},\"image\":{\"@id\":\"https:\\\/\\\/kibrisdakik.com\\\/?p=8875#primaryimage\"},\"thumbnailUrl\":\"https:\\\/\\\/kibrisdakik.com\\\/wp-content\\\/uploads\\\/2023\\\/05\\\/ERSINTATAR-740x420.jpeg\",\"datePublished\":\"2023-06-15T18:32:47+00:00\",\"author\":{\"@id\":\"https:\\\/\\\/kibrisdakik.com\\\/#\\\/schema\\\/person\\\/9cd9d437bbb44f72b73ba127e06d8e79\"},\"breadcrumb\":{\"@id\":\"https:\\\/\\\/kibrisdakik.com\\\/?p=8875#breadcrumb\"},\"inLanguage\":\"tr\",\"potentialAction\":[{\"@type\":\"ReadAction\",\"target\":[\"https:\\\/\\\/kibrisdakik.com\\\/?p=8875\"]}]},{\"@type\":\"ImageObject\",\"inLanguage\":\"tr\",\"@id\":\"https:\\\/\\\/kibrisdakik.com\\\/?p=8875#primaryimage\",\"url\":\"https:\\\/\\\/kibrisdakik.com\\\/wp-content\\\/uploads\\\/2023\\\/05\\\/ERSINTATAR-740x420.jpeg\",\"contentUrl\":\"https:\\\/\\\/kibrisdakik.com\\\/wp-content\\\/uploads\\\/2023\\\/05\\\/ERSINTATAR-740x420.jpeg\",\"width\":1600,\"height\":1066},{\"@type\":\"BreadcrumbList\",\"@id\":\"https:\\\/\\\/kibrisdakik.com\\\/?p=8875#breadcrumb\",\"itemListElement\":[{\"@type\":\"ListItem\",\"position\":1,\"name\":\"Home\",\"item\":\"https:\\\/\\\/kibrisdakik.com\\\/\"},{\"@type\":\"ListItem\",\"position\":2,\"name\":\"Cumhurba\u015fkan\u0131 Tatar, Hristodulides ve Metsola\u2019ya yan\u0131t verdi\"}]},{\"@type\":\"WebSite\",\"@id\":\"https:\\\/\\\/kibrisdakik.com\\\/#website\",\"url\":\"https:\\\/\\\/kibrisdakik.com\\\/\",\"name\":\"\",\"description\":\"Tam vaktinde haber\",\"potentialAction\":[{\"@type\":\"SearchAction\",\"target\":{\"@type\":\"EntryPoint\",\"urlTemplate\":\"https:\\\/\\\/kibrisdakik.com\\\/?s={search_term_string}\"},\"query-input\":{\"@type\":\"PropertyValueSpecification\",\"valueRequired\":true,\"valueName\":\"search_term_string\"}}],\"inLanguage\":\"tr\"},{\"@type\":\"Person\",\"@id\":\"https:\\\/\\\/kibrisdakik.com\\\/#\\\/schema\\\/person\\\/9cd9d437bbb44f72b73ba127e06d8e79\",\"name\":\"admin\",\"image\":{\"@type\":\"ImageObject\",\"inLanguage\":\"tr\",\"@id\":\"https:\\\/\\\/secure.gravatar.com\\\/avatar\\\/ccc17943b9d660506c869530f897617f7cb1c21a4bf30023f252596d83e1f007?s=96&d=mm&r=g\",\"url\":\"https:\\\/\\\/secure.gravatar.com\\\/avatar\\\/ccc17943b9d660506c869530f897617f7cb1c21a4bf30023f252596d83e1f007?s=96&d=mm&r=g\",\"contentUrl\":\"https:\\\/\\\/secure.gravatar.com\\\/avatar\\\/ccc17943b9d660506c869530f897617f7cb1c21a4bf30023f252596d83e1f007?s=96&d=mm&r=g\",\"caption\":\"admin\"},\"sameAs\":[\"https:\\\/\\\/kibrisdakik.com\"],\"url\":\"https:\\\/\\\/kibrisdakik.com\\\/?author=1\"}]}<\/script>\n<!-- \/ Yoast SEO plugin. -->","yoast_head_json":{"title":"Cumhurba\u015fkan\u0131 Tatar, Hristodulides ve Metsola\u2019ya yan\u0131t verdi -","robots":{"index":"index","follow":"follow","max-snippet":"max-snippet:-1","max-image-preview":"max-image-preview:large","max-video-preview":"max-video-preview:-1"},"canonical":"https:\/\/kibrisdakik.com\/?p=8875","og_locale":"tr_TR","og_type":"article","og_title":"Cumhurba\u015fkan\u0131 Tatar, Hristodulides ve Metsola\u2019ya yan\u0131t verdi -","og_description":"Cumhurba\u015fkan\u0131 Ersin Tatar, Rum Y\u00f6netimi Ba\u015fkan\u0131 Nikos Hristodulides\u2019in Avrupa Parlamentosu\u2019nda yapt\u0131\u011f\u0131 konu\u015fmaya yan\u0131t verdi\u2026Tatar, Rum Lider Nikos Hristodulides\u2019in, Avrupa Parlamentosu\u2019nda yapt\u0131\u011f\u0131 konu\u015fmada K\u0131br\u0131s konusunun 60 y\u0131ld\u0131r neden \u00e7\u00f6z\u00fcms\u00fcz kald\u0131\u011f\u0131n\u0131 if\u015fa etti\u011fini belirterek \u201cRum lider, K\u0131br\u0131s T\u00fcrk Halk\u0131\u2019n\u0131 yok sayan, e\u015fit g\u00f6rmeyen tutumunu tekrarlarken, Anavatan T\u00fcrkiye\u2019ye AB \u00fczerinden bask\u0131 yap\u0131lmas\u0131 \u00e7a\u011fr\u0131s\u0131nda da bulunarak \u00e7aresizli\u011fini ortaya koymaktad\u0131r\u201d","og_url":"https:\/\/kibrisdakik.com\/?p=8875","article_published_time":"2023-06-15T18:32:47+00:00","og_image":[{"width":1600,"height":1066,"url":"https:\/\/kibrisdakik.com\/wp-content\/uploads\/2023\/05\/ERSINTATAR-740x420.jpeg","type":"image\/jpeg"}],"author":"admin","twitter_card":"summary_large_image","twitter_misc":{"Yazan:":"admin","Tahmini okuma s\u00fcresi":"4 dakika"},"schema":{"@context":"https:\/\/schema.org","@graph":[{"@type":"Article","@id":"https:\/\/kibrisdakik.com\/?p=8875#article","isPartOf":{"@id":"https:\/\/kibrisdakik.com\/?p=8875"},"author":{"name":"admin","@id":"https:\/\/kibrisdakik.com\/#\/schema\/person\/9cd9d437bbb44f72b73ba127e06d8e79"},"headline":"Cumhurba\u015fkan\u0131 Tatar, Hristodulides ve Metsola\u2019ya yan\u0131t verdi","datePublished":"2023-06-15T18:32:47+00:00","mainEntityOfPage":{"@id":"https:\/\/kibrisdakik.com\/?p=8875"},"wordCount":861,"commentCount":0,"image":{"@id":"https:\/\/kibrisdakik.com\/?p=8875#primaryimage"},"thumbnailUrl":"https:\/\/kibrisdakik.com\/wp-content\/uploads\/2023\/05\/ERSINTATAR-740x420.jpeg","articleSection":["G\u00fcndem"],"inLanguage":"tr","potentialAction":[{"@type":"CommentAction","name":"Comment","target":["https:\/\/kibrisdakik.com\/?p=8875#respond"]}]},{"@type":"WebPage","@id":"https:\/\/kibrisdakik.com\/?p=8875","url":"https:\/\/kibrisdakik.com\/?p=8875","name":"Cumhurba\u015fkan\u0131 Tatar, Hristodulides ve Metsola\u2019ya yan\u0131t verdi -","isPartOf":{"@id":"https:\/\/kibrisdakik.com\/#website"},"primaryImageOfPage":{"@id":"https:\/\/kibrisdakik.com\/?p=8875#primaryimage"},"image":{"@id":"https:\/\/kibrisdakik.com\/?p=8875#primaryimage"},"thumbnailUrl":"https:\/\/kibrisdakik.com\/wp-content\/uploads\/2023\/05\/ERSINTATAR-740x420.jpeg","datePublished":"2023-06-15T18:32:47+00:00","author":{"@id":"https:\/\/kibrisdakik.com\/#\/schema\/person\/9cd9d437bbb44f72b73ba127e06d8e79"},"breadcrumb":{"@id":"https:\/\/kibrisdakik.com\/?p=8875#breadcrumb"},"inLanguage":"tr","potentialAction":[{"@type":"ReadAction","target":["https:\/\/kibrisdakik.com\/?p=8875"]}]},{"@type":"ImageObject","inLanguage":"tr","@id":"https:\/\/kibrisdakik.com\/?p=8875#primaryimage","url":"https:\/\/kibrisdakik.com\/wp-content\/uploads\/2023\/05\/ERSINTATAR-740x420.jpeg","contentUrl":"https:\/\/kibrisdakik.com\/wp-content\/uploads\/2023\/05\/ERSINTATAR-740x420.jpeg","width":1600,"height":1066},{"@type":"BreadcrumbList","@id":"https:\/\/kibrisdakik.com\/?p=8875#breadcrumb","itemListElement":[{"@type":"ListItem","position":1,"name":"Home","item":"https:\/\/kibrisdakik.com\/"},{"@type":"ListItem","position":2,"name":"Cumhurba\u015fkan\u0131 Tatar, Hristodulides ve Metsola\u2019ya yan\u0131t verdi"}]},{"@type":"WebSite","@id":"https:\/\/kibrisdakik.com\/#website","url":"https:\/\/kibrisdakik.com\/","name":"","description":"Tam vaktinde haber","potentialAction":[{"@type":"SearchAction","target":{"@type":"EntryPoint","urlTemplate":"https:\/\/kibrisdakik.com\/?s={search_term_string}"},"query-input":{"@type":"PropertyValueSpecification","valueRequired":true,"valueName":"search_term_string"}}],"inLanguage":"tr"},{"@type":"Person","@id":"https:\/\/kibrisdakik.com\/#\/schema\/person\/9cd9d437bbb44f72b73ba127e06d8e79","name":"admin","image":{"@type":"ImageObject","inLanguage":"tr","@id":"https:\/\/secure.gravatar.com\/avatar\/ccc17943b9d660506c869530f897617f7cb1c21a4bf30023f252596d83e1f007?s=96&d=mm&r=g","url":"https:\/\/secure.gravatar.com\/avatar\/ccc17943b9d660506c869530f897617f7cb1c21a4bf30023f252596d83e1f007?s=96&d=mm&r=g","contentUrl":"https:\/\/secure.gravatar.com\/avatar\/ccc17943b9d660506c869530f897617f7cb1c21a4bf30023f252596d83e1f007?s=96&d=mm&r=g","caption":"admin"},"sameAs":["https:\/\/kibrisdakik.com"],"url":"https:\/\/kibrisdakik.com\/?author=1"}]}},"_links":{"self":[{"href":"https:\/\/kibrisdakik.com\/index.php?rest_route=\/wp\/v2\/posts\/8875","targetHints":{"allow":["GET"]}}],"collection":[{"href":"https:\/\/kibrisdakik.com\/index.php?rest_route=\/wp\/v2\/posts"}],"about":[{"href":"https:\/\/kibrisdakik.com\/index.php?rest_route=\/wp\/v2\/types\/post"}],"author":[{"embeddable":true,"href":"https:\/\/kibrisdakik.com\/index.php?rest_route=\/wp\/v2\/users\/1"}],"replies":[{"embeddable":true,"href":"https:\/\/kibrisdakik.com\/index.php?rest_route=%2Fwp%2Fv2%2Fcomments&post=8875"}],"version-history":[{"count":0,"href":"https:\/\/kibrisdakik.com\/index.php?rest_route=\/wp\/v2\/posts\/8875\/revisions"}],"wp:featuredmedia":[{"embeddable":true,"href":"https:\/\/kibrisdakik.com\/index.php?rest_route=\/wp\/v2\/media\/6632"}],"wp:attachment":[{"href":"https:\/\/kibrisdakik.com\/index.php?rest_route=%2Fwp%2Fv2%2Fmedia&parent=8875"}],"wp:term":[{"taxonomy":"category","embeddable":true,"href":"https:\/\/kibrisdakik.com\/index.php?rest_route=%2Fwp%2Fv2%2Fcategories&post=8875"},{"taxonomy":"post_tag","embeddable":true,"href":"https:\/\/kibrisdakik.com\/index.php?rest_route=%2Fwp%2Fv2%2Ftags&post=8875"}],"curies":[{"name":"wp","href":"https:\/\/api.w.org\/{rel}","templated":true}]}}