{"id":88782,"date":"2025-08-18T12:00:05","date_gmt":"2025-08-18T09:00:05","guid":{"rendered":"https:\/\/kibrisdakik.com\/index.php\/2025\/08\/18\/ktoeos-khk-onunde-eylem-gerceklestirecek\/"},"modified":"2025-08-18T12:00:05","modified_gmt":"2025-08-18T09:00:05","slug":"ktoeos-khk-onunde-eylem-gerceklestirecek","status":"publish","type":"post","link":"https:\/\/kibrisdakik.com\/?p=88782","title":{"rendered":"KTOE\u00d6S, KHK \u00d6N\u00dcNDE EYLEM GER\u00c7EKLE\u015eT\u0130RECEK"},"content":{"rendered":"<p> <br \/>\n<br \/><\/p>\n<div data-text-id=\"182738\" property=\"articleBody\">\n<p>K\u0131br\u0131s T\u00fcrk Orta E\u011fitim \u00d6\u011fretmenleri Sendikas\u0131 (KTOE\u00d6S), yar\u0131n saat 12.00\u2019de Kamu Hizmet Komisyonu (KHK) \u00f6n\u00fcnde eylem yapacak.<\/p>\n<p>KTOE\u00d6S\u2019den yap\u0131lan a\u00e7\u0131klamaya g\u00f6re, eylem, se\u00e7im yasaklar\u0131 sebebiyle Genel Orta \u00d6\u011fretim ve Mesleki Tekni\u011fe ba\u011fl\u0131 okullara, \u00f6\u011fretmen atamalar\u0131n\u0131n yap\u0131lmayaca\u011f\u0131 gerek\u00e7esiyle ger\u00e7ekle\u015ftirilecek. Eylemde, \u00e7\u00f6z\u00fcm \u00fcretilmesi gerekti\u011fi vurgulanacak.<\/p>\n<p>A\u00e7\u0131klamada, \u201cOkullar\u0131m\u0131z\u0131n se\u00e7im yat\u0131r\u0131m\u0131 hedefiyle ge\u00e7ici \u00f6\u011fretmenlerle doldurulmas\u0131n\u0131n, atanma hakk\u0131 yerine torpilin te\u015fvik edilmesinin, se\u00e7im yasa\u011f\u0131 bahane edilerek e\u011fitimin siyasete kurban edilmesinin kabul edilebilir olmad\u0131\u011f\u0131n\u0131 ortaya koyacak ivedilikle \u00e7\u00f6z\u00fcm \u00fcretilmesi gerekti\u011finin alt\u0131n\u0131 \u00e7izece\u011fiz.\u201d denildi.<\/p>\n<\/p><\/div>\n<p><br \/>\n<br \/><a href=\"[kibrisdakik.com]\n<\/p>\n","protected":false},"excerpt":{"rendered":"<p>K\u0131br\u0131s T\u00fcrk Orta E\u011fitim \u00d6\u011fretmenleri Sendikas\u0131 (KTOE\u00d6S), yar\u0131n saat 12.00\u2019de Kamu Hizmet Komisyonu (KHK) \u00f6n\u00fcnde eylem yapacak. KTOE\u00d6S\u2019den yap\u0131lan a\u00e7\u0131klamaya g\u00f6re, eylem, se\u00e7im yasaklar\u0131 sebebiyle Genel Orta \u00d6\u011fretim ve Mesleki Tekni\u011fe ba\u011fl\u0131 okullara, \u00f6\u011fretmen atamalar\u0131n\u0131n yap\u0131lmayaca\u011f\u0131 gerek\u00e7esiyle ger\u00e7ekle\u015ftirilecek. Eylemde, \u00e7\u00f6z\u00fcm \u00fcretilmesi gerekti\u011fi vurgulanacak. A\u00e7\u0131klamada, \u201cOkullar\u0131m\u0131z\u0131n se\u00e7im yat\u0131r\u0131m\u0131 hedefiyle ge\u00e7ici \u00f6\u011fretmenlerle doldurulmas\u0131n\u0131n, atanma hakk\u0131 yerine torpilin<\/p>\n","protected":false},"author":1,"featured_media":88783,"comment_status":"open","ping_status":"open","sticky":false,"template":"","format":"standard","meta":{"footnotes":""},"categories":[81,101],"tags":[],"class_list":["post-88782","post","type-post","status-publish","format-standard","has-post-thumbnail","hentry","category-kibris","category-manset"],"yoast_head":"<!-- This site is optimized with the Yoast SEO plugin v27.4 - https:\/\/yoast.com\/product\/yoast-seo-wordpress\/ -->\n<title>KTOE\u00d6S, KHK \u00d6N\u00dcNDE EYLEM GER\u00c7EKLE\u015eT\u0130RECEK -<\/title>\n<meta name=\"robots\" content=\"index, follow, max-snippet:-1, max-image-preview:large, max-video-preview:-1\" \/>\n<link rel=\"canonical\" href=\"https:\/\/kibrisdakik.com\/?p=88782\" \/>\n<meta property=\"og:locale\" content=\"tr_TR\" \/>\n<meta property=\"og:type\" content=\"article\" \/>\n<meta property=\"og:title\" content=\"KTOE\u00d6S, KHK \u00d6N\u00dcNDE EYLEM GER\u00c7EKLE\u015eT\u0130RECEK -\" \/>\n<meta property=\"og:description\" content=\"K\u0131br\u0131s T\u00fcrk Orta E\u011fitim \u00d6\u011fretmenleri Sendikas\u0131 (KTOE\u00d6S), yar\u0131n saat 12.00\u2019de Kamu Hizmet Komisyonu (KHK) \u00f6n\u00fcnde eylem yapacak. KTOE\u00d6S\u2019den yap\u0131lan a\u00e7\u0131klamaya g\u00f6re, eylem, se\u00e7im yasaklar\u0131 sebebiyle Genel Orta \u00d6\u011fretim ve Mesleki Tekni\u011fe ba\u011fl\u0131 okullara, \u00f6\u011fretmen atamalar\u0131n\u0131n yap\u0131lmayaca\u011f\u0131 gerek\u00e7esiyle ger\u00e7ekle\u015ftirilecek. Eylemde, \u00e7\u00f6z\u00fcm \u00fcretilmesi gerekti\u011fi vurgulanacak. A\u00e7\u0131klamada, \u201cOkullar\u0131m\u0131z\u0131n se\u00e7im yat\u0131r\u0131m\u0131 hedefiyle ge\u00e7ici \u00f6\u011fretmenlerle doldurulmas\u0131n\u0131n, atanma hakk\u0131 yerine torpilin\" \/>\n<meta property=\"og:url\" content=\"https:\/\/kibrisdakik.com\/?p=88782\" \/>\n<meta property=\"article:published_time\" content=\"2025-08-18T09:00:05+00:00\" \/>\n<meta property=\"og:image\" content=\"https:\/\/kibrisdakik.com\/wp-content\/uploads\/2025\/08\/mha-279-740x420.png\" \/>\n\t<meta property=\"og:image:width\" content=\"1280\" \/>\n\t<meta property=\"og:image:height\" content=\"720\" \/>\n\t<meta property=\"og:image:type\" content=\"image\/png\" \/>\n<meta name=\"author\" content=\"admin\" \/>\n<meta name=\"twitter:card\" content=\"summary_large_image\" \/>\n<meta name=\"twitter:label1\" content=\"Yazan:\" \/>\n\t<meta name=\"twitter:data1\" content=\"admin\" \/>\n\t<meta name=\"twitter:label2\" content=\"Tahmini okuma s\u00fcresi\" \/>\n\t<meta name=\"twitter:data2\" content=\"1 dakika\" \/>\n<script type=\"application\/ld+json\" class=\"yoast-schema-graph\">{\"@context\":\"https:\\\/\\\/schema.org\",\"@graph\":[{\"@type\":\"Article\",\"@id\":\"https:\\\/\\\/kibrisdakik.com\\\/?p=88782#article\",\"isPartOf\":{\"@id\":\"https:\\\/\\\/kibrisdakik.com\\\/?p=88782\"},\"author\":{\"name\":\"admin\",\"@id\":\"https:\\\/\\\/kibrisdakik.com\\\/#\\\/schema\\\/person\\\/9cd9d437bbb44f72b73ba127e06d8e79\"},\"headline\":\"KTOE\u00d6S, KHK \u00d6N\u00dcNDE EYLEM GER\u00c7EKLE\u015eT\u0130RECEK\",\"datePublished\":\"2025-08-18T09:00:05+00:00\",\"mainEntityOfPage\":{\"@id\":\"https:\\\/\\\/kibrisdakik.com\\\/?p=88782\"},\"wordCount\":130,\"commentCount\":0,\"image\":{\"@id\":\"https:\\\/\\\/kibrisdakik.com\\\/?p=88782#primaryimage\"},\"thumbnailUrl\":\"https:\\\/\\\/kibrisdakik.com\\\/wp-content\\\/uploads\\\/2025\\\/08\\\/mha-279-740x420.png\",\"articleSection\":[\"K\u0131br\u0131s\",\"Man\u015fet\"],\"inLanguage\":\"tr\",\"potentialAction\":[{\"@type\":\"CommentAction\",\"name\":\"Comment\",\"target\":[\"https:\\\/\\\/kibrisdakik.com\\\/?p=88782#respond\"]}]},{\"@type\":\"WebPage\",\"@id\":\"https:\\\/\\\/kibrisdakik.com\\\/?p=88782\",\"url\":\"https:\\\/\\\/kibrisdakik.com\\\/?p=88782\",\"name\":\"KTOE\u00d6S, KHK \u00d6N\u00dcNDE EYLEM GER\u00c7EKLE\u015eT\u0130RECEK -\",\"isPartOf\":{\"@id\":\"https:\\\/\\\/kibrisdakik.com\\\/#website\"},\"primaryImageOfPage\":{\"@id\":\"https:\\\/\\\/kibrisdakik.com\\\/?p=88782#primaryimage\"},\"image\":{\"@id\":\"https:\\\/\\\/kibrisdakik.com\\\/?p=88782#primaryimage\"},\"thumbnailUrl\":\"https:\\\/\\\/kibrisdakik.com\\\/wp-content\\\/uploads\\\/2025\\\/08\\\/mha-279-740x420.png\",\"datePublished\":\"2025-08-18T09:00:05+00:00\",\"author\":{\"@id\":\"https:\\\/\\\/kibrisdakik.com\\\/#\\\/schema\\\/person\\\/9cd9d437bbb44f72b73ba127e06d8e79\"},\"breadcrumb\":{\"@id\":\"https:\\\/\\\/kibrisdakik.com\\\/?p=88782#breadcrumb\"},\"inLanguage\":\"tr\",\"potentialAction\":[{\"@type\":\"ReadAction\",\"target\":[\"https:\\\/\\\/kibrisdakik.com\\\/?p=88782\"]}]},{\"@type\":\"ImageObject\",\"inLanguage\":\"tr\",\"@id\":\"https:\\\/\\\/kibrisdakik.com\\\/?p=88782#primaryimage\",\"url\":\"https:\\\/\\\/kibrisdakik.com\\\/wp-content\\\/uploads\\\/2025\\\/08\\\/mha-279-740x420.png\",\"contentUrl\":\"https:\\\/\\\/kibrisdakik.com\\\/wp-content\\\/uploads\\\/2025\\\/08\\\/mha-279-740x420.png\",\"width\":1280,\"height\":720},{\"@type\":\"BreadcrumbList\",\"@id\":\"https:\\\/\\\/kibrisdakik.com\\\/?p=88782#breadcrumb\",\"itemListElement\":[{\"@type\":\"ListItem\",\"position\":1,\"name\":\"Home\",\"item\":\"https:\\\/\\\/kibrisdakik.com\\\/\"},{\"@type\":\"ListItem\",\"position\":2,\"name\":\"KTOE\u00d6S, KHK \u00d6N\u00dcNDE EYLEM GER\u00c7EKLE\u015eT\u0130RECEK\"}]},{\"@type\":\"WebSite\",\"@id\":\"https:\\\/\\\/kibrisdakik.com\\\/#website\",\"url\":\"https:\\\/\\\/kibrisdakik.com\\\/\",\"name\":\"\",\"description\":\"Tam vaktinde haber\",\"potentialAction\":[{\"@type\":\"SearchAction\",\"target\":{\"@type\":\"EntryPoint\",\"urlTemplate\":\"https:\\\/\\\/kibrisdakik.com\\\/?s={search_term_string}\"},\"query-input\":{\"@type\":\"PropertyValueSpecification\",\"valueRequired\":true,\"valueName\":\"search_term_string\"}}],\"inLanguage\":\"tr\"},{\"@type\":\"Person\",\"@id\":\"https:\\\/\\\/kibrisdakik.com\\\/#\\\/schema\\\/person\\\/9cd9d437bbb44f72b73ba127e06d8e79\",\"name\":\"admin\",\"image\":{\"@type\":\"ImageObject\",\"inLanguage\":\"tr\",\"@id\":\"https:\\\/\\\/secure.gravatar.com\\\/avatar\\\/ccc17943b9d660506c869530f897617f7cb1c21a4bf30023f252596d83e1f007?s=96&d=mm&r=g\",\"url\":\"https:\\\/\\\/secure.gravatar.com\\\/avatar\\\/ccc17943b9d660506c869530f897617f7cb1c21a4bf30023f252596d83e1f007?s=96&d=mm&r=g\",\"contentUrl\":\"https:\\\/\\\/secure.gravatar.com\\\/avatar\\\/ccc17943b9d660506c869530f897617f7cb1c21a4bf30023f252596d83e1f007?s=96&d=mm&r=g\",\"caption\":\"admin\"},\"sameAs\":[\"https:\\\/\\\/kibrisdakik.com\"],\"url\":\"https:\\\/\\\/kibrisdakik.com\\\/?author=1\"}]}<\/script>\n<!-- \/ Yoast SEO plugin. -->","yoast_head_json":{"title":"KTOE\u00d6S, KHK \u00d6N\u00dcNDE EYLEM GER\u00c7EKLE\u015eT\u0130RECEK -","robots":{"index":"index","follow":"follow","max-snippet":"max-snippet:-1","max-image-preview":"max-image-preview:large","max-video-preview":"max-video-preview:-1"},"canonical":"https:\/\/kibrisdakik.com\/?p=88782","og_locale":"tr_TR","og_type":"article","og_title":"KTOE\u00d6S, KHK \u00d6N\u00dcNDE EYLEM GER\u00c7EKLE\u015eT\u0130RECEK -","og_description":"K\u0131br\u0131s T\u00fcrk Orta E\u011fitim \u00d6\u011fretmenleri Sendikas\u0131 (KTOE\u00d6S), yar\u0131n saat 12.00\u2019de Kamu Hizmet Komisyonu (KHK) \u00f6n\u00fcnde eylem yapacak. KTOE\u00d6S\u2019den yap\u0131lan a\u00e7\u0131klamaya g\u00f6re, eylem, se\u00e7im yasaklar\u0131 sebebiyle Genel Orta \u00d6\u011fretim ve Mesleki Tekni\u011fe ba\u011fl\u0131 okullara, \u00f6\u011fretmen atamalar\u0131n\u0131n yap\u0131lmayaca\u011f\u0131 gerek\u00e7esiyle ger\u00e7ekle\u015ftirilecek. Eylemde, \u00e7\u00f6z\u00fcm \u00fcretilmesi gerekti\u011fi vurgulanacak. A\u00e7\u0131klamada, \u201cOkullar\u0131m\u0131z\u0131n se\u00e7im yat\u0131r\u0131m\u0131 hedefiyle ge\u00e7ici \u00f6\u011fretmenlerle doldurulmas\u0131n\u0131n, atanma hakk\u0131 yerine torpilin","og_url":"https:\/\/kibrisdakik.com\/?p=88782","article_published_time":"2025-08-18T09:00:05+00:00","og_image":[{"width":1280,"height":720,"url":"https:\/\/kibrisdakik.com\/wp-content\/uploads\/2025\/08\/mha-279-740x420.png","type":"image\/png"}],"author":"admin","twitter_card":"summary_large_image","twitter_misc":{"Yazan:":"admin","Tahmini okuma s\u00fcresi":"1 dakika"},"schema":{"@context":"https:\/\/schema.org","@graph":[{"@type":"Article","@id":"https:\/\/kibrisdakik.com\/?p=88782#article","isPartOf":{"@id":"https:\/\/kibrisdakik.com\/?p=88782"},"author":{"name":"admin","@id":"https:\/\/kibrisdakik.com\/#\/schema\/person\/9cd9d437bbb44f72b73ba127e06d8e79"},"headline":"KTOE\u00d6S, KHK \u00d6N\u00dcNDE EYLEM GER\u00c7EKLE\u015eT\u0130RECEK","datePublished":"2025-08-18T09:00:05+00:00","mainEntityOfPage":{"@id":"https:\/\/kibrisdakik.com\/?p=88782"},"wordCount":130,"commentCount":0,"image":{"@id":"https:\/\/kibrisdakik.com\/?p=88782#primaryimage"},"thumbnailUrl":"https:\/\/kibrisdakik.com\/wp-content\/uploads\/2025\/08\/mha-279-740x420.png","articleSection":["K\u0131br\u0131s","Man\u015fet"],"inLanguage":"tr","potentialAction":[{"@type":"CommentAction","name":"Comment","target":["https:\/\/kibrisdakik.com\/?p=88782#respond"]}]},{"@type":"WebPage","@id":"https:\/\/kibrisdakik.com\/?p=88782","url":"https:\/\/kibrisdakik.com\/?p=88782","name":"KTOE\u00d6S, KHK \u00d6N\u00dcNDE EYLEM GER\u00c7EKLE\u015eT\u0130RECEK -","isPartOf":{"@id":"https:\/\/kibrisdakik.com\/#website"},"primaryImageOfPage":{"@id":"https:\/\/kibrisdakik.com\/?p=88782#primaryimage"},"image":{"@id":"https:\/\/kibrisdakik.com\/?p=88782#primaryimage"},"thumbnailUrl":"https:\/\/kibrisdakik.com\/wp-content\/uploads\/2025\/08\/mha-279-740x420.png","datePublished":"2025-08-18T09:00:05+00:00","author":{"@id":"https:\/\/kibrisdakik.com\/#\/schema\/person\/9cd9d437bbb44f72b73ba127e06d8e79"},"breadcrumb":{"@id":"https:\/\/kibrisdakik.com\/?p=88782#breadcrumb"},"inLanguage":"tr","potentialAction":[{"@type":"ReadAction","target":["https:\/\/kibrisdakik.com\/?p=88782"]}]},{"@type":"ImageObject","inLanguage":"tr","@id":"https:\/\/kibrisdakik.com\/?p=88782#primaryimage","url":"https:\/\/kibrisdakik.com\/wp-content\/uploads\/2025\/08\/mha-279-740x420.png","contentUrl":"https:\/\/kibrisdakik.com\/wp-content\/uploads\/2025\/08\/mha-279-740x420.png","width":1280,"height":720},{"@type":"BreadcrumbList","@id":"https:\/\/kibrisdakik.com\/?p=88782#breadcrumb","itemListElement":[{"@type":"ListItem","position":1,"name":"Home","item":"https:\/\/kibrisdakik.com\/"},{"@type":"ListItem","position":2,"name":"KTOE\u00d6S, KHK \u00d6N\u00dcNDE EYLEM GER\u00c7EKLE\u015eT\u0130RECEK"}]},{"@type":"WebSite","@id":"https:\/\/kibrisdakik.com\/#website","url":"https:\/\/kibrisdakik.com\/","name":"","description":"Tam vaktinde haber","potentialAction":[{"@type":"SearchAction","target":{"@type":"EntryPoint","urlTemplate":"https:\/\/kibrisdakik.com\/?s={search_term_string}"},"query-input":{"@type":"PropertyValueSpecification","valueRequired":true,"valueName":"search_term_string"}}],"inLanguage":"tr"},{"@type":"Person","@id":"https:\/\/kibrisdakik.com\/#\/schema\/person\/9cd9d437bbb44f72b73ba127e06d8e79","name":"admin","image":{"@type":"ImageObject","inLanguage":"tr","@id":"https:\/\/secure.gravatar.com\/avatar\/ccc17943b9d660506c869530f897617f7cb1c21a4bf30023f252596d83e1f007?s=96&d=mm&r=g","url":"https:\/\/secure.gravatar.com\/avatar\/ccc17943b9d660506c869530f897617f7cb1c21a4bf30023f252596d83e1f007?s=96&d=mm&r=g","contentUrl":"https:\/\/secure.gravatar.com\/avatar\/ccc17943b9d660506c869530f897617f7cb1c21a4bf30023f252596d83e1f007?s=96&d=mm&r=g","caption":"admin"},"sameAs":["https:\/\/kibrisdakik.com"],"url":"https:\/\/kibrisdakik.com\/?author=1"}]}},"_links":{"self":[{"href":"https:\/\/kibrisdakik.com\/index.php?rest_route=\/wp\/v2\/posts\/88782","targetHints":{"allow":["GET"]}}],"collection":[{"href":"https:\/\/kibrisdakik.com\/index.php?rest_route=\/wp\/v2\/posts"}],"about":[{"href":"https:\/\/kibrisdakik.com\/index.php?rest_route=\/wp\/v2\/types\/post"}],"author":[{"embeddable":true,"href":"https:\/\/kibrisdakik.com\/index.php?rest_route=\/wp\/v2\/users\/1"}],"replies":[{"embeddable":true,"href":"https:\/\/kibrisdakik.com\/index.php?rest_route=%2Fwp%2Fv2%2Fcomments&post=88782"}],"version-history":[{"count":0,"href":"https:\/\/kibrisdakik.com\/index.php?rest_route=\/wp\/v2\/posts\/88782\/revisions"}],"wp:featuredmedia":[{"embeddable":true,"href":"https:\/\/kibrisdakik.com\/index.php?rest_route=\/wp\/v2\/media\/88783"}],"wp:attachment":[{"href":"https:\/\/kibrisdakik.com\/index.php?rest_route=%2Fwp%2Fv2%2Fmedia&parent=88782"}],"wp:term":[{"taxonomy":"category","embeddable":true,"href":"https:\/\/kibrisdakik.com\/index.php?rest_route=%2Fwp%2Fv2%2Fcategories&post=88782"},{"taxonomy":"post_tag","embeddable":true,"href":"https:\/\/kibrisdakik.com\/index.php?rest_route=%2Fwp%2Fv2%2Ftags&post=88782"}],"curies":[{"name":"wp","href":"https:\/\/api.w.org\/{rel}","templated":true}]}}