{"id":88872,"date":"2025-08-18T16:35:06","date_gmt":"2025-08-18T13:35:06","guid":{"rendered":"https:\/\/kibrisdakik.com\/index.php\/2025\/08\/18\/yenibogazici-pulya-festivalinde-kulturler-bulustu\/"},"modified":"2025-08-18T16:35:06","modified_gmt":"2025-08-18T13:35:06","slug":"yenibogazici-pulya-festivalinde-kulturler-bulustu","status":"publish","type":"post","link":"https:\/\/kibrisdakik.com\/?p=88872","title":{"rendered":"YEN\u0130BO\u011eAZ\u0130\u00c7\u0130 PULYA FEST\u0130VAL\u0130\u2019NDE K\u00dcLT\u00dcRLER BULU\u015eTU"},"content":{"rendered":"<p> <br \/>\n<\/p>\n<div data-text-id=\"182773\" property=\"articleBody\">\n<p><em><strong>(18.08.2025\u2026MHA..) <\/strong><\/em>Yenibo\u011fazi\u00e7i Belediyesi taraf\u0131ndan d\u00fczenlenen 14. Pulya Festivali kapsam\u0131nda d\u00fcn ak\u015fam co\u015fkulu etkinlikler ger\u00e7ekle\u015ftirildi.<\/p>\n<p><\/p>\n<p>Festival alan\u0131nda sahne alan Grup Armonia, verdi\u011fi konserle izleyicilere unutulmaz anlar ya\u015fatt\u0131. Kat\u0131l\u0131mc\u0131lar, \u015fark\u0131lara hep birlikte e\u015flik ederek festival co\u015fkusunu ya\u015fad\u0131.<br \/>&#13;\n <\/p>\n<p><img loading=\"lazy\" decoding=\"async\" alt=\"P2\" class=\"detail-photo img-fluid\" height=\"431\" src=\"https:\/\/mhahabercom.teimg.com\/mhahaber-com\/uploads\/2025\/08\/p2.png\" width=\"706\"\/><\/p>\n<p>Konserin hemen ard\u0131ndan saat 20.30\u2019da ba\u015flayan \u201cK\u00fclt\u00fcrlerin Kayna\u015fmas\u0131 Gecesi\u201d ise festivale damgas\u0131n\u0131 vurdu.<\/p>\n<p><img loading=\"lazy\" decoding=\"async\" alt=\"P1\" class=\"detail-photo img-fluid\" height=\"431\" src=\"https:\/\/mhahabercom.teimg.com\/mhahaber-com\/uploads\/2025\/08\/p1.png\" width=\"706\"\/><\/p>\n<p>Farkl\u0131 \u00fclkelerden gelen dans gruplar\u0131, sahneledikleri halk oyunlar\u0131 ve \u00fclke tan\u0131t\u0131mlar\u0131yla geceye renk katt\u0131. K\u00fclt\u00fcrler aras\u0131 bulu\u015fmaya sahne olan etkinlik, yo\u011fun ilgi g\u00f6rd\u00fc.<\/p>\n<p><img loading=\"lazy\" decoding=\"async\" alt=\"P3\" class=\"detail-photo img-fluid\" height=\"431\" src=\"https:\/\/mhahabercom.teimg.com\/mhahaber-com\/uploads\/2025\/08\/p3.png\" width=\"706\"\/><\/p>\n<p>Pulya Festivali, her y\u0131l oldu\u011fu gibi bu y\u0131l da k\u00fclt\u00fcrel \u00e7e\u015fitlili\u011fi \u00f6n plana \u00e7\u0131kararak b\u00f6lge halk\u0131na unutulmaz bir ak\u015fam ya\u015fatt\u0131. <\/p>\n<p><img loading=\"lazy\" decoding=\"async\" alt=\"P4\" class=\"detail-photo img-fluid\" height=\"431\" src=\"https:\/\/mhahabercom.teimg.com\/mhahaber-com\/uploads\/2025\/08\/p4.png\" width=\"706\"\/><\/p>\n<p><em><strong>(MHA)<\/strong><\/em><\/p>\n<\/p><\/div>\n<p><br \/>\n<br \/><a href=\"[kibrisdakik.com]\n<\/p>\n","protected":false},"excerpt":{"rendered":"<p>(18.08.2025\u2026MHA..) Yenibo\u011fazi\u00e7i Belediyesi taraf\u0131ndan d\u00fczenlenen 14. Pulya Festivali kapsam\u0131nda d\u00fcn ak\u015fam co\u015fkulu etkinlikler ger\u00e7ekle\u015ftirildi. Festival alan\u0131nda sahne alan Grup Armonia, verdi\u011fi konserle izleyicilere unutulmaz anlar ya\u015fatt\u0131. Kat\u0131l\u0131mc\u0131lar, \u015fark\u0131lara hep birlikte e\u015flik ederek festival co\u015fkusunu ya\u015fad\u0131.&#13; Konserin hemen ard\u0131ndan saat 20.30\u2019da ba\u015flayan \u201cK\u00fclt\u00fcrlerin Kayna\u015fmas\u0131 Gecesi\u201d ise festivale damgas\u0131n\u0131 vurdu. Farkl\u0131 \u00fclkelerden gelen dans gruplar\u0131, sahneledikleri halk<\/p>\n","protected":false},"author":1,"featured_media":88873,"comment_status":"open","ping_status":"open","sticky":false,"template":"","format":"standard","meta":{"footnotes":""},"categories":[81,101],"tags":[],"class_list":["post-88872","post","type-post","status-publish","format-standard","has-post-thumbnail","hentry","category-kibris","category-manset"],"yoast_head":"<!-- This site is optimized with the Yoast SEO plugin v27.5 - https:\/\/yoast.com\/product\/yoast-seo-wordpress\/ -->\n<title>YEN\u0130BO\u011eAZ\u0130\u00c7\u0130 PULYA FEST\u0130VAL\u0130\u2019NDE K\u00dcLT\u00dcRLER BULU\u015eTU -<\/title>\n<meta name=\"robots\" content=\"index, follow, max-snippet:-1, max-image-preview:large, max-video-preview:-1\" \/>\n<link rel=\"canonical\" href=\"https:\/\/kibrisdakik.com\/?p=88872\" \/>\n<meta property=\"og:locale\" content=\"tr_TR\" \/>\n<meta property=\"og:type\" content=\"article\" \/>\n<meta property=\"og:title\" content=\"YEN\u0130BO\u011eAZ\u0130\u00c7\u0130 PULYA FEST\u0130VAL\u0130\u2019NDE K\u00dcLT\u00dcRLER BULU\u015eTU -\" \/>\n<meta property=\"og:description\" content=\"(18.08.2025\u2026MHA..) Yenibo\u011fazi\u00e7i Belediyesi taraf\u0131ndan d\u00fczenlenen 14. Pulya Festivali kapsam\u0131nda d\u00fcn ak\u015fam co\u015fkulu etkinlikler ger\u00e7ekle\u015ftirildi. Festival alan\u0131nda sahne alan Grup Armonia, verdi\u011fi konserle izleyicilere unutulmaz anlar ya\u015fatt\u0131. Kat\u0131l\u0131mc\u0131lar, \u015fark\u0131lara hep birlikte e\u015flik ederek festival co\u015fkusunu ya\u015fad\u0131.&#013; Konserin hemen ard\u0131ndan saat 20.30\u2019da ba\u015flayan \u201cK\u00fclt\u00fcrlerin Kayna\u015fmas\u0131 Gecesi\u201d ise festivale damgas\u0131n\u0131 vurdu. Farkl\u0131 \u00fclkelerden gelen dans gruplar\u0131, sahneledikleri halk\" \/>\n<meta property=\"og:url\" content=\"https:\/\/kibrisdakik.com\/?p=88872\" \/>\n<meta property=\"article:published_time\" content=\"2025-08-18T13:35:06+00:00\" \/>\n<meta property=\"og:image\" content=\"https:\/\/kibrisdakik.com\/wp-content\/uploads\/2025\/08\/p-u-l-y-a-740x420.png\" \/>\n\t<meta property=\"og:image:width\" content=\"1280\" \/>\n\t<meta property=\"og:image:height\" content=\"720\" \/>\n\t<meta property=\"og:image:type\" content=\"image\/png\" \/>\n<meta name=\"author\" content=\"admin\" \/>\n<meta name=\"twitter:card\" content=\"summary_large_image\" \/>\n<meta name=\"twitter:label1\" content=\"Yazan:\" \/>\n\t<meta name=\"twitter:data1\" content=\"admin\" \/>\n\t<meta name=\"twitter:label2\" content=\"Tahmini okuma s\u00fcresi\" \/>\n\t<meta name=\"twitter:data2\" content=\"1 dakika\" \/>\n<script type=\"application\/ld+json\" class=\"yoast-schema-graph\">{\"@context\":\"https:\\\/\\\/schema.org\",\"@graph\":[{\"@type\":\"Article\",\"@id\":\"https:\\\/\\\/kibrisdakik.com\\\/?p=88872#article\",\"isPartOf\":{\"@id\":\"https:\\\/\\\/kibrisdakik.com\\\/?p=88872\"},\"author\":{\"name\":\"admin\",\"@id\":\"https:\\\/\\\/kibrisdakik.com\\\/#\\\/schema\\\/person\\\/9cd9d437bbb44f72b73ba127e06d8e79\"},\"headline\":\"YEN\u0130BO\u011eAZ\u0130\u00c7\u0130 PULYA FEST\u0130VAL\u0130\u2019NDE K\u00dcLT\u00dcRLER BULU\u015eTU\",\"datePublished\":\"2025-08-18T13:35:06+00:00\",\"mainEntityOfPage\":{\"@id\":\"https:\\\/\\\/kibrisdakik.com\\\/?p=88872\"},\"wordCount\":150,\"commentCount\":0,\"image\":{\"@id\":\"https:\\\/\\\/kibrisdakik.com\\\/?p=88872#primaryimage\"},\"thumbnailUrl\":\"https:\\\/\\\/kibrisdakik.com\\\/wp-content\\\/uploads\\\/2025\\\/08\\\/p-u-l-y-a-740x420.png\",\"articleSection\":[\"K\u0131br\u0131s\",\"Man\u015fet\"],\"inLanguage\":\"tr\",\"potentialAction\":[{\"@type\":\"CommentAction\",\"name\":\"Comment\",\"target\":[\"https:\\\/\\\/kibrisdakik.com\\\/?p=88872#respond\"]}]},{\"@type\":\"WebPage\",\"@id\":\"https:\\\/\\\/kibrisdakik.com\\\/?p=88872\",\"url\":\"https:\\\/\\\/kibrisdakik.com\\\/?p=88872\",\"name\":\"YEN\u0130BO\u011eAZ\u0130\u00c7\u0130 PULYA FEST\u0130VAL\u0130\u2019NDE K\u00dcLT\u00dcRLER BULU\u015eTU -\",\"isPartOf\":{\"@id\":\"https:\\\/\\\/kibrisdakik.com\\\/#website\"},\"primaryImageOfPage\":{\"@id\":\"https:\\\/\\\/kibrisdakik.com\\\/?p=88872#primaryimage\"},\"image\":{\"@id\":\"https:\\\/\\\/kibrisdakik.com\\\/?p=88872#primaryimage\"},\"thumbnailUrl\":\"https:\\\/\\\/kibrisdakik.com\\\/wp-content\\\/uploads\\\/2025\\\/08\\\/p-u-l-y-a-740x420.png\",\"datePublished\":\"2025-08-18T13:35:06+00:00\",\"author\":{\"@id\":\"https:\\\/\\\/kibrisdakik.com\\\/#\\\/schema\\\/person\\\/9cd9d437bbb44f72b73ba127e06d8e79\"},\"breadcrumb\":{\"@id\":\"https:\\\/\\\/kibrisdakik.com\\\/?p=88872#breadcrumb\"},\"inLanguage\":\"tr\",\"potentialAction\":[{\"@type\":\"ReadAction\",\"target\":[\"https:\\\/\\\/kibrisdakik.com\\\/?p=88872\"]}]},{\"@type\":\"ImageObject\",\"inLanguage\":\"tr\",\"@id\":\"https:\\\/\\\/kibrisdakik.com\\\/?p=88872#primaryimage\",\"url\":\"https:\\\/\\\/kibrisdakik.com\\\/wp-content\\\/uploads\\\/2025\\\/08\\\/p-u-l-y-a-740x420.png\",\"contentUrl\":\"https:\\\/\\\/kibrisdakik.com\\\/wp-content\\\/uploads\\\/2025\\\/08\\\/p-u-l-y-a-740x420.png\",\"width\":1280,\"height\":720},{\"@type\":\"BreadcrumbList\",\"@id\":\"https:\\\/\\\/kibrisdakik.com\\\/?p=88872#breadcrumb\",\"itemListElement\":[{\"@type\":\"ListItem\",\"position\":1,\"name\":\"Home\",\"item\":\"https:\\\/\\\/kibrisdakik.com\\\/\"},{\"@type\":\"ListItem\",\"position\":2,\"name\":\"YEN\u0130BO\u011eAZ\u0130\u00c7\u0130 PULYA FEST\u0130VAL\u0130\u2019NDE K\u00dcLT\u00dcRLER BULU\u015eTU\"}]},{\"@type\":\"WebSite\",\"@id\":\"https:\\\/\\\/kibrisdakik.com\\\/#website\",\"url\":\"https:\\\/\\\/kibrisdakik.com\\\/\",\"name\":\"\",\"description\":\"Tam vaktinde haber\",\"potentialAction\":[{\"@type\":\"SearchAction\",\"target\":{\"@type\":\"EntryPoint\",\"urlTemplate\":\"https:\\\/\\\/kibrisdakik.com\\\/?s={search_term_string}\"},\"query-input\":{\"@type\":\"PropertyValueSpecification\",\"valueRequired\":true,\"valueName\":\"search_term_string\"}}],\"inLanguage\":\"tr\"},{\"@type\":\"Person\",\"@id\":\"https:\\\/\\\/kibrisdakik.com\\\/#\\\/schema\\\/person\\\/9cd9d437bbb44f72b73ba127e06d8e79\",\"name\":\"admin\",\"image\":{\"@type\":\"ImageObject\",\"inLanguage\":\"tr\",\"@id\":\"https:\\\/\\\/secure.gravatar.com\\\/avatar\\\/ccc17943b9d660506c869530f897617f7cb1c21a4bf30023f252596d83e1f007?s=96&d=mm&r=g\",\"url\":\"https:\\\/\\\/secure.gravatar.com\\\/avatar\\\/ccc17943b9d660506c869530f897617f7cb1c21a4bf30023f252596d83e1f007?s=96&d=mm&r=g\",\"contentUrl\":\"https:\\\/\\\/secure.gravatar.com\\\/avatar\\\/ccc17943b9d660506c869530f897617f7cb1c21a4bf30023f252596d83e1f007?s=96&d=mm&r=g\",\"caption\":\"admin\"},\"sameAs\":[\"https:\\\/\\\/kibrisdakik.com\"],\"url\":\"https:\\\/\\\/kibrisdakik.com\\\/?author=1\"}]}<\/script>\n<!-- \/ Yoast SEO plugin. -->","yoast_head_json":{"title":"YEN\u0130BO\u011eAZ\u0130\u00c7\u0130 PULYA FEST\u0130VAL\u0130\u2019NDE K\u00dcLT\u00dcRLER BULU\u015eTU -","robots":{"index":"index","follow":"follow","max-snippet":"max-snippet:-1","max-image-preview":"max-image-preview:large","max-video-preview":"max-video-preview:-1"},"canonical":"https:\/\/kibrisdakik.com\/?p=88872","og_locale":"tr_TR","og_type":"article","og_title":"YEN\u0130BO\u011eAZ\u0130\u00c7\u0130 PULYA FEST\u0130VAL\u0130\u2019NDE K\u00dcLT\u00dcRLER BULU\u015eTU -","og_description":"(18.08.2025\u2026MHA..) Yenibo\u011fazi\u00e7i Belediyesi taraf\u0131ndan d\u00fczenlenen 14. Pulya Festivali kapsam\u0131nda d\u00fcn ak\u015fam co\u015fkulu etkinlikler ger\u00e7ekle\u015ftirildi. Festival alan\u0131nda sahne alan Grup Armonia, verdi\u011fi konserle izleyicilere unutulmaz anlar ya\u015fatt\u0131. Kat\u0131l\u0131mc\u0131lar, \u015fark\u0131lara hep birlikte e\u015flik ederek festival co\u015fkusunu ya\u015fad\u0131.&#13; Konserin hemen ard\u0131ndan saat 20.30\u2019da ba\u015flayan \u201cK\u00fclt\u00fcrlerin Kayna\u015fmas\u0131 Gecesi\u201d ise festivale damgas\u0131n\u0131 vurdu. Farkl\u0131 \u00fclkelerden gelen dans gruplar\u0131, sahneledikleri halk","og_url":"https:\/\/kibrisdakik.com\/?p=88872","article_published_time":"2025-08-18T13:35:06+00:00","og_image":[{"width":1280,"height":720,"url":"https:\/\/kibrisdakik.com\/wp-content\/uploads\/2025\/08\/p-u-l-y-a-740x420.png","type":"image\/png"}],"author":"admin","twitter_card":"summary_large_image","twitter_misc":{"Yazan:":"admin","Tahmini okuma s\u00fcresi":"1 dakika"},"schema":{"@context":"https:\/\/schema.org","@graph":[{"@type":"Article","@id":"https:\/\/kibrisdakik.com\/?p=88872#article","isPartOf":{"@id":"https:\/\/kibrisdakik.com\/?p=88872"},"author":{"name":"admin","@id":"https:\/\/kibrisdakik.com\/#\/schema\/person\/9cd9d437bbb44f72b73ba127e06d8e79"},"headline":"YEN\u0130BO\u011eAZ\u0130\u00c7\u0130 PULYA FEST\u0130VAL\u0130\u2019NDE K\u00dcLT\u00dcRLER BULU\u015eTU","datePublished":"2025-08-18T13:35:06+00:00","mainEntityOfPage":{"@id":"https:\/\/kibrisdakik.com\/?p=88872"},"wordCount":150,"commentCount":0,"image":{"@id":"https:\/\/kibrisdakik.com\/?p=88872#primaryimage"},"thumbnailUrl":"https:\/\/kibrisdakik.com\/wp-content\/uploads\/2025\/08\/p-u-l-y-a-740x420.png","articleSection":["K\u0131br\u0131s","Man\u015fet"],"inLanguage":"tr","potentialAction":[{"@type":"CommentAction","name":"Comment","target":["https:\/\/kibrisdakik.com\/?p=88872#respond"]}]},{"@type":"WebPage","@id":"https:\/\/kibrisdakik.com\/?p=88872","url":"https:\/\/kibrisdakik.com\/?p=88872","name":"YEN\u0130BO\u011eAZ\u0130\u00c7\u0130 PULYA FEST\u0130VAL\u0130\u2019NDE K\u00dcLT\u00dcRLER BULU\u015eTU -","isPartOf":{"@id":"https:\/\/kibrisdakik.com\/#website"},"primaryImageOfPage":{"@id":"https:\/\/kibrisdakik.com\/?p=88872#primaryimage"},"image":{"@id":"https:\/\/kibrisdakik.com\/?p=88872#primaryimage"},"thumbnailUrl":"https:\/\/kibrisdakik.com\/wp-content\/uploads\/2025\/08\/p-u-l-y-a-740x420.png","datePublished":"2025-08-18T13:35:06+00:00","author":{"@id":"https:\/\/kibrisdakik.com\/#\/schema\/person\/9cd9d437bbb44f72b73ba127e06d8e79"},"breadcrumb":{"@id":"https:\/\/kibrisdakik.com\/?p=88872#breadcrumb"},"inLanguage":"tr","potentialAction":[{"@type":"ReadAction","target":["https:\/\/kibrisdakik.com\/?p=88872"]}]},{"@type":"ImageObject","inLanguage":"tr","@id":"https:\/\/kibrisdakik.com\/?p=88872#primaryimage","url":"https:\/\/kibrisdakik.com\/wp-content\/uploads\/2025\/08\/p-u-l-y-a-740x420.png","contentUrl":"https:\/\/kibrisdakik.com\/wp-content\/uploads\/2025\/08\/p-u-l-y-a-740x420.png","width":1280,"height":720},{"@type":"BreadcrumbList","@id":"https:\/\/kibrisdakik.com\/?p=88872#breadcrumb","itemListElement":[{"@type":"ListItem","position":1,"name":"Home","item":"https:\/\/kibrisdakik.com\/"},{"@type":"ListItem","position":2,"name":"YEN\u0130BO\u011eAZ\u0130\u00c7\u0130 PULYA FEST\u0130VAL\u0130\u2019NDE K\u00dcLT\u00dcRLER BULU\u015eTU"}]},{"@type":"WebSite","@id":"https:\/\/kibrisdakik.com\/#website","url":"https:\/\/kibrisdakik.com\/","name":"","description":"Tam vaktinde haber","potentialAction":[{"@type":"SearchAction","target":{"@type":"EntryPoint","urlTemplate":"https:\/\/kibrisdakik.com\/?s={search_term_string}"},"query-input":{"@type":"PropertyValueSpecification","valueRequired":true,"valueName":"search_term_string"}}],"inLanguage":"tr"},{"@type":"Person","@id":"https:\/\/kibrisdakik.com\/#\/schema\/person\/9cd9d437bbb44f72b73ba127e06d8e79","name":"admin","image":{"@type":"ImageObject","inLanguage":"tr","@id":"https:\/\/secure.gravatar.com\/avatar\/ccc17943b9d660506c869530f897617f7cb1c21a4bf30023f252596d83e1f007?s=96&d=mm&r=g","url":"https:\/\/secure.gravatar.com\/avatar\/ccc17943b9d660506c869530f897617f7cb1c21a4bf30023f252596d83e1f007?s=96&d=mm&r=g","contentUrl":"https:\/\/secure.gravatar.com\/avatar\/ccc17943b9d660506c869530f897617f7cb1c21a4bf30023f252596d83e1f007?s=96&d=mm&r=g","caption":"admin"},"sameAs":["https:\/\/kibrisdakik.com"],"url":"https:\/\/kibrisdakik.com\/?author=1"}]}},"_links":{"self":[{"href":"https:\/\/kibrisdakik.com\/index.php?rest_route=\/wp\/v2\/posts\/88872","targetHints":{"allow":["GET"]}}],"collection":[{"href":"https:\/\/kibrisdakik.com\/index.php?rest_route=\/wp\/v2\/posts"}],"about":[{"href":"https:\/\/kibrisdakik.com\/index.php?rest_route=\/wp\/v2\/types\/post"}],"author":[{"embeddable":true,"href":"https:\/\/kibrisdakik.com\/index.php?rest_route=\/wp\/v2\/users\/1"}],"replies":[{"embeddable":true,"href":"https:\/\/kibrisdakik.com\/index.php?rest_route=%2Fwp%2Fv2%2Fcomments&post=88872"}],"version-history":[{"count":0,"href":"https:\/\/kibrisdakik.com\/index.php?rest_route=\/wp\/v2\/posts\/88872\/revisions"}],"wp:featuredmedia":[{"embeddable":true,"href":"https:\/\/kibrisdakik.com\/index.php?rest_route=\/wp\/v2\/media\/88873"}],"wp:attachment":[{"href":"https:\/\/kibrisdakik.com\/index.php?rest_route=%2Fwp%2Fv2%2Fmedia&parent=88872"}],"wp:term":[{"taxonomy":"category","embeddable":true,"href":"https:\/\/kibrisdakik.com\/index.php?rest_route=%2Fwp%2Fv2%2Fcategories&post=88872"},{"taxonomy":"post_tag","embeddable":true,"href":"https:\/\/kibrisdakik.com\/index.php?rest_route=%2Fwp%2Fv2%2Ftags&post=88872"}],"curies":[{"name":"wp","href":"https:\/\/api.w.org\/{rel}","templated":true}]}}