{"id":89002,"date":"2025-08-19T06:36:00","date_gmt":"2025-08-19T03:36:00","guid":{"rendered":"https:\/\/kibrisdakik.com\/index.php\/2025\/08\/19\/hatayda-yetistirilen-baliklar-avrupa-ulkelerine-ihrac-ediliyor\/"},"modified":"2025-08-19T06:36:00","modified_gmt":"2025-08-19T03:36:00","slug":"hatayda-yetistirilen-baliklar-avrupa-ulkelerine-ihrac-ediliyor","status":"publish","type":"post","link":"https:\/\/kibrisdakik.com\/?p=89002","title":{"rendered":"Hatay&#8217;da yeti\u015ftirilen bal\u0131klar Avrupa \u00fclkelerine ihra\u00e7 ediliyor"},"content":{"rendered":"<p><\/p>\n<div>\n<p>&#13;<br \/>\n\tzel bir firma taraf\u0131ndan 5 y\u0131l \u00f6nce Pirin\u00e7lik Mahallesi k\u0131y\u0131s\u0131nda faaliyete ge\u00e7irilen tesis arac\u0131l\u0131\u011f\u0131yla denize kurulan 33 kafeste bal\u0131k yeti\u015ftirilmeye ba\u015fland\u0131.<\/p>\n<p>&#13;<br \/>\n\t\u00c7upra ve levrek yeti\u015ftiricili\u011finin yap\u0131ld\u0131\u011f\u0131 tesiste 20&#8217;si kad\u0131n 70 ki\u015fiye istihdam sa\u011fland\u0131.<\/p>\n<p>&#13;<br \/>\n\tA\u00e7\u0131ktaki kafeslerde b\u00fcy\u00fct\u00fcld\u00fckten sonra k\u0131y\u0131daki tesise ta\u015f\u0131nan bal\u0131klar, kad\u0131nlar taraf\u0131ndan temizlenip uygun saklama ko\u015fullar\u0131nda paketleniyor.<\/p>\n<p>&#13;<br \/>\n\tBal\u0131klar\u0131n yakla\u015f\u0131k y\u00fczde 10&#8217;u yurt i\u00e7inde sat\u0131l\u0131yor, y\u00fczde 90&#8217;\u0131 da \u0130spanya, \u0130talya ve Portekiz&#8217;e g\u00f6nderiliyor.<\/p>\n<p><\/p>\n<h2>&#13;<br \/>\n\tHedef 12 bin ton \u00fcretim<\/h2>\n<p>&#13;<br \/>\n\tTesis sorumlusu Mustafa Bozku\u015f, 2019&#8217;da faaliyete ge\u00e7en tesiste \u015fu anda y\u0131ll\u0131k 8 bin ton bal\u0131k yeti\u015ftirdiklerini s\u00f6yledi.<\/p>\n<p>&#13;<br \/>\n\tAkdeniz&#8217;in mavi sular\u0131n\u0131n kafes bal\u0131k\u00e7\u0131l\u0131\u011f\u0131 i\u00e7in g\u00fczel imkan sundu\u011funu anlatan Bozku\u015f, \u00e7upra ve levre\u011fin yurt d\u0131\u015f\u0131ndan \u00e7ok fazla talep g\u00f6rd\u00fc\u011f\u00fcn\u00fc belirtti.<\/p>\n<p>&#13;<br \/>\n\t\u00dcr\u00fcnlerin b\u00fcy\u00fck b\u00f6l\u00fcm\u00fcn\u00fc ihracata g\u00f6nderdiklerini dile getiren Bozku\u015f, &#8220;\u00dcretime 500 tonla ba\u015flad\u0131k, \u015fimdi hedefimiz 12 bin ton. \u00dcretimimizi art\u0131rarak devam ettirmeyi planl\u0131yoruz. Arsuz&#8217;da \u00fcretilen bal\u0131klar\u0131m\u0131z\u0131n y\u00fczde 90&#8217;\u0131 \u0130talya, \u0130spanya ve Portekiz&#8217;e ihra\u00e7 edilmektedir. Arsuz b\u00f6lgesinde yeti\u015ftirdi\u011fimiz bal\u0131klar \u00f6zellikle tercih edilmektedir.&#8221; dedi.<\/p>\n<p>&#13;<br \/>\n\tBozku\u015f, hem tesisin \u00fcretim kapasitesini art\u0131rmay\u0131 hem de daha fazla ki\u015fiye istihdam sa\u011flamay\u0131 hedeflediklerini s\u00f6zlerine ekledi.<\/p>\n<p><img decoding=\"async\" alt=\"Hatay'da yeti\u015ftirilen bal\u0131klar Avrupa \u00fclkelerine ihra\u00e7 ediliyor\" src=\"https:\/\/www.trthaber.com\/dosyalar\/images\/aa_picture_20250817_38850842.jpg\"\/><\/p>\n<h2>&#13;<br \/>\n\tKad\u0131nlar kazan\u00e7 elde ediyor<\/h2>\n<p>&#13;<br \/>\n\tTesiste \u00e7al\u0131\u015fan kad\u0131nlardan 47 ya\u015f\u0131ndaki Ayten S\u00fcr\u00fcc\u00fc, kazanc\u0131yla 3 \u00e7ocu\u011funun e\u011fitim masraflar\u0131n\u0131 kar\u015f\u0131lad\u0131\u011f\u0131n\u0131 s\u00f6yledi.<\/p>\n<p>&#13;<br \/>\n\t29 ya\u015f\u0131ndaki Sezen Orul ve 19 ya\u015f\u0131ndaki S\u00fcmeyra C\u0131v\u0131k\u00e7\u0131o\u011flu da bal\u0131klar\u0131 temizleyip paketleyerek gelir elde ettiklerini anlatt\u0131.<\/p>\n<\/p><\/div>\n","protected":false},"excerpt":{"rendered":"<p>&#13; zel bir firma taraf\u0131ndan 5 y\u0131l \u00f6nce Pirin\u00e7lik Mahallesi k\u0131y\u0131s\u0131nda faaliyete ge\u00e7irilen tesis arac\u0131l\u0131\u011f\u0131yla denize kurulan 33 kafeste bal\u0131k yeti\u015ftirilmeye ba\u015fland\u0131. &#13; \u00c7upra ve levrek yeti\u015ftiricili\u011finin yap\u0131ld\u0131\u011f\u0131 tesiste 20&#8217;si kad\u0131n 70 ki\u015fiye istihdam sa\u011fland\u0131. &#13; A\u00e7\u0131ktaki kafeslerde b\u00fcy\u00fct\u00fcld\u00fckten sonra k\u0131y\u0131daki tesise ta\u015f\u0131nan bal\u0131klar, kad\u0131nlar taraf\u0131ndan temizlenip uygun saklama ko\u015fullar\u0131nda paketleniyor. &#13; Bal\u0131klar\u0131n yakla\u015f\u0131k y\u00fczde<\/p>\n","protected":false},"author":1,"featured_media":89003,"comment_status":"open","ping_status":"open","sticky":false,"template":"","format":"standard","meta":{"footnotes":""},"categories":[101,86],"tags":[],"class_list":["post-89002","post","type-post","status-publish","format-standard","has-post-thumbnail","hentry","category-manset","category-turkiye"],"yoast_head":"<!-- This site is optimized with the Yoast SEO plugin v27.5 - https:\/\/yoast.com\/product\/yoast-seo-wordpress\/ -->\n<title>Hatay&#039;da yeti\u015ftirilen bal\u0131klar Avrupa \u00fclkelerine ihra\u00e7 ediliyor -<\/title>\n<meta name=\"robots\" content=\"index, follow, max-snippet:-1, max-image-preview:large, max-video-preview:-1\" \/>\n<link rel=\"canonical\" href=\"https:\/\/kibrisdakik.com\/?p=89002\" \/>\n<meta property=\"og:locale\" content=\"tr_TR\" \/>\n<meta property=\"og:type\" content=\"article\" \/>\n<meta property=\"og:title\" content=\"Hatay&#039;da yeti\u015ftirilen bal\u0131klar Avrupa \u00fclkelerine ihra\u00e7 ediliyor -\" \/>\n<meta property=\"og:description\" content=\"&#013; zel bir firma taraf\u0131ndan 5 y\u0131l \u00f6nce Pirin\u00e7lik Mahallesi k\u0131y\u0131s\u0131nda faaliyete ge\u00e7irilen tesis arac\u0131l\u0131\u011f\u0131yla denize kurulan 33 kafeste bal\u0131k yeti\u015ftirilmeye ba\u015fland\u0131. &#013; \u00c7upra ve levrek yeti\u015ftiricili\u011finin yap\u0131ld\u0131\u011f\u0131 tesiste 20&#8217;si kad\u0131n 70 ki\u015fiye istihdam sa\u011fland\u0131. &#013; A\u00e7\u0131ktaki kafeslerde b\u00fcy\u00fct\u00fcld\u00fckten sonra k\u0131y\u0131daki tesise ta\u015f\u0131nan bal\u0131klar, kad\u0131nlar taraf\u0131ndan temizlenip uygun saklama ko\u015fullar\u0131nda paketleniyor. &#013; Bal\u0131klar\u0131n yakla\u015f\u0131k y\u00fczde\" \/>\n<meta property=\"og:url\" content=\"https:\/\/kibrisdakik.com\/?p=89002\" \/>\n<meta property=\"article:published_time\" content=\"2025-08-19T03:36:00+00:00\" \/>\n<meta property=\"og:image\" content=\"https:\/\/kibrisdakik.com\/wp-content\/uploads\/2025\/08\/balik-ciftligi-2389592-740x420.jpg\" \/>\n\t<meta property=\"og:image:width\" content=\"1280\" \/>\n\t<meta property=\"og:image:height\" content=\"720\" \/>\n\t<meta property=\"og:image:type\" content=\"image\/jpeg\" \/>\n<meta name=\"author\" content=\"admin\" \/>\n<meta name=\"twitter:card\" content=\"summary_large_image\" \/>\n<meta name=\"twitter:label1\" content=\"Yazan:\" \/>\n\t<meta name=\"twitter:data1\" content=\"admin\" \/>\n\t<meta name=\"twitter:label2\" content=\"Tahmini okuma s\u00fcresi\" \/>\n\t<meta name=\"twitter:data2\" content=\"1 dakika\" \/>\n<script type=\"application\/ld+json\" class=\"yoast-schema-graph\">{\"@context\":\"https:\\\/\\\/schema.org\",\"@graph\":[{\"@type\":\"Article\",\"@id\":\"https:\\\/\\\/kibrisdakik.com\\\/?p=89002#article\",\"isPartOf\":{\"@id\":\"https:\\\/\\\/kibrisdakik.com\\\/?p=89002\"},\"author\":{\"name\":\"admin\",\"@id\":\"https:\\\/\\\/kibrisdakik.com\\\/#\\\/schema\\\/person\\\/9cd9d437bbb44f72b73ba127e06d8e79\"},\"headline\":\"Hatay&#8217;da yeti\u015ftirilen bal\u0131klar Avrupa \u00fclkelerine ihra\u00e7 ediliyor\",\"datePublished\":\"2025-08-19T03:36:00+00:00\",\"mainEntityOfPage\":{\"@id\":\"https:\\\/\\\/kibrisdakik.com\\\/?p=89002\"},\"wordCount\":298,\"commentCount\":0,\"image\":{\"@id\":\"https:\\\/\\\/kibrisdakik.com\\\/?p=89002#primaryimage\"},\"thumbnailUrl\":\"https:\\\/\\\/kibrisdakik.com\\\/wp-content\\\/uploads\\\/2025\\\/08\\\/balik-ciftligi-2389592-740x420.jpg\",\"articleSection\":[\"Man\u015fet\",\"T\u00fcrkiye\"],\"inLanguage\":\"tr\",\"potentialAction\":[{\"@type\":\"CommentAction\",\"name\":\"Comment\",\"target\":[\"https:\\\/\\\/kibrisdakik.com\\\/?p=89002#respond\"]}]},{\"@type\":\"WebPage\",\"@id\":\"https:\\\/\\\/kibrisdakik.com\\\/?p=89002\",\"url\":\"https:\\\/\\\/kibrisdakik.com\\\/?p=89002\",\"name\":\"Hatay'da yeti\u015ftirilen bal\u0131klar Avrupa \u00fclkelerine ihra\u00e7 ediliyor -\",\"isPartOf\":{\"@id\":\"https:\\\/\\\/kibrisdakik.com\\\/#website\"},\"primaryImageOfPage\":{\"@id\":\"https:\\\/\\\/kibrisdakik.com\\\/?p=89002#primaryimage\"},\"image\":{\"@id\":\"https:\\\/\\\/kibrisdakik.com\\\/?p=89002#primaryimage\"},\"thumbnailUrl\":\"https:\\\/\\\/kibrisdakik.com\\\/wp-content\\\/uploads\\\/2025\\\/08\\\/balik-ciftligi-2389592-740x420.jpg\",\"datePublished\":\"2025-08-19T03:36:00+00:00\",\"author\":{\"@id\":\"https:\\\/\\\/kibrisdakik.com\\\/#\\\/schema\\\/person\\\/9cd9d437bbb44f72b73ba127e06d8e79\"},\"breadcrumb\":{\"@id\":\"https:\\\/\\\/kibrisdakik.com\\\/?p=89002#breadcrumb\"},\"inLanguage\":\"tr\",\"potentialAction\":[{\"@type\":\"ReadAction\",\"target\":[\"https:\\\/\\\/kibrisdakik.com\\\/?p=89002\"]}]},{\"@type\":\"ImageObject\",\"inLanguage\":\"tr\",\"@id\":\"https:\\\/\\\/kibrisdakik.com\\\/?p=89002#primaryimage\",\"url\":\"https:\\\/\\\/kibrisdakik.com\\\/wp-content\\\/uploads\\\/2025\\\/08\\\/balik-ciftligi-2389592-740x420.jpg\",\"contentUrl\":\"https:\\\/\\\/kibrisdakik.com\\\/wp-content\\\/uploads\\\/2025\\\/08\\\/balik-ciftligi-2389592-740x420.jpg\",\"width\":1280,\"height\":720},{\"@type\":\"BreadcrumbList\",\"@id\":\"https:\\\/\\\/kibrisdakik.com\\\/?p=89002#breadcrumb\",\"itemListElement\":[{\"@type\":\"ListItem\",\"position\":1,\"name\":\"Home\",\"item\":\"https:\\\/\\\/kibrisdakik.com\\\/\"},{\"@type\":\"ListItem\",\"position\":2,\"name\":\"Hatay&#8217;da yeti\u015ftirilen bal\u0131klar Avrupa \u00fclkelerine ihra\u00e7 ediliyor\"}]},{\"@type\":\"WebSite\",\"@id\":\"https:\\\/\\\/kibrisdakik.com\\\/#website\",\"url\":\"https:\\\/\\\/kibrisdakik.com\\\/\",\"name\":\"\",\"description\":\"Tam vaktinde haber\",\"potentialAction\":[{\"@type\":\"SearchAction\",\"target\":{\"@type\":\"EntryPoint\",\"urlTemplate\":\"https:\\\/\\\/kibrisdakik.com\\\/?s={search_term_string}\"},\"query-input\":{\"@type\":\"PropertyValueSpecification\",\"valueRequired\":true,\"valueName\":\"search_term_string\"}}],\"inLanguage\":\"tr\"},{\"@type\":\"Person\",\"@id\":\"https:\\\/\\\/kibrisdakik.com\\\/#\\\/schema\\\/person\\\/9cd9d437bbb44f72b73ba127e06d8e79\",\"name\":\"admin\",\"image\":{\"@type\":\"ImageObject\",\"inLanguage\":\"tr\",\"@id\":\"https:\\\/\\\/secure.gravatar.com\\\/avatar\\\/ccc17943b9d660506c869530f897617f7cb1c21a4bf30023f252596d83e1f007?s=96&d=mm&r=g\",\"url\":\"https:\\\/\\\/secure.gravatar.com\\\/avatar\\\/ccc17943b9d660506c869530f897617f7cb1c21a4bf30023f252596d83e1f007?s=96&d=mm&r=g\",\"contentUrl\":\"https:\\\/\\\/secure.gravatar.com\\\/avatar\\\/ccc17943b9d660506c869530f897617f7cb1c21a4bf30023f252596d83e1f007?s=96&d=mm&r=g\",\"caption\":\"admin\"},\"sameAs\":[\"https:\\\/\\\/kibrisdakik.com\"],\"url\":\"https:\\\/\\\/kibrisdakik.com\\\/?author=1\"}]}<\/script>\n<!-- \/ Yoast SEO plugin. -->","yoast_head_json":{"title":"Hatay'da yeti\u015ftirilen bal\u0131klar Avrupa \u00fclkelerine ihra\u00e7 ediliyor -","robots":{"index":"index","follow":"follow","max-snippet":"max-snippet:-1","max-image-preview":"max-image-preview:large","max-video-preview":"max-video-preview:-1"},"canonical":"https:\/\/kibrisdakik.com\/?p=89002","og_locale":"tr_TR","og_type":"article","og_title":"Hatay'da yeti\u015ftirilen bal\u0131klar Avrupa \u00fclkelerine ihra\u00e7 ediliyor -","og_description":"&#13; zel bir firma taraf\u0131ndan 5 y\u0131l \u00f6nce Pirin\u00e7lik Mahallesi k\u0131y\u0131s\u0131nda faaliyete ge\u00e7irilen tesis arac\u0131l\u0131\u011f\u0131yla denize kurulan 33 kafeste bal\u0131k yeti\u015ftirilmeye ba\u015fland\u0131. &#13; \u00c7upra ve levrek yeti\u015ftiricili\u011finin yap\u0131ld\u0131\u011f\u0131 tesiste 20&#8217;si kad\u0131n 70 ki\u015fiye istihdam sa\u011fland\u0131. &#13; A\u00e7\u0131ktaki kafeslerde b\u00fcy\u00fct\u00fcld\u00fckten sonra k\u0131y\u0131daki tesise ta\u015f\u0131nan bal\u0131klar, kad\u0131nlar taraf\u0131ndan temizlenip uygun saklama ko\u015fullar\u0131nda paketleniyor. &#13; Bal\u0131klar\u0131n yakla\u015f\u0131k y\u00fczde","og_url":"https:\/\/kibrisdakik.com\/?p=89002","article_published_time":"2025-08-19T03:36:00+00:00","og_image":[{"width":1280,"height":720,"url":"https:\/\/kibrisdakik.com\/wp-content\/uploads\/2025\/08\/balik-ciftligi-2389592-740x420.jpg","type":"image\/jpeg"}],"author":"admin","twitter_card":"summary_large_image","twitter_misc":{"Yazan:":"admin","Tahmini okuma s\u00fcresi":"1 dakika"},"schema":{"@context":"https:\/\/schema.org","@graph":[{"@type":"Article","@id":"https:\/\/kibrisdakik.com\/?p=89002#article","isPartOf":{"@id":"https:\/\/kibrisdakik.com\/?p=89002"},"author":{"name":"admin","@id":"https:\/\/kibrisdakik.com\/#\/schema\/person\/9cd9d437bbb44f72b73ba127e06d8e79"},"headline":"Hatay&#8217;da yeti\u015ftirilen bal\u0131klar Avrupa \u00fclkelerine ihra\u00e7 ediliyor","datePublished":"2025-08-19T03:36:00+00:00","mainEntityOfPage":{"@id":"https:\/\/kibrisdakik.com\/?p=89002"},"wordCount":298,"commentCount":0,"image":{"@id":"https:\/\/kibrisdakik.com\/?p=89002#primaryimage"},"thumbnailUrl":"https:\/\/kibrisdakik.com\/wp-content\/uploads\/2025\/08\/balik-ciftligi-2389592-740x420.jpg","articleSection":["Man\u015fet","T\u00fcrkiye"],"inLanguage":"tr","potentialAction":[{"@type":"CommentAction","name":"Comment","target":["https:\/\/kibrisdakik.com\/?p=89002#respond"]}]},{"@type":"WebPage","@id":"https:\/\/kibrisdakik.com\/?p=89002","url":"https:\/\/kibrisdakik.com\/?p=89002","name":"Hatay'da yeti\u015ftirilen bal\u0131klar Avrupa \u00fclkelerine ihra\u00e7 ediliyor -","isPartOf":{"@id":"https:\/\/kibrisdakik.com\/#website"},"primaryImageOfPage":{"@id":"https:\/\/kibrisdakik.com\/?p=89002#primaryimage"},"image":{"@id":"https:\/\/kibrisdakik.com\/?p=89002#primaryimage"},"thumbnailUrl":"https:\/\/kibrisdakik.com\/wp-content\/uploads\/2025\/08\/balik-ciftligi-2389592-740x420.jpg","datePublished":"2025-08-19T03:36:00+00:00","author":{"@id":"https:\/\/kibrisdakik.com\/#\/schema\/person\/9cd9d437bbb44f72b73ba127e06d8e79"},"breadcrumb":{"@id":"https:\/\/kibrisdakik.com\/?p=89002#breadcrumb"},"inLanguage":"tr","potentialAction":[{"@type":"ReadAction","target":["https:\/\/kibrisdakik.com\/?p=89002"]}]},{"@type":"ImageObject","inLanguage":"tr","@id":"https:\/\/kibrisdakik.com\/?p=89002#primaryimage","url":"https:\/\/kibrisdakik.com\/wp-content\/uploads\/2025\/08\/balik-ciftligi-2389592-740x420.jpg","contentUrl":"https:\/\/kibrisdakik.com\/wp-content\/uploads\/2025\/08\/balik-ciftligi-2389592-740x420.jpg","width":1280,"height":720},{"@type":"BreadcrumbList","@id":"https:\/\/kibrisdakik.com\/?p=89002#breadcrumb","itemListElement":[{"@type":"ListItem","position":1,"name":"Home","item":"https:\/\/kibrisdakik.com\/"},{"@type":"ListItem","position":2,"name":"Hatay&#8217;da yeti\u015ftirilen bal\u0131klar Avrupa \u00fclkelerine ihra\u00e7 ediliyor"}]},{"@type":"WebSite","@id":"https:\/\/kibrisdakik.com\/#website","url":"https:\/\/kibrisdakik.com\/","name":"","description":"Tam vaktinde haber","potentialAction":[{"@type":"SearchAction","target":{"@type":"EntryPoint","urlTemplate":"https:\/\/kibrisdakik.com\/?s={search_term_string}"},"query-input":{"@type":"PropertyValueSpecification","valueRequired":true,"valueName":"search_term_string"}}],"inLanguage":"tr"},{"@type":"Person","@id":"https:\/\/kibrisdakik.com\/#\/schema\/person\/9cd9d437bbb44f72b73ba127e06d8e79","name":"admin","image":{"@type":"ImageObject","inLanguage":"tr","@id":"https:\/\/secure.gravatar.com\/avatar\/ccc17943b9d660506c869530f897617f7cb1c21a4bf30023f252596d83e1f007?s=96&d=mm&r=g","url":"https:\/\/secure.gravatar.com\/avatar\/ccc17943b9d660506c869530f897617f7cb1c21a4bf30023f252596d83e1f007?s=96&d=mm&r=g","contentUrl":"https:\/\/secure.gravatar.com\/avatar\/ccc17943b9d660506c869530f897617f7cb1c21a4bf30023f252596d83e1f007?s=96&d=mm&r=g","caption":"admin"},"sameAs":["https:\/\/kibrisdakik.com"],"url":"https:\/\/kibrisdakik.com\/?author=1"}]}},"_links":{"self":[{"href":"https:\/\/kibrisdakik.com\/index.php?rest_route=\/wp\/v2\/posts\/89002","targetHints":{"allow":["GET"]}}],"collection":[{"href":"https:\/\/kibrisdakik.com\/index.php?rest_route=\/wp\/v2\/posts"}],"about":[{"href":"https:\/\/kibrisdakik.com\/index.php?rest_route=\/wp\/v2\/types\/post"}],"author":[{"embeddable":true,"href":"https:\/\/kibrisdakik.com\/index.php?rest_route=\/wp\/v2\/users\/1"}],"replies":[{"embeddable":true,"href":"https:\/\/kibrisdakik.com\/index.php?rest_route=%2Fwp%2Fv2%2Fcomments&post=89002"}],"version-history":[{"count":0,"href":"https:\/\/kibrisdakik.com\/index.php?rest_route=\/wp\/v2\/posts\/89002\/revisions"}],"wp:featuredmedia":[{"embeddable":true,"href":"https:\/\/kibrisdakik.com\/index.php?rest_route=\/wp\/v2\/media\/89003"}],"wp:attachment":[{"href":"https:\/\/kibrisdakik.com\/index.php?rest_route=%2Fwp%2Fv2%2Fmedia&parent=89002"}],"wp:term":[{"taxonomy":"category","embeddable":true,"href":"https:\/\/kibrisdakik.com\/index.php?rest_route=%2Fwp%2Fv2%2Fcategories&post=89002"},{"taxonomy":"post_tag","embeddable":true,"href":"https:\/\/kibrisdakik.com\/index.php?rest_route=%2Fwp%2Fv2%2Ftags&post=89002"}],"curies":[{"name":"wp","href":"https:\/\/api.w.org\/{rel}","templated":true}]}}