{"id":8910,"date":"2023-06-16T10:55:47","date_gmt":"2023-06-16T10:55:47","guid":{"rendered":"https:\/\/kibrisdakik.com\/index.php\/2023\/06\/16\/cumhurbaskani-tatar-rumlarin-fransa-ile-deniz-ussu-gorusmelerini-degerlendirdi\/"},"modified":"2023-06-16T10:55:47","modified_gmt":"2023-06-16T10:55:47","slug":"cumhurbaskani-tatar-rumlarin-fransa-ile-deniz-ussu-gorusmelerini-degerlendirdi","status":"publish","type":"post","link":"https:\/\/kibrisdakik.com\/?p=8910","title":{"rendered":"Cumhurba\u015fkan\u0131 Tatar, Rumlar\u0131n Fransa ile deniz \u00fcss\u00fc g\u00f6r\u00fc\u015fmelerini de\u011ferlendirdi"},"content":{"rendered":"<p><\/p>\n<div>\n<div class=\"mariselle-image-container center\">\n                <img width=\"910\" height=\"430\" class=\"lazy-image\" alt=\"\" decoding=\"async\" loading=\"lazy\" sizes=\"auto, (max-width: 910px) 100vw, 910px\" src=\"https:\/\/brtk.net\/wp-content\/uploads\/2023\/06\/15\/tatar-ciddi.jpg?ver=828191715a34e94d0b2b31acab90ed66\" srcset=\"https:\/\/brtk.net\/wp-content\/uploads\/2023\/06\/15\/tatar-ciddi.jpg?ver=828191715a34e94d0b2b31acab90ed66 910w, https:\/\/brtk.net\/wp-content\/uploads\/2023\/06\/15\/tatar-ciddi-300x142.jpg?ver=828191715a34e94d0b2b31acab90ed66 300w, https:\/\/brtk.net\/wp-content\/uploads\/2023\/06\/15\/tatar-ciddi-768x363.jpg?ver=828191715a34e94d0b2b31acab90ed66 768w\"\/>                            <\/div>\n<p> Cumhurba\u015fkan\u0131 <a href=\"https:\/\/brtk.net\/\" target=\"_blank\" rel=\"noopener\"><a href=\"https:\/\/brtk.net\/\" target=\"_blank\" rel=\"noopener\">Ersin <\/a><a href=\"https:\/\/brtk.net\/\"\/><a href=\"https:\/\/brtk.net\/\"\/><a href=\"https:\/\/brtk.net\/\"\/><a href=\"https:\/\/brtk.net\/\"\/><a href=\"https:\/\/brtk.net\/\"\/><a href=\"https:\/\/brtk.net\/\">Tatar<\/a>, G\u00fcney K\u0131br\u0131s Rum Y\u00f6netimi\u2019nin (GKRY), Larnaka kentine deniz \u00fcss\u00fc kurulmas\u0131 konusunda Fransa ile ilk g\u00f6r\u00fc\u015fmeleri ger\u00e7ekle\u015ftirmesiyle ilgili \u201cFransa\u2019n\u0131n, GKRY\u2019ye \u00fcs kurmas\u0131 ve ABD\u2019nin silahland\u0131rmas\u0131, K\u0131br\u0131s\u2019\u0131n kurulu\u015f anla\u015fmalar\u0131n\u0131n a\u00e7\u0131k ve net ihlalidir.\u201d dedi.<\/p>\n<p><a href=\"https:\/\/brtk.net\/\"\/><a href=\"https:\/\/brtk.net\/\"\/><a href=\"https:\/\/brtk.net\/\"\/><a href=\"https:\/\/brtk.net\/\"\/><a href=\"https:\/\/brtk.net\/\"\/><a href=\"https:\/\/brtk.net\/\">Tatar<\/a>, ba\u015fkent Lefko\u015fa\u2019daki Cumhurba\u015fkanl\u0131\u011f\u0131 ofisinde, AA muhabirine a\u00e7\u0131klamalarda bulundu.<\/p>\n<p><a href=\"https:\/\/brtk.net\/\"\/><a href=\"https:\/\/brtk.net\/\"\/><a href=\"https:\/\/brtk.net\/\"\/><a href=\"https:\/\/brtk.net\/\"\/><a href=\"https:\/\/brtk.net\/\"\/><a href=\"https:\/\/brtk.net\/\">Tatar<\/a>, Rum y\u00f6netiminin, uluslararas\u0131 me\u015fruiyet sa\u011flamak amac\u0131yla \u201cK\u0131br\u0131s Cumhuriyeti\u201d kurulurken 1960\u2019ta K\u0131br\u0131s, T\u00fcrkiye, \u0130ngiltere ve Yunanistan taraf\u0131ndan imzalanan, \u201ckurulu\u015f, ittifak ve garantiler\u201d ba\u015fl\u0131\u011f\u0131 alt\u0131ndaki 3 anla\u015fmaya ba\u011fl\u0131l\u0131\u011f\u0131n\u0131 her platformda dile getirdi\u011fini aktard\u0131.<\/p>\n<p>Fransa\u2019n\u0131n veya ba\u015fka bir devletin T\u00fcrkiye, \u0130ngiltere ve Yunanistan\u2019\u0131n onay\u0131 olmadan Ada\u2019ya \u00fcs kuramayaca\u011f\u0131n\u0131 ve silah sevki yapamayaca\u011f\u0131n\u0131 belirten <a href=\"https:\/\/brtk.net\/\"\/><a href=\"https:\/\/brtk.net\/\"\/><a href=\"https:\/\/brtk.net\/\"\/><a href=\"https:\/\/brtk.net\/\"\/><a href=\"https:\/\/brtk.net\/\"\/><a href=\"https:\/\/brtk.net\/\">Tatar<\/a>, \u201cFransa\u2019n\u0131n, GKRY\u2019ye \u00fcs kurmas\u0131 ve ABD\u2019nin silahland\u0131rmas\u0131, K\u0131br\u0131s\u2019\u0131n kurulu\u015f anla\u015fmalar\u0131n\u0131n a\u00e7\u0131k ve net ihlalidir. GKRY halen kendilerinin \u2018K\u0131br\u0131s Cumhuriyeti\u2019 oldu\u011funu iddia ederek, kurulu\u015f anla\u015fmalar\u0131n\u0131n ge\u00e7erli oldu\u011funu savunuyor. O zaman bu anla\u015fman\u0131n me\u015fru zemininde Fransa\u2019n\u0131n G\u00fcney\u2019e gelip \u00fcs kurmas\u0131 imkans\u0131zd\u0131r. Hukuken bakt\u0131\u011f\u0131m\u0131z zaman Fransa\u2019n\u0131n gelerek GKRY\u2019de deniz \u00fcss\u00fc kurmamas\u0131 gerekir.\u201d ifadesini kulland\u0131.<\/p>\n<p><a href=\"https:\/\/brtk.net\/\" target=\"_blank\" rel=\"noopener\"><a href=\"https:\/\/brtk.net\/\" target=\"_blank\" rel=\"noopener\">Ersin <\/a><a href=\"https:\/\/brtk.net\/\"\/><a href=\"https:\/\/brtk.net\/\"\/><a href=\"https:\/\/brtk.net\/\"\/><a href=\"https:\/\/brtk.net\/\"\/><a href=\"https:\/\/brtk.net\/\"\/><a href=\"https:\/\/brtk.net\/\">Tatar<\/a>, ABD ve Fransa\u2019n\u0131n, GKRY ile savunma ve silah anla\u015fmalar\u0131n\u0131n ve 2004\u2019te Rumlar\u0131n Avrupa Birli\u011fi\u2019ne (AB) al\u0131nmalar\u0131n\u0131n da kurulu\u015f anla\u015fmalar\u0131n\u0131 ihlal etti\u011fini s\u00f6yleyerek, Do\u011fu Akdeniz\u2019de istikrar\u0131n devam\u0131ndan yana olduklar\u0131n\u0131 dile getirdi.<\/p>\n<p>T\u00fcrkiye ve K\u0131br\u0131s T\u00fcrk halk\u0131n\u0131n onay\u0131 olmadan 2 \u00fclkenin Larnaka kentine deniz \u00fcss\u00fc kurma g\u00f6r\u00fc\u015fmelerinin do\u011fru olmad\u0131\u011f\u0131na i\u015faret eden <a href=\"https:\/\/brtk.net\/\"\/><a href=\"https:\/\/brtk.net\/\"\/><a href=\"https:\/\/brtk.net\/\"\/><a href=\"https:\/\/brtk.net\/\"\/><a href=\"https:\/\/brtk.net\/\"\/><a href=\"https:\/\/brtk.net\/\">Tatar<\/a>, GKRY ile Fransa\u2019n\u0131n, bu konuda daha dikkatli davranacaklar\u0131na inand\u0131\u011f\u0131n\u0131 vurgulad\u0131.<\/p>\n<p><a href=\"https:\/\/brtk.net\/\"\/><a href=\"https:\/\/brtk.net\/\"\/><a href=\"https:\/\/brtk.net\/\"\/><a href=\"https:\/\/brtk.net\/\"\/><a href=\"https:\/\/brtk.net\/\"\/><a href=\"https:\/\/brtk.net\/\">Tatar<\/a>, ayn\u0131 zamanda uluslararas\u0131 anla\u015fma niteli\u011finde olan K\u0131br\u0131s Cumhuriyeti kurulu\u015f, ittifak ve garanti anla\u015fmalar\u0131n\u0131n bir \u015fekilde ihlal edilmesiyle Ada\u2019daki 2 egemen \u0130ngiliz \u00fcss\u00fcn\u00fcn anlam\u0131n\u0131n kalmayaca\u011f\u0131na dikkati \u00e7ekerek, \u201cK\u0131br\u0131s\u2019\u0131n kurulu\u015f, ittifak ve garanti anla\u015fmalar\u0131n\u0131n ihlali, Ada\u2019da bulunan egemen \u0130ngiliz \u00fcslerini de sorgulan\u0131r hale getirir. Burada anla\u015fmalar\u0131n ihlali, \u0130ngiltere\u2019nin de buradaki durumunu s\u0131k\u0131nt\u0131l\u0131 k\u0131lar.\u201d de\u011ferlendirmesinde bulundu.<\/p>\n<\/p><\/div>\n<p><script async\n                    defer\n                    crossorigin=\"anonymous\"\n                    src=\"https:\/\/connect.facebook.net\/tr_TR\/sdk.js#xfbml=1&#038;version=v3.3\"\n            ><\/script><\/p>\n","protected":false},"excerpt":{"rendered":"<p>Cumhurba\u015fkan\u0131 Ersin Tatar, G\u00fcney K\u0131br\u0131s Rum Y\u00f6netimi\u2019nin (GKRY), Larnaka kentine deniz \u00fcss\u00fc kurulmas\u0131 konusunda Fransa ile ilk g\u00f6r\u00fc\u015fmeleri ger\u00e7ekle\u015ftirmesiyle ilgili \u201cFransa\u2019n\u0131n, GKRY\u2019ye \u00fcs kurmas\u0131 ve ABD\u2019nin silahland\u0131rmas\u0131, K\u0131br\u0131s\u2019\u0131n kurulu\u015f anla\u015fmalar\u0131n\u0131n a\u00e7\u0131k ve net ihlalidir.\u201d dedi. Tatar, ba\u015fkent Lefko\u015fa\u2019daki Cumhurba\u015fkanl\u0131\u011f\u0131 ofisinde, AA muhabirine a\u00e7\u0131klamalarda bulundu. Tatar, Rum y\u00f6netiminin, uluslararas\u0131 me\u015fruiyet sa\u011flamak amac\u0131yla \u201cK\u0131br\u0131s Cumhuriyeti\u201d kurulurken 1960\u2019ta<\/p>\n","protected":false},"author":1,"featured_media":8911,"comment_status":"open","ping_status":"open","sticky":false,"template":"","format":"standard","meta":{"footnotes":""},"categories":[1],"tags":[],"class_list":["post-8910","post","type-post","status-publish","format-standard","has-post-thumbnail","hentry","category-gundem"],"yoast_head":"<!-- This site is optimized with the Yoast SEO plugin v27.5 - https:\/\/yoast.com\/product\/yoast-seo-wordpress\/ -->\n<title>Cumhurba\u015fkan\u0131 Tatar, Rumlar\u0131n Fransa ile deniz \u00fcss\u00fc g\u00f6r\u00fc\u015fmelerini de\u011ferlendirdi -<\/title>\n<meta name=\"robots\" content=\"index, follow, max-snippet:-1, max-image-preview:large, max-video-preview:-1\" \/>\n<link rel=\"canonical\" href=\"https:\/\/kibrisdakik.com\/?p=8910\" \/>\n<meta property=\"og:locale\" content=\"tr_TR\" \/>\n<meta property=\"og:type\" content=\"article\" \/>\n<meta property=\"og:title\" content=\"Cumhurba\u015fkan\u0131 Tatar, Rumlar\u0131n Fransa ile deniz \u00fcss\u00fc g\u00f6r\u00fc\u015fmelerini de\u011ferlendirdi -\" \/>\n<meta property=\"og:description\" content=\"Cumhurba\u015fkan\u0131 Ersin Tatar, G\u00fcney K\u0131br\u0131s Rum Y\u00f6netimi\u2019nin (GKRY), Larnaka kentine deniz \u00fcss\u00fc kurulmas\u0131 konusunda Fransa ile ilk g\u00f6r\u00fc\u015fmeleri ger\u00e7ekle\u015ftirmesiyle ilgili \u201cFransa\u2019n\u0131n, GKRY\u2019ye \u00fcs kurmas\u0131 ve ABD\u2019nin silahland\u0131rmas\u0131, K\u0131br\u0131s\u2019\u0131n kurulu\u015f anla\u015fmalar\u0131n\u0131n a\u00e7\u0131k ve net ihlalidir.\u201d dedi. Tatar, ba\u015fkent Lefko\u015fa\u2019daki Cumhurba\u015fkanl\u0131\u011f\u0131 ofisinde, AA muhabirine a\u00e7\u0131klamalarda bulundu. Tatar, Rum y\u00f6netiminin, uluslararas\u0131 me\u015fruiyet sa\u011flamak amac\u0131yla \u201cK\u0131br\u0131s Cumhuriyeti\u201d kurulurken 1960\u2019ta\" \/>\n<meta property=\"og:url\" content=\"https:\/\/kibrisdakik.com\/?p=8910\" \/>\n<meta property=\"article:published_time\" content=\"2023-06-16T10:55:47+00:00\" \/>\n<meta property=\"og:image\" content=\"https:\/\/kibrisdakik.com\/wp-content\/uploads\/2023\/06\/tatar-ciddi-740x420.jpg\" \/>\n\t<meta property=\"og:image:width\" content=\"910\" \/>\n\t<meta property=\"og:image:height\" content=\"430\" \/>\n\t<meta property=\"og:image:type\" content=\"image\/jpeg\" \/>\n<meta name=\"author\" content=\"admin\" \/>\n<meta name=\"twitter:card\" content=\"summary_large_image\" \/>\n<meta name=\"twitter:label1\" content=\"Yazan:\" \/>\n\t<meta name=\"twitter:data1\" content=\"admin\" \/>\n\t<meta name=\"twitter:label2\" content=\"Tahmini okuma s\u00fcresi\" \/>\n\t<meta name=\"twitter:data2\" content=\"2 dakika\" \/>\n<script type=\"application\/ld+json\" class=\"yoast-schema-graph\">{\"@context\":\"https:\\\/\\\/schema.org\",\"@graph\":[{\"@type\":\"Article\",\"@id\":\"https:\\\/\\\/kibrisdakik.com\\\/?p=8910#article\",\"isPartOf\":{\"@id\":\"https:\\\/\\\/kibrisdakik.com\\\/?p=8910\"},\"author\":{\"name\":\"admin\",\"@id\":\"https:\\\/\\\/kibrisdakik.com\\\/#\\\/schema\\\/person\\\/9cd9d437bbb44f72b73ba127e06d8e79\"},\"headline\":\"Cumhurba\u015fkan\u0131 Tatar, Rumlar\u0131n Fransa ile deniz \u00fcss\u00fc g\u00f6r\u00fc\u015fmelerini de\u011ferlendirdi\",\"datePublished\":\"2023-06-16T10:55:47+00:00\",\"mainEntityOfPage\":{\"@id\":\"https:\\\/\\\/kibrisdakik.com\\\/?p=8910\"},\"wordCount\":424,\"commentCount\":0,\"image\":{\"@id\":\"https:\\\/\\\/kibrisdakik.com\\\/?p=8910#primaryimage\"},\"thumbnailUrl\":\"https:\\\/\\\/kibrisdakik.com\\\/wp-content\\\/uploads\\\/2023\\\/06\\\/tatar-ciddi-740x420.jpg\",\"articleSection\":[\"G\u00fcndem\"],\"inLanguage\":\"tr\",\"potentialAction\":[{\"@type\":\"CommentAction\",\"name\":\"Comment\",\"target\":[\"https:\\\/\\\/kibrisdakik.com\\\/?p=8910#respond\"]}]},{\"@type\":\"WebPage\",\"@id\":\"https:\\\/\\\/kibrisdakik.com\\\/?p=8910\",\"url\":\"https:\\\/\\\/kibrisdakik.com\\\/?p=8910\",\"name\":\"Cumhurba\u015fkan\u0131 Tatar, Rumlar\u0131n Fransa ile deniz \u00fcss\u00fc g\u00f6r\u00fc\u015fmelerini de\u011ferlendirdi -\",\"isPartOf\":{\"@id\":\"https:\\\/\\\/kibrisdakik.com\\\/#website\"},\"primaryImageOfPage\":{\"@id\":\"https:\\\/\\\/kibrisdakik.com\\\/?p=8910#primaryimage\"},\"image\":{\"@id\":\"https:\\\/\\\/kibrisdakik.com\\\/?p=8910#primaryimage\"},\"thumbnailUrl\":\"https:\\\/\\\/kibrisdakik.com\\\/wp-content\\\/uploads\\\/2023\\\/06\\\/tatar-ciddi-740x420.jpg\",\"datePublished\":\"2023-06-16T10:55:47+00:00\",\"author\":{\"@id\":\"https:\\\/\\\/kibrisdakik.com\\\/#\\\/schema\\\/person\\\/9cd9d437bbb44f72b73ba127e06d8e79\"},\"breadcrumb\":{\"@id\":\"https:\\\/\\\/kibrisdakik.com\\\/?p=8910#breadcrumb\"},\"inLanguage\":\"tr\",\"potentialAction\":[{\"@type\":\"ReadAction\",\"target\":[\"https:\\\/\\\/kibrisdakik.com\\\/?p=8910\"]}]},{\"@type\":\"ImageObject\",\"inLanguage\":\"tr\",\"@id\":\"https:\\\/\\\/kibrisdakik.com\\\/?p=8910#primaryimage\",\"url\":\"https:\\\/\\\/kibrisdakik.com\\\/wp-content\\\/uploads\\\/2023\\\/06\\\/tatar-ciddi-740x420.jpg\",\"contentUrl\":\"https:\\\/\\\/kibrisdakik.com\\\/wp-content\\\/uploads\\\/2023\\\/06\\\/tatar-ciddi-740x420.jpg\",\"width\":910,\"height\":430},{\"@type\":\"BreadcrumbList\",\"@id\":\"https:\\\/\\\/kibrisdakik.com\\\/?p=8910#breadcrumb\",\"itemListElement\":[{\"@type\":\"ListItem\",\"position\":1,\"name\":\"Home\",\"item\":\"https:\\\/\\\/kibrisdakik.com\\\/\"},{\"@type\":\"ListItem\",\"position\":2,\"name\":\"Cumhurba\u015fkan\u0131 Tatar, Rumlar\u0131n Fransa ile deniz \u00fcss\u00fc g\u00f6r\u00fc\u015fmelerini de\u011ferlendirdi\"}]},{\"@type\":\"WebSite\",\"@id\":\"https:\\\/\\\/kibrisdakik.com\\\/#website\",\"url\":\"https:\\\/\\\/kibrisdakik.com\\\/\",\"name\":\"\",\"description\":\"Tam vaktinde haber\",\"potentialAction\":[{\"@type\":\"SearchAction\",\"target\":{\"@type\":\"EntryPoint\",\"urlTemplate\":\"https:\\\/\\\/kibrisdakik.com\\\/?s={search_term_string}\"},\"query-input\":{\"@type\":\"PropertyValueSpecification\",\"valueRequired\":true,\"valueName\":\"search_term_string\"}}],\"inLanguage\":\"tr\"},{\"@type\":\"Person\",\"@id\":\"https:\\\/\\\/kibrisdakik.com\\\/#\\\/schema\\\/person\\\/9cd9d437bbb44f72b73ba127e06d8e79\",\"name\":\"admin\",\"image\":{\"@type\":\"ImageObject\",\"inLanguage\":\"tr\",\"@id\":\"https:\\\/\\\/secure.gravatar.com\\\/avatar\\\/ccc17943b9d660506c869530f897617f7cb1c21a4bf30023f252596d83e1f007?s=96&d=mm&r=g\",\"url\":\"https:\\\/\\\/secure.gravatar.com\\\/avatar\\\/ccc17943b9d660506c869530f897617f7cb1c21a4bf30023f252596d83e1f007?s=96&d=mm&r=g\",\"contentUrl\":\"https:\\\/\\\/secure.gravatar.com\\\/avatar\\\/ccc17943b9d660506c869530f897617f7cb1c21a4bf30023f252596d83e1f007?s=96&d=mm&r=g\",\"caption\":\"admin\"},\"sameAs\":[\"https:\\\/\\\/kibrisdakik.com\"],\"url\":\"https:\\\/\\\/kibrisdakik.com\\\/?author=1\"}]}<\/script>\n<!-- \/ Yoast SEO plugin. -->","yoast_head_json":{"title":"Cumhurba\u015fkan\u0131 Tatar, Rumlar\u0131n Fransa ile deniz \u00fcss\u00fc g\u00f6r\u00fc\u015fmelerini de\u011ferlendirdi -","robots":{"index":"index","follow":"follow","max-snippet":"max-snippet:-1","max-image-preview":"max-image-preview:large","max-video-preview":"max-video-preview:-1"},"canonical":"https:\/\/kibrisdakik.com\/?p=8910","og_locale":"tr_TR","og_type":"article","og_title":"Cumhurba\u015fkan\u0131 Tatar, Rumlar\u0131n Fransa ile deniz \u00fcss\u00fc g\u00f6r\u00fc\u015fmelerini de\u011ferlendirdi -","og_description":"Cumhurba\u015fkan\u0131 Ersin Tatar, G\u00fcney K\u0131br\u0131s Rum Y\u00f6netimi\u2019nin (GKRY), Larnaka kentine deniz \u00fcss\u00fc kurulmas\u0131 konusunda Fransa ile ilk g\u00f6r\u00fc\u015fmeleri ger\u00e7ekle\u015ftirmesiyle ilgili \u201cFransa\u2019n\u0131n, GKRY\u2019ye \u00fcs kurmas\u0131 ve ABD\u2019nin silahland\u0131rmas\u0131, K\u0131br\u0131s\u2019\u0131n kurulu\u015f anla\u015fmalar\u0131n\u0131n a\u00e7\u0131k ve net ihlalidir.\u201d dedi. Tatar, ba\u015fkent Lefko\u015fa\u2019daki Cumhurba\u015fkanl\u0131\u011f\u0131 ofisinde, AA muhabirine a\u00e7\u0131klamalarda bulundu. Tatar, Rum y\u00f6netiminin, uluslararas\u0131 me\u015fruiyet sa\u011flamak amac\u0131yla \u201cK\u0131br\u0131s Cumhuriyeti\u201d kurulurken 1960\u2019ta","og_url":"https:\/\/kibrisdakik.com\/?p=8910","article_published_time":"2023-06-16T10:55:47+00:00","og_image":[{"width":910,"height":430,"url":"https:\/\/kibrisdakik.com\/wp-content\/uploads\/2023\/06\/tatar-ciddi-740x420.jpg","type":"image\/jpeg"}],"author":"admin","twitter_card":"summary_large_image","twitter_misc":{"Yazan:":"admin","Tahmini okuma s\u00fcresi":"2 dakika"},"schema":{"@context":"https:\/\/schema.org","@graph":[{"@type":"Article","@id":"https:\/\/kibrisdakik.com\/?p=8910#article","isPartOf":{"@id":"https:\/\/kibrisdakik.com\/?p=8910"},"author":{"name":"admin","@id":"https:\/\/kibrisdakik.com\/#\/schema\/person\/9cd9d437bbb44f72b73ba127e06d8e79"},"headline":"Cumhurba\u015fkan\u0131 Tatar, Rumlar\u0131n Fransa ile deniz \u00fcss\u00fc g\u00f6r\u00fc\u015fmelerini de\u011ferlendirdi","datePublished":"2023-06-16T10:55:47+00:00","mainEntityOfPage":{"@id":"https:\/\/kibrisdakik.com\/?p=8910"},"wordCount":424,"commentCount":0,"image":{"@id":"https:\/\/kibrisdakik.com\/?p=8910#primaryimage"},"thumbnailUrl":"https:\/\/kibrisdakik.com\/wp-content\/uploads\/2023\/06\/tatar-ciddi-740x420.jpg","articleSection":["G\u00fcndem"],"inLanguage":"tr","potentialAction":[{"@type":"CommentAction","name":"Comment","target":["https:\/\/kibrisdakik.com\/?p=8910#respond"]}]},{"@type":"WebPage","@id":"https:\/\/kibrisdakik.com\/?p=8910","url":"https:\/\/kibrisdakik.com\/?p=8910","name":"Cumhurba\u015fkan\u0131 Tatar, Rumlar\u0131n Fransa ile deniz \u00fcss\u00fc g\u00f6r\u00fc\u015fmelerini de\u011ferlendirdi -","isPartOf":{"@id":"https:\/\/kibrisdakik.com\/#website"},"primaryImageOfPage":{"@id":"https:\/\/kibrisdakik.com\/?p=8910#primaryimage"},"image":{"@id":"https:\/\/kibrisdakik.com\/?p=8910#primaryimage"},"thumbnailUrl":"https:\/\/kibrisdakik.com\/wp-content\/uploads\/2023\/06\/tatar-ciddi-740x420.jpg","datePublished":"2023-06-16T10:55:47+00:00","author":{"@id":"https:\/\/kibrisdakik.com\/#\/schema\/person\/9cd9d437bbb44f72b73ba127e06d8e79"},"breadcrumb":{"@id":"https:\/\/kibrisdakik.com\/?p=8910#breadcrumb"},"inLanguage":"tr","potentialAction":[{"@type":"ReadAction","target":["https:\/\/kibrisdakik.com\/?p=8910"]}]},{"@type":"ImageObject","inLanguage":"tr","@id":"https:\/\/kibrisdakik.com\/?p=8910#primaryimage","url":"https:\/\/kibrisdakik.com\/wp-content\/uploads\/2023\/06\/tatar-ciddi-740x420.jpg","contentUrl":"https:\/\/kibrisdakik.com\/wp-content\/uploads\/2023\/06\/tatar-ciddi-740x420.jpg","width":910,"height":430},{"@type":"BreadcrumbList","@id":"https:\/\/kibrisdakik.com\/?p=8910#breadcrumb","itemListElement":[{"@type":"ListItem","position":1,"name":"Home","item":"https:\/\/kibrisdakik.com\/"},{"@type":"ListItem","position":2,"name":"Cumhurba\u015fkan\u0131 Tatar, Rumlar\u0131n Fransa ile deniz \u00fcss\u00fc g\u00f6r\u00fc\u015fmelerini de\u011ferlendirdi"}]},{"@type":"WebSite","@id":"https:\/\/kibrisdakik.com\/#website","url":"https:\/\/kibrisdakik.com\/","name":"","description":"Tam vaktinde haber","potentialAction":[{"@type":"SearchAction","target":{"@type":"EntryPoint","urlTemplate":"https:\/\/kibrisdakik.com\/?s={search_term_string}"},"query-input":{"@type":"PropertyValueSpecification","valueRequired":true,"valueName":"search_term_string"}}],"inLanguage":"tr"},{"@type":"Person","@id":"https:\/\/kibrisdakik.com\/#\/schema\/person\/9cd9d437bbb44f72b73ba127e06d8e79","name":"admin","image":{"@type":"ImageObject","inLanguage":"tr","@id":"https:\/\/secure.gravatar.com\/avatar\/ccc17943b9d660506c869530f897617f7cb1c21a4bf30023f252596d83e1f007?s=96&d=mm&r=g","url":"https:\/\/secure.gravatar.com\/avatar\/ccc17943b9d660506c869530f897617f7cb1c21a4bf30023f252596d83e1f007?s=96&d=mm&r=g","contentUrl":"https:\/\/secure.gravatar.com\/avatar\/ccc17943b9d660506c869530f897617f7cb1c21a4bf30023f252596d83e1f007?s=96&d=mm&r=g","caption":"admin"},"sameAs":["https:\/\/kibrisdakik.com"],"url":"https:\/\/kibrisdakik.com\/?author=1"}]}},"_links":{"self":[{"href":"https:\/\/kibrisdakik.com\/index.php?rest_route=\/wp\/v2\/posts\/8910","targetHints":{"allow":["GET"]}}],"collection":[{"href":"https:\/\/kibrisdakik.com\/index.php?rest_route=\/wp\/v2\/posts"}],"about":[{"href":"https:\/\/kibrisdakik.com\/index.php?rest_route=\/wp\/v2\/types\/post"}],"author":[{"embeddable":true,"href":"https:\/\/kibrisdakik.com\/index.php?rest_route=\/wp\/v2\/users\/1"}],"replies":[{"embeddable":true,"href":"https:\/\/kibrisdakik.com\/index.php?rest_route=%2Fwp%2Fv2%2Fcomments&post=8910"}],"version-history":[{"count":0,"href":"https:\/\/kibrisdakik.com\/index.php?rest_route=\/wp\/v2\/posts\/8910\/revisions"}],"wp:featuredmedia":[{"embeddable":true,"href":"https:\/\/kibrisdakik.com\/index.php?rest_route=\/wp\/v2\/media\/8911"}],"wp:attachment":[{"href":"https:\/\/kibrisdakik.com\/index.php?rest_route=%2Fwp%2Fv2%2Fmedia&parent=8910"}],"wp:term":[{"taxonomy":"category","embeddable":true,"href":"https:\/\/kibrisdakik.com\/index.php?rest_route=%2Fwp%2Fv2%2Fcategories&post=8910"},{"taxonomy":"post_tag","embeddable":true,"href":"https:\/\/kibrisdakik.com\/index.php?rest_route=%2Fwp%2Fv2%2Ftags&post=8910"}],"curies":[{"name":"wp","href":"https:\/\/api.w.org\/{rel}","templated":true}]}}