{"id":89104,"date":"2025-08-19T14:24:06","date_gmt":"2025-08-19T11:24:06","guid":{"rendered":"https:\/\/kibrisdakik.com\/index.php\/2025\/08\/19\/altin-zeytin-mizah-hizmet-odulleri-belirlendi\/"},"modified":"2025-08-19T14:24:06","modified_gmt":"2025-08-19T11:24:06","slug":"altin-zeytin-mizah-hizmet-odulleri-belirlendi","status":"publish","type":"post","link":"https:\/\/kibrisdakik.com\/?p=89104","title":{"rendered":"ALTIN ZEYT\u0130N M\u0130ZAH H\u0130ZMET \u00d6D\u00dcLLER\u0130 BEL\u0130RLEND\u0130"},"content":{"rendered":"<p> <br \/>\n<br \/><\/p>\n<p>K\u0131br\u0131s T\u00fcrk mizah k\u00fclt\u00fcr\u00fcne katk\u0131 sa\u011flayan ki\u015filere verilen geleneksel \u2018Alt\u0131n Zeytin Mizah Hizmet \u00d6d\u00fclleri\u2019nin bu y\u0131lki sahipleri belirlendi.<\/p>\n<p>\u00d6d\u00fcl alacak ki\u015filer, 24. Uluslararas\u0131 Zeytin Festivali Zeytin Mizah \u015eenli\u011fi D\u00fczenleme Komitesi \u00fcyeleri taraf\u0131ndan se\u00e7ildi.<\/p>\n<p>Girne Belediyesi\u2019nden yap\u0131lan a\u00e7\u0131klamaya g\u00f6re, Murat \u015eenkul (Onursal Ba\u015fkan), M. Serhan Gazio\u011flu, Musa Kayra, Zafer Tutkulu, Aysun \u00c7elik, Misli Kad\u0131o\u011flu ve H\u00fcseyin \u00c7akmak\u2019tan olu\u015fan Uluslararas\u0131 Zeytin Mizah \u015eenli\u011fi D\u00fczenleme Komitesi toplant\u0131s\u0131 ard\u0131nda kazananlar \u015fu \u015fekilde a\u00e7\u0131kland\u0131:<\/p>\n<p>\u201cG\u00fcl\u015fen Er\u00e7in Vaiz (\u2018Neydi Olaca\u011f\u0131\u2019 isimli mizahi video i\u00e7erikleri ve mizahi karakterleri \u00fcretip, e\u011fitim, k\u00fclt\u00fcr, sa\u011fl\u0131k, sosyal, ticari ve kamu spotu alanlar\u0131nda kullanmas\u0131 nedeni ile), \u0130zel Seylani (geleneksel g\u00f6lge oyunundaki \u2018Karag\u00f6z\u2019 karakterini g\u00fcncelleyerek, \u00e7a\u011fda\u015f, felsefik, toplumsal ger\u00e7ek\u00e7i, anti s\u00f6venist ve halk\u00e7\u0131 bir kimli\u011fe d\u00f6n\u00fc\u015ft\u00fcrmesi nedeni ile); Mehmet Ekin Vaiz (\u2018Neydi Olaca\u011f\u0131\u2019 isimli mizahi video i\u00e7erikleri ve mizahi karakterleri \u00fcretip, e\u011fitim, k\u00fclt\u00fcr, sa\u011fl\u0131k, sosyal, ticari ve kamu spotu alanlar\u0131nda kullanmas\u0131 nedeni ile); Selen Sel\u0131\u015f\u0131k (K\u0131br\u0131s T\u00fcrk karikat\u00fcr sanat\u0131na yapt\u0131\u011f\u0131 katk\u0131lar nedeni ile); Serkan S\u00fcrek (Ma\u011fusa Nam\u0131k Kemal Lisesi&#8217;nde olu\u015fturdu\u011fu karikat\u00fcr at\u00f6lyesi ile K\u0131br\u0131s T\u00fcrk karikat\u00fcr sanat\u0131na yeni gen\u00e7ler yeti\u015ftirmesi nedeni ile); Tolgay Tar\u0131man (\u2018Torba\u2019 ve \u2018\u015eamata Dura\u011f\u0131\u2019 isimli TV programlar\u0131 ve kamu spotu videolar\u0131 i\u00e7in haz\u0131rlad\u0131\u011f\u0131, yazd\u0131\u011f\u0131, oynad\u0131\u011f\u0131 mizahi parodiler ve mizahi karakterler nedeni ile); Ya\u015far Ersoy (mizahi tiyatro dal\u0131nda yazd\u0131\u011f\u0131, y\u00f6netti\u011fi, rol ald\u0131\u011f\u0131 mizahi oyunlar ve mizahi karakterler nedeni ile.)\u2019<\/p>\n<p>\u00d6d\u00fcller, 5 Ekim tarihinde Zeytinlik k\u00f6y\u00fcnde d\u00fczenlenecek 24. Uluslararas\u0131 Zeytin Festivali\u2019nde sahiplerine verilecek.<\/p>\n<p><br \/>\n<br \/><a href=\"[kibrisdakik.com]\n<\/p>\n","protected":false},"excerpt":{"rendered":"<p>K\u0131br\u0131s T\u00fcrk mizah k\u00fclt\u00fcr\u00fcne katk\u0131 sa\u011flayan ki\u015filere verilen geleneksel \u2018Alt\u0131n Zeytin Mizah Hizmet \u00d6d\u00fclleri\u2019nin bu y\u0131lki sahipleri belirlendi. \u00d6d\u00fcl alacak ki\u015filer, 24. Uluslararas\u0131 Zeytin Festivali Zeytin Mizah \u015eenli\u011fi D\u00fczenleme Komitesi \u00fcyeleri taraf\u0131ndan se\u00e7ildi. Girne Belediyesi\u2019nden yap\u0131lan a\u00e7\u0131klamaya g\u00f6re, Murat \u015eenkul (Onursal Ba\u015fkan), M. Serhan Gazio\u011flu, Musa Kayra, Zafer Tutkulu, Aysun \u00c7elik, Misli Kad\u0131o\u011flu ve H\u00fcseyin<\/p>\n","protected":false},"author":1,"featured_media":89105,"comment_status":"open","ping_status":"open","sticky":false,"template":"","format":"standard","meta":{"footnotes":""},"categories":[81,101],"tags":[],"class_list":["post-89104","post","type-post","status-publish","format-standard","has-post-thumbnail","hentry","category-kibris","category-manset"],"yoast_head":"<!-- This site is optimized with the Yoast SEO plugin v27.5 - https:\/\/yoast.com\/product\/yoast-seo-wordpress\/ -->\n<title>ALTIN ZEYT\u0130N M\u0130ZAH H\u0130ZMET \u00d6D\u00dcLLER\u0130 BEL\u0130RLEND\u0130 -<\/title>\n<meta name=\"robots\" content=\"index, follow, max-snippet:-1, max-image-preview:large, max-video-preview:-1\" \/>\n<link rel=\"canonical\" href=\"https:\/\/kibrisdakik.com\/?p=89104\" \/>\n<meta property=\"og:locale\" content=\"tr_TR\" \/>\n<meta property=\"og:type\" content=\"article\" \/>\n<meta property=\"og:title\" content=\"ALTIN ZEYT\u0130N M\u0130ZAH H\u0130ZMET \u00d6D\u00dcLLER\u0130 BEL\u0130RLEND\u0130 -\" \/>\n<meta property=\"og:description\" content=\"K\u0131br\u0131s T\u00fcrk mizah k\u00fclt\u00fcr\u00fcne katk\u0131 sa\u011flayan ki\u015filere verilen geleneksel \u2018Alt\u0131n Zeytin Mizah Hizmet \u00d6d\u00fclleri\u2019nin bu y\u0131lki sahipleri belirlendi. \u00d6d\u00fcl alacak ki\u015filer, 24. Uluslararas\u0131 Zeytin Festivali Zeytin Mizah \u015eenli\u011fi D\u00fczenleme Komitesi \u00fcyeleri taraf\u0131ndan se\u00e7ildi. Girne Belediyesi\u2019nden yap\u0131lan a\u00e7\u0131klamaya g\u00f6re, Murat \u015eenkul (Onursal Ba\u015fkan), M. Serhan Gazio\u011flu, Musa Kayra, Zafer Tutkulu, Aysun \u00c7elik, Misli Kad\u0131o\u011flu ve H\u00fcseyin\" \/>\n<meta property=\"og:url\" content=\"https:\/\/kibrisdakik.com\/?p=89104\" \/>\n<meta property=\"article:published_time\" content=\"2025-08-19T11:24:06+00:00\" \/>\n<meta property=\"og:image\" content=\"https:\/\/kibrisdakik.com\/wp-content\/uploads\/2025\/08\/779-740x420.png\" \/>\n\t<meta property=\"og:image:width\" content=\"1280\" \/>\n\t<meta property=\"og:image:height\" content=\"720\" \/>\n\t<meta property=\"og:image:type\" content=\"image\/png\" \/>\n<meta name=\"author\" content=\"admin\" \/>\n<meta name=\"twitter:card\" content=\"summary_large_image\" \/>\n<meta name=\"twitter:label1\" content=\"Yazan:\" \/>\n\t<meta name=\"twitter:data1\" content=\"admin\" \/>\n\t<meta name=\"twitter:label2\" content=\"Tahmini okuma s\u00fcresi\" \/>\n\t<meta name=\"twitter:data2\" content=\"2 dakika\" \/>\n<script type=\"application\/ld+json\" class=\"yoast-schema-graph\">{\"@context\":\"https:\\\/\\\/schema.org\",\"@graph\":[{\"@type\":\"Article\",\"@id\":\"https:\\\/\\\/kibrisdakik.com\\\/?p=89104#article\",\"isPartOf\":{\"@id\":\"https:\\\/\\\/kibrisdakik.com\\\/?p=89104\"},\"author\":{\"name\":\"admin\",\"@id\":\"https:\\\/\\\/kibrisdakik.com\\\/#\\\/schema\\\/person\\\/9cd9d437bbb44f72b73ba127e06d8e79\"},\"headline\":\"ALTIN ZEYT\u0130N M\u0130ZAH H\u0130ZMET \u00d6D\u00dcLLER\u0130 BEL\u0130RLEND\u0130\",\"datePublished\":\"2025-08-19T11:24:06+00:00\",\"mainEntityOfPage\":{\"@id\":\"https:\\\/\\\/kibrisdakik.com\\\/?p=89104\"},\"wordCount\":327,\"commentCount\":0,\"image\":{\"@id\":\"https:\\\/\\\/kibrisdakik.com\\\/?p=89104#primaryimage\"},\"thumbnailUrl\":\"https:\\\/\\\/kibrisdakik.com\\\/wp-content\\\/uploads\\\/2025\\\/08\\\/779-740x420.png\",\"articleSection\":[\"K\u0131br\u0131s\",\"Man\u015fet\"],\"inLanguage\":\"tr\",\"potentialAction\":[{\"@type\":\"CommentAction\",\"name\":\"Comment\",\"target\":[\"https:\\\/\\\/kibrisdakik.com\\\/?p=89104#respond\"]}]},{\"@type\":\"WebPage\",\"@id\":\"https:\\\/\\\/kibrisdakik.com\\\/?p=89104\",\"url\":\"https:\\\/\\\/kibrisdakik.com\\\/?p=89104\",\"name\":\"ALTIN ZEYT\u0130N M\u0130ZAH H\u0130ZMET \u00d6D\u00dcLLER\u0130 BEL\u0130RLEND\u0130 -\",\"isPartOf\":{\"@id\":\"https:\\\/\\\/kibrisdakik.com\\\/#website\"},\"primaryImageOfPage\":{\"@id\":\"https:\\\/\\\/kibrisdakik.com\\\/?p=89104#primaryimage\"},\"image\":{\"@id\":\"https:\\\/\\\/kibrisdakik.com\\\/?p=89104#primaryimage\"},\"thumbnailUrl\":\"https:\\\/\\\/kibrisdakik.com\\\/wp-content\\\/uploads\\\/2025\\\/08\\\/779-740x420.png\",\"datePublished\":\"2025-08-19T11:24:06+00:00\",\"author\":{\"@id\":\"https:\\\/\\\/kibrisdakik.com\\\/#\\\/schema\\\/person\\\/9cd9d437bbb44f72b73ba127e06d8e79\"},\"breadcrumb\":{\"@id\":\"https:\\\/\\\/kibrisdakik.com\\\/?p=89104#breadcrumb\"},\"inLanguage\":\"tr\",\"potentialAction\":[{\"@type\":\"ReadAction\",\"target\":[\"https:\\\/\\\/kibrisdakik.com\\\/?p=89104\"]}]},{\"@type\":\"ImageObject\",\"inLanguage\":\"tr\",\"@id\":\"https:\\\/\\\/kibrisdakik.com\\\/?p=89104#primaryimage\",\"url\":\"https:\\\/\\\/kibrisdakik.com\\\/wp-content\\\/uploads\\\/2025\\\/08\\\/779-740x420.png\",\"contentUrl\":\"https:\\\/\\\/kibrisdakik.com\\\/wp-content\\\/uploads\\\/2025\\\/08\\\/779-740x420.png\",\"width\":1280,\"height\":720},{\"@type\":\"BreadcrumbList\",\"@id\":\"https:\\\/\\\/kibrisdakik.com\\\/?p=89104#breadcrumb\",\"itemListElement\":[{\"@type\":\"ListItem\",\"position\":1,\"name\":\"Home\",\"item\":\"https:\\\/\\\/kibrisdakik.com\\\/\"},{\"@type\":\"ListItem\",\"position\":2,\"name\":\"ALTIN ZEYT\u0130N M\u0130ZAH H\u0130ZMET \u00d6D\u00dcLLER\u0130 BEL\u0130RLEND\u0130\"}]},{\"@type\":\"WebSite\",\"@id\":\"https:\\\/\\\/kibrisdakik.com\\\/#website\",\"url\":\"https:\\\/\\\/kibrisdakik.com\\\/\",\"name\":\"\",\"description\":\"Tam vaktinde haber\",\"potentialAction\":[{\"@type\":\"SearchAction\",\"target\":{\"@type\":\"EntryPoint\",\"urlTemplate\":\"https:\\\/\\\/kibrisdakik.com\\\/?s={search_term_string}\"},\"query-input\":{\"@type\":\"PropertyValueSpecification\",\"valueRequired\":true,\"valueName\":\"search_term_string\"}}],\"inLanguage\":\"tr\"},{\"@type\":\"Person\",\"@id\":\"https:\\\/\\\/kibrisdakik.com\\\/#\\\/schema\\\/person\\\/9cd9d437bbb44f72b73ba127e06d8e79\",\"name\":\"admin\",\"image\":{\"@type\":\"ImageObject\",\"inLanguage\":\"tr\",\"@id\":\"https:\\\/\\\/secure.gravatar.com\\\/avatar\\\/ccc17943b9d660506c869530f897617f7cb1c21a4bf30023f252596d83e1f007?s=96&d=mm&r=g\",\"url\":\"https:\\\/\\\/secure.gravatar.com\\\/avatar\\\/ccc17943b9d660506c869530f897617f7cb1c21a4bf30023f252596d83e1f007?s=96&d=mm&r=g\",\"contentUrl\":\"https:\\\/\\\/secure.gravatar.com\\\/avatar\\\/ccc17943b9d660506c869530f897617f7cb1c21a4bf30023f252596d83e1f007?s=96&d=mm&r=g\",\"caption\":\"admin\"},\"sameAs\":[\"https:\\\/\\\/kibrisdakik.com\"],\"url\":\"https:\\\/\\\/kibrisdakik.com\\\/?author=1\"}]}<\/script>\n<!-- \/ Yoast SEO plugin. -->","yoast_head_json":{"title":"ALTIN ZEYT\u0130N M\u0130ZAH H\u0130ZMET \u00d6D\u00dcLLER\u0130 BEL\u0130RLEND\u0130 -","robots":{"index":"index","follow":"follow","max-snippet":"max-snippet:-1","max-image-preview":"max-image-preview:large","max-video-preview":"max-video-preview:-1"},"canonical":"https:\/\/kibrisdakik.com\/?p=89104","og_locale":"tr_TR","og_type":"article","og_title":"ALTIN ZEYT\u0130N M\u0130ZAH H\u0130ZMET \u00d6D\u00dcLLER\u0130 BEL\u0130RLEND\u0130 -","og_description":"K\u0131br\u0131s T\u00fcrk mizah k\u00fclt\u00fcr\u00fcne katk\u0131 sa\u011flayan ki\u015filere verilen geleneksel \u2018Alt\u0131n Zeytin Mizah Hizmet \u00d6d\u00fclleri\u2019nin bu y\u0131lki sahipleri belirlendi. \u00d6d\u00fcl alacak ki\u015filer, 24. Uluslararas\u0131 Zeytin Festivali Zeytin Mizah \u015eenli\u011fi D\u00fczenleme Komitesi \u00fcyeleri taraf\u0131ndan se\u00e7ildi. Girne Belediyesi\u2019nden yap\u0131lan a\u00e7\u0131klamaya g\u00f6re, Murat \u015eenkul (Onursal Ba\u015fkan), M. Serhan Gazio\u011flu, Musa Kayra, Zafer Tutkulu, Aysun \u00c7elik, Misli Kad\u0131o\u011flu ve H\u00fcseyin","og_url":"https:\/\/kibrisdakik.com\/?p=89104","article_published_time":"2025-08-19T11:24:06+00:00","og_image":[{"width":1280,"height":720,"url":"https:\/\/kibrisdakik.com\/wp-content\/uploads\/2025\/08\/779-740x420.png","type":"image\/png"}],"author":"admin","twitter_card":"summary_large_image","twitter_misc":{"Yazan:":"admin","Tahmini okuma s\u00fcresi":"2 dakika"},"schema":{"@context":"https:\/\/schema.org","@graph":[{"@type":"Article","@id":"https:\/\/kibrisdakik.com\/?p=89104#article","isPartOf":{"@id":"https:\/\/kibrisdakik.com\/?p=89104"},"author":{"name":"admin","@id":"https:\/\/kibrisdakik.com\/#\/schema\/person\/9cd9d437bbb44f72b73ba127e06d8e79"},"headline":"ALTIN ZEYT\u0130N M\u0130ZAH H\u0130ZMET \u00d6D\u00dcLLER\u0130 BEL\u0130RLEND\u0130","datePublished":"2025-08-19T11:24:06+00:00","mainEntityOfPage":{"@id":"https:\/\/kibrisdakik.com\/?p=89104"},"wordCount":327,"commentCount":0,"image":{"@id":"https:\/\/kibrisdakik.com\/?p=89104#primaryimage"},"thumbnailUrl":"https:\/\/kibrisdakik.com\/wp-content\/uploads\/2025\/08\/779-740x420.png","articleSection":["K\u0131br\u0131s","Man\u015fet"],"inLanguage":"tr","potentialAction":[{"@type":"CommentAction","name":"Comment","target":["https:\/\/kibrisdakik.com\/?p=89104#respond"]}]},{"@type":"WebPage","@id":"https:\/\/kibrisdakik.com\/?p=89104","url":"https:\/\/kibrisdakik.com\/?p=89104","name":"ALTIN ZEYT\u0130N M\u0130ZAH H\u0130ZMET \u00d6D\u00dcLLER\u0130 BEL\u0130RLEND\u0130 -","isPartOf":{"@id":"https:\/\/kibrisdakik.com\/#website"},"primaryImageOfPage":{"@id":"https:\/\/kibrisdakik.com\/?p=89104#primaryimage"},"image":{"@id":"https:\/\/kibrisdakik.com\/?p=89104#primaryimage"},"thumbnailUrl":"https:\/\/kibrisdakik.com\/wp-content\/uploads\/2025\/08\/779-740x420.png","datePublished":"2025-08-19T11:24:06+00:00","author":{"@id":"https:\/\/kibrisdakik.com\/#\/schema\/person\/9cd9d437bbb44f72b73ba127e06d8e79"},"breadcrumb":{"@id":"https:\/\/kibrisdakik.com\/?p=89104#breadcrumb"},"inLanguage":"tr","potentialAction":[{"@type":"ReadAction","target":["https:\/\/kibrisdakik.com\/?p=89104"]}]},{"@type":"ImageObject","inLanguage":"tr","@id":"https:\/\/kibrisdakik.com\/?p=89104#primaryimage","url":"https:\/\/kibrisdakik.com\/wp-content\/uploads\/2025\/08\/779-740x420.png","contentUrl":"https:\/\/kibrisdakik.com\/wp-content\/uploads\/2025\/08\/779-740x420.png","width":1280,"height":720},{"@type":"BreadcrumbList","@id":"https:\/\/kibrisdakik.com\/?p=89104#breadcrumb","itemListElement":[{"@type":"ListItem","position":1,"name":"Home","item":"https:\/\/kibrisdakik.com\/"},{"@type":"ListItem","position":2,"name":"ALTIN ZEYT\u0130N M\u0130ZAH H\u0130ZMET \u00d6D\u00dcLLER\u0130 BEL\u0130RLEND\u0130"}]},{"@type":"WebSite","@id":"https:\/\/kibrisdakik.com\/#website","url":"https:\/\/kibrisdakik.com\/","name":"","description":"Tam vaktinde haber","potentialAction":[{"@type":"SearchAction","target":{"@type":"EntryPoint","urlTemplate":"https:\/\/kibrisdakik.com\/?s={search_term_string}"},"query-input":{"@type":"PropertyValueSpecification","valueRequired":true,"valueName":"search_term_string"}}],"inLanguage":"tr"},{"@type":"Person","@id":"https:\/\/kibrisdakik.com\/#\/schema\/person\/9cd9d437bbb44f72b73ba127e06d8e79","name":"admin","image":{"@type":"ImageObject","inLanguage":"tr","@id":"https:\/\/secure.gravatar.com\/avatar\/ccc17943b9d660506c869530f897617f7cb1c21a4bf30023f252596d83e1f007?s=96&d=mm&r=g","url":"https:\/\/secure.gravatar.com\/avatar\/ccc17943b9d660506c869530f897617f7cb1c21a4bf30023f252596d83e1f007?s=96&d=mm&r=g","contentUrl":"https:\/\/secure.gravatar.com\/avatar\/ccc17943b9d660506c869530f897617f7cb1c21a4bf30023f252596d83e1f007?s=96&d=mm&r=g","caption":"admin"},"sameAs":["https:\/\/kibrisdakik.com"],"url":"https:\/\/kibrisdakik.com\/?author=1"}]}},"_links":{"self":[{"href":"https:\/\/kibrisdakik.com\/index.php?rest_route=\/wp\/v2\/posts\/89104","targetHints":{"allow":["GET"]}}],"collection":[{"href":"https:\/\/kibrisdakik.com\/index.php?rest_route=\/wp\/v2\/posts"}],"about":[{"href":"https:\/\/kibrisdakik.com\/index.php?rest_route=\/wp\/v2\/types\/post"}],"author":[{"embeddable":true,"href":"https:\/\/kibrisdakik.com\/index.php?rest_route=\/wp\/v2\/users\/1"}],"replies":[{"embeddable":true,"href":"https:\/\/kibrisdakik.com\/index.php?rest_route=%2Fwp%2Fv2%2Fcomments&post=89104"}],"version-history":[{"count":0,"href":"https:\/\/kibrisdakik.com\/index.php?rest_route=\/wp\/v2\/posts\/89104\/revisions"}],"wp:featuredmedia":[{"embeddable":true,"href":"https:\/\/kibrisdakik.com\/index.php?rest_route=\/wp\/v2\/media\/89105"}],"wp:attachment":[{"href":"https:\/\/kibrisdakik.com\/index.php?rest_route=%2Fwp%2Fv2%2Fmedia&parent=89104"}],"wp:term":[{"taxonomy":"category","embeddable":true,"href":"https:\/\/kibrisdakik.com\/index.php?rest_route=%2Fwp%2Fv2%2Fcategories&post=89104"},{"taxonomy":"post_tag","embeddable":true,"href":"https:\/\/kibrisdakik.com\/index.php?rest_route=%2Fwp%2Fv2%2Ftags&post=89104"}],"curies":[{"name":"wp","href":"https:\/\/api.w.org\/{rel}","templated":true}]}}