{"id":89112,"date":"2025-08-19T14:46:14","date_gmt":"2025-08-19T11:46:14","guid":{"rendered":"https:\/\/kibrisdakik.com\/index.php\/2025\/08\/19\/ktto-yerli-uretim-ithalata-konulan-fonlarla-desteklenemez\/"},"modified":"2025-08-19T14:46:14","modified_gmt":"2025-08-19T11:46:14","slug":"ktto-yerli-uretim-ithalata-konulan-fonlarla-desteklenemez","status":"publish","type":"post","link":"https:\/\/kibrisdakik.com\/?p=89112","title":{"rendered":"KTTO: YERL\u0130 \u00dcRET\u0130M, \u0130THALATA KONULAN FONLARLA DESTEKLENEMEZ"},"content":{"rendered":"<p> <br \/>\n<br \/><\/p>\n<div data-text-id=\"182830\" property=\"articleBody\">\n<p>K\u0131br\u0131s T\u00fcrk Ticaret Odas\u0131 (KTTO), yerli \u00fcretimin ithalata konulan fonlarla desteklenemeyece\u011fini belirterek, g\u0131da ve temizlik \u00fcr\u00fcnlerindeki fonlar ba\u015fta olmak \u00fczere t\u00fcm fonlar\u0131n kald\u0131r\u0131lmas\u0131n\u0131 istedi.<\/p>\n<p>KTTO, ithalatta fon uygulamalar\u0131na ili\u015fkin yaz\u0131l\u0131 a\u00e7\u0131klama yapt\u0131.<\/p>\n<p>Yerli \u00fcretim tesislerinin desteklenmesinin K\u0131br\u0131s T\u00fcrk ekonomisinin g\u00fc\u00e7lenmesine, ekonomik faaliyetlerin katma de\u011ferinin artmas\u0131na neden olaca\u011f\u0131 belirtilen a\u00e7\u0131klamada, KTTO\u2019nun yerli \u00fcretimin desteklenmesinin ba\u015fl\u0131ca savunucular\u0131ndan biri oldu\u011fu vurguland\u0131.<\/p>\n<p>\u201cYerli \u00fcretim, ithalata konulan fonlarla b\u00fct\u00e7eye gelir sa\u011flayarak ve piyasa pahal\u0131 hale getirilerek desteklenemez.\u201d denilen a\u00e7\u0131klamada; yerli \u00fcretimin vergi uygulamalar\u0131, uygun fiyatl\u0131 enerji temini, kredi sistemleri ve yat\u0131r\u0131m indirimleri gibi ara\u00e7larla desteklenmesi ve yerli \u00fcr\u00fcnlerin kaliteli, daha uygun fiyatl\u0131 olarak piyasada yer almas\u0131n\u0131n sa\u011flanmas\u0131 gerekti\u011fi kaydedildi.<\/p>\n<p>A\u00e7\u0131klamada, \u201cHalk\u0131m\u0131z\u0131n en \u00f6nemli sorunu haline gelmi\u015f olan pahal\u0131l\u0131kla, birlikte m\u00fccadele etmemiz ve piyasam\u0131z\u0131 ucuzlatmaya y\u00f6nelmemiz gerekmektedir. Temel t\u00fcketim maddeleri olan g\u0131da ve temizlik \u00fcr\u00fcnlerindeki fonlar ba\u015fta olmak \u00fczere t\u00fcm fonlar kald\u0131r\u0131lmal\u0131d\u0131r. H\u00fck\u00fcmet, \u2018yerli \u00fcretimi destekleme\u2019 kisvesi alt\u0131nda pahal\u0131l\u0131k yaratmaktan vazge\u00e7melidir.\u201d ifadelerine yer verildi.<\/p>\n<\/p><\/div>\n<p><br \/>\n<br \/><a href=\"[kibrisdakik.com]\n<\/p>\n","protected":false},"excerpt":{"rendered":"<p>K\u0131br\u0131s T\u00fcrk Ticaret Odas\u0131 (KTTO), yerli \u00fcretimin ithalata konulan fonlarla desteklenemeyece\u011fini belirterek, g\u0131da ve temizlik \u00fcr\u00fcnlerindeki fonlar ba\u015fta olmak \u00fczere t\u00fcm fonlar\u0131n kald\u0131r\u0131lmas\u0131n\u0131 istedi. KTTO, ithalatta fon uygulamalar\u0131na ili\u015fkin yaz\u0131l\u0131 a\u00e7\u0131klama yapt\u0131. Yerli \u00fcretim tesislerinin desteklenmesinin K\u0131br\u0131s T\u00fcrk ekonomisinin g\u00fc\u00e7lenmesine, ekonomik faaliyetlerin katma de\u011ferinin artmas\u0131na neden olaca\u011f\u0131 belirtilen a\u00e7\u0131klamada, KTTO\u2019nun yerli \u00fcretimin desteklenmesinin ba\u015fl\u0131ca savunucular\u0131ndan<\/p>\n","protected":false},"author":1,"featured_media":89113,"comment_status":"open","ping_status":"open","sticky":false,"template":"","format":"standard","meta":{"footnotes":""},"categories":[81,101],"tags":[],"class_list":["post-89112","post","type-post","status-publish","format-standard","has-post-thumbnail","hentry","category-kibris","category-manset"],"yoast_head":"<!-- This site is optimized with the Yoast SEO plugin v27.5 - https:\/\/yoast.com\/product\/yoast-seo-wordpress\/ -->\n<title>KTTO: YERL\u0130 \u00dcRET\u0130M, \u0130THALATA KONULAN FONLARLA DESTEKLENEMEZ -<\/title>\n<meta name=\"robots\" content=\"index, follow, max-snippet:-1, max-image-preview:large, max-video-preview:-1\" \/>\n<link rel=\"canonical\" href=\"https:\/\/kibrisdakik.com\/?p=89112\" \/>\n<meta property=\"og:locale\" content=\"tr_TR\" \/>\n<meta property=\"og:type\" content=\"article\" \/>\n<meta property=\"og:title\" content=\"KTTO: YERL\u0130 \u00dcRET\u0130M, \u0130THALATA KONULAN FONLARLA DESTEKLENEMEZ -\" \/>\n<meta property=\"og:description\" content=\"K\u0131br\u0131s T\u00fcrk Ticaret Odas\u0131 (KTTO), yerli \u00fcretimin ithalata konulan fonlarla desteklenemeyece\u011fini belirterek, g\u0131da ve temizlik \u00fcr\u00fcnlerindeki fonlar ba\u015fta olmak \u00fczere t\u00fcm fonlar\u0131n kald\u0131r\u0131lmas\u0131n\u0131 istedi. KTTO, ithalatta fon uygulamalar\u0131na ili\u015fkin yaz\u0131l\u0131 a\u00e7\u0131klama yapt\u0131. Yerli \u00fcretim tesislerinin desteklenmesinin K\u0131br\u0131s T\u00fcrk ekonomisinin g\u00fc\u00e7lenmesine, ekonomik faaliyetlerin katma de\u011ferinin artmas\u0131na neden olaca\u011f\u0131 belirtilen a\u00e7\u0131klamada, KTTO\u2019nun yerli \u00fcretimin desteklenmesinin ba\u015fl\u0131ca savunucular\u0131ndan\" \/>\n<meta property=\"og:url\" content=\"https:\/\/kibrisdakik.com\/?p=89112\" \/>\n<meta property=\"article:published_time\" content=\"2025-08-19T11:46:14+00:00\" \/>\n<meta property=\"og:image\" content=\"https:\/\/kibrisdakik.com\/wp-content\/uploads\/2025\/08\/mha-300-740x420.png\" \/>\n\t<meta property=\"og:image:width\" content=\"1280\" \/>\n\t<meta property=\"og:image:height\" content=\"720\" \/>\n\t<meta property=\"og:image:type\" content=\"image\/png\" \/>\n<meta name=\"author\" content=\"admin\" \/>\n<meta name=\"twitter:card\" content=\"summary_large_image\" \/>\n<meta name=\"twitter:label1\" content=\"Yazan:\" \/>\n\t<meta name=\"twitter:data1\" content=\"admin\" \/>\n\t<meta name=\"twitter:label2\" content=\"Tahmini okuma s\u00fcresi\" \/>\n\t<meta name=\"twitter:data2\" content=\"1 dakika\" \/>\n<script type=\"application\/ld+json\" class=\"yoast-schema-graph\">{\"@context\":\"https:\\\/\\\/schema.org\",\"@graph\":[{\"@type\":\"Article\",\"@id\":\"https:\\\/\\\/kibrisdakik.com\\\/?p=89112#article\",\"isPartOf\":{\"@id\":\"https:\\\/\\\/kibrisdakik.com\\\/?p=89112\"},\"author\":{\"name\":\"admin\",\"@id\":\"https:\\\/\\\/kibrisdakik.com\\\/#\\\/schema\\\/person\\\/9cd9d437bbb44f72b73ba127e06d8e79\"},\"headline\":\"KTTO: YERL\u0130 \u00dcRET\u0130M, \u0130THALATA KONULAN FONLARLA DESTEKLENEMEZ\",\"datePublished\":\"2025-08-19T11:46:14+00:00\",\"mainEntityOfPage\":{\"@id\":\"https:\\\/\\\/kibrisdakik.com\\\/?p=89112\"},\"wordCount\":222,\"commentCount\":0,\"image\":{\"@id\":\"https:\\\/\\\/kibrisdakik.com\\\/?p=89112#primaryimage\"},\"thumbnailUrl\":\"https:\\\/\\\/kibrisdakik.com\\\/wp-content\\\/uploads\\\/2025\\\/08\\\/mha-300-740x420.png\",\"articleSection\":[\"K\u0131br\u0131s\",\"Man\u015fet\"],\"inLanguage\":\"tr\",\"potentialAction\":[{\"@type\":\"CommentAction\",\"name\":\"Comment\",\"target\":[\"https:\\\/\\\/kibrisdakik.com\\\/?p=89112#respond\"]}]},{\"@type\":\"WebPage\",\"@id\":\"https:\\\/\\\/kibrisdakik.com\\\/?p=89112\",\"url\":\"https:\\\/\\\/kibrisdakik.com\\\/?p=89112\",\"name\":\"KTTO: YERL\u0130 \u00dcRET\u0130M, \u0130THALATA KONULAN FONLARLA DESTEKLENEMEZ -\",\"isPartOf\":{\"@id\":\"https:\\\/\\\/kibrisdakik.com\\\/#website\"},\"primaryImageOfPage\":{\"@id\":\"https:\\\/\\\/kibrisdakik.com\\\/?p=89112#primaryimage\"},\"image\":{\"@id\":\"https:\\\/\\\/kibrisdakik.com\\\/?p=89112#primaryimage\"},\"thumbnailUrl\":\"https:\\\/\\\/kibrisdakik.com\\\/wp-content\\\/uploads\\\/2025\\\/08\\\/mha-300-740x420.png\",\"datePublished\":\"2025-08-19T11:46:14+00:00\",\"author\":{\"@id\":\"https:\\\/\\\/kibrisdakik.com\\\/#\\\/schema\\\/person\\\/9cd9d437bbb44f72b73ba127e06d8e79\"},\"breadcrumb\":{\"@id\":\"https:\\\/\\\/kibrisdakik.com\\\/?p=89112#breadcrumb\"},\"inLanguage\":\"tr\",\"potentialAction\":[{\"@type\":\"ReadAction\",\"target\":[\"https:\\\/\\\/kibrisdakik.com\\\/?p=89112\"]}]},{\"@type\":\"ImageObject\",\"inLanguage\":\"tr\",\"@id\":\"https:\\\/\\\/kibrisdakik.com\\\/?p=89112#primaryimage\",\"url\":\"https:\\\/\\\/kibrisdakik.com\\\/wp-content\\\/uploads\\\/2025\\\/08\\\/mha-300-740x420.png\",\"contentUrl\":\"https:\\\/\\\/kibrisdakik.com\\\/wp-content\\\/uploads\\\/2025\\\/08\\\/mha-300-740x420.png\",\"width\":1280,\"height\":720},{\"@type\":\"BreadcrumbList\",\"@id\":\"https:\\\/\\\/kibrisdakik.com\\\/?p=89112#breadcrumb\",\"itemListElement\":[{\"@type\":\"ListItem\",\"position\":1,\"name\":\"Home\",\"item\":\"https:\\\/\\\/kibrisdakik.com\\\/\"},{\"@type\":\"ListItem\",\"position\":2,\"name\":\"KTTO: YERL\u0130 \u00dcRET\u0130M, \u0130THALATA KONULAN FONLARLA DESTEKLENEMEZ\"}]},{\"@type\":\"WebSite\",\"@id\":\"https:\\\/\\\/kibrisdakik.com\\\/#website\",\"url\":\"https:\\\/\\\/kibrisdakik.com\\\/\",\"name\":\"\",\"description\":\"Tam vaktinde haber\",\"potentialAction\":[{\"@type\":\"SearchAction\",\"target\":{\"@type\":\"EntryPoint\",\"urlTemplate\":\"https:\\\/\\\/kibrisdakik.com\\\/?s={search_term_string}\"},\"query-input\":{\"@type\":\"PropertyValueSpecification\",\"valueRequired\":true,\"valueName\":\"search_term_string\"}}],\"inLanguage\":\"tr\"},{\"@type\":\"Person\",\"@id\":\"https:\\\/\\\/kibrisdakik.com\\\/#\\\/schema\\\/person\\\/9cd9d437bbb44f72b73ba127e06d8e79\",\"name\":\"admin\",\"image\":{\"@type\":\"ImageObject\",\"inLanguage\":\"tr\",\"@id\":\"https:\\\/\\\/secure.gravatar.com\\\/avatar\\\/ccc17943b9d660506c869530f897617f7cb1c21a4bf30023f252596d83e1f007?s=96&d=mm&r=g\",\"url\":\"https:\\\/\\\/secure.gravatar.com\\\/avatar\\\/ccc17943b9d660506c869530f897617f7cb1c21a4bf30023f252596d83e1f007?s=96&d=mm&r=g\",\"contentUrl\":\"https:\\\/\\\/secure.gravatar.com\\\/avatar\\\/ccc17943b9d660506c869530f897617f7cb1c21a4bf30023f252596d83e1f007?s=96&d=mm&r=g\",\"caption\":\"admin\"},\"sameAs\":[\"https:\\\/\\\/kibrisdakik.com\"],\"url\":\"https:\\\/\\\/kibrisdakik.com\\\/?author=1\"}]}<\/script>\n<!-- \/ Yoast SEO plugin. -->","yoast_head_json":{"title":"KTTO: YERL\u0130 \u00dcRET\u0130M, \u0130THALATA KONULAN FONLARLA DESTEKLENEMEZ -","robots":{"index":"index","follow":"follow","max-snippet":"max-snippet:-1","max-image-preview":"max-image-preview:large","max-video-preview":"max-video-preview:-1"},"canonical":"https:\/\/kibrisdakik.com\/?p=89112","og_locale":"tr_TR","og_type":"article","og_title":"KTTO: YERL\u0130 \u00dcRET\u0130M, \u0130THALATA KONULAN FONLARLA DESTEKLENEMEZ -","og_description":"K\u0131br\u0131s T\u00fcrk Ticaret Odas\u0131 (KTTO), yerli \u00fcretimin ithalata konulan fonlarla desteklenemeyece\u011fini belirterek, g\u0131da ve temizlik \u00fcr\u00fcnlerindeki fonlar ba\u015fta olmak \u00fczere t\u00fcm fonlar\u0131n kald\u0131r\u0131lmas\u0131n\u0131 istedi. KTTO, ithalatta fon uygulamalar\u0131na ili\u015fkin yaz\u0131l\u0131 a\u00e7\u0131klama yapt\u0131. Yerli \u00fcretim tesislerinin desteklenmesinin K\u0131br\u0131s T\u00fcrk ekonomisinin g\u00fc\u00e7lenmesine, ekonomik faaliyetlerin katma de\u011ferinin artmas\u0131na neden olaca\u011f\u0131 belirtilen a\u00e7\u0131klamada, KTTO\u2019nun yerli \u00fcretimin desteklenmesinin ba\u015fl\u0131ca savunucular\u0131ndan","og_url":"https:\/\/kibrisdakik.com\/?p=89112","article_published_time":"2025-08-19T11:46:14+00:00","og_image":[{"width":1280,"height":720,"url":"https:\/\/kibrisdakik.com\/wp-content\/uploads\/2025\/08\/mha-300-740x420.png","type":"image\/png"}],"author":"admin","twitter_card":"summary_large_image","twitter_misc":{"Yazan:":"admin","Tahmini okuma s\u00fcresi":"1 dakika"},"schema":{"@context":"https:\/\/schema.org","@graph":[{"@type":"Article","@id":"https:\/\/kibrisdakik.com\/?p=89112#article","isPartOf":{"@id":"https:\/\/kibrisdakik.com\/?p=89112"},"author":{"name":"admin","@id":"https:\/\/kibrisdakik.com\/#\/schema\/person\/9cd9d437bbb44f72b73ba127e06d8e79"},"headline":"KTTO: YERL\u0130 \u00dcRET\u0130M, \u0130THALATA KONULAN FONLARLA DESTEKLENEMEZ","datePublished":"2025-08-19T11:46:14+00:00","mainEntityOfPage":{"@id":"https:\/\/kibrisdakik.com\/?p=89112"},"wordCount":222,"commentCount":0,"image":{"@id":"https:\/\/kibrisdakik.com\/?p=89112#primaryimage"},"thumbnailUrl":"https:\/\/kibrisdakik.com\/wp-content\/uploads\/2025\/08\/mha-300-740x420.png","articleSection":["K\u0131br\u0131s","Man\u015fet"],"inLanguage":"tr","potentialAction":[{"@type":"CommentAction","name":"Comment","target":["https:\/\/kibrisdakik.com\/?p=89112#respond"]}]},{"@type":"WebPage","@id":"https:\/\/kibrisdakik.com\/?p=89112","url":"https:\/\/kibrisdakik.com\/?p=89112","name":"KTTO: YERL\u0130 \u00dcRET\u0130M, \u0130THALATA KONULAN FONLARLA DESTEKLENEMEZ -","isPartOf":{"@id":"https:\/\/kibrisdakik.com\/#website"},"primaryImageOfPage":{"@id":"https:\/\/kibrisdakik.com\/?p=89112#primaryimage"},"image":{"@id":"https:\/\/kibrisdakik.com\/?p=89112#primaryimage"},"thumbnailUrl":"https:\/\/kibrisdakik.com\/wp-content\/uploads\/2025\/08\/mha-300-740x420.png","datePublished":"2025-08-19T11:46:14+00:00","author":{"@id":"https:\/\/kibrisdakik.com\/#\/schema\/person\/9cd9d437bbb44f72b73ba127e06d8e79"},"breadcrumb":{"@id":"https:\/\/kibrisdakik.com\/?p=89112#breadcrumb"},"inLanguage":"tr","potentialAction":[{"@type":"ReadAction","target":["https:\/\/kibrisdakik.com\/?p=89112"]}]},{"@type":"ImageObject","inLanguage":"tr","@id":"https:\/\/kibrisdakik.com\/?p=89112#primaryimage","url":"https:\/\/kibrisdakik.com\/wp-content\/uploads\/2025\/08\/mha-300-740x420.png","contentUrl":"https:\/\/kibrisdakik.com\/wp-content\/uploads\/2025\/08\/mha-300-740x420.png","width":1280,"height":720},{"@type":"BreadcrumbList","@id":"https:\/\/kibrisdakik.com\/?p=89112#breadcrumb","itemListElement":[{"@type":"ListItem","position":1,"name":"Home","item":"https:\/\/kibrisdakik.com\/"},{"@type":"ListItem","position":2,"name":"KTTO: YERL\u0130 \u00dcRET\u0130M, \u0130THALATA KONULAN FONLARLA DESTEKLENEMEZ"}]},{"@type":"WebSite","@id":"https:\/\/kibrisdakik.com\/#website","url":"https:\/\/kibrisdakik.com\/","name":"","description":"Tam vaktinde haber","potentialAction":[{"@type":"SearchAction","target":{"@type":"EntryPoint","urlTemplate":"https:\/\/kibrisdakik.com\/?s={search_term_string}"},"query-input":{"@type":"PropertyValueSpecification","valueRequired":true,"valueName":"search_term_string"}}],"inLanguage":"tr"},{"@type":"Person","@id":"https:\/\/kibrisdakik.com\/#\/schema\/person\/9cd9d437bbb44f72b73ba127e06d8e79","name":"admin","image":{"@type":"ImageObject","inLanguage":"tr","@id":"https:\/\/secure.gravatar.com\/avatar\/ccc17943b9d660506c869530f897617f7cb1c21a4bf30023f252596d83e1f007?s=96&d=mm&r=g","url":"https:\/\/secure.gravatar.com\/avatar\/ccc17943b9d660506c869530f897617f7cb1c21a4bf30023f252596d83e1f007?s=96&d=mm&r=g","contentUrl":"https:\/\/secure.gravatar.com\/avatar\/ccc17943b9d660506c869530f897617f7cb1c21a4bf30023f252596d83e1f007?s=96&d=mm&r=g","caption":"admin"},"sameAs":["https:\/\/kibrisdakik.com"],"url":"https:\/\/kibrisdakik.com\/?author=1"}]}},"_links":{"self":[{"href":"https:\/\/kibrisdakik.com\/index.php?rest_route=\/wp\/v2\/posts\/89112","targetHints":{"allow":["GET"]}}],"collection":[{"href":"https:\/\/kibrisdakik.com\/index.php?rest_route=\/wp\/v2\/posts"}],"about":[{"href":"https:\/\/kibrisdakik.com\/index.php?rest_route=\/wp\/v2\/types\/post"}],"author":[{"embeddable":true,"href":"https:\/\/kibrisdakik.com\/index.php?rest_route=\/wp\/v2\/users\/1"}],"replies":[{"embeddable":true,"href":"https:\/\/kibrisdakik.com\/index.php?rest_route=%2Fwp%2Fv2%2Fcomments&post=89112"}],"version-history":[{"count":0,"href":"https:\/\/kibrisdakik.com\/index.php?rest_route=\/wp\/v2\/posts\/89112\/revisions"}],"wp:featuredmedia":[{"embeddable":true,"href":"https:\/\/kibrisdakik.com\/index.php?rest_route=\/wp\/v2\/media\/89113"}],"wp:attachment":[{"href":"https:\/\/kibrisdakik.com\/index.php?rest_route=%2Fwp%2Fv2%2Fmedia&parent=89112"}],"wp:term":[{"taxonomy":"category","embeddable":true,"href":"https:\/\/kibrisdakik.com\/index.php?rest_route=%2Fwp%2Fv2%2Fcategories&post=89112"},{"taxonomy":"post_tag","embeddable":true,"href":"https:\/\/kibrisdakik.com\/index.php?rest_route=%2Fwp%2Fv2%2Ftags&post=89112"}],"curies":[{"name":"wp","href":"https:\/\/api.w.org\/{rel}","templated":true}]}}