{"id":89310,"date":"2025-08-20T10:17:01","date_gmt":"2025-08-20T07:17:01","guid":{"rendered":"https:\/\/kibrisdakik.com\/index.php\/2025\/08\/20\/maliyeden-sahte-belgeye-siki-takip-1-ekimde-sert-onlemler-basliyor\/"},"modified":"2025-08-20T10:17:01","modified_gmt":"2025-08-20T07:17:01","slug":"maliyeden-sahte-belgeye-siki-takip-1-ekimde-sert-onlemler-basliyor","status":"publish","type":"post","link":"https:\/\/kibrisdakik.com\/?p=89310","title":{"rendered":"Maliye\u2019den sahte belgeye s\u0131k\u0131 takip: 1 Ekim&#8217;de sert \u00f6nlemler ba\u015fl\u0131yor"},"content":{"rendered":"<p><\/p>\n<div>\n<p>&#13;<br \/>\n\tVergi Denetim Kurulu (VDK) Ba\u015fkanl\u0131\u011f\u0131, mali belgelerde sahtecilik fiillerine y\u00f6nelik yeni bir \u00e7al\u0131\u015fma ba\u015flatt\u0131.<\/p>\n<p>&#13;<br \/>\n\tBa\u015fkanl\u0131k, sahtecilik fiillerine ili\u015fkin 1 Ekim itibar\u0131yla daha sert tedbir ve politikalar\u0131 uygulamaya alacak.<\/p>\n<p>&#13;<br \/>\n\tBu kapsamda, m\u00fckelleflerin, &#8220;sahte belgeyi bilmeden kulland\u0131\u011f\u0131na&#8221; y\u00f6nelik vergisel de\u011ferlendirmelere son verilerek, belgenin &#8220;bilerek&#8221; kullan\u0131ld\u0131\u011f\u0131n\u0131 esas alan bir yakla\u015f\u0131ma ge\u00e7ilecek. B\u00f6ylece, sahte belge kullanan m\u00fckelleflerin \u00f6nemli b\u00f6l\u00fcm\u00fc hakk\u0131nda art\u0131k &#8220;vergi ka\u00e7ak\u00e7\u0131l\u0131\u011f\u0131&#8221; kapsam\u0131nda i\u015flem tesis edilecek ve \u00fc\u00e7 kat vergi ziya\u0131 cezas\u0131 uygulanacak.<\/p>\n<h2>&#13;<br \/>\n\tM\u00fckelleften teminat istenecek<\/h2>\n<p>&#13;<br \/>\n\tSahte belge kullanan m\u00fckelleflerden, kamu alaca\u011f\u0131n\u0131 g\u00fcvenceye almak i\u00e7in teminat istenecek. Ge\u00e7mi\u015fi nedeniyle sahte belge kullanma y\u00f6n\u00fcnden riskli bulunanlar ba\u015fta olmak \u00fczere belirli kriterleri ta\u015f\u0131yan m\u00fckellefler i\u00e7in tedbir al\u0131nacak. Teminat g\u00f6steremeyen m\u00fckellefler i\u00e7in ihtiyati haciz uygulamas\u0131 da g\u00fcndeme gelecek.<\/p>\n<p>&#13;<br \/>\n\tVDK&#8217;nin Risk Analiz Merkezi&#8217;nde kullan\u0131lan Kurulu\u015f G\u00f6zetimli Analiz (KURGAN) Sistemi de mal ya da hizmet al\u0131m-sat\u0131m i\u015flemlerinin ger\u00e7ek olup olmad\u0131\u011f\u0131n\u0131 risk skorlamas\u0131na ba\u011fl\u0131 olarak analiz edecek. Denetim ekipleri, riskli g\u00f6r\u00fclen m\u00fckelleflerin kap\u0131s\u0131n\u0131 \u00e7alacak. Bu m\u00fckelleflerden, belgelere konu olan depolar\u0131ndaki mallar\u0131 g\u00f6stermesi, satm\u0131\u015fsa belgelerini ibraz etmesi, \u00fcretimde kullanm\u0131\u015fsa bu durumu kay\u0131tlar\u0131yla a\u00e7\u0131klamas\u0131 istenecek.<\/p>\n<p>&#13;<br \/>\n\tVDK ekipleri, m\u00fckelleflerin ge\u00e7mi\u015f d\u00f6nem i\u015flemleri yan\u0131nda cari d\u00f6nem belgelerini a\u011f\u0131rl\u0131kl\u0131 olarak denetleyecek, kapanm\u0131\u015f i\u015fletmeler yerine faal firmalara a\u011f\u0131rl\u0131k verecek.<\/p>\n<p>&#13;<br \/>\n\tPara hareketleri, yoklamalar, kaydi ve fiili envanter say\u0131mlar\u0131yla sahte belge kulland\u0131\u011f\u0131 kan\u0131tlanan m\u00fckelleflere, denetim yap\u0131lmadan do\u011frudan i\u015flem tesis edilecek.<\/p>\n<h2>&#13;<br \/>\n\tSahte belge d\u00fczenleyenler de takipte<\/h2>\n<p>&#13;<br \/>\n\tSahte belge d\u00fczenleyen m\u00fckelleflere y\u00f6nelik aylar s\u00fcren inceleme ve rapor s\u00fcre\u00e7leri de yapay zeka ve makine \u00f6\u011frenmesi algoritmalar\u0131yla k\u0131sa s\u00fcrede tamamlanacak. B\u00f6ylece, sahte belge d\u00fczenleyenlerin h\u0131zla ceza almas\u0131 sa\u011flanacak. S\u00fcrecin h\u0131zlanmas\u0131, zincir halinde sahte belge kullanan ki\u015fi ve \u015firketlerin tespit edilmesine ve bu \u015fekilde elde edilen finansal avantaj\u0131n \u00f6nlenmesine neden olacak.<\/p>\n<p>&#13;<br \/>\n\tBa\u015fkanl\u0131k, ge\u00e7mi\u015fte sahte belge kulland\u0131\u011f\u0131ndan \u015f\u00fcphelenilen durumlar\u0131 da yaz\u0131yla m\u00fckellefe bildirecek. B\u00f6ylece, m\u00fckellefe kay\u0131tlar\u0131n\u0131 d\u00fczeltme imkan\u0131 tan\u0131nacak.<\/p>\n<p>&#13;<br \/>\n\tSahte belge kullananlar yan\u0131nda d\u00fczenleyenler de yak\u0131ndan takip edilecek.<\/p>\n<p>&#13;<br \/>\n\tSahte belge d\u00fczenleyerek bu su\u00e7u organize \u015fekilde y\u00fcr\u00fctenler ara\u015ft\u0131r\u0131lacak ve konu &#8220;para aklama&#8221; boyutuyla ele al\u0131nacak.<\/p>\n<p>&#13;<br \/>\n\tHazine ve Maliye Bakan\u0131 Mehmet \u015eim\u015fek de sahte belgeyle m\u00fccadelenin \u00f6nemine i\u015faret ederek, &#8220;Sahte belgeyle m\u00fccadeleye y\u00f6nelik tedbirleri art\u0131r\u0131rken risk analizine dayal\u0131 yeni uygulamalar\u0131 devreye al\u0131yoruz. M\u00fckelleflerimizin s\u00fcrece uyum sa\u011flayabilmesi ad\u0131na bu tedbirleri 1 Ekim itibar\u0131yla uygulayaca\u011f\u0131z. Bu tarihten sonra ger\u00e7ekle\u015ftirilecek fiillerde sistem devrede olacak&#8221; ifadelerini kulland\u0131.<\/p>\n<\/p><\/div>\n","protected":false},"excerpt":{"rendered":"<p>&#13; Vergi Denetim Kurulu (VDK) Ba\u015fkanl\u0131\u011f\u0131, mali belgelerde sahtecilik fiillerine y\u00f6nelik yeni bir \u00e7al\u0131\u015fma ba\u015flatt\u0131. &#13; Ba\u015fkanl\u0131k, sahtecilik fiillerine ili\u015fkin 1 Ekim itibar\u0131yla daha sert tedbir ve politikalar\u0131 uygulamaya alacak. &#13; Bu kapsamda, m\u00fckelleflerin, &#8220;sahte belgeyi bilmeden kulland\u0131\u011f\u0131na&#8221; y\u00f6nelik vergisel de\u011ferlendirmelere son verilerek, belgenin &#8220;bilerek&#8221; kullan\u0131ld\u0131\u011f\u0131n\u0131 esas alan bir yakla\u015f\u0131ma ge\u00e7ilecek. B\u00f6ylece, sahte belge kullanan<\/p>\n","protected":false},"author":1,"featured_media":89311,"comment_status":"open","ping_status":"open","sticky":false,"template":"","format":"standard","meta":{"footnotes":""},"categories":[101,86],"tags":[],"class_list":["post-89310","post","type-post","status-publish","format-standard","has-post-thumbnail","hentry","category-manset","category-turkiye"],"yoast_head":"<!-- This site is optimized with the Yoast SEO plugin v27.4 - https:\/\/yoast.com\/product\/yoast-seo-wordpress\/ -->\n<title>Maliye\u2019den sahte belgeye s\u0131k\u0131 takip: 1 Ekim&#039;de sert \u00f6nlemler ba\u015fl\u0131yor -<\/title>\n<meta name=\"robots\" content=\"index, follow, max-snippet:-1, max-image-preview:large, max-video-preview:-1\" \/>\n<link rel=\"canonical\" href=\"https:\/\/kibrisdakik.com\/?p=89310\" \/>\n<meta property=\"og:locale\" content=\"tr_TR\" \/>\n<meta property=\"og:type\" content=\"article\" \/>\n<meta property=\"og:title\" content=\"Maliye\u2019den sahte belgeye s\u0131k\u0131 takip: 1 Ekim&#039;de sert \u00f6nlemler ba\u015fl\u0131yor -\" \/>\n<meta property=\"og:description\" content=\"&#013; Vergi Denetim Kurulu (VDK) Ba\u015fkanl\u0131\u011f\u0131, mali belgelerde sahtecilik fiillerine y\u00f6nelik yeni bir \u00e7al\u0131\u015fma ba\u015flatt\u0131. &#013; Ba\u015fkanl\u0131k, sahtecilik fiillerine ili\u015fkin 1 Ekim itibar\u0131yla daha sert tedbir ve politikalar\u0131 uygulamaya alacak. &#013; Bu kapsamda, m\u00fckelleflerin, &#8220;sahte belgeyi bilmeden kulland\u0131\u011f\u0131na&#8221; y\u00f6nelik vergisel de\u011ferlendirmelere son verilerek, belgenin &#8220;bilerek&#8221; kullan\u0131ld\u0131\u011f\u0131n\u0131 esas alan bir yakla\u015f\u0131ma ge\u00e7ilecek. B\u00f6ylece, sahte belge kullanan\" \/>\n<meta property=\"og:url\" content=\"https:\/\/kibrisdakik.com\/?p=89310\" \/>\n<meta property=\"article:published_time\" content=\"2025-08-20T07:17:01+00:00\" \/>\n<meta property=\"og:image\" content=\"https:\/\/kibrisdakik.com\/wp-content\/uploads\/2025\/08\/dosya-1484702-740x420.jpg\" \/>\n\t<meta property=\"og:image:width\" content=\"1280\" \/>\n\t<meta property=\"og:image:height\" content=\"720\" \/>\n\t<meta property=\"og:image:type\" content=\"image\/jpeg\" \/>\n<meta name=\"author\" content=\"admin\" \/>\n<meta name=\"twitter:card\" content=\"summary_large_image\" \/>\n<meta name=\"twitter:label1\" content=\"Yazan:\" \/>\n\t<meta name=\"twitter:data1\" content=\"admin\" \/>\n\t<meta name=\"twitter:label2\" content=\"Tahmini okuma s\u00fcresi\" \/>\n\t<meta name=\"twitter:data2\" content=\"2 dakika\" \/>\n<script type=\"application\/ld+json\" class=\"yoast-schema-graph\">{\"@context\":\"https:\\\/\\\/schema.org\",\"@graph\":[{\"@type\":\"Article\",\"@id\":\"https:\\\/\\\/kibrisdakik.com\\\/?p=89310#article\",\"isPartOf\":{\"@id\":\"https:\\\/\\\/kibrisdakik.com\\\/?p=89310\"},\"author\":{\"name\":\"admin\",\"@id\":\"https:\\\/\\\/kibrisdakik.com\\\/#\\\/schema\\\/person\\\/9cd9d437bbb44f72b73ba127e06d8e79\"},\"headline\":\"Maliye\u2019den sahte belgeye s\u0131k\u0131 takip: 1 Ekim&#8217;de sert \u00f6nlemler ba\u015fl\u0131yor\",\"datePublished\":\"2025-08-20T07:17:01+00:00\",\"mainEntityOfPage\":{\"@id\":\"https:\\\/\\\/kibrisdakik.com\\\/?p=89310\"},\"wordCount\":500,\"commentCount\":0,\"image\":{\"@id\":\"https:\\\/\\\/kibrisdakik.com\\\/?p=89310#primaryimage\"},\"thumbnailUrl\":\"https:\\\/\\\/kibrisdakik.com\\\/wp-content\\\/uploads\\\/2025\\\/08\\\/dosya-1484702-740x420.jpg\",\"articleSection\":[\"Man\u015fet\",\"T\u00fcrkiye\"],\"inLanguage\":\"tr\",\"potentialAction\":[{\"@type\":\"CommentAction\",\"name\":\"Comment\",\"target\":[\"https:\\\/\\\/kibrisdakik.com\\\/?p=89310#respond\"]}]},{\"@type\":\"WebPage\",\"@id\":\"https:\\\/\\\/kibrisdakik.com\\\/?p=89310\",\"url\":\"https:\\\/\\\/kibrisdakik.com\\\/?p=89310\",\"name\":\"Maliye\u2019den sahte belgeye s\u0131k\u0131 takip: 1 Ekim'de sert \u00f6nlemler ba\u015fl\u0131yor -\",\"isPartOf\":{\"@id\":\"https:\\\/\\\/kibrisdakik.com\\\/#website\"},\"primaryImageOfPage\":{\"@id\":\"https:\\\/\\\/kibrisdakik.com\\\/?p=89310#primaryimage\"},\"image\":{\"@id\":\"https:\\\/\\\/kibrisdakik.com\\\/?p=89310#primaryimage\"},\"thumbnailUrl\":\"https:\\\/\\\/kibrisdakik.com\\\/wp-content\\\/uploads\\\/2025\\\/08\\\/dosya-1484702-740x420.jpg\",\"datePublished\":\"2025-08-20T07:17:01+00:00\",\"author\":{\"@id\":\"https:\\\/\\\/kibrisdakik.com\\\/#\\\/schema\\\/person\\\/9cd9d437bbb44f72b73ba127e06d8e79\"},\"breadcrumb\":{\"@id\":\"https:\\\/\\\/kibrisdakik.com\\\/?p=89310#breadcrumb\"},\"inLanguage\":\"tr\",\"potentialAction\":[{\"@type\":\"ReadAction\",\"target\":[\"https:\\\/\\\/kibrisdakik.com\\\/?p=89310\"]}]},{\"@type\":\"ImageObject\",\"inLanguage\":\"tr\",\"@id\":\"https:\\\/\\\/kibrisdakik.com\\\/?p=89310#primaryimage\",\"url\":\"https:\\\/\\\/kibrisdakik.com\\\/wp-content\\\/uploads\\\/2025\\\/08\\\/dosya-1484702-740x420.jpg\",\"contentUrl\":\"https:\\\/\\\/kibrisdakik.com\\\/wp-content\\\/uploads\\\/2025\\\/08\\\/dosya-1484702-740x420.jpg\",\"width\":1280,\"height\":720},{\"@type\":\"BreadcrumbList\",\"@id\":\"https:\\\/\\\/kibrisdakik.com\\\/?p=89310#breadcrumb\",\"itemListElement\":[{\"@type\":\"ListItem\",\"position\":1,\"name\":\"Home\",\"item\":\"https:\\\/\\\/kibrisdakik.com\\\/\"},{\"@type\":\"ListItem\",\"position\":2,\"name\":\"Maliye\u2019den sahte belgeye s\u0131k\u0131 takip: 1 Ekim&#8217;de sert \u00f6nlemler ba\u015fl\u0131yor\"}]},{\"@type\":\"WebSite\",\"@id\":\"https:\\\/\\\/kibrisdakik.com\\\/#website\",\"url\":\"https:\\\/\\\/kibrisdakik.com\\\/\",\"name\":\"\",\"description\":\"Tam vaktinde haber\",\"potentialAction\":[{\"@type\":\"SearchAction\",\"target\":{\"@type\":\"EntryPoint\",\"urlTemplate\":\"https:\\\/\\\/kibrisdakik.com\\\/?s={search_term_string}\"},\"query-input\":{\"@type\":\"PropertyValueSpecification\",\"valueRequired\":true,\"valueName\":\"search_term_string\"}}],\"inLanguage\":\"tr\"},{\"@type\":\"Person\",\"@id\":\"https:\\\/\\\/kibrisdakik.com\\\/#\\\/schema\\\/person\\\/9cd9d437bbb44f72b73ba127e06d8e79\",\"name\":\"admin\",\"image\":{\"@type\":\"ImageObject\",\"inLanguage\":\"tr\",\"@id\":\"https:\\\/\\\/secure.gravatar.com\\\/avatar\\\/ccc17943b9d660506c869530f897617f7cb1c21a4bf30023f252596d83e1f007?s=96&d=mm&r=g\",\"url\":\"https:\\\/\\\/secure.gravatar.com\\\/avatar\\\/ccc17943b9d660506c869530f897617f7cb1c21a4bf30023f252596d83e1f007?s=96&d=mm&r=g\",\"contentUrl\":\"https:\\\/\\\/secure.gravatar.com\\\/avatar\\\/ccc17943b9d660506c869530f897617f7cb1c21a4bf30023f252596d83e1f007?s=96&d=mm&r=g\",\"caption\":\"admin\"},\"sameAs\":[\"https:\\\/\\\/kibrisdakik.com\"],\"url\":\"https:\\\/\\\/kibrisdakik.com\\\/?author=1\"}]}<\/script>\n<!-- \/ Yoast SEO plugin. -->","yoast_head_json":{"title":"Maliye\u2019den sahte belgeye s\u0131k\u0131 takip: 1 Ekim'de sert \u00f6nlemler ba\u015fl\u0131yor -","robots":{"index":"index","follow":"follow","max-snippet":"max-snippet:-1","max-image-preview":"max-image-preview:large","max-video-preview":"max-video-preview:-1"},"canonical":"https:\/\/kibrisdakik.com\/?p=89310","og_locale":"tr_TR","og_type":"article","og_title":"Maliye\u2019den sahte belgeye s\u0131k\u0131 takip: 1 Ekim'de sert \u00f6nlemler ba\u015fl\u0131yor -","og_description":"&#13; Vergi Denetim Kurulu (VDK) Ba\u015fkanl\u0131\u011f\u0131, mali belgelerde sahtecilik fiillerine y\u00f6nelik yeni bir \u00e7al\u0131\u015fma ba\u015flatt\u0131. &#13; Ba\u015fkanl\u0131k, sahtecilik fiillerine ili\u015fkin 1 Ekim itibar\u0131yla daha sert tedbir ve politikalar\u0131 uygulamaya alacak. &#13; Bu kapsamda, m\u00fckelleflerin, &#8220;sahte belgeyi bilmeden kulland\u0131\u011f\u0131na&#8221; y\u00f6nelik vergisel de\u011ferlendirmelere son verilerek, belgenin &#8220;bilerek&#8221; kullan\u0131ld\u0131\u011f\u0131n\u0131 esas alan bir yakla\u015f\u0131ma ge\u00e7ilecek. B\u00f6ylece, sahte belge kullanan","og_url":"https:\/\/kibrisdakik.com\/?p=89310","article_published_time":"2025-08-20T07:17:01+00:00","og_image":[{"width":1280,"height":720,"url":"https:\/\/kibrisdakik.com\/wp-content\/uploads\/2025\/08\/dosya-1484702-740x420.jpg","type":"image\/jpeg"}],"author":"admin","twitter_card":"summary_large_image","twitter_misc":{"Yazan:":"admin","Tahmini okuma s\u00fcresi":"2 dakika"},"schema":{"@context":"https:\/\/schema.org","@graph":[{"@type":"Article","@id":"https:\/\/kibrisdakik.com\/?p=89310#article","isPartOf":{"@id":"https:\/\/kibrisdakik.com\/?p=89310"},"author":{"name":"admin","@id":"https:\/\/kibrisdakik.com\/#\/schema\/person\/9cd9d437bbb44f72b73ba127e06d8e79"},"headline":"Maliye\u2019den sahte belgeye s\u0131k\u0131 takip: 1 Ekim&#8217;de sert \u00f6nlemler ba\u015fl\u0131yor","datePublished":"2025-08-20T07:17:01+00:00","mainEntityOfPage":{"@id":"https:\/\/kibrisdakik.com\/?p=89310"},"wordCount":500,"commentCount":0,"image":{"@id":"https:\/\/kibrisdakik.com\/?p=89310#primaryimage"},"thumbnailUrl":"https:\/\/kibrisdakik.com\/wp-content\/uploads\/2025\/08\/dosya-1484702-740x420.jpg","articleSection":["Man\u015fet","T\u00fcrkiye"],"inLanguage":"tr","potentialAction":[{"@type":"CommentAction","name":"Comment","target":["https:\/\/kibrisdakik.com\/?p=89310#respond"]}]},{"@type":"WebPage","@id":"https:\/\/kibrisdakik.com\/?p=89310","url":"https:\/\/kibrisdakik.com\/?p=89310","name":"Maliye\u2019den sahte belgeye s\u0131k\u0131 takip: 1 Ekim'de sert \u00f6nlemler ba\u015fl\u0131yor -","isPartOf":{"@id":"https:\/\/kibrisdakik.com\/#website"},"primaryImageOfPage":{"@id":"https:\/\/kibrisdakik.com\/?p=89310#primaryimage"},"image":{"@id":"https:\/\/kibrisdakik.com\/?p=89310#primaryimage"},"thumbnailUrl":"https:\/\/kibrisdakik.com\/wp-content\/uploads\/2025\/08\/dosya-1484702-740x420.jpg","datePublished":"2025-08-20T07:17:01+00:00","author":{"@id":"https:\/\/kibrisdakik.com\/#\/schema\/person\/9cd9d437bbb44f72b73ba127e06d8e79"},"breadcrumb":{"@id":"https:\/\/kibrisdakik.com\/?p=89310#breadcrumb"},"inLanguage":"tr","potentialAction":[{"@type":"ReadAction","target":["https:\/\/kibrisdakik.com\/?p=89310"]}]},{"@type":"ImageObject","inLanguage":"tr","@id":"https:\/\/kibrisdakik.com\/?p=89310#primaryimage","url":"https:\/\/kibrisdakik.com\/wp-content\/uploads\/2025\/08\/dosya-1484702-740x420.jpg","contentUrl":"https:\/\/kibrisdakik.com\/wp-content\/uploads\/2025\/08\/dosya-1484702-740x420.jpg","width":1280,"height":720},{"@type":"BreadcrumbList","@id":"https:\/\/kibrisdakik.com\/?p=89310#breadcrumb","itemListElement":[{"@type":"ListItem","position":1,"name":"Home","item":"https:\/\/kibrisdakik.com\/"},{"@type":"ListItem","position":2,"name":"Maliye\u2019den sahte belgeye s\u0131k\u0131 takip: 1 Ekim&#8217;de sert \u00f6nlemler ba\u015fl\u0131yor"}]},{"@type":"WebSite","@id":"https:\/\/kibrisdakik.com\/#website","url":"https:\/\/kibrisdakik.com\/","name":"","description":"Tam vaktinde haber","potentialAction":[{"@type":"SearchAction","target":{"@type":"EntryPoint","urlTemplate":"https:\/\/kibrisdakik.com\/?s={search_term_string}"},"query-input":{"@type":"PropertyValueSpecification","valueRequired":true,"valueName":"search_term_string"}}],"inLanguage":"tr"},{"@type":"Person","@id":"https:\/\/kibrisdakik.com\/#\/schema\/person\/9cd9d437bbb44f72b73ba127e06d8e79","name":"admin","image":{"@type":"ImageObject","inLanguage":"tr","@id":"https:\/\/secure.gravatar.com\/avatar\/ccc17943b9d660506c869530f897617f7cb1c21a4bf30023f252596d83e1f007?s=96&d=mm&r=g","url":"https:\/\/secure.gravatar.com\/avatar\/ccc17943b9d660506c869530f897617f7cb1c21a4bf30023f252596d83e1f007?s=96&d=mm&r=g","contentUrl":"https:\/\/secure.gravatar.com\/avatar\/ccc17943b9d660506c869530f897617f7cb1c21a4bf30023f252596d83e1f007?s=96&d=mm&r=g","caption":"admin"},"sameAs":["https:\/\/kibrisdakik.com"],"url":"https:\/\/kibrisdakik.com\/?author=1"}]}},"_links":{"self":[{"href":"https:\/\/kibrisdakik.com\/index.php?rest_route=\/wp\/v2\/posts\/89310","targetHints":{"allow":["GET"]}}],"collection":[{"href":"https:\/\/kibrisdakik.com\/index.php?rest_route=\/wp\/v2\/posts"}],"about":[{"href":"https:\/\/kibrisdakik.com\/index.php?rest_route=\/wp\/v2\/types\/post"}],"author":[{"embeddable":true,"href":"https:\/\/kibrisdakik.com\/index.php?rest_route=\/wp\/v2\/users\/1"}],"replies":[{"embeddable":true,"href":"https:\/\/kibrisdakik.com\/index.php?rest_route=%2Fwp%2Fv2%2Fcomments&post=89310"}],"version-history":[{"count":0,"href":"https:\/\/kibrisdakik.com\/index.php?rest_route=\/wp\/v2\/posts\/89310\/revisions"}],"wp:featuredmedia":[{"embeddable":true,"href":"https:\/\/kibrisdakik.com\/index.php?rest_route=\/wp\/v2\/media\/89311"}],"wp:attachment":[{"href":"https:\/\/kibrisdakik.com\/index.php?rest_route=%2Fwp%2Fv2%2Fmedia&parent=89310"}],"wp:term":[{"taxonomy":"category","embeddable":true,"href":"https:\/\/kibrisdakik.com\/index.php?rest_route=%2Fwp%2Fv2%2Fcategories&post=89310"},{"taxonomy":"post_tag","embeddable":true,"href":"https:\/\/kibrisdakik.com\/index.php?rest_route=%2Fwp%2Fv2%2Ftags&post=89310"}],"curies":[{"name":"wp","href":"https:\/\/api.w.org\/{rel}","templated":true}]}}