{"id":89402,"date":"2025-08-20T14:41:03","date_gmt":"2025-08-20T11:41:03","guid":{"rendered":"https:\/\/kibrisdakik.com\/index.php\/2025\/08\/20\/cumhurbaskani-erdogan-vladimir-putin-ile-gorustu\/"},"modified":"2025-08-20T14:41:03","modified_gmt":"2025-08-20T11:41:03","slug":"cumhurbaskani-erdogan-vladimir-putin-ile-gorustu","status":"publish","type":"post","link":"https:\/\/kibrisdakik.com\/?p=89402","title":{"rendered":"Cumhurba\u015fkan\u0131 Erdo\u011fan, Vladimir Putin ile g\u00f6r\u00fc\u015ft\u00fc"},"content":{"rendered":"<p><\/p>\n<div>\n<p>&#13;<br \/>\n\t\u0130leti\u015fim Ba\u015fkanl\u0131\u011f\u0131&#8217;ndan yap\u0131lan a\u00e7\u0131klamaya g\u00f6re, g\u00f6r\u00fc\u015fmede Alaska zirvesinin sonu\u00e7lar\u0131, ticaret ba\u015fl\u0131\u011f\u0131 ba\u015fta olmak \u00fczere T\u00fcrkiye-Rusya ikili ili\u015fkileri ele al\u0131nd\u0131.<\/p>\n<p>&#13;<br \/>\n\tCumhurba\u015fkan\u0131 Erdo\u011fan, bar\u0131\u015f s\u00fcrecine ili\u015fkin geli\u015fmeleri yak\u0131ndan takip etti\u011fini, T\u00fcrkiye\u2019nin adil bir bar\u0131\u015fa ula\u015f\u0131lmas\u0131 konusunda sava\u015f\u0131n ba\u015f\u0131ndan bu yana samimiyetle gayret g\u00f6sterdi\u011fini, bu minvalde t\u00fcm taraflar\u0131n kat\u0131l\u0131m\u0131yla kal\u0131c\u0131 bar\u0131\u015f\u0131 tesis etmeyi hedefleyen yakla\u015f\u0131mlar\u0131 destekledi\u011fimizi belirtti.<\/p>\n<p>&#13;<br \/>\n\tRusya Devlet Ba\u015fkan\u0131 Putin, \u0130stanbul S\u00fcrecine de dikkat \u00e7ekerek, bar\u0131\u015f g\u00f6r\u00fc\u015fmelerine T\u00fcrkiye\u2019nin ev sahipli\u011fi yapmas\u0131 ve g\u00f6sterdi\u011fi gayretler nedeniyle Cumhurba\u015fkan\u0131 Erdo\u011fan\u2019a te\u015fekk\u00fcr etti.<\/p>\n<p>&#13;<br \/>\n\tG\u00f6r\u00fc\u015fmede Cumhurba\u015fkan\u0131 Erdo\u011fan ve Putin iki \u00fclkenin diyalog halinde olmas\u0131 konusunda mutab\u0131k kald\u0131lar.\u00a0<\/p>\n<\/p><\/div>\n","protected":false},"excerpt":{"rendered":"<p>&#13; \u0130leti\u015fim Ba\u015fkanl\u0131\u011f\u0131&#8217;ndan yap\u0131lan a\u00e7\u0131klamaya g\u00f6re, g\u00f6r\u00fc\u015fmede Alaska zirvesinin sonu\u00e7lar\u0131, ticaret ba\u015fl\u0131\u011f\u0131 ba\u015fta olmak \u00fczere T\u00fcrkiye-Rusya ikili ili\u015fkileri ele al\u0131nd\u0131. &#13; Cumhurba\u015fkan\u0131 Erdo\u011fan, bar\u0131\u015f s\u00fcrecine ili\u015fkin geli\u015fmeleri yak\u0131ndan takip etti\u011fini, T\u00fcrkiye\u2019nin adil bir bar\u0131\u015fa ula\u015f\u0131lmas\u0131 konusunda sava\u015f\u0131n ba\u015f\u0131ndan bu yana samimiyetle gayret g\u00f6sterdi\u011fini, bu minvalde t\u00fcm taraflar\u0131n kat\u0131l\u0131m\u0131yla kal\u0131c\u0131 bar\u0131\u015f\u0131 tesis etmeyi hedefleyen yakla\u015f\u0131mlar\u0131 destekledi\u011fimizi<\/p>\n","protected":false},"author":1,"featured_media":89403,"comment_status":"open","ping_status":"open","sticky":false,"template":"","format":"standard","meta":{"footnotes":""},"categories":[101,86],"tags":[],"class_list":["post-89402","post","type-post","status-publish","format-standard","has-post-thumbnail","hentry","category-manset","category-turkiye"],"yoast_head":"<!-- This site is optimized with the Yoast SEO plugin v27.4 - https:\/\/yoast.com\/product\/yoast-seo-wordpress\/ -->\n<title>Cumhurba\u015fkan\u0131 Erdo\u011fan, Vladimir Putin ile g\u00f6r\u00fc\u015ft\u00fc -<\/title>\n<meta name=\"robots\" content=\"index, follow, max-snippet:-1, max-image-preview:large, max-video-preview:-1\" \/>\n<link rel=\"canonical\" href=\"https:\/\/kibrisdakik.com\/?p=89402\" \/>\n<meta property=\"og:locale\" content=\"tr_TR\" \/>\n<meta property=\"og:type\" content=\"article\" \/>\n<meta property=\"og:title\" content=\"Cumhurba\u015fkan\u0131 Erdo\u011fan, Vladimir Putin ile g\u00f6r\u00fc\u015ft\u00fc -\" \/>\n<meta property=\"og:description\" content=\"&#013; \u0130leti\u015fim Ba\u015fkanl\u0131\u011f\u0131&#8217;ndan yap\u0131lan a\u00e7\u0131klamaya g\u00f6re, g\u00f6r\u00fc\u015fmede Alaska zirvesinin sonu\u00e7lar\u0131, ticaret ba\u015fl\u0131\u011f\u0131 ba\u015fta olmak \u00fczere T\u00fcrkiye-Rusya ikili ili\u015fkileri ele al\u0131nd\u0131. &#013; Cumhurba\u015fkan\u0131 Erdo\u011fan, bar\u0131\u015f s\u00fcrecine ili\u015fkin geli\u015fmeleri yak\u0131ndan takip etti\u011fini, T\u00fcrkiye\u2019nin adil bir bar\u0131\u015fa ula\u015f\u0131lmas\u0131 konusunda sava\u015f\u0131n ba\u015f\u0131ndan bu yana samimiyetle gayret g\u00f6sterdi\u011fini, bu minvalde t\u00fcm taraflar\u0131n kat\u0131l\u0131m\u0131yla kal\u0131c\u0131 bar\u0131\u015f\u0131 tesis etmeyi hedefleyen yakla\u015f\u0131mlar\u0131 destekledi\u011fimizi\" \/>\n<meta property=\"og:url\" content=\"https:\/\/kibrisdakik.com\/?p=89402\" \/>\n<meta property=\"article:published_time\" content=\"2025-08-20T11:41:03+00:00\" \/>\n<meta property=\"og:image\" content=\"https:\/\/kibrisdakik.com\/wp-content\/uploads\/2025\/08\/erdogan-putin-aa-1890963-740x420.jpg\" \/>\n\t<meta property=\"og:image:width\" content=\"1280\" \/>\n\t<meta property=\"og:image:height\" content=\"720\" \/>\n\t<meta property=\"og:image:type\" content=\"image\/jpeg\" \/>\n<meta name=\"author\" content=\"admin\" \/>\n<meta name=\"twitter:card\" content=\"summary_large_image\" \/>\n<meta name=\"twitter:label1\" content=\"Yazan:\" \/>\n\t<meta name=\"twitter:data1\" content=\"admin\" \/>\n\t<meta name=\"twitter:label2\" content=\"Tahmini okuma s\u00fcresi\" \/>\n\t<meta name=\"twitter:data2\" content=\"1 dakika\" \/>\n<script type=\"application\/ld+json\" class=\"yoast-schema-graph\">{\"@context\":\"https:\\\/\\\/schema.org\",\"@graph\":[{\"@type\":\"Article\",\"@id\":\"https:\\\/\\\/kibrisdakik.com\\\/?p=89402#article\",\"isPartOf\":{\"@id\":\"https:\\\/\\\/kibrisdakik.com\\\/?p=89402\"},\"author\":{\"name\":\"admin\",\"@id\":\"https:\\\/\\\/kibrisdakik.com\\\/#\\\/schema\\\/person\\\/9cd9d437bbb44f72b73ba127e06d8e79\"},\"headline\":\"Cumhurba\u015fkan\u0131 Erdo\u011fan, Vladimir Putin ile g\u00f6r\u00fc\u015ft\u00fc\",\"datePublished\":\"2025-08-20T11:41:03+00:00\",\"mainEntityOfPage\":{\"@id\":\"https:\\\/\\\/kibrisdakik.com\\\/?p=89402\"},\"wordCount\":157,\"commentCount\":0,\"image\":{\"@id\":\"https:\\\/\\\/kibrisdakik.com\\\/?p=89402#primaryimage\"},\"thumbnailUrl\":\"https:\\\/\\\/kibrisdakik.com\\\/wp-content\\\/uploads\\\/2025\\\/08\\\/erdogan-putin-aa-1890963-740x420.jpg\",\"articleSection\":[\"Man\u015fet\",\"T\u00fcrkiye\"],\"inLanguage\":\"tr\",\"potentialAction\":[{\"@type\":\"CommentAction\",\"name\":\"Comment\",\"target\":[\"https:\\\/\\\/kibrisdakik.com\\\/?p=89402#respond\"]}]},{\"@type\":\"WebPage\",\"@id\":\"https:\\\/\\\/kibrisdakik.com\\\/?p=89402\",\"url\":\"https:\\\/\\\/kibrisdakik.com\\\/?p=89402\",\"name\":\"Cumhurba\u015fkan\u0131 Erdo\u011fan, Vladimir Putin ile g\u00f6r\u00fc\u015ft\u00fc -\",\"isPartOf\":{\"@id\":\"https:\\\/\\\/kibrisdakik.com\\\/#website\"},\"primaryImageOfPage\":{\"@id\":\"https:\\\/\\\/kibrisdakik.com\\\/?p=89402#primaryimage\"},\"image\":{\"@id\":\"https:\\\/\\\/kibrisdakik.com\\\/?p=89402#primaryimage\"},\"thumbnailUrl\":\"https:\\\/\\\/kibrisdakik.com\\\/wp-content\\\/uploads\\\/2025\\\/08\\\/erdogan-putin-aa-1890963-740x420.jpg\",\"datePublished\":\"2025-08-20T11:41:03+00:00\",\"author\":{\"@id\":\"https:\\\/\\\/kibrisdakik.com\\\/#\\\/schema\\\/person\\\/9cd9d437bbb44f72b73ba127e06d8e79\"},\"breadcrumb\":{\"@id\":\"https:\\\/\\\/kibrisdakik.com\\\/?p=89402#breadcrumb\"},\"inLanguage\":\"tr\",\"potentialAction\":[{\"@type\":\"ReadAction\",\"target\":[\"https:\\\/\\\/kibrisdakik.com\\\/?p=89402\"]}]},{\"@type\":\"ImageObject\",\"inLanguage\":\"tr\",\"@id\":\"https:\\\/\\\/kibrisdakik.com\\\/?p=89402#primaryimage\",\"url\":\"https:\\\/\\\/kibrisdakik.com\\\/wp-content\\\/uploads\\\/2025\\\/08\\\/erdogan-putin-aa-1890963-740x420.jpg\",\"contentUrl\":\"https:\\\/\\\/kibrisdakik.com\\\/wp-content\\\/uploads\\\/2025\\\/08\\\/erdogan-putin-aa-1890963-740x420.jpg\",\"width\":1280,\"height\":720},{\"@type\":\"BreadcrumbList\",\"@id\":\"https:\\\/\\\/kibrisdakik.com\\\/?p=89402#breadcrumb\",\"itemListElement\":[{\"@type\":\"ListItem\",\"position\":1,\"name\":\"Home\",\"item\":\"https:\\\/\\\/kibrisdakik.com\\\/\"},{\"@type\":\"ListItem\",\"position\":2,\"name\":\"Cumhurba\u015fkan\u0131 Erdo\u011fan, Vladimir Putin ile g\u00f6r\u00fc\u015ft\u00fc\"}]},{\"@type\":\"WebSite\",\"@id\":\"https:\\\/\\\/kibrisdakik.com\\\/#website\",\"url\":\"https:\\\/\\\/kibrisdakik.com\\\/\",\"name\":\"\",\"description\":\"Tam vaktinde haber\",\"potentialAction\":[{\"@type\":\"SearchAction\",\"target\":{\"@type\":\"EntryPoint\",\"urlTemplate\":\"https:\\\/\\\/kibrisdakik.com\\\/?s={search_term_string}\"},\"query-input\":{\"@type\":\"PropertyValueSpecification\",\"valueRequired\":true,\"valueName\":\"search_term_string\"}}],\"inLanguage\":\"tr\"},{\"@type\":\"Person\",\"@id\":\"https:\\\/\\\/kibrisdakik.com\\\/#\\\/schema\\\/person\\\/9cd9d437bbb44f72b73ba127e06d8e79\",\"name\":\"admin\",\"image\":{\"@type\":\"ImageObject\",\"inLanguage\":\"tr\",\"@id\":\"https:\\\/\\\/secure.gravatar.com\\\/avatar\\\/ccc17943b9d660506c869530f897617f7cb1c21a4bf30023f252596d83e1f007?s=96&d=mm&r=g\",\"url\":\"https:\\\/\\\/secure.gravatar.com\\\/avatar\\\/ccc17943b9d660506c869530f897617f7cb1c21a4bf30023f252596d83e1f007?s=96&d=mm&r=g\",\"contentUrl\":\"https:\\\/\\\/secure.gravatar.com\\\/avatar\\\/ccc17943b9d660506c869530f897617f7cb1c21a4bf30023f252596d83e1f007?s=96&d=mm&r=g\",\"caption\":\"admin\"},\"sameAs\":[\"https:\\\/\\\/kibrisdakik.com\"],\"url\":\"https:\\\/\\\/kibrisdakik.com\\\/?author=1\"}]}<\/script>\n<!-- \/ Yoast SEO plugin. -->","yoast_head_json":{"title":"Cumhurba\u015fkan\u0131 Erdo\u011fan, Vladimir Putin ile g\u00f6r\u00fc\u015ft\u00fc -","robots":{"index":"index","follow":"follow","max-snippet":"max-snippet:-1","max-image-preview":"max-image-preview:large","max-video-preview":"max-video-preview:-1"},"canonical":"https:\/\/kibrisdakik.com\/?p=89402","og_locale":"tr_TR","og_type":"article","og_title":"Cumhurba\u015fkan\u0131 Erdo\u011fan, Vladimir Putin ile g\u00f6r\u00fc\u015ft\u00fc -","og_description":"&#13; \u0130leti\u015fim Ba\u015fkanl\u0131\u011f\u0131&#8217;ndan yap\u0131lan a\u00e7\u0131klamaya g\u00f6re, g\u00f6r\u00fc\u015fmede Alaska zirvesinin sonu\u00e7lar\u0131, ticaret ba\u015fl\u0131\u011f\u0131 ba\u015fta olmak \u00fczere T\u00fcrkiye-Rusya ikili ili\u015fkileri ele al\u0131nd\u0131. &#13; Cumhurba\u015fkan\u0131 Erdo\u011fan, bar\u0131\u015f s\u00fcrecine ili\u015fkin geli\u015fmeleri yak\u0131ndan takip etti\u011fini, T\u00fcrkiye\u2019nin adil bir bar\u0131\u015fa ula\u015f\u0131lmas\u0131 konusunda sava\u015f\u0131n ba\u015f\u0131ndan bu yana samimiyetle gayret g\u00f6sterdi\u011fini, bu minvalde t\u00fcm taraflar\u0131n kat\u0131l\u0131m\u0131yla kal\u0131c\u0131 bar\u0131\u015f\u0131 tesis etmeyi hedefleyen yakla\u015f\u0131mlar\u0131 destekledi\u011fimizi","og_url":"https:\/\/kibrisdakik.com\/?p=89402","article_published_time":"2025-08-20T11:41:03+00:00","og_image":[{"width":1280,"height":720,"url":"https:\/\/kibrisdakik.com\/wp-content\/uploads\/2025\/08\/erdogan-putin-aa-1890963-740x420.jpg","type":"image\/jpeg"}],"author":"admin","twitter_card":"summary_large_image","twitter_misc":{"Yazan:":"admin","Tahmini okuma s\u00fcresi":"1 dakika"},"schema":{"@context":"https:\/\/schema.org","@graph":[{"@type":"Article","@id":"https:\/\/kibrisdakik.com\/?p=89402#article","isPartOf":{"@id":"https:\/\/kibrisdakik.com\/?p=89402"},"author":{"name":"admin","@id":"https:\/\/kibrisdakik.com\/#\/schema\/person\/9cd9d437bbb44f72b73ba127e06d8e79"},"headline":"Cumhurba\u015fkan\u0131 Erdo\u011fan, Vladimir Putin ile g\u00f6r\u00fc\u015ft\u00fc","datePublished":"2025-08-20T11:41:03+00:00","mainEntityOfPage":{"@id":"https:\/\/kibrisdakik.com\/?p=89402"},"wordCount":157,"commentCount":0,"image":{"@id":"https:\/\/kibrisdakik.com\/?p=89402#primaryimage"},"thumbnailUrl":"https:\/\/kibrisdakik.com\/wp-content\/uploads\/2025\/08\/erdogan-putin-aa-1890963-740x420.jpg","articleSection":["Man\u015fet","T\u00fcrkiye"],"inLanguage":"tr","potentialAction":[{"@type":"CommentAction","name":"Comment","target":["https:\/\/kibrisdakik.com\/?p=89402#respond"]}]},{"@type":"WebPage","@id":"https:\/\/kibrisdakik.com\/?p=89402","url":"https:\/\/kibrisdakik.com\/?p=89402","name":"Cumhurba\u015fkan\u0131 Erdo\u011fan, Vladimir Putin ile g\u00f6r\u00fc\u015ft\u00fc -","isPartOf":{"@id":"https:\/\/kibrisdakik.com\/#website"},"primaryImageOfPage":{"@id":"https:\/\/kibrisdakik.com\/?p=89402#primaryimage"},"image":{"@id":"https:\/\/kibrisdakik.com\/?p=89402#primaryimage"},"thumbnailUrl":"https:\/\/kibrisdakik.com\/wp-content\/uploads\/2025\/08\/erdogan-putin-aa-1890963-740x420.jpg","datePublished":"2025-08-20T11:41:03+00:00","author":{"@id":"https:\/\/kibrisdakik.com\/#\/schema\/person\/9cd9d437bbb44f72b73ba127e06d8e79"},"breadcrumb":{"@id":"https:\/\/kibrisdakik.com\/?p=89402#breadcrumb"},"inLanguage":"tr","potentialAction":[{"@type":"ReadAction","target":["https:\/\/kibrisdakik.com\/?p=89402"]}]},{"@type":"ImageObject","inLanguage":"tr","@id":"https:\/\/kibrisdakik.com\/?p=89402#primaryimage","url":"https:\/\/kibrisdakik.com\/wp-content\/uploads\/2025\/08\/erdogan-putin-aa-1890963-740x420.jpg","contentUrl":"https:\/\/kibrisdakik.com\/wp-content\/uploads\/2025\/08\/erdogan-putin-aa-1890963-740x420.jpg","width":1280,"height":720},{"@type":"BreadcrumbList","@id":"https:\/\/kibrisdakik.com\/?p=89402#breadcrumb","itemListElement":[{"@type":"ListItem","position":1,"name":"Home","item":"https:\/\/kibrisdakik.com\/"},{"@type":"ListItem","position":2,"name":"Cumhurba\u015fkan\u0131 Erdo\u011fan, Vladimir Putin ile g\u00f6r\u00fc\u015ft\u00fc"}]},{"@type":"WebSite","@id":"https:\/\/kibrisdakik.com\/#website","url":"https:\/\/kibrisdakik.com\/","name":"","description":"Tam vaktinde haber","potentialAction":[{"@type":"SearchAction","target":{"@type":"EntryPoint","urlTemplate":"https:\/\/kibrisdakik.com\/?s={search_term_string}"},"query-input":{"@type":"PropertyValueSpecification","valueRequired":true,"valueName":"search_term_string"}}],"inLanguage":"tr"},{"@type":"Person","@id":"https:\/\/kibrisdakik.com\/#\/schema\/person\/9cd9d437bbb44f72b73ba127e06d8e79","name":"admin","image":{"@type":"ImageObject","inLanguage":"tr","@id":"https:\/\/secure.gravatar.com\/avatar\/ccc17943b9d660506c869530f897617f7cb1c21a4bf30023f252596d83e1f007?s=96&d=mm&r=g","url":"https:\/\/secure.gravatar.com\/avatar\/ccc17943b9d660506c869530f897617f7cb1c21a4bf30023f252596d83e1f007?s=96&d=mm&r=g","contentUrl":"https:\/\/secure.gravatar.com\/avatar\/ccc17943b9d660506c869530f897617f7cb1c21a4bf30023f252596d83e1f007?s=96&d=mm&r=g","caption":"admin"},"sameAs":["https:\/\/kibrisdakik.com"],"url":"https:\/\/kibrisdakik.com\/?author=1"}]}},"_links":{"self":[{"href":"https:\/\/kibrisdakik.com\/index.php?rest_route=\/wp\/v2\/posts\/89402","targetHints":{"allow":["GET"]}}],"collection":[{"href":"https:\/\/kibrisdakik.com\/index.php?rest_route=\/wp\/v2\/posts"}],"about":[{"href":"https:\/\/kibrisdakik.com\/index.php?rest_route=\/wp\/v2\/types\/post"}],"author":[{"embeddable":true,"href":"https:\/\/kibrisdakik.com\/index.php?rest_route=\/wp\/v2\/users\/1"}],"replies":[{"embeddable":true,"href":"https:\/\/kibrisdakik.com\/index.php?rest_route=%2Fwp%2Fv2%2Fcomments&post=89402"}],"version-history":[{"count":0,"href":"https:\/\/kibrisdakik.com\/index.php?rest_route=\/wp\/v2\/posts\/89402\/revisions"}],"wp:featuredmedia":[{"embeddable":true,"href":"https:\/\/kibrisdakik.com\/index.php?rest_route=\/wp\/v2\/media\/89403"}],"wp:attachment":[{"href":"https:\/\/kibrisdakik.com\/index.php?rest_route=%2Fwp%2Fv2%2Fmedia&parent=89402"}],"wp:term":[{"taxonomy":"category","embeddable":true,"href":"https:\/\/kibrisdakik.com\/index.php?rest_route=%2Fwp%2Fv2%2Fcategories&post=89402"},{"taxonomy":"post_tag","embeddable":true,"href":"https:\/\/kibrisdakik.com\/index.php?rest_route=%2Fwp%2Fv2%2Ftags&post=89402"}],"curies":[{"name":"wp","href":"https:\/\/api.w.org\/{rel}","templated":true}]}}