{"id":8943,"date":"2023-06-17T09:12:20","date_gmt":"2023-06-17T09:12:20","guid":{"rendered":"https:\/\/kibrisdakik.com\/index.php\/2023\/06\/17\/girnede-iki-ayri-yerde-alkollu-arac-kullanan-sahislar-kaza-yapti\/"},"modified":"2023-06-17T09:12:20","modified_gmt":"2023-06-17T09:12:20","slug":"girnede-iki-ayri-yerde-alkollu-arac-kullanan-sahislar-kaza-yapti","status":"publish","type":"post","link":"https:\/\/kibrisdakik.com\/?p=8943","title":{"rendered":"Girne\u2019de iki ayr\u0131 yerde alkoll\u00fc ara\u00e7 kullanan \u015fah\u0131slar kaza yapt\u0131"},"content":{"rendered":"<p><\/p>\n<div>\n<div class=\"mariselle-image-container center\">\n                <img width=\"573\" height=\"600\" class=\"lazy-image\" alt=\"\" decoding=\"async\" loading=\"lazy\" sizes=\"auto, (max-width: 573px) 100vw, 573px\" src=\"https:\/\/brtk.net\/wp-content\/uploads\/2023\/06\/16\/polis-trafik37.jpg?ver=8daffc1af8604536632c2c2c23dc15b9\" srcset=\"https:\/\/brtk.net\/wp-content\/uploads\/2023\/06\/16\/polis-trafik37.jpg?ver=8daffc1af8604536632c2c2c23dc15b9 573w, https:\/\/brtk.net\/wp-content\/uploads\/2023\/06\/16\/polis-trafik37-287x300.jpg?ver=8daffc1af8604536632c2c2c23dc15b9 287w\"\/>                            <\/div>\n<p>Girne\u2019de sabaha kar\u015f\u0131 meydana gelen ve iki alkoll\u00fc s\u00fcr\u00fcc\u00fcn\u00fcn kar\u0131\u015ft\u0131\u011f\u0131 iki ayr\u0131 kazada d\u00f6rt ki\u015fi yaraland\u0131.<\/p>\n<p>Polis Bas\u0131n Subayl\u0131\u011f\u0131ndan yap\u0131lan yaz\u0131l\u0131 a\u00e7\u0131klamada, ilk kazan\u0131n saat 04.15 s\u0131ralar\u0131nda, \u00c7atalk\u00f6y\u2019de meydana geldi\u011fi; Simge Kalyoncu\u2019nun (K-25) 117 mlgr alkoll\u00fc i\u00e7ki tesiri alt\u0131nda kulland\u0131\u011f\u0131 LL 366 plakal\u0131 ara\u00e7 ile caddeye dikkatsizce giri\u015f yapmas\u0131 ve o esnada anayol \u00fczerinde bat\u0131 istikametine do\u011fru s\u00fcratli ve dikkatsizce seyreden Salahi Debreli (E-39) y\u00f6netimindeki TNH 597 plakal\u0131 arac\u0131n \u00f6n\u00fcn\u00fc t\u0131kamas\u0131 sonucunda \u00e7arp\u0131\u015ft\u0131klar\u0131 kaydedildi.<\/p>\n<p>A\u00e7\u0131klamada, \u00e7arpman\u0131n etkisi ile TNH 597 plakal\u0131 arac\u0131n yolun solundan d\u0131\u015far\u0131ya \u00e7\u0131k\u0131p reklam tabelas\u0131na \u00e7arp\u0131p, tekrardan kontrols\u00fczce yola girip yolun sa\u011f\u0131ndan d\u0131\u015far\u0131ya \u00e7\u0131karak kald\u0131r\u0131m \u00fczerinde durdu\u011fu, LL 366 plakal\u0131 arac\u0131n ise yolun kuzey k\u0131sm\u0131ndan d\u0131\u015far\u0131ya \u00e7\u0131k\u0131p bir markete ait park alan\u0131 i\u00e7erisinde, park halinde bulunan MT 715 plakal\u0131 araca \u00e7arp\u0131p durdu\u011fu belirtildi.<\/p>\n<p>Kaza sonucu yaralanan her iki ara\u00e7 s\u00fcr\u00fcc\u00fcs\u00fc ile LL 366 plakal\u0131 ara\u00e7ta yolcu olarak bulunan F\u0131rat Buran (E-19) ve Melis Tat (K-22) kald\u0131r\u0131ld\u0131klar\u0131 Girne Dr. Ak\u00e7i\u00e7ek Hastanesinde g\u00f6rm\u00fc\u015f olduklar\u0131 tedavilerinin ard\u0131ndan Cerrahi Servisinde g\u00f6zetim alt\u0131na al\u0131nd\u0131.<\/p>\n<p>\u00d6te yandan, saat 05.30 s\u0131ralar\u0131nda, Girne\u2019de Karao\u011flano\u011flu Caddesi \u00fczerinde, Ch\u0131j\u0131oke Coll\u0131ns Nwatu\u2019\u0131n (E-25), 66 mlgr alkoll\u00fc i\u00e7ki tesiri alt\u0131nda y\u00f6netimindeki UM 414 plakal\u0131 ara\u00e7 ile do\u011fu istikametine do\u011fru s\u00fcratli ve dikkatsizce seyretti\u011fi s\u0131rada, direksiyon hakimiyetini kaybedip yolun g\u00fcney k\u0131sm\u0131ndan d\u0131\u015far\u0131ya \u00e7\u0131k\u0131p kald\u0131r\u0131ma, ard\u0131ndan da kald\u0131r\u0131m \u00fczerinde bulunan trafik ayd\u0131nlatma dire\u011fine \u00e7arpt\u0131\u011f\u0131 kaydedildi.<\/p>\n<p>A\u00e7\u0131klamada, kaza sonucu yaralanan olmad\u0131\u011f\u0131 fakat ara\u00e7 s\u00fcr\u00fcc\u00fcs\u00fcn\u00fcn tutukland\u0131\u011f\u0131 belirtildi.<\/p>\n<p>Polis her iki kaza hakk\u0131nda soru\u015fturman\u0131n devam etti\u011fini kaydetti.<\/p>\n<\/p><\/div>\n<p><script async\n                    defer\n                    crossorigin=\"anonymous\"\n                    src=\"https:\/\/connect.facebook.net\/tr_TR\/sdk.js#xfbml=1&#038;version=v3.3\"\n            ><\/script><\/p>\n","protected":false},"excerpt":{"rendered":"<p>Girne\u2019de sabaha kar\u015f\u0131 meydana gelen ve iki alkoll\u00fc s\u00fcr\u00fcc\u00fcn\u00fcn kar\u0131\u015ft\u0131\u011f\u0131 iki ayr\u0131 kazada d\u00f6rt ki\u015fi yaraland\u0131. Polis Bas\u0131n Subayl\u0131\u011f\u0131ndan yap\u0131lan yaz\u0131l\u0131 a\u00e7\u0131klamada, ilk kazan\u0131n saat 04.15 s\u0131ralar\u0131nda, \u00c7atalk\u00f6y\u2019de meydana geldi\u011fi; Simge Kalyoncu\u2019nun (K-25) 117 mlgr alkoll\u00fc i\u00e7ki tesiri alt\u0131nda kulland\u0131\u011f\u0131 LL 366 plakal\u0131 ara\u00e7 ile caddeye dikkatsizce giri\u015f yapmas\u0131 ve o esnada anayol \u00fczerinde bat\u0131<\/p>\n","protected":false},"author":1,"featured_media":1779,"comment_status":"open","ping_status":"open","sticky":false,"template":"","format":"standard","meta":{"footnotes":""},"categories":[1],"tags":[],"class_list":["post-8943","post","type-post","status-publish","format-standard","has-post-thumbnail","hentry","category-gundem"],"yoast_head":"<!-- This site is optimized with the Yoast SEO plugin v27.5 - https:\/\/yoast.com\/product\/yoast-seo-wordpress\/ -->\n<title>Girne\u2019de iki ayr\u0131 yerde alkoll\u00fc ara\u00e7 kullanan \u015fah\u0131slar kaza yapt\u0131 -<\/title>\n<meta name=\"robots\" content=\"index, follow, max-snippet:-1, max-image-preview:large, max-video-preview:-1\" \/>\n<link rel=\"canonical\" href=\"https:\/\/kibrisdakik.com\/?p=8943\" \/>\n<meta property=\"og:locale\" content=\"tr_TR\" \/>\n<meta property=\"og:type\" content=\"article\" \/>\n<meta property=\"og:title\" content=\"Girne\u2019de iki ayr\u0131 yerde alkoll\u00fc ara\u00e7 kullanan \u015fah\u0131slar kaza yapt\u0131 -\" \/>\n<meta property=\"og:description\" content=\"Girne\u2019de sabaha kar\u015f\u0131 meydana gelen ve iki alkoll\u00fc s\u00fcr\u00fcc\u00fcn\u00fcn kar\u0131\u015ft\u0131\u011f\u0131 iki ayr\u0131 kazada d\u00f6rt ki\u015fi yaraland\u0131. Polis Bas\u0131n Subayl\u0131\u011f\u0131ndan yap\u0131lan yaz\u0131l\u0131 a\u00e7\u0131klamada, ilk kazan\u0131n saat 04.15 s\u0131ralar\u0131nda, \u00c7atalk\u00f6y\u2019de meydana geldi\u011fi; Simge Kalyoncu\u2019nun (K-25) 117 mlgr alkoll\u00fc i\u00e7ki tesiri alt\u0131nda kulland\u0131\u011f\u0131 LL 366 plakal\u0131 ara\u00e7 ile caddeye dikkatsizce giri\u015f yapmas\u0131 ve o esnada anayol \u00fczerinde bat\u0131\" \/>\n<meta property=\"og:url\" content=\"https:\/\/kibrisdakik.com\/?p=8943\" \/>\n<meta property=\"article:published_time\" content=\"2023-06-17T09:12:20+00:00\" \/>\n<meta property=\"og:image\" content=\"https:\/\/kibrisdakik.com\/wp-content\/uploads\/2023\/02\/Trafik-Kazasi_polis-logolu.png\" \/>\n\t<meta property=\"og:image:width\" content=\"736\" \/>\n\t<meta property=\"og:image:height\" content=\"384\" \/>\n\t<meta property=\"og:image:type\" content=\"image\/png\" \/>\n<meta name=\"author\" content=\"admin\" \/>\n<meta name=\"twitter:card\" content=\"summary_large_image\" \/>\n<meta name=\"twitter:label1\" content=\"Yazan:\" \/>\n\t<meta name=\"twitter:data1\" content=\"admin\" \/>\n\t<meta name=\"twitter:label2\" content=\"Tahmini okuma s\u00fcresi\" \/>\n\t<meta name=\"twitter:data2\" content=\"2 dakika\" \/>\n<script type=\"application\/ld+json\" class=\"yoast-schema-graph\">{\"@context\":\"https:\\\/\\\/schema.org\",\"@graph\":[{\"@type\":\"Article\",\"@id\":\"https:\\\/\\\/kibrisdakik.com\\\/?p=8943#article\",\"isPartOf\":{\"@id\":\"https:\\\/\\\/kibrisdakik.com\\\/?p=8943\"},\"author\":{\"name\":\"admin\",\"@id\":\"https:\\\/\\\/kibrisdakik.com\\\/#\\\/schema\\\/person\\\/9cd9d437bbb44f72b73ba127e06d8e79\"},\"headline\":\"Girne\u2019de iki ayr\u0131 yerde alkoll\u00fc ara\u00e7 kullanan \u015fah\u0131slar kaza yapt\u0131\",\"datePublished\":\"2023-06-17T09:12:20+00:00\",\"mainEntityOfPage\":{\"@id\":\"https:\\\/\\\/kibrisdakik.com\\\/?p=8943\"},\"wordCount\":343,\"commentCount\":0,\"image\":{\"@id\":\"https:\\\/\\\/kibrisdakik.com\\\/?p=8943#primaryimage\"},\"thumbnailUrl\":\"https:\\\/\\\/kibrisdakik.com\\\/wp-content\\\/uploads\\\/2023\\\/02\\\/Trafik-Kazasi_polis-logolu.png\",\"articleSection\":[\"G\u00fcndem\"],\"inLanguage\":\"tr\",\"potentialAction\":[{\"@type\":\"CommentAction\",\"name\":\"Comment\",\"target\":[\"https:\\\/\\\/kibrisdakik.com\\\/?p=8943#respond\"]}]},{\"@type\":\"WebPage\",\"@id\":\"https:\\\/\\\/kibrisdakik.com\\\/?p=8943\",\"url\":\"https:\\\/\\\/kibrisdakik.com\\\/?p=8943\",\"name\":\"Girne\u2019de iki ayr\u0131 yerde alkoll\u00fc ara\u00e7 kullanan \u015fah\u0131slar kaza yapt\u0131 -\",\"isPartOf\":{\"@id\":\"https:\\\/\\\/kibrisdakik.com\\\/#website\"},\"primaryImageOfPage\":{\"@id\":\"https:\\\/\\\/kibrisdakik.com\\\/?p=8943#primaryimage\"},\"image\":{\"@id\":\"https:\\\/\\\/kibrisdakik.com\\\/?p=8943#primaryimage\"},\"thumbnailUrl\":\"https:\\\/\\\/kibrisdakik.com\\\/wp-content\\\/uploads\\\/2023\\\/02\\\/Trafik-Kazasi_polis-logolu.png\",\"datePublished\":\"2023-06-17T09:12:20+00:00\",\"author\":{\"@id\":\"https:\\\/\\\/kibrisdakik.com\\\/#\\\/schema\\\/person\\\/9cd9d437bbb44f72b73ba127e06d8e79\"},\"breadcrumb\":{\"@id\":\"https:\\\/\\\/kibrisdakik.com\\\/?p=8943#breadcrumb\"},\"inLanguage\":\"tr\",\"potentialAction\":[{\"@type\":\"ReadAction\",\"target\":[\"https:\\\/\\\/kibrisdakik.com\\\/?p=8943\"]}]},{\"@type\":\"ImageObject\",\"inLanguage\":\"tr\",\"@id\":\"https:\\\/\\\/kibrisdakik.com\\\/?p=8943#primaryimage\",\"url\":\"https:\\\/\\\/kibrisdakik.com\\\/wp-content\\\/uploads\\\/2023\\\/02\\\/Trafik-Kazasi_polis-logolu.png\",\"contentUrl\":\"https:\\\/\\\/kibrisdakik.com\\\/wp-content\\\/uploads\\\/2023\\\/02\\\/Trafik-Kazasi_polis-logolu.png\",\"width\":736,\"height\":384},{\"@type\":\"BreadcrumbList\",\"@id\":\"https:\\\/\\\/kibrisdakik.com\\\/?p=8943#breadcrumb\",\"itemListElement\":[{\"@type\":\"ListItem\",\"position\":1,\"name\":\"Home\",\"item\":\"https:\\\/\\\/kibrisdakik.com\\\/\"},{\"@type\":\"ListItem\",\"position\":2,\"name\":\"Girne\u2019de iki ayr\u0131 yerde alkoll\u00fc ara\u00e7 kullanan \u015fah\u0131slar kaza yapt\u0131\"}]},{\"@type\":\"WebSite\",\"@id\":\"https:\\\/\\\/kibrisdakik.com\\\/#website\",\"url\":\"https:\\\/\\\/kibrisdakik.com\\\/\",\"name\":\"\",\"description\":\"Tam vaktinde haber\",\"potentialAction\":[{\"@type\":\"SearchAction\",\"target\":{\"@type\":\"EntryPoint\",\"urlTemplate\":\"https:\\\/\\\/kibrisdakik.com\\\/?s={search_term_string}\"},\"query-input\":{\"@type\":\"PropertyValueSpecification\",\"valueRequired\":true,\"valueName\":\"search_term_string\"}}],\"inLanguage\":\"tr\"},{\"@type\":\"Person\",\"@id\":\"https:\\\/\\\/kibrisdakik.com\\\/#\\\/schema\\\/person\\\/9cd9d437bbb44f72b73ba127e06d8e79\",\"name\":\"admin\",\"image\":{\"@type\":\"ImageObject\",\"inLanguage\":\"tr\",\"@id\":\"https:\\\/\\\/secure.gravatar.com\\\/avatar\\\/ccc17943b9d660506c869530f897617f7cb1c21a4bf30023f252596d83e1f007?s=96&d=mm&r=g\",\"url\":\"https:\\\/\\\/secure.gravatar.com\\\/avatar\\\/ccc17943b9d660506c869530f897617f7cb1c21a4bf30023f252596d83e1f007?s=96&d=mm&r=g\",\"contentUrl\":\"https:\\\/\\\/secure.gravatar.com\\\/avatar\\\/ccc17943b9d660506c869530f897617f7cb1c21a4bf30023f252596d83e1f007?s=96&d=mm&r=g\",\"caption\":\"admin\"},\"sameAs\":[\"https:\\\/\\\/kibrisdakik.com\"],\"url\":\"https:\\\/\\\/kibrisdakik.com\\\/?author=1\"}]}<\/script>\n<!-- \/ Yoast SEO plugin. -->","yoast_head_json":{"title":"Girne\u2019de iki ayr\u0131 yerde alkoll\u00fc ara\u00e7 kullanan \u015fah\u0131slar kaza yapt\u0131 -","robots":{"index":"index","follow":"follow","max-snippet":"max-snippet:-1","max-image-preview":"max-image-preview:large","max-video-preview":"max-video-preview:-1"},"canonical":"https:\/\/kibrisdakik.com\/?p=8943","og_locale":"tr_TR","og_type":"article","og_title":"Girne\u2019de iki ayr\u0131 yerde alkoll\u00fc ara\u00e7 kullanan \u015fah\u0131slar kaza yapt\u0131 -","og_description":"Girne\u2019de sabaha kar\u015f\u0131 meydana gelen ve iki alkoll\u00fc s\u00fcr\u00fcc\u00fcn\u00fcn kar\u0131\u015ft\u0131\u011f\u0131 iki ayr\u0131 kazada d\u00f6rt ki\u015fi yaraland\u0131. Polis Bas\u0131n Subayl\u0131\u011f\u0131ndan yap\u0131lan yaz\u0131l\u0131 a\u00e7\u0131klamada, ilk kazan\u0131n saat 04.15 s\u0131ralar\u0131nda, \u00c7atalk\u00f6y\u2019de meydana geldi\u011fi; Simge Kalyoncu\u2019nun (K-25) 117 mlgr alkoll\u00fc i\u00e7ki tesiri alt\u0131nda kulland\u0131\u011f\u0131 LL 366 plakal\u0131 ara\u00e7 ile caddeye dikkatsizce giri\u015f yapmas\u0131 ve o esnada anayol \u00fczerinde bat\u0131","og_url":"https:\/\/kibrisdakik.com\/?p=8943","article_published_time":"2023-06-17T09:12:20+00:00","og_image":[{"width":736,"height":384,"url":"https:\/\/kibrisdakik.com\/wp-content\/uploads\/2023\/02\/Trafik-Kazasi_polis-logolu.png","type":"image\/png"}],"author":"admin","twitter_card":"summary_large_image","twitter_misc":{"Yazan:":"admin","Tahmini okuma s\u00fcresi":"2 dakika"},"schema":{"@context":"https:\/\/schema.org","@graph":[{"@type":"Article","@id":"https:\/\/kibrisdakik.com\/?p=8943#article","isPartOf":{"@id":"https:\/\/kibrisdakik.com\/?p=8943"},"author":{"name":"admin","@id":"https:\/\/kibrisdakik.com\/#\/schema\/person\/9cd9d437bbb44f72b73ba127e06d8e79"},"headline":"Girne\u2019de iki ayr\u0131 yerde alkoll\u00fc ara\u00e7 kullanan \u015fah\u0131slar kaza yapt\u0131","datePublished":"2023-06-17T09:12:20+00:00","mainEntityOfPage":{"@id":"https:\/\/kibrisdakik.com\/?p=8943"},"wordCount":343,"commentCount":0,"image":{"@id":"https:\/\/kibrisdakik.com\/?p=8943#primaryimage"},"thumbnailUrl":"https:\/\/kibrisdakik.com\/wp-content\/uploads\/2023\/02\/Trafik-Kazasi_polis-logolu.png","articleSection":["G\u00fcndem"],"inLanguage":"tr","potentialAction":[{"@type":"CommentAction","name":"Comment","target":["https:\/\/kibrisdakik.com\/?p=8943#respond"]}]},{"@type":"WebPage","@id":"https:\/\/kibrisdakik.com\/?p=8943","url":"https:\/\/kibrisdakik.com\/?p=8943","name":"Girne\u2019de iki ayr\u0131 yerde alkoll\u00fc ara\u00e7 kullanan \u015fah\u0131slar kaza yapt\u0131 -","isPartOf":{"@id":"https:\/\/kibrisdakik.com\/#website"},"primaryImageOfPage":{"@id":"https:\/\/kibrisdakik.com\/?p=8943#primaryimage"},"image":{"@id":"https:\/\/kibrisdakik.com\/?p=8943#primaryimage"},"thumbnailUrl":"https:\/\/kibrisdakik.com\/wp-content\/uploads\/2023\/02\/Trafik-Kazasi_polis-logolu.png","datePublished":"2023-06-17T09:12:20+00:00","author":{"@id":"https:\/\/kibrisdakik.com\/#\/schema\/person\/9cd9d437bbb44f72b73ba127e06d8e79"},"breadcrumb":{"@id":"https:\/\/kibrisdakik.com\/?p=8943#breadcrumb"},"inLanguage":"tr","potentialAction":[{"@type":"ReadAction","target":["https:\/\/kibrisdakik.com\/?p=8943"]}]},{"@type":"ImageObject","inLanguage":"tr","@id":"https:\/\/kibrisdakik.com\/?p=8943#primaryimage","url":"https:\/\/kibrisdakik.com\/wp-content\/uploads\/2023\/02\/Trafik-Kazasi_polis-logolu.png","contentUrl":"https:\/\/kibrisdakik.com\/wp-content\/uploads\/2023\/02\/Trafik-Kazasi_polis-logolu.png","width":736,"height":384},{"@type":"BreadcrumbList","@id":"https:\/\/kibrisdakik.com\/?p=8943#breadcrumb","itemListElement":[{"@type":"ListItem","position":1,"name":"Home","item":"https:\/\/kibrisdakik.com\/"},{"@type":"ListItem","position":2,"name":"Girne\u2019de iki ayr\u0131 yerde alkoll\u00fc ara\u00e7 kullanan \u015fah\u0131slar kaza yapt\u0131"}]},{"@type":"WebSite","@id":"https:\/\/kibrisdakik.com\/#website","url":"https:\/\/kibrisdakik.com\/","name":"","description":"Tam vaktinde haber","potentialAction":[{"@type":"SearchAction","target":{"@type":"EntryPoint","urlTemplate":"https:\/\/kibrisdakik.com\/?s={search_term_string}"},"query-input":{"@type":"PropertyValueSpecification","valueRequired":true,"valueName":"search_term_string"}}],"inLanguage":"tr"},{"@type":"Person","@id":"https:\/\/kibrisdakik.com\/#\/schema\/person\/9cd9d437bbb44f72b73ba127e06d8e79","name":"admin","image":{"@type":"ImageObject","inLanguage":"tr","@id":"https:\/\/secure.gravatar.com\/avatar\/ccc17943b9d660506c869530f897617f7cb1c21a4bf30023f252596d83e1f007?s=96&d=mm&r=g","url":"https:\/\/secure.gravatar.com\/avatar\/ccc17943b9d660506c869530f897617f7cb1c21a4bf30023f252596d83e1f007?s=96&d=mm&r=g","contentUrl":"https:\/\/secure.gravatar.com\/avatar\/ccc17943b9d660506c869530f897617f7cb1c21a4bf30023f252596d83e1f007?s=96&d=mm&r=g","caption":"admin"},"sameAs":["https:\/\/kibrisdakik.com"],"url":"https:\/\/kibrisdakik.com\/?author=1"}]}},"_links":{"self":[{"href":"https:\/\/kibrisdakik.com\/index.php?rest_route=\/wp\/v2\/posts\/8943","targetHints":{"allow":["GET"]}}],"collection":[{"href":"https:\/\/kibrisdakik.com\/index.php?rest_route=\/wp\/v2\/posts"}],"about":[{"href":"https:\/\/kibrisdakik.com\/index.php?rest_route=\/wp\/v2\/types\/post"}],"author":[{"embeddable":true,"href":"https:\/\/kibrisdakik.com\/index.php?rest_route=\/wp\/v2\/users\/1"}],"replies":[{"embeddable":true,"href":"https:\/\/kibrisdakik.com\/index.php?rest_route=%2Fwp%2Fv2%2Fcomments&post=8943"}],"version-history":[{"count":0,"href":"https:\/\/kibrisdakik.com\/index.php?rest_route=\/wp\/v2\/posts\/8943\/revisions"}],"wp:featuredmedia":[{"embeddable":true,"href":"https:\/\/kibrisdakik.com\/index.php?rest_route=\/wp\/v2\/media\/1779"}],"wp:attachment":[{"href":"https:\/\/kibrisdakik.com\/index.php?rest_route=%2Fwp%2Fv2%2Fmedia&parent=8943"}],"wp:term":[{"taxonomy":"category","embeddable":true,"href":"https:\/\/kibrisdakik.com\/index.php?rest_route=%2Fwp%2Fv2%2Fcategories&post=8943"},{"taxonomy":"post_tag","embeddable":true,"href":"https:\/\/kibrisdakik.com\/index.php?rest_route=%2Fwp%2Fv2%2Ftags&post=8943"}],"curies":[{"name":"wp","href":"https:\/\/api.w.org\/{rel}","templated":true}]}}