{"id":89446,"date":"2025-08-20T16:37:14","date_gmt":"2025-08-20T13:37:14","guid":{"rendered":"https:\/\/kibrisdakik.com\/index.php\/2025\/08\/20\/ktoeos-ogretmen-atamalari-secim-yasaklariyla-engelleniyor\/"},"modified":"2025-08-20T16:37:14","modified_gmt":"2025-08-20T13:37:14","slug":"ktoeos-ogretmen-atamalari-secim-yasaklariyla-engelleniyor","status":"publish","type":"post","link":"https:\/\/kibrisdakik.com\/?p=89446","title":{"rendered":"KTOE\u00d6S: \u00d6\u011eRETMEN ATAMALARI SE\u00c7\u0130M YASAKLARIYLA ENGELLEN\u0130YOR"},"content":{"rendered":"<p> <br \/>\n<br \/><\/p>\n<div data-text-id=\"182945\" property=\"articleBody\">\n<p>K\u0131br\u0131s T\u00fcrk Orta E\u011fitim \u00d6\u011fretmenler Sendikas\u0131 (KTOE\u00d6S) Ba\u015fkan\u0131 Selma Eylem, kendileri \u00f6\u011fretmen atamalar\u0131n\u0131n se\u00e7im yasaklar\u0131 gerek\u00e7esiyle yap\u0131lamayaca\u011f\u0131 konusunda g\u00f6r\u00fc\u015fmeler yaparken, E\u011fitim Bakanl\u0131\u011f\u0131\u2019n\u0131n ge\u00e7ici g\u00f6revlendirmeler i\u00e7in \u00f6\u011fretmenleri aramaya ba\u015flad\u0131\u011f\u0131n\u0131 ve ivedilikle g\u00f6revlendirme i\u015flemleri i\u00e7in Bakanl\u0131\u011fa \u00e7a\u011f\u0131rd\u0131\u011f\u0131n\u0131 savundu.<\/p>\n<p>KTOE\u00d6S Ba\u015fkan\u0131 Selma Eylem, yapt\u0131\u011f\u0131 yaz\u0131l\u0131 a\u00e7\u0131klamada, bug\u00fcn Sendika yetkililerinin KHK Ba\u015fkan\u0131 \u00d6mer K\u00f6seo\u011flu ile birlikte Y\u00fcksek Mahkeme Ba\u015fkan\u0131 Bertan \u00d6zerda\u011f ile Genel Orta \u00d6\u011fretim Dairesi ve Mesleki Teknik \u00d6\u011fretim Dairesi&#8217;ne ba\u011fl\u0131 okullara \u00f6\u011fretmen atamalar\u0131n\u0131n se\u00e7im yasaklar\u0131 gerek\u00e7esiyle atanamayaca\u011f\u0131 konusunda g\u00f6r\u00fc\u015fme yapt\u0131klar\u0131n\u0131 hat\u0131rlatt\u0131.<\/p>\n<p>Y\u00fcksek Mahkeme Ba\u015fkan\u0131\u2019n\u0131n se\u00e7im yasaklar\u0131yla ilgili Meclis\u2019in karar alarak \u00e7\u00f6z\u00fcm \u00fcretebilece\u011fi g\u00f6r\u00fc\u015f\u00fc \u00fczerine Ba\u015fbakan&#8217;\u0131n m\u00fcste\u015far\u0131 ve ana muhalefet CTP Genel Ba\u015fkan\u0131&#8217;yla g\u00f6r\u00fc\u015fmeler yapt\u0131klar\u0131n\u0131 belirten Eylem, \u201cBa\u015fbakan&#8217;\u0131n i\u00e7eride olmamas\u0131 sebebiyle g\u00f6r\u00fc\u015f\u00fclen m\u00fcste\u015far konuyla ilgili Ba\u015fbakan&#8217;a ivedilikle bilgi verece\u011fini iletmi\u015ftir. CTP Ba\u015fkan\u0131 Say\u0131n Tufan Erh\u00fcrman ise bu konuda at\u0131lacak ad\u0131ma destek olacaklar\u0131n\u0131 ifade etmi\u015ftir.\u201d dedi.<\/p>\n<p>-\u201cAtamayla de\u011fil torpille \u00f6\u011fretmen g\u00f6revlendirmeyi \u0131srarla dayatan E\u011fitim Bakan\u0131\u2019d\u0131r\u201d<\/p>\n<p>T\u00fcm bu geli\u015fmeler ya\u015fan\u0131rken E\u011fitim Bakanl\u0131\u011f\u0131\u2019n\u0131n ge\u00e7ici g\u00f6revlendirmeler i\u00e7in \u00f6\u011fretmenleri aramaya ba\u015flad\u0131\u011f\u0131n\u0131 ve ivedilikle g\u00f6revlendirme i\u015flemleri i\u00e7in Bakanl\u0131\u011fa \u00e7a\u011f\u0131rd\u0131\u011f\u0131n\u0131 savunan Selma Eylem, \u201cSorunu \u00e7\u00f6z\u00fclmez gibi g\u00f6stererek, adaletsizlik yaratan, atamayla de\u011fil torpille \u00f6\u011fretmen g\u00f6revlendirmeyi \u0131srarla dayatan E\u011fitim Bakan\u0131\u2019d\u0131r.\u201d iddias\u0131nda bulundu.<\/p>\n<p>Eylem, g\u00f6reve davet etti\u011fi Ba\u015fbakan\u2019a \u201cAtama i\u00e7in \u00e7\u00f6z\u00fcm \u00fcretebilecekken ge\u00e7icilikle, torpille okullar\u0131m\u0131z\u0131n doldurulmas\u0131ndan, atanacaklar\u0131n hakk\u0131n\u0131n g\u00f6z g\u00f6re g\u00f6re gasp edilmesinden vicdan\u0131n\u0131z rahat m\u0131d\u0131r? H\u00fck\u00fcmetin ba\u015f\u0131 siz misiniz, E\u011fitim Bakan\u0131 m\u0131? H\u00fck\u00fcmet ad\u0131na kararlar\u0131 E\u011fitim Bakan\u0131 m\u0131 vermektedir? E\u011fitimde, okullarda kaosun artarak devam edece\u011finin fark\u0131nda de\u011fil misiniz?\u201d sorular\u0131n\u0131 da y\u00f6neltti.<\/p>\n<\/p><\/div>\n<p><br \/>\n<br \/><a href=\"[kibrisdakik.com]\n<\/p>\n","protected":false},"excerpt":{"rendered":"<p>K\u0131br\u0131s T\u00fcrk Orta E\u011fitim \u00d6\u011fretmenler Sendikas\u0131 (KTOE\u00d6S) Ba\u015fkan\u0131 Selma Eylem, kendileri \u00f6\u011fretmen atamalar\u0131n\u0131n se\u00e7im yasaklar\u0131 gerek\u00e7esiyle yap\u0131lamayaca\u011f\u0131 konusunda g\u00f6r\u00fc\u015fmeler yaparken, E\u011fitim Bakanl\u0131\u011f\u0131\u2019n\u0131n ge\u00e7ici g\u00f6revlendirmeler i\u00e7in \u00f6\u011fretmenleri aramaya ba\u015flad\u0131\u011f\u0131n\u0131 ve ivedilikle g\u00f6revlendirme i\u015flemleri i\u00e7in Bakanl\u0131\u011fa \u00e7a\u011f\u0131rd\u0131\u011f\u0131n\u0131 savundu. KTOE\u00d6S Ba\u015fkan\u0131 Selma Eylem, yapt\u0131\u011f\u0131 yaz\u0131l\u0131 a\u00e7\u0131klamada, bug\u00fcn Sendika yetkililerinin KHK Ba\u015fkan\u0131 \u00d6mer K\u00f6seo\u011flu ile birlikte Y\u00fcksek Mahkeme Ba\u015fkan\u0131<\/p>\n","protected":false},"author":1,"featured_media":89447,"comment_status":"open","ping_status":"open","sticky":false,"template":"","format":"standard","meta":{"footnotes":""},"categories":[81,101],"tags":[],"class_list":["post-89446","post","type-post","status-publish","format-standard","has-post-thumbnail","hentry","category-kibris","category-manset"],"yoast_head":"<!-- This site is optimized with the Yoast SEO plugin v27.5 - https:\/\/yoast.com\/product\/yoast-seo-wordpress\/ -->\n<title>KTOE\u00d6S: \u00d6\u011eRETMEN ATAMALARI SE\u00c7\u0130M YASAKLARIYLA ENGELLEN\u0130YOR -<\/title>\n<meta name=\"robots\" content=\"index, follow, max-snippet:-1, max-image-preview:large, max-video-preview:-1\" \/>\n<link rel=\"canonical\" href=\"https:\/\/kibrisdakik.com\/?p=89446\" \/>\n<meta property=\"og:locale\" content=\"tr_TR\" \/>\n<meta property=\"og:type\" content=\"article\" \/>\n<meta property=\"og:title\" content=\"KTOE\u00d6S: \u00d6\u011eRETMEN ATAMALARI SE\u00c7\u0130M YASAKLARIYLA ENGELLEN\u0130YOR -\" \/>\n<meta property=\"og:description\" content=\"K\u0131br\u0131s T\u00fcrk Orta E\u011fitim \u00d6\u011fretmenler Sendikas\u0131 (KTOE\u00d6S) Ba\u015fkan\u0131 Selma Eylem, kendileri \u00f6\u011fretmen atamalar\u0131n\u0131n se\u00e7im yasaklar\u0131 gerek\u00e7esiyle yap\u0131lamayaca\u011f\u0131 konusunda g\u00f6r\u00fc\u015fmeler yaparken, E\u011fitim Bakanl\u0131\u011f\u0131\u2019n\u0131n ge\u00e7ici g\u00f6revlendirmeler i\u00e7in \u00f6\u011fretmenleri aramaya ba\u015flad\u0131\u011f\u0131n\u0131 ve ivedilikle g\u00f6revlendirme i\u015flemleri i\u00e7in Bakanl\u0131\u011fa \u00e7a\u011f\u0131rd\u0131\u011f\u0131n\u0131 savundu. KTOE\u00d6S Ba\u015fkan\u0131 Selma Eylem, yapt\u0131\u011f\u0131 yaz\u0131l\u0131 a\u00e7\u0131klamada, bug\u00fcn Sendika yetkililerinin KHK Ba\u015fkan\u0131 \u00d6mer K\u00f6seo\u011flu ile birlikte Y\u00fcksek Mahkeme Ba\u015fkan\u0131\" \/>\n<meta property=\"og:url\" content=\"https:\/\/kibrisdakik.com\/?p=89446\" \/>\n<meta property=\"article:published_time\" content=\"2025-08-20T13:37:14+00:00\" \/>\n<meta property=\"og:image\" content=\"https:\/\/kibrisdakik.com\/wp-content\/uploads\/2025\/08\/mha-336-740x420.png\" \/>\n\t<meta property=\"og:image:width\" content=\"1280\" \/>\n\t<meta property=\"og:image:height\" content=\"720\" \/>\n\t<meta property=\"og:image:type\" content=\"image\/png\" \/>\n<meta name=\"author\" content=\"admin\" \/>\n<meta name=\"twitter:card\" content=\"summary_large_image\" \/>\n<meta name=\"twitter:label1\" content=\"Yazan:\" \/>\n\t<meta name=\"twitter:data1\" content=\"admin\" \/>\n\t<meta name=\"twitter:label2\" content=\"Tahmini okuma s\u00fcresi\" \/>\n\t<meta name=\"twitter:data2\" content=\"2 dakika\" \/>\n<script type=\"application\/ld+json\" class=\"yoast-schema-graph\">{\"@context\":\"https:\\\/\\\/schema.org\",\"@graph\":[{\"@type\":\"Article\",\"@id\":\"https:\\\/\\\/kibrisdakik.com\\\/?p=89446#article\",\"isPartOf\":{\"@id\":\"https:\\\/\\\/kibrisdakik.com\\\/?p=89446\"},\"author\":{\"name\":\"admin\",\"@id\":\"https:\\\/\\\/kibrisdakik.com\\\/#\\\/schema\\\/person\\\/9cd9d437bbb44f72b73ba127e06d8e79\"},\"headline\":\"KTOE\u00d6S: \u00d6\u011eRETMEN ATAMALARI SE\u00c7\u0130M YASAKLARIYLA ENGELLEN\u0130YOR\",\"datePublished\":\"2025-08-20T13:37:14+00:00\",\"mainEntityOfPage\":{\"@id\":\"https:\\\/\\\/kibrisdakik.com\\\/?p=89446\"},\"wordCount\":390,\"commentCount\":0,\"image\":{\"@id\":\"https:\\\/\\\/kibrisdakik.com\\\/?p=89446#primaryimage\"},\"thumbnailUrl\":\"https:\\\/\\\/kibrisdakik.com\\\/wp-content\\\/uploads\\\/2025\\\/08\\\/mha-336-740x420.png\",\"articleSection\":[\"K\u0131br\u0131s\",\"Man\u015fet\"],\"inLanguage\":\"tr\",\"potentialAction\":[{\"@type\":\"CommentAction\",\"name\":\"Comment\",\"target\":[\"https:\\\/\\\/kibrisdakik.com\\\/?p=89446#respond\"]}]},{\"@type\":\"WebPage\",\"@id\":\"https:\\\/\\\/kibrisdakik.com\\\/?p=89446\",\"url\":\"https:\\\/\\\/kibrisdakik.com\\\/?p=89446\",\"name\":\"KTOE\u00d6S: \u00d6\u011eRETMEN ATAMALARI SE\u00c7\u0130M YASAKLARIYLA ENGELLEN\u0130YOR -\",\"isPartOf\":{\"@id\":\"https:\\\/\\\/kibrisdakik.com\\\/#website\"},\"primaryImageOfPage\":{\"@id\":\"https:\\\/\\\/kibrisdakik.com\\\/?p=89446#primaryimage\"},\"image\":{\"@id\":\"https:\\\/\\\/kibrisdakik.com\\\/?p=89446#primaryimage\"},\"thumbnailUrl\":\"https:\\\/\\\/kibrisdakik.com\\\/wp-content\\\/uploads\\\/2025\\\/08\\\/mha-336-740x420.png\",\"datePublished\":\"2025-08-20T13:37:14+00:00\",\"author\":{\"@id\":\"https:\\\/\\\/kibrisdakik.com\\\/#\\\/schema\\\/person\\\/9cd9d437bbb44f72b73ba127e06d8e79\"},\"breadcrumb\":{\"@id\":\"https:\\\/\\\/kibrisdakik.com\\\/?p=89446#breadcrumb\"},\"inLanguage\":\"tr\",\"potentialAction\":[{\"@type\":\"ReadAction\",\"target\":[\"https:\\\/\\\/kibrisdakik.com\\\/?p=89446\"]}]},{\"@type\":\"ImageObject\",\"inLanguage\":\"tr\",\"@id\":\"https:\\\/\\\/kibrisdakik.com\\\/?p=89446#primaryimage\",\"url\":\"https:\\\/\\\/kibrisdakik.com\\\/wp-content\\\/uploads\\\/2025\\\/08\\\/mha-336-740x420.png\",\"contentUrl\":\"https:\\\/\\\/kibrisdakik.com\\\/wp-content\\\/uploads\\\/2025\\\/08\\\/mha-336-740x420.png\",\"width\":1280,\"height\":720},{\"@type\":\"BreadcrumbList\",\"@id\":\"https:\\\/\\\/kibrisdakik.com\\\/?p=89446#breadcrumb\",\"itemListElement\":[{\"@type\":\"ListItem\",\"position\":1,\"name\":\"Home\",\"item\":\"https:\\\/\\\/kibrisdakik.com\\\/\"},{\"@type\":\"ListItem\",\"position\":2,\"name\":\"KTOE\u00d6S: \u00d6\u011eRETMEN ATAMALARI SE\u00c7\u0130M YASAKLARIYLA ENGELLEN\u0130YOR\"}]},{\"@type\":\"WebSite\",\"@id\":\"https:\\\/\\\/kibrisdakik.com\\\/#website\",\"url\":\"https:\\\/\\\/kibrisdakik.com\\\/\",\"name\":\"\",\"description\":\"Tam vaktinde haber\",\"potentialAction\":[{\"@type\":\"SearchAction\",\"target\":{\"@type\":\"EntryPoint\",\"urlTemplate\":\"https:\\\/\\\/kibrisdakik.com\\\/?s={search_term_string}\"},\"query-input\":{\"@type\":\"PropertyValueSpecification\",\"valueRequired\":true,\"valueName\":\"search_term_string\"}}],\"inLanguage\":\"tr\"},{\"@type\":\"Person\",\"@id\":\"https:\\\/\\\/kibrisdakik.com\\\/#\\\/schema\\\/person\\\/9cd9d437bbb44f72b73ba127e06d8e79\",\"name\":\"admin\",\"image\":{\"@type\":\"ImageObject\",\"inLanguage\":\"tr\",\"@id\":\"https:\\\/\\\/secure.gravatar.com\\\/avatar\\\/ccc17943b9d660506c869530f897617f7cb1c21a4bf30023f252596d83e1f007?s=96&d=mm&r=g\",\"url\":\"https:\\\/\\\/secure.gravatar.com\\\/avatar\\\/ccc17943b9d660506c869530f897617f7cb1c21a4bf30023f252596d83e1f007?s=96&d=mm&r=g\",\"contentUrl\":\"https:\\\/\\\/secure.gravatar.com\\\/avatar\\\/ccc17943b9d660506c869530f897617f7cb1c21a4bf30023f252596d83e1f007?s=96&d=mm&r=g\",\"caption\":\"admin\"},\"sameAs\":[\"https:\\\/\\\/kibrisdakik.com\"],\"url\":\"https:\\\/\\\/kibrisdakik.com\\\/?author=1\"}]}<\/script>\n<!-- \/ Yoast SEO plugin. -->","yoast_head_json":{"title":"KTOE\u00d6S: \u00d6\u011eRETMEN ATAMALARI SE\u00c7\u0130M YASAKLARIYLA ENGELLEN\u0130YOR -","robots":{"index":"index","follow":"follow","max-snippet":"max-snippet:-1","max-image-preview":"max-image-preview:large","max-video-preview":"max-video-preview:-1"},"canonical":"https:\/\/kibrisdakik.com\/?p=89446","og_locale":"tr_TR","og_type":"article","og_title":"KTOE\u00d6S: \u00d6\u011eRETMEN ATAMALARI SE\u00c7\u0130M YASAKLARIYLA ENGELLEN\u0130YOR -","og_description":"K\u0131br\u0131s T\u00fcrk Orta E\u011fitim \u00d6\u011fretmenler Sendikas\u0131 (KTOE\u00d6S) Ba\u015fkan\u0131 Selma Eylem, kendileri \u00f6\u011fretmen atamalar\u0131n\u0131n se\u00e7im yasaklar\u0131 gerek\u00e7esiyle yap\u0131lamayaca\u011f\u0131 konusunda g\u00f6r\u00fc\u015fmeler yaparken, E\u011fitim Bakanl\u0131\u011f\u0131\u2019n\u0131n ge\u00e7ici g\u00f6revlendirmeler i\u00e7in \u00f6\u011fretmenleri aramaya ba\u015flad\u0131\u011f\u0131n\u0131 ve ivedilikle g\u00f6revlendirme i\u015flemleri i\u00e7in Bakanl\u0131\u011fa \u00e7a\u011f\u0131rd\u0131\u011f\u0131n\u0131 savundu. KTOE\u00d6S Ba\u015fkan\u0131 Selma Eylem, yapt\u0131\u011f\u0131 yaz\u0131l\u0131 a\u00e7\u0131klamada, bug\u00fcn Sendika yetkililerinin KHK Ba\u015fkan\u0131 \u00d6mer K\u00f6seo\u011flu ile birlikte Y\u00fcksek Mahkeme Ba\u015fkan\u0131","og_url":"https:\/\/kibrisdakik.com\/?p=89446","article_published_time":"2025-08-20T13:37:14+00:00","og_image":[{"width":1280,"height":720,"url":"https:\/\/kibrisdakik.com\/wp-content\/uploads\/2025\/08\/mha-336-740x420.png","type":"image\/png"}],"author":"admin","twitter_card":"summary_large_image","twitter_misc":{"Yazan:":"admin","Tahmini okuma s\u00fcresi":"2 dakika"},"schema":{"@context":"https:\/\/schema.org","@graph":[{"@type":"Article","@id":"https:\/\/kibrisdakik.com\/?p=89446#article","isPartOf":{"@id":"https:\/\/kibrisdakik.com\/?p=89446"},"author":{"name":"admin","@id":"https:\/\/kibrisdakik.com\/#\/schema\/person\/9cd9d437bbb44f72b73ba127e06d8e79"},"headline":"KTOE\u00d6S: \u00d6\u011eRETMEN ATAMALARI SE\u00c7\u0130M YASAKLARIYLA ENGELLEN\u0130YOR","datePublished":"2025-08-20T13:37:14+00:00","mainEntityOfPage":{"@id":"https:\/\/kibrisdakik.com\/?p=89446"},"wordCount":390,"commentCount":0,"image":{"@id":"https:\/\/kibrisdakik.com\/?p=89446#primaryimage"},"thumbnailUrl":"https:\/\/kibrisdakik.com\/wp-content\/uploads\/2025\/08\/mha-336-740x420.png","articleSection":["K\u0131br\u0131s","Man\u015fet"],"inLanguage":"tr","potentialAction":[{"@type":"CommentAction","name":"Comment","target":["https:\/\/kibrisdakik.com\/?p=89446#respond"]}]},{"@type":"WebPage","@id":"https:\/\/kibrisdakik.com\/?p=89446","url":"https:\/\/kibrisdakik.com\/?p=89446","name":"KTOE\u00d6S: \u00d6\u011eRETMEN ATAMALARI SE\u00c7\u0130M YASAKLARIYLA ENGELLEN\u0130YOR -","isPartOf":{"@id":"https:\/\/kibrisdakik.com\/#website"},"primaryImageOfPage":{"@id":"https:\/\/kibrisdakik.com\/?p=89446#primaryimage"},"image":{"@id":"https:\/\/kibrisdakik.com\/?p=89446#primaryimage"},"thumbnailUrl":"https:\/\/kibrisdakik.com\/wp-content\/uploads\/2025\/08\/mha-336-740x420.png","datePublished":"2025-08-20T13:37:14+00:00","author":{"@id":"https:\/\/kibrisdakik.com\/#\/schema\/person\/9cd9d437bbb44f72b73ba127e06d8e79"},"breadcrumb":{"@id":"https:\/\/kibrisdakik.com\/?p=89446#breadcrumb"},"inLanguage":"tr","potentialAction":[{"@type":"ReadAction","target":["https:\/\/kibrisdakik.com\/?p=89446"]}]},{"@type":"ImageObject","inLanguage":"tr","@id":"https:\/\/kibrisdakik.com\/?p=89446#primaryimage","url":"https:\/\/kibrisdakik.com\/wp-content\/uploads\/2025\/08\/mha-336-740x420.png","contentUrl":"https:\/\/kibrisdakik.com\/wp-content\/uploads\/2025\/08\/mha-336-740x420.png","width":1280,"height":720},{"@type":"BreadcrumbList","@id":"https:\/\/kibrisdakik.com\/?p=89446#breadcrumb","itemListElement":[{"@type":"ListItem","position":1,"name":"Home","item":"https:\/\/kibrisdakik.com\/"},{"@type":"ListItem","position":2,"name":"KTOE\u00d6S: \u00d6\u011eRETMEN ATAMALARI SE\u00c7\u0130M YASAKLARIYLA ENGELLEN\u0130YOR"}]},{"@type":"WebSite","@id":"https:\/\/kibrisdakik.com\/#website","url":"https:\/\/kibrisdakik.com\/","name":"","description":"Tam vaktinde haber","potentialAction":[{"@type":"SearchAction","target":{"@type":"EntryPoint","urlTemplate":"https:\/\/kibrisdakik.com\/?s={search_term_string}"},"query-input":{"@type":"PropertyValueSpecification","valueRequired":true,"valueName":"search_term_string"}}],"inLanguage":"tr"},{"@type":"Person","@id":"https:\/\/kibrisdakik.com\/#\/schema\/person\/9cd9d437bbb44f72b73ba127e06d8e79","name":"admin","image":{"@type":"ImageObject","inLanguage":"tr","@id":"https:\/\/secure.gravatar.com\/avatar\/ccc17943b9d660506c869530f897617f7cb1c21a4bf30023f252596d83e1f007?s=96&d=mm&r=g","url":"https:\/\/secure.gravatar.com\/avatar\/ccc17943b9d660506c869530f897617f7cb1c21a4bf30023f252596d83e1f007?s=96&d=mm&r=g","contentUrl":"https:\/\/secure.gravatar.com\/avatar\/ccc17943b9d660506c869530f897617f7cb1c21a4bf30023f252596d83e1f007?s=96&d=mm&r=g","caption":"admin"},"sameAs":["https:\/\/kibrisdakik.com"],"url":"https:\/\/kibrisdakik.com\/?author=1"}]}},"_links":{"self":[{"href":"https:\/\/kibrisdakik.com\/index.php?rest_route=\/wp\/v2\/posts\/89446","targetHints":{"allow":["GET"]}}],"collection":[{"href":"https:\/\/kibrisdakik.com\/index.php?rest_route=\/wp\/v2\/posts"}],"about":[{"href":"https:\/\/kibrisdakik.com\/index.php?rest_route=\/wp\/v2\/types\/post"}],"author":[{"embeddable":true,"href":"https:\/\/kibrisdakik.com\/index.php?rest_route=\/wp\/v2\/users\/1"}],"replies":[{"embeddable":true,"href":"https:\/\/kibrisdakik.com\/index.php?rest_route=%2Fwp%2Fv2%2Fcomments&post=89446"}],"version-history":[{"count":0,"href":"https:\/\/kibrisdakik.com\/index.php?rest_route=\/wp\/v2\/posts\/89446\/revisions"}],"wp:featuredmedia":[{"embeddable":true,"href":"https:\/\/kibrisdakik.com\/index.php?rest_route=\/wp\/v2\/media\/89447"}],"wp:attachment":[{"href":"https:\/\/kibrisdakik.com\/index.php?rest_route=%2Fwp%2Fv2%2Fmedia&parent=89446"}],"wp:term":[{"taxonomy":"category","embeddable":true,"href":"https:\/\/kibrisdakik.com\/index.php?rest_route=%2Fwp%2Fv2%2Fcategories&post=89446"},{"taxonomy":"post_tag","embeddable":true,"href":"https:\/\/kibrisdakik.com\/index.php?rest_route=%2Fwp%2Fv2%2Ftags&post=89446"}],"curies":[{"name":"wp","href":"https:\/\/api.w.org\/{rel}","templated":true}]}}