{"id":89478,"date":"2025-08-20T18:21:16","date_gmt":"2025-08-20T15:21:16","guid":{"rendered":"https:\/\/kibrisdakik.com\/index.php\/2025\/08\/20\/makine-ihracati-162-milyar-dolara-yukseldi\/"},"modified":"2025-08-20T18:21:16","modified_gmt":"2025-08-20T15:21:16","slug":"makine-ihracati-162-milyar-dolara-yukseldi","status":"publish","type":"post","link":"https:\/\/kibrisdakik.com\/?p=89478","title":{"rendered":"Makine ihracat\u0131 16,2 milyar dolara y\u00fckseldi"},"content":{"rendered":"<p><\/p>\n<div>\n<p>&#13;<br \/>\n\tMakine \u0130hracat\u00e7\u0131lar\u0131 Birli\u011finden (MA\u0130B) yap\u0131lan a\u00e7\u0131klamada, ocak-temmuz d\u00f6nemi makine imalat sekt\u00f6r\u00fc verileri payla\u015f\u0131ld\u0131.<\/p>\n<p>&#13;<br \/>\n\tVerilere g\u00f6re, s\u00f6z konusu d\u00f6nemde serbest b\u00f6lgeler dahil toplam makine ihracat\u0131 y\u00fczde 0,9 art\u0131\u015fla 16,2 milyar dolara ula\u015ft\u0131. \u0130hracat\u0131 miktar baz\u0131nda y\u00fczde 6,1 azalan sekt\u00f6r, ortalama kilogram fiyatlar\u0131n\u0131 y\u00fczde 6,7 art\u0131\u015fla 7,9 dolara y\u00fckseltti.<\/p>\n<p>&#13;<br \/>\n\tTemmuzda ayl\u0131k bazda y\u00fczde 4,4&#8217;l\u00fck y\u00fckseli\u015f kaydeden sekt\u00f6r\u00fcn, y\u0131ll\u0131kland\u0131r\u0131lm\u0131\u015f verilere g\u00f6re ihracat\u0131 ise y\u00fczde 0,6 art\u0131\u015fla 28,4 milyar dolar oldu. \u0130hracat\u00e7\u0131 Birlikleri kay\u0131tlar\u0131na bak\u0131ld\u0131\u011f\u0131nda ge\u00e7en ay pozitife d\u00f6nen Almanya&#8217;ya makine ihracat\u0131, 7 ayl\u0131k d\u00f6nemde y\u00fczde 1,7 y\u00fckseldi.<\/p>\n<p>&#13;<br \/>\n\tS\u00f6z konusu d\u00f6nemde 1,8 milyar dolarl\u0131k ihracat\u0131n ger\u00e7ekle\u015fti\u011fi Almanya&#8217;n\u0131n ard\u0131ndan, 1 milyar dolarla ABD ikinci s\u0131rada yer ald\u0131. ABD&#8217;ye ayl\u0131k bazda y\u00fczde 9,2&#8217;lik dikkati \u00e7ekici bir ihracat art\u0131\u015f\u0131 kaydedilen temmuzda, Kazakistan&#8217;a ihracat y\u00fczde 46, Fas&#8217;a ise y\u00fczde 37 y\u00fckseldi.<\/p>\n<p>&#13;<br \/>\n\tRusya&#8217;dan sonra en fazla daralma ya\u015fanan pazar Polonya oldu. Temmuzda ambalaj makineleri ile \u0131s\u0131t\u0131c\u0131 ve f\u0131r\u0131nlar\u0131n ihracat\u0131nda y\u00fczde 40&#8217;\u0131n \u00fczerinde art\u0131\u015flar g\u00f6r\u00fcl\u00fcrken, ayl\u0131k bazda en fazla d\u00fc\u015f\u00fc\u015f rulmanlar ile kau\u00e7uk ve plastik i\u015fleme makinelerinde ya\u015fand\u0131. 7 ayl\u0131k d\u00f6nemde en b\u00fcy\u00fck ihracat kalemi y\u00fczde 4,7 art\u0131\u015fla evsel ve end\u00fcstriyel so\u011futma makineleri oldu.<\/p>\n<p>&#13;<br \/>\n\tA\u00e7\u0131klamada g\u00f6r\u00fc\u015flerine yer verilen Makine \u0130hracat\u00e7\u0131lar\u0131 Birli\u011fi Ba\u015fkan\u0131 Kutlu Karavelio\u011flu, ABD-AB g\u00fcmr\u00fck anla\u015fmas\u0131n\u0131n g\u00fc\u00e7 dengelerinde yeni bir mimarinin sanc\u0131l\u0131 do\u011fumu oldu\u011funu ifade etti.<\/p>\n<p>&#13;<br \/>\n\tKaravelio\u011flu, Rusya ile anla\u015famad\u0131klar\u0131 takdirde bu \u00fclke ile ticaret yapan \u00fclkelere ikincil tarifeler uygulayaca\u011f\u0131 tehdidini s\u00fcrd\u00fcren Trump&#8217;\u0131n, bu itibarla Hindistan&#8217;\u0131n g\u00fcmr\u00fck vergisini y\u00fczde 50&#8217;ye y\u00fckseltmesinin vergi silah\u0131n\u0131 \u00e7ekinmeden kullanmaya devam edece\u011fini g\u00f6sterdi\u011fini kaydetti.<\/p>\n<p>&#13;<br \/>\n\tS\u00fcreci el y\u00fckselterek a\u00e7an ama m\u00fczakere masas\u0131nda ABD\u2019nin bask\u0131lar\u0131na boyun e\u011fen AB&#8217;nin belirsizli\u011fin maliyetine katlanmaktansa zaten y\u00fcksek olan kazanc\u0131ndan fedakarl\u0131k etmeyi kabullenerek pragmatik bir yakla\u015f\u0131m sergiledi\u011fine i\u015faret eden Karavelio\u011flu, \u015funlar\u0131 aktard\u0131:<\/p>\n<p>&#13;<br \/>\n\t&#8220;Transatlantik ticareti iyile\u015ftirmek gayesine dayand\u0131rd\u0131\u011f\u0131 tavizler, ticari entegrasyonumuzun en fazla oldu\u011fu bu k\u0131tan\u0131n sanayi ve imalat sekt\u00f6r\u00fcne y\u00fcksek mali k\u00fclfetler getirece\u011finden bizim gibi ana tedarik\u00e7ilerini de etkileyecek. Fakat yap\u0131lan anla\u015fman\u0131n, makine ihracat\u0131m\u0131z i\u00e7in kritik \u00f6nemdeki Almanya&#8217;y\u0131 g\u00f6reli olarak korudu\u011funu d\u00fc\u015f\u00fcn\u00fcyor ve bu \u00fclkeye ihracat\u0131m\u0131zda yak\u0131n vadede olumsuz bir tablo ya\u015fanmayaca\u011f\u0131n\u0131 \u00f6ng\u00f6r\u00fcyoruz.&#8221;<\/p>\n<h2>&#13;<br \/>\n\t&#8220;DT\u00d6&#8217;n\u00fcn d\u00fcnya mal ticaretinde nominal art\u0131\u015f olaca\u011f\u0131 \u00f6ng\u00f6r\u00fcs\u00fc ve resesyon beklentilerinin geri \u00e7ekilmesi olumlu&#8221;<\/h2>\n<p>&#13;<br \/>\n\tKutlu Karavelio\u011flu, belirlenen tarifelerin enflasyonist etkilerinin s\u0131n\u0131rl\u0131 kalmas\u0131n\u0131n, merkez bankalar\u0131n\u0131n parasal gev\u015feme ad\u0131mlar\u0131n\u0131 s\u00fcrd\u00fcrmesine imkan tan\u0131yacak gibi g\u00f6r\u00fcnse de yat\u0131r\u0131m ve sanayi ikliminin hala k\u0131r\u0131lgan oldu\u011funu ifade etti.<\/p>\n<p>&#13;<br \/>\n\tK\u00fcresel sanayi PMI&#8217;\u0131n temmuz ay\u0131nda yeniden daralma b\u00f6lgesine inmesinin ticaret m\u00fczakereleri ve tarife belirsizliklerinin reel \u00fcretimi tahminlerin \u00f6tesinde bask\u0131lad\u0131\u011f\u0131n\u0131 g\u00f6sterdi\u011fini kaydeden Karavelio\u011flu, &#8220;Bu a\u00e7\u0131dan DT\u00d6&#8217;n\u00fcn d\u00fcnya mal ticaretinde nominal art\u0131\u015f olaca\u011f\u0131 \u00f6ng\u00f6r\u00fcs\u00fc ve resesyon beklentilerinin geri \u00e7ekilmesi olumlu. Ancak sipari\u015flerde devam eden d\u00fc\u015f\u00fc\u015f, tarifelerin netle\u015fmesiyle yeni bir d\u00f6neme girilecek olsa da \u00fcretim, yat\u0131r\u0131m ve istihdam \u00fczerindeki bask\u0131n\u0131n bir m\u00fcddet daha s\u00fcrece\u011fine i\u015faret ediyor.&#8221; de\u011ferlendirmesinde bulundu.<\/p>\n<p>&#13;<br \/>\n\tAvrupa Komisyonu&#8217;nun ithalat\u0131 normalin d\u0131\u015f\u0131nda b\u00fcy\u00fcyen mal gruplar\u0131 ve mahre\u00e7 \u00fclkeleri belirlemek \u00fczere olu\u015fturdu\u011fu \u0130thalat G\u00f6zetim \u00c7al\u0131\u015fma Grubu&#8217;nun 3&#8217;\u00fcnc\u00fc \u0131s\u0131 haritas\u0131 raporunu ele alan Karavelio\u011flu, \u015funlar\u0131 kaydetti:<\/p>\n<p>&#13;<br \/>\n\t&#8220;ABD&#8217;nin ilave g\u00fcmr\u00fck vergileri ve ithalat k\u0131s\u0131tlamalar\u0131n\u0131n, kendisine y\u00f6nelen mallarda ola\u011fan d\u0131\u015f\u0131 art\u0131\u015fa yol a\u00e7mas\u0131ndan \u00e7ekinen AB, bizim uzun zamand\u0131r yurt i\u00e7inde dillendirdi\u011fimiz bir \u00f6nlemi ivedilikle hayata ge\u00e7irdi ve periyodik bir \u0131s\u0131 haritas\u0131yla hareketlenen rotalar\u0131 ve mal gruplar\u0131n\u0131 analiz etmeye ba\u015flad\u0131. Daha \u00f6nce \u00e7elikte oldu\u011fu gibi bu incelemelere dayanarak i\u00e7 pazar\u0131na sistemli bi\u00e7imde taarruz eden mallara kar\u015f\u0131 ticari \u00f6nlemler uygulayacak.<\/p>\n<p>&#13;<br \/>\n\tAB&#8217;ye kalite ve normlar \u00fczerinden entegre olmu\u015f sanayimizle herhangi bir tehdit olu\u015fturmayaca\u011f\u0131m\u0131z bilinmekle birlikte, takip edilen \u00fclkeler aras\u0131na al\u0131nmam\u0131z, gerek g\u00fcncellenmesi i\u00e7in \u0131srarc\u0131 oldu\u011fumuz G\u00fcmr\u00fck Birli\u011fi gerekse \u00fczerimizden ge\u00e7ebilecek mallara dair endi\u015feler bak\u0131m\u0131ndan manidard\u0131r. Raporun, AB&#8217;ye ihracatta makine ekipman ve bunlar\u0131n servis hizmetleri konusunda halihaz\u0131rda T\u00fcrkiye&#8217;nin ortalaman\u0131n alt\u0131nda, \u00c7in&#8217;in ise ortalaman\u0131n \u00e7ok \u00fcst\u00fcnde bir art\u0131\u015f\u0131 oldu\u011fu tespiti de \u00fczerine derhal ve dikkatle e\u011filmemiz gereken konulardan biri olmal\u0131d\u0131r.&#8221;<\/p>\n<h2>&#13;<br \/>\n\t&#8220;K\u0131s\u0131ts\u0131z ve uygun finansmana eri\u015fim sekt\u00f6r\u00fcn kald\u0131\u011f\u0131 yerden devam\u0131 i\u00e7in elzem&#8221;<\/h2>\n<p>&#13;<br \/>\n\tMakine \u0130hracat\u00e7\u0131lar\u0131 Birli\u011fi Ba\u015fkan\u0131 Karavelio\u011flu, makine ithalat\u0131nda son 12 aydaki gerilemenin, son 3 ayda g\u00f6r\u00fclen ivmelenme ve \u00f6zellikle haziran ay\u0131nda kaydedilen y\u00fczde 15,4&#8217;l\u00fck art\u0131\u015fla yeniden y\u00fckseli\u015f trendine girdi\u011fine dikkati \u00e7ekti.<\/p>\n<p>&#13;<br \/>\n\tY\u0131l\u0131n ilk yar\u0131s\u0131nda \u00c7in&#8217;den makine ithalat\u0131ndaki y\u00fczde 18,1&#8217;lik art\u0131\u015f\u0131n T\u00fcrkiye&#8217;nin k\u00fcresel de\u011fer ve tedarik zincirinde Bat\u0131&#8217;n\u0131n \u00f6nlem almaya \u00e7al\u0131\u015ft\u0131\u011f\u0131 bu \u00fclkeye olan ba\u011f\u0131ml\u0131l\u0131\u011f\u0131n\u0131 g\u00fc\u00e7lendirdi\u011fini ifade eden Karavelio\u011flu, &#8220;Bu tablo, korumac\u0131l\u0131\u011f\u0131n h\u0131zla artt\u0131\u011f\u0131 ve tarifelerin ticaret rotalar\u0131n\u0131 sapt\u0131rd\u0131\u011f\u0131 bir d\u00f6nemde T\u00fcrkiye&#8217;nin ithalat politikas\u0131ndaki g\u00f6reli esnekli\u011fi ortaya koyuyor. Pazar dengelerini yerli \u00fcreticiler aleyhine sarsan bu durum, sanayi ve ticaret politikalar\u0131n\u0131n uyumunda hassas ayar\u0131n \u00f6nemine de i\u015faret ediyor. \u00d6zellikle teknolojik derinli\u011fi y\u00fcksek \u00fcr\u00fcnlerde ithalat\u0131n yap\u0131sal ba\u011f\u0131ml\u0131l\u0131\u011fa d\u00f6n\u00fc\u015fmemesi i\u00e7in yat\u0131r\u0131m ve \u00fcretim kapasitesini art\u0131racak uzun vadeli stratejilerin h\u0131zla devreye al\u0131nmas\u0131 kritik \u00f6nem ta\u015f\u0131yor.&#8221; ifadelerini kulland\u0131.<\/p>\n<p>&#13;<br \/>\n\tKaravelio\u011flu, T\u0130M&#8217;in, yeni mottosu &#8220;i\u015fimiz \u00fcretim, g\u00fcc\u00fcm\u00fcz ihracat&#8221; ile ihracatta s\u00fcrd\u00fcr\u00fclebilir ba\u015far\u0131n\u0131n \u00fcretim ve faaliyet ortam\u0131n\u0131n m\u00fcsaitli\u011fine ba\u011fl\u0131 oldu\u011funa dikkati \u00e7ekti\u011fini belirterek, &#8220;Son be\u015f y\u0131lda \u00fcretimini ikiye, ihracat\u0131n\u0131 1,5&#8217;e katlayan makine imalat sekt\u00f6r\u00fcn\u00fcn h\u0131zl\u0131 artm\u0131\u015f i\u015fletme sermayesi ihtiyac\u0131na kaynak ay\u0131rman\u0131n enflasyonist bir etkisi olmayaca\u011f\u0131 gibi k\u0131s\u0131ts\u0131z ve uygun finansmana eri\u015fim sekt\u00f6r\u00fcn kald\u0131\u011f\u0131 yerden devam\u0131 i\u00e7in elzemdir.&#8221; de\u011ferlendirmesinde bulundu.<\/p>\n<\/p><\/div>\n","protected":false},"excerpt":{"rendered":"<p>&#13; Makine \u0130hracat\u00e7\u0131lar\u0131 Birli\u011finden (MA\u0130B) yap\u0131lan a\u00e7\u0131klamada, ocak-temmuz d\u00f6nemi makine imalat sekt\u00f6r\u00fc verileri payla\u015f\u0131ld\u0131. &#13; Verilere g\u00f6re, s\u00f6z konusu d\u00f6nemde serbest b\u00f6lgeler dahil toplam makine ihracat\u0131 y\u00fczde 0,9 art\u0131\u015fla 16,2 milyar dolara ula\u015ft\u0131. \u0130hracat\u0131 miktar baz\u0131nda y\u00fczde 6,1 azalan sekt\u00f6r, ortalama kilogram fiyatlar\u0131n\u0131 y\u00fczde 6,7 art\u0131\u015fla 7,9 dolara y\u00fckseltti. &#13; Temmuzda ayl\u0131k bazda y\u00fczde 4,4&#8217;l\u00fck<\/p>\n","protected":false},"author":1,"featured_media":89479,"comment_status":"open","ping_status":"open","sticky":false,"template":"","format":"standard","meta":{"footnotes":""},"categories":[101,86],"tags":[],"class_list":["post-89478","post","type-post","status-publish","format-standard","has-post-thumbnail","hentry","category-manset","category-turkiye"],"yoast_head":"<!-- This site is optimized with the Yoast SEO plugin v27.4 - https:\/\/yoast.com\/product\/yoast-seo-wordpress\/ -->\n<title>Makine ihracat\u0131 16,2 milyar dolara y\u00fckseldi -<\/title>\n<meta name=\"robots\" content=\"index, follow, max-snippet:-1, max-image-preview:large, max-video-preview:-1\" \/>\n<link rel=\"canonical\" href=\"https:\/\/kibrisdakik.com\/?p=89478\" \/>\n<meta property=\"og:locale\" content=\"tr_TR\" \/>\n<meta property=\"og:type\" content=\"article\" \/>\n<meta property=\"og:title\" content=\"Makine ihracat\u0131 16,2 milyar dolara y\u00fckseldi -\" \/>\n<meta property=\"og:description\" content=\"&#013; Makine \u0130hracat\u00e7\u0131lar\u0131 Birli\u011finden (MA\u0130B) yap\u0131lan a\u00e7\u0131klamada, ocak-temmuz d\u00f6nemi makine imalat sekt\u00f6r\u00fc verileri payla\u015f\u0131ld\u0131. &#013; Verilere g\u00f6re, s\u00f6z konusu d\u00f6nemde serbest b\u00f6lgeler dahil toplam makine ihracat\u0131 y\u00fczde 0,9 art\u0131\u015fla 16,2 milyar dolara ula\u015ft\u0131. \u0130hracat\u0131 miktar baz\u0131nda y\u00fczde 6,1 azalan sekt\u00f6r, ortalama kilogram fiyatlar\u0131n\u0131 y\u00fczde 6,7 art\u0131\u015fla 7,9 dolara y\u00fckseltti. &#013; Temmuzda ayl\u0131k bazda y\u00fczde 4,4&#8217;l\u00fck\" \/>\n<meta property=\"og:url\" content=\"https:\/\/kibrisdakik.com\/?p=89478\" \/>\n<meta property=\"article:published_time\" content=\"2025-08-20T15:21:16+00:00\" \/>\n<meta property=\"og:image\" content=\"https:\/\/kibrisdakik.com\/wp-content\/uploads\/2025\/08\/makine-ihracati-aa-1862085-740x420.jpg\" \/>\n\t<meta property=\"og:image:width\" content=\"1280\" \/>\n\t<meta property=\"og:image:height\" content=\"720\" \/>\n\t<meta property=\"og:image:type\" content=\"image\/jpeg\" \/>\n<meta name=\"author\" content=\"admin\" \/>\n<meta name=\"twitter:card\" content=\"summary_large_image\" \/>\n<meta name=\"twitter:label1\" content=\"Yazan:\" \/>\n\t<meta name=\"twitter:data1\" content=\"admin\" \/>\n\t<meta name=\"twitter:label2\" content=\"Tahmini okuma s\u00fcresi\" \/>\n\t<meta name=\"twitter:data2\" content=\"6 dakika\" \/>\n<script type=\"application\/ld+json\" class=\"yoast-schema-graph\">{\"@context\":\"https:\\\/\\\/schema.org\",\"@graph\":[{\"@type\":\"Article\",\"@id\":\"https:\\\/\\\/kibrisdakik.com\\\/?p=89478#article\",\"isPartOf\":{\"@id\":\"https:\\\/\\\/kibrisdakik.com\\\/?p=89478\"},\"author\":{\"name\":\"admin\",\"@id\":\"https:\\\/\\\/kibrisdakik.com\\\/#\\\/schema\\\/person\\\/9cd9d437bbb44f72b73ba127e06d8e79\"},\"headline\":\"Makine ihracat\u0131 16,2 milyar dolara y\u00fckseldi\",\"datePublished\":\"2025-08-20T15:21:16+00:00\",\"mainEntityOfPage\":{\"@id\":\"https:\\\/\\\/kibrisdakik.com\\\/?p=89478\"},\"wordCount\":1130,\"commentCount\":0,\"image\":{\"@id\":\"https:\\\/\\\/kibrisdakik.com\\\/?p=89478#primaryimage\"},\"thumbnailUrl\":\"https:\\\/\\\/kibrisdakik.com\\\/wp-content\\\/uploads\\\/2025\\\/08\\\/makine-ihracati-aa-1862085-740x420.jpg\",\"articleSection\":[\"Man\u015fet\",\"T\u00fcrkiye\"],\"inLanguage\":\"tr\",\"potentialAction\":[{\"@type\":\"CommentAction\",\"name\":\"Comment\",\"target\":[\"https:\\\/\\\/kibrisdakik.com\\\/?p=89478#respond\"]}]},{\"@type\":\"WebPage\",\"@id\":\"https:\\\/\\\/kibrisdakik.com\\\/?p=89478\",\"url\":\"https:\\\/\\\/kibrisdakik.com\\\/?p=89478\",\"name\":\"Makine ihracat\u0131 16,2 milyar dolara y\u00fckseldi -\",\"isPartOf\":{\"@id\":\"https:\\\/\\\/kibrisdakik.com\\\/#website\"},\"primaryImageOfPage\":{\"@id\":\"https:\\\/\\\/kibrisdakik.com\\\/?p=89478#primaryimage\"},\"image\":{\"@id\":\"https:\\\/\\\/kibrisdakik.com\\\/?p=89478#primaryimage\"},\"thumbnailUrl\":\"https:\\\/\\\/kibrisdakik.com\\\/wp-content\\\/uploads\\\/2025\\\/08\\\/makine-ihracati-aa-1862085-740x420.jpg\",\"datePublished\":\"2025-08-20T15:21:16+00:00\",\"author\":{\"@id\":\"https:\\\/\\\/kibrisdakik.com\\\/#\\\/schema\\\/person\\\/9cd9d437bbb44f72b73ba127e06d8e79\"},\"breadcrumb\":{\"@id\":\"https:\\\/\\\/kibrisdakik.com\\\/?p=89478#breadcrumb\"},\"inLanguage\":\"tr\",\"potentialAction\":[{\"@type\":\"ReadAction\",\"target\":[\"https:\\\/\\\/kibrisdakik.com\\\/?p=89478\"]}]},{\"@type\":\"ImageObject\",\"inLanguage\":\"tr\",\"@id\":\"https:\\\/\\\/kibrisdakik.com\\\/?p=89478#primaryimage\",\"url\":\"https:\\\/\\\/kibrisdakik.com\\\/wp-content\\\/uploads\\\/2025\\\/08\\\/makine-ihracati-aa-1862085-740x420.jpg\",\"contentUrl\":\"https:\\\/\\\/kibrisdakik.com\\\/wp-content\\\/uploads\\\/2025\\\/08\\\/makine-ihracati-aa-1862085-740x420.jpg\",\"width\":1280,\"height\":720},{\"@type\":\"BreadcrumbList\",\"@id\":\"https:\\\/\\\/kibrisdakik.com\\\/?p=89478#breadcrumb\",\"itemListElement\":[{\"@type\":\"ListItem\",\"position\":1,\"name\":\"Home\",\"item\":\"https:\\\/\\\/kibrisdakik.com\\\/\"},{\"@type\":\"ListItem\",\"position\":2,\"name\":\"Makine ihracat\u0131 16,2 milyar dolara y\u00fckseldi\"}]},{\"@type\":\"WebSite\",\"@id\":\"https:\\\/\\\/kibrisdakik.com\\\/#website\",\"url\":\"https:\\\/\\\/kibrisdakik.com\\\/\",\"name\":\"\",\"description\":\"Tam vaktinde haber\",\"potentialAction\":[{\"@type\":\"SearchAction\",\"target\":{\"@type\":\"EntryPoint\",\"urlTemplate\":\"https:\\\/\\\/kibrisdakik.com\\\/?s={search_term_string}\"},\"query-input\":{\"@type\":\"PropertyValueSpecification\",\"valueRequired\":true,\"valueName\":\"search_term_string\"}}],\"inLanguage\":\"tr\"},{\"@type\":\"Person\",\"@id\":\"https:\\\/\\\/kibrisdakik.com\\\/#\\\/schema\\\/person\\\/9cd9d437bbb44f72b73ba127e06d8e79\",\"name\":\"admin\",\"image\":{\"@type\":\"ImageObject\",\"inLanguage\":\"tr\",\"@id\":\"https:\\\/\\\/secure.gravatar.com\\\/avatar\\\/ccc17943b9d660506c869530f897617f7cb1c21a4bf30023f252596d83e1f007?s=96&d=mm&r=g\",\"url\":\"https:\\\/\\\/secure.gravatar.com\\\/avatar\\\/ccc17943b9d660506c869530f897617f7cb1c21a4bf30023f252596d83e1f007?s=96&d=mm&r=g\",\"contentUrl\":\"https:\\\/\\\/secure.gravatar.com\\\/avatar\\\/ccc17943b9d660506c869530f897617f7cb1c21a4bf30023f252596d83e1f007?s=96&d=mm&r=g\",\"caption\":\"admin\"},\"sameAs\":[\"https:\\\/\\\/kibrisdakik.com\"],\"url\":\"https:\\\/\\\/kibrisdakik.com\\\/?author=1\"}]}<\/script>\n<!-- \/ Yoast SEO plugin. -->","yoast_head_json":{"title":"Makine ihracat\u0131 16,2 milyar dolara y\u00fckseldi -","robots":{"index":"index","follow":"follow","max-snippet":"max-snippet:-1","max-image-preview":"max-image-preview:large","max-video-preview":"max-video-preview:-1"},"canonical":"https:\/\/kibrisdakik.com\/?p=89478","og_locale":"tr_TR","og_type":"article","og_title":"Makine ihracat\u0131 16,2 milyar dolara y\u00fckseldi -","og_description":"&#13; Makine \u0130hracat\u00e7\u0131lar\u0131 Birli\u011finden (MA\u0130B) yap\u0131lan a\u00e7\u0131klamada, ocak-temmuz d\u00f6nemi makine imalat sekt\u00f6r\u00fc verileri payla\u015f\u0131ld\u0131. &#13; Verilere g\u00f6re, s\u00f6z konusu d\u00f6nemde serbest b\u00f6lgeler dahil toplam makine ihracat\u0131 y\u00fczde 0,9 art\u0131\u015fla 16,2 milyar dolara ula\u015ft\u0131. \u0130hracat\u0131 miktar baz\u0131nda y\u00fczde 6,1 azalan sekt\u00f6r, ortalama kilogram fiyatlar\u0131n\u0131 y\u00fczde 6,7 art\u0131\u015fla 7,9 dolara y\u00fckseltti. &#13; Temmuzda ayl\u0131k bazda y\u00fczde 4,4&#8217;l\u00fck","og_url":"https:\/\/kibrisdakik.com\/?p=89478","article_published_time":"2025-08-20T15:21:16+00:00","og_image":[{"width":1280,"height":720,"url":"https:\/\/kibrisdakik.com\/wp-content\/uploads\/2025\/08\/makine-ihracati-aa-1862085-740x420.jpg","type":"image\/jpeg"}],"author":"admin","twitter_card":"summary_large_image","twitter_misc":{"Yazan:":"admin","Tahmini okuma s\u00fcresi":"6 dakika"},"schema":{"@context":"https:\/\/schema.org","@graph":[{"@type":"Article","@id":"https:\/\/kibrisdakik.com\/?p=89478#article","isPartOf":{"@id":"https:\/\/kibrisdakik.com\/?p=89478"},"author":{"name":"admin","@id":"https:\/\/kibrisdakik.com\/#\/schema\/person\/9cd9d437bbb44f72b73ba127e06d8e79"},"headline":"Makine ihracat\u0131 16,2 milyar dolara y\u00fckseldi","datePublished":"2025-08-20T15:21:16+00:00","mainEntityOfPage":{"@id":"https:\/\/kibrisdakik.com\/?p=89478"},"wordCount":1130,"commentCount":0,"image":{"@id":"https:\/\/kibrisdakik.com\/?p=89478#primaryimage"},"thumbnailUrl":"https:\/\/kibrisdakik.com\/wp-content\/uploads\/2025\/08\/makine-ihracati-aa-1862085-740x420.jpg","articleSection":["Man\u015fet","T\u00fcrkiye"],"inLanguage":"tr","potentialAction":[{"@type":"CommentAction","name":"Comment","target":["https:\/\/kibrisdakik.com\/?p=89478#respond"]}]},{"@type":"WebPage","@id":"https:\/\/kibrisdakik.com\/?p=89478","url":"https:\/\/kibrisdakik.com\/?p=89478","name":"Makine ihracat\u0131 16,2 milyar dolara y\u00fckseldi -","isPartOf":{"@id":"https:\/\/kibrisdakik.com\/#website"},"primaryImageOfPage":{"@id":"https:\/\/kibrisdakik.com\/?p=89478#primaryimage"},"image":{"@id":"https:\/\/kibrisdakik.com\/?p=89478#primaryimage"},"thumbnailUrl":"https:\/\/kibrisdakik.com\/wp-content\/uploads\/2025\/08\/makine-ihracati-aa-1862085-740x420.jpg","datePublished":"2025-08-20T15:21:16+00:00","author":{"@id":"https:\/\/kibrisdakik.com\/#\/schema\/person\/9cd9d437bbb44f72b73ba127e06d8e79"},"breadcrumb":{"@id":"https:\/\/kibrisdakik.com\/?p=89478#breadcrumb"},"inLanguage":"tr","potentialAction":[{"@type":"ReadAction","target":["https:\/\/kibrisdakik.com\/?p=89478"]}]},{"@type":"ImageObject","inLanguage":"tr","@id":"https:\/\/kibrisdakik.com\/?p=89478#primaryimage","url":"https:\/\/kibrisdakik.com\/wp-content\/uploads\/2025\/08\/makine-ihracati-aa-1862085-740x420.jpg","contentUrl":"https:\/\/kibrisdakik.com\/wp-content\/uploads\/2025\/08\/makine-ihracati-aa-1862085-740x420.jpg","width":1280,"height":720},{"@type":"BreadcrumbList","@id":"https:\/\/kibrisdakik.com\/?p=89478#breadcrumb","itemListElement":[{"@type":"ListItem","position":1,"name":"Home","item":"https:\/\/kibrisdakik.com\/"},{"@type":"ListItem","position":2,"name":"Makine ihracat\u0131 16,2 milyar dolara y\u00fckseldi"}]},{"@type":"WebSite","@id":"https:\/\/kibrisdakik.com\/#website","url":"https:\/\/kibrisdakik.com\/","name":"","description":"Tam vaktinde haber","potentialAction":[{"@type":"SearchAction","target":{"@type":"EntryPoint","urlTemplate":"https:\/\/kibrisdakik.com\/?s={search_term_string}"},"query-input":{"@type":"PropertyValueSpecification","valueRequired":true,"valueName":"search_term_string"}}],"inLanguage":"tr"},{"@type":"Person","@id":"https:\/\/kibrisdakik.com\/#\/schema\/person\/9cd9d437bbb44f72b73ba127e06d8e79","name":"admin","image":{"@type":"ImageObject","inLanguage":"tr","@id":"https:\/\/secure.gravatar.com\/avatar\/ccc17943b9d660506c869530f897617f7cb1c21a4bf30023f252596d83e1f007?s=96&d=mm&r=g","url":"https:\/\/secure.gravatar.com\/avatar\/ccc17943b9d660506c869530f897617f7cb1c21a4bf30023f252596d83e1f007?s=96&d=mm&r=g","contentUrl":"https:\/\/secure.gravatar.com\/avatar\/ccc17943b9d660506c869530f897617f7cb1c21a4bf30023f252596d83e1f007?s=96&d=mm&r=g","caption":"admin"},"sameAs":["https:\/\/kibrisdakik.com"],"url":"https:\/\/kibrisdakik.com\/?author=1"}]}},"_links":{"self":[{"href":"https:\/\/kibrisdakik.com\/index.php?rest_route=\/wp\/v2\/posts\/89478","targetHints":{"allow":["GET"]}}],"collection":[{"href":"https:\/\/kibrisdakik.com\/index.php?rest_route=\/wp\/v2\/posts"}],"about":[{"href":"https:\/\/kibrisdakik.com\/index.php?rest_route=\/wp\/v2\/types\/post"}],"author":[{"embeddable":true,"href":"https:\/\/kibrisdakik.com\/index.php?rest_route=\/wp\/v2\/users\/1"}],"replies":[{"embeddable":true,"href":"https:\/\/kibrisdakik.com\/index.php?rest_route=%2Fwp%2Fv2%2Fcomments&post=89478"}],"version-history":[{"count":0,"href":"https:\/\/kibrisdakik.com\/index.php?rest_route=\/wp\/v2\/posts\/89478\/revisions"}],"wp:featuredmedia":[{"embeddable":true,"href":"https:\/\/kibrisdakik.com\/index.php?rest_route=\/wp\/v2\/media\/89479"}],"wp:attachment":[{"href":"https:\/\/kibrisdakik.com\/index.php?rest_route=%2Fwp%2Fv2%2Fmedia&parent=89478"}],"wp:term":[{"taxonomy":"category","embeddable":true,"href":"https:\/\/kibrisdakik.com\/index.php?rest_route=%2Fwp%2Fv2%2Fcategories&post=89478"},{"taxonomy":"post_tag","embeddable":true,"href":"https:\/\/kibrisdakik.com\/index.php?rest_route=%2Fwp%2Fv2%2Ftags&post=89478"}],"curies":[{"name":"wp","href":"https:\/\/api.w.org\/{rel}","templated":true}]}}