{"id":8950,"date":"2023-06-17T11:13:50","date_gmt":"2023-06-17T11:13:50","guid":{"rendered":"https:\/\/kibrisdakik.com\/index.php\/2023\/06\/17\/polisiye-olaylarsahinlerde-telefon-kablosu-calinmasi-olayiyla-baglantili-iki-kisiyi-tutuklandi\/"},"modified":"2023-06-17T11:13:50","modified_gmt":"2023-06-17T11:13:50","slug":"polisiye-olaylarsahinlerde-telefon-kablosu-calinmasi-olayiyla-baglantili-iki-kisiyi-tutuklandi","status":"publish","type":"post","link":"https:\/\/kibrisdakik.com\/?p=8950","title":{"rendered":"Polisiye olaylar\u2026\u015eahinler\u2019de telefon kablosu \u00e7al\u0131nmas\u0131 olay\u0131yla ba\u011flant\u0131l\u0131 iki ki\u015fiyi tutukland\u0131"},"content":{"rendered":"<p><\/p>\n<div>\n<div class=\"mariselle-image-container center\">\n                <img width=\"952\" height=\"984\" class=\"lazy-image\" alt=\"\" decoding=\"async\" loading=\"lazy\" sizes=\"auto, (max-width: 952px) 100vw, 952px\" src=\"https:\/\/brtk.net\/wp-content\/uploads\/2023\/06\/07\/polis45.jpeg?ver=7cf6e3c8866b57879c9c512a7f59c8f3\" srcset=\"https:\/\/brtk.net\/wp-content\/uploads\/2023\/06\/07\/polis45.jpeg?ver=7cf6e3c8866b57879c9c512a7f59c8f3 952w, https:\/\/brtk.net\/wp-content\/uploads\/2023\/06\/07\/polis45-290x300.jpeg?ver=5ae8a53f5e2aa27befe350aae479952e 290w, https:\/\/brtk.net\/wp-content\/uploads\/2023\/06\/07\/polis45-768x794.jpeg?ver=8b44eaccbbda7e1b512bb5a4d4bcdcd8 768w\"\/>                            <\/div>\n<p>\nPolis, 18 May\u0131s-3 Haziran tarihleri aras\u0131nda \u015eahinler k\u00f6y\u00fc yol \u00fczerinde bulunan Telekom\u00fcnikasyon Dairesine ait 620 metre uzunlu\u011fundaki yeralt\u0131 telefon kablolar\u0131n\u0131n \u00e7al\u0131nmas\u0131 olay\u0131 ile ilgili olarak iki ki\u015fiyi tutuklad\u0131.<\/p>\n<p>Polis Bas\u0131n Subayl\u0131\u011f\u0131ndan yap\u0131lan a\u00e7\u0131klamaya g\u00f6re, olayla ilgili y\u00fcr\u00fct\u00fclen soru\u015fturmada zanl\u0131 olarak g\u00f6r\u00fclen M.K.(E-30) ve M.S.(E-51) tutukland\u0131, soru\u015fturma devam ediyor.<\/p>\n<p>\u2013 Kapama saatlerine uymad\u0131\u011f\u0131 ve izinsiz m\u00fczik yay\u0131n\u0131 yapt\u0131\u011f\u0131 gerek\u00e7esiyle 3 i\u015fletmeye yasal i\u015flem<\/p>\n<p>E\u011flence yerlerine y\u00f6nelik yap\u0131lan polis denetimi kapsam\u0131nda, d\u00fcn ve bug\u00fcn Girne\u2019de faaliyet g\u00f6steren \u00fc\u00e7 i\u015fletmenin kapama saatlerine riayet etmedi\u011fi, G\u00f6nyeli\u2019de bir i\u015fletmenin ise m\u00fczik yay\u0131n izni olmad\u0131\u011f\u0131 halde m\u00fczik yay\u0131n\u0131 yapt\u0131\u011f\u0131 tespit edildi.<\/p>\n<p>Polis\u2019ten yap\u0131lan a\u00e7\u0131klamaya g\u00f6re, bahse konu i\u015fletmeler hakk\u0131nda yasal i\u015flem ba\u015flat\u0131lm\u0131\u015f olup, soru\u015fturma devam ediyor.<\/p>\n<p>\u2013 Kay\u0131p oldu\u011fu bildirilen Hasan Can Y\u00fcce ve Su Vural bulundu<\/p>\n<p>Polis, 19 May\u0131s\u2019tan beri kay\u0131p olarak aranan 27 ya\u015f\u0131ndaki Hasan Can Y\u00fcce\u2019nin ve d\u00fcnden beri kay\u0131p oldu\u011fu bildirilen 15 ya\u015f\u0131ndaki Su Vural\u2019\u0131n bulundu\u011funu duyurdu.<\/p>\n<p>Her iki olay\u0131n soru\u015fturmas\u0131 devam ediyor.<\/p>\n<p>\u2013 G\u00fczelyurt\u2019ta meydana gelen yang\u0131nda maddi zarar<\/p>\n<p>G\u00fczelyurt\u2019ta Dr. Salih Miro\u011flu Bulvar\u0131 yak\u0131nlar\u0131nda bir bah\u00e7ede d\u00fcn saat 10.30 s\u0131ralar\u0131nda meydana gelen yang\u0131n sonucu 100 metrekarelik alan i\u00e7erisindeki kuru otlar, plastik sulama hortumlar\u0131 ve 14 adet a\u011fa\u00e7 yand\u0131.<\/p>\n<p>Polis\u2019ten yap\u0131lan a\u00e7\u0131klamaya g\u00f6re, yang\u0131n itfaiye ekipleri taraf\u0131ndan s\u00f6nd\u00fcr\u00fcld\u00fc, soru\u015fturma devam ediyor.<\/p>\n<\/p><\/div>\n<p><script async\n                    defer\n                    crossorigin=\"anonymous\"\n                    src=\"https:\/\/connect.facebook.net\/tr_TR\/sdk.js#xfbml=1&#038;version=v3.3\"\n            ><\/script><\/p>\n","protected":false},"excerpt":{"rendered":"<p>Polis, 18 May\u0131s-3 Haziran tarihleri aras\u0131nda \u015eahinler k\u00f6y\u00fc yol \u00fczerinde bulunan Telekom\u00fcnikasyon Dairesine ait 620 metre uzunlu\u011fundaki yeralt\u0131 telefon kablolar\u0131n\u0131n \u00e7al\u0131nmas\u0131 olay\u0131 ile ilgili olarak iki ki\u015fiyi tutuklad\u0131. Polis Bas\u0131n Subayl\u0131\u011f\u0131ndan yap\u0131lan a\u00e7\u0131klamaya g\u00f6re, olayla ilgili y\u00fcr\u00fct\u00fclen soru\u015fturmada zanl\u0131 olarak g\u00f6r\u00fclen M.K.(E-30) ve M.S.(E-51) tutukland\u0131, soru\u015fturma devam ediyor. \u2013 Kapama saatlerine uymad\u0131\u011f\u0131 ve izinsiz m\u00fczik<\/p>\n","protected":false},"author":1,"featured_media":2116,"comment_status":"open","ping_status":"open","sticky":false,"template":"","format":"standard","meta":{"footnotes":""},"categories":[1],"tags":[],"class_list":["post-8950","post","type-post","status-publish","format-standard","has-post-thumbnail","hentry","category-gundem"],"yoast_head":"<!-- This site is optimized with the Yoast SEO plugin v27.5 - https:\/\/yoast.com\/product\/yoast-seo-wordpress\/ -->\n<title>Polisiye olaylar\u2026\u015eahinler\u2019de telefon kablosu \u00e7al\u0131nmas\u0131 olay\u0131yla ba\u011flant\u0131l\u0131 iki ki\u015fiyi tutukland\u0131 -<\/title>\n<meta name=\"robots\" content=\"index, follow, max-snippet:-1, max-image-preview:large, max-video-preview:-1\" \/>\n<link rel=\"canonical\" href=\"https:\/\/kibrisdakik.com\/?p=8950\" \/>\n<meta property=\"og:locale\" content=\"tr_TR\" \/>\n<meta property=\"og:type\" content=\"article\" \/>\n<meta property=\"og:title\" content=\"Polisiye olaylar\u2026\u015eahinler\u2019de telefon kablosu \u00e7al\u0131nmas\u0131 olay\u0131yla ba\u011flant\u0131l\u0131 iki ki\u015fiyi tutukland\u0131 -\" \/>\n<meta property=\"og:description\" content=\"Polis, 18 May\u0131s-3 Haziran tarihleri aras\u0131nda \u015eahinler k\u00f6y\u00fc yol \u00fczerinde bulunan Telekom\u00fcnikasyon Dairesine ait 620 metre uzunlu\u011fundaki yeralt\u0131 telefon kablolar\u0131n\u0131n \u00e7al\u0131nmas\u0131 olay\u0131 ile ilgili olarak iki ki\u015fiyi tutuklad\u0131. Polis Bas\u0131n Subayl\u0131\u011f\u0131ndan yap\u0131lan a\u00e7\u0131klamaya g\u00f6re, olayla ilgili y\u00fcr\u00fct\u00fclen soru\u015fturmada zanl\u0131 olarak g\u00f6r\u00fclen M.K.(E-30) ve M.S.(E-51) tutukland\u0131, soru\u015fturma devam ediyor. \u2013 Kapama saatlerine uymad\u0131\u011f\u0131 ve izinsiz m\u00fczik\" \/>\n<meta property=\"og:url\" content=\"https:\/\/kibrisdakik.com\/?p=8950\" \/>\n<meta property=\"article:published_time\" content=\"2023-06-17T11:13:50+00:00\" \/>\n<meta property=\"og:image\" content=\"https:\/\/kibrisdakik.com\/wp-content\/uploads\/2023\/02\/polisiye-olaylar-5656.jpg\" \/>\n\t<meta property=\"og:image:width\" content=\"330\" \/>\n\t<meta property=\"og:image:height\" content=\"153\" \/>\n\t<meta property=\"og:image:type\" content=\"image\/jpeg\" \/>\n<meta name=\"author\" content=\"admin\" \/>\n<meta name=\"twitter:card\" content=\"summary_large_image\" \/>\n<meta name=\"twitter:label1\" content=\"Yazan:\" \/>\n\t<meta name=\"twitter:data1\" content=\"admin\" \/>\n\t<meta name=\"twitter:label2\" content=\"Tahmini okuma s\u00fcresi\" \/>\n\t<meta name=\"twitter:data2\" content=\"1 dakika\" \/>\n<script type=\"application\/ld+json\" class=\"yoast-schema-graph\">{\"@context\":\"https:\\\/\\\/schema.org\",\"@graph\":[{\"@type\":\"Article\",\"@id\":\"https:\\\/\\\/kibrisdakik.com\\\/?p=8950#article\",\"isPartOf\":{\"@id\":\"https:\\\/\\\/kibrisdakik.com\\\/?p=8950\"},\"author\":{\"name\":\"admin\",\"@id\":\"https:\\\/\\\/kibrisdakik.com\\\/#\\\/schema\\\/person\\\/9cd9d437bbb44f72b73ba127e06d8e79\"},\"headline\":\"Polisiye olaylar\u2026\u015eahinler\u2019de telefon kablosu \u00e7al\u0131nmas\u0131 olay\u0131yla ba\u011flant\u0131l\u0131 iki ki\u015fiyi tutukland\u0131\",\"datePublished\":\"2023-06-17T11:13:50+00:00\",\"mainEntityOfPage\":{\"@id\":\"https:\\\/\\\/kibrisdakik.com\\\/?p=8950\"},\"wordCount\":303,\"commentCount\":0,\"image\":{\"@id\":\"https:\\\/\\\/kibrisdakik.com\\\/?p=8950#primaryimage\"},\"thumbnailUrl\":\"https:\\\/\\\/kibrisdakik.com\\\/wp-content\\\/uploads\\\/2023\\\/02\\\/polisiye-olaylar-5656.jpg\",\"articleSection\":[\"G\u00fcndem\"],\"inLanguage\":\"tr\",\"potentialAction\":[{\"@type\":\"CommentAction\",\"name\":\"Comment\",\"target\":[\"https:\\\/\\\/kibrisdakik.com\\\/?p=8950#respond\"]}]},{\"@type\":\"WebPage\",\"@id\":\"https:\\\/\\\/kibrisdakik.com\\\/?p=8950\",\"url\":\"https:\\\/\\\/kibrisdakik.com\\\/?p=8950\",\"name\":\"Polisiye olaylar\u2026\u015eahinler\u2019de telefon kablosu \u00e7al\u0131nmas\u0131 olay\u0131yla ba\u011flant\u0131l\u0131 iki ki\u015fiyi tutukland\u0131 -\",\"isPartOf\":{\"@id\":\"https:\\\/\\\/kibrisdakik.com\\\/#website\"},\"primaryImageOfPage\":{\"@id\":\"https:\\\/\\\/kibrisdakik.com\\\/?p=8950#primaryimage\"},\"image\":{\"@id\":\"https:\\\/\\\/kibrisdakik.com\\\/?p=8950#primaryimage\"},\"thumbnailUrl\":\"https:\\\/\\\/kibrisdakik.com\\\/wp-content\\\/uploads\\\/2023\\\/02\\\/polisiye-olaylar-5656.jpg\",\"datePublished\":\"2023-06-17T11:13:50+00:00\",\"author\":{\"@id\":\"https:\\\/\\\/kibrisdakik.com\\\/#\\\/schema\\\/person\\\/9cd9d437bbb44f72b73ba127e06d8e79\"},\"breadcrumb\":{\"@id\":\"https:\\\/\\\/kibrisdakik.com\\\/?p=8950#breadcrumb\"},\"inLanguage\":\"tr\",\"potentialAction\":[{\"@type\":\"ReadAction\",\"target\":[\"https:\\\/\\\/kibrisdakik.com\\\/?p=8950\"]}]},{\"@type\":\"ImageObject\",\"inLanguage\":\"tr\",\"@id\":\"https:\\\/\\\/kibrisdakik.com\\\/?p=8950#primaryimage\",\"url\":\"https:\\\/\\\/kibrisdakik.com\\\/wp-content\\\/uploads\\\/2023\\\/02\\\/polisiye-olaylar-5656.jpg\",\"contentUrl\":\"https:\\\/\\\/kibrisdakik.com\\\/wp-content\\\/uploads\\\/2023\\\/02\\\/polisiye-olaylar-5656.jpg\",\"width\":330,\"height\":153},{\"@type\":\"BreadcrumbList\",\"@id\":\"https:\\\/\\\/kibrisdakik.com\\\/?p=8950#breadcrumb\",\"itemListElement\":[{\"@type\":\"ListItem\",\"position\":1,\"name\":\"Home\",\"item\":\"https:\\\/\\\/kibrisdakik.com\\\/\"},{\"@type\":\"ListItem\",\"position\":2,\"name\":\"Polisiye olaylar\u2026\u015eahinler\u2019de telefon kablosu \u00e7al\u0131nmas\u0131 olay\u0131yla ba\u011flant\u0131l\u0131 iki ki\u015fiyi tutukland\u0131\"}]},{\"@type\":\"WebSite\",\"@id\":\"https:\\\/\\\/kibrisdakik.com\\\/#website\",\"url\":\"https:\\\/\\\/kibrisdakik.com\\\/\",\"name\":\"\",\"description\":\"Tam vaktinde haber\",\"potentialAction\":[{\"@type\":\"SearchAction\",\"target\":{\"@type\":\"EntryPoint\",\"urlTemplate\":\"https:\\\/\\\/kibrisdakik.com\\\/?s={search_term_string}\"},\"query-input\":{\"@type\":\"PropertyValueSpecification\",\"valueRequired\":true,\"valueName\":\"search_term_string\"}}],\"inLanguage\":\"tr\"},{\"@type\":\"Person\",\"@id\":\"https:\\\/\\\/kibrisdakik.com\\\/#\\\/schema\\\/person\\\/9cd9d437bbb44f72b73ba127e06d8e79\",\"name\":\"admin\",\"image\":{\"@type\":\"ImageObject\",\"inLanguage\":\"tr\",\"@id\":\"https:\\\/\\\/secure.gravatar.com\\\/avatar\\\/ccc17943b9d660506c869530f897617f7cb1c21a4bf30023f252596d83e1f007?s=96&d=mm&r=g\",\"url\":\"https:\\\/\\\/secure.gravatar.com\\\/avatar\\\/ccc17943b9d660506c869530f897617f7cb1c21a4bf30023f252596d83e1f007?s=96&d=mm&r=g\",\"contentUrl\":\"https:\\\/\\\/secure.gravatar.com\\\/avatar\\\/ccc17943b9d660506c869530f897617f7cb1c21a4bf30023f252596d83e1f007?s=96&d=mm&r=g\",\"caption\":\"admin\"},\"sameAs\":[\"https:\\\/\\\/kibrisdakik.com\"],\"url\":\"https:\\\/\\\/kibrisdakik.com\\\/?author=1\"}]}<\/script>\n<!-- \/ Yoast SEO plugin. -->","yoast_head_json":{"title":"Polisiye olaylar\u2026\u015eahinler\u2019de telefon kablosu \u00e7al\u0131nmas\u0131 olay\u0131yla ba\u011flant\u0131l\u0131 iki ki\u015fiyi tutukland\u0131 -","robots":{"index":"index","follow":"follow","max-snippet":"max-snippet:-1","max-image-preview":"max-image-preview:large","max-video-preview":"max-video-preview:-1"},"canonical":"https:\/\/kibrisdakik.com\/?p=8950","og_locale":"tr_TR","og_type":"article","og_title":"Polisiye olaylar\u2026\u015eahinler\u2019de telefon kablosu \u00e7al\u0131nmas\u0131 olay\u0131yla ba\u011flant\u0131l\u0131 iki ki\u015fiyi tutukland\u0131 -","og_description":"Polis, 18 May\u0131s-3 Haziran tarihleri aras\u0131nda \u015eahinler k\u00f6y\u00fc yol \u00fczerinde bulunan Telekom\u00fcnikasyon Dairesine ait 620 metre uzunlu\u011fundaki yeralt\u0131 telefon kablolar\u0131n\u0131n \u00e7al\u0131nmas\u0131 olay\u0131 ile ilgili olarak iki ki\u015fiyi tutuklad\u0131. Polis Bas\u0131n Subayl\u0131\u011f\u0131ndan yap\u0131lan a\u00e7\u0131klamaya g\u00f6re, olayla ilgili y\u00fcr\u00fct\u00fclen soru\u015fturmada zanl\u0131 olarak g\u00f6r\u00fclen M.K.(E-30) ve M.S.(E-51) tutukland\u0131, soru\u015fturma devam ediyor. \u2013 Kapama saatlerine uymad\u0131\u011f\u0131 ve izinsiz m\u00fczik","og_url":"https:\/\/kibrisdakik.com\/?p=8950","article_published_time":"2023-06-17T11:13:50+00:00","og_image":[{"width":330,"height":153,"url":"https:\/\/kibrisdakik.com\/wp-content\/uploads\/2023\/02\/polisiye-olaylar-5656.jpg","type":"image\/jpeg"}],"author":"admin","twitter_card":"summary_large_image","twitter_misc":{"Yazan:":"admin","Tahmini okuma s\u00fcresi":"1 dakika"},"schema":{"@context":"https:\/\/schema.org","@graph":[{"@type":"Article","@id":"https:\/\/kibrisdakik.com\/?p=8950#article","isPartOf":{"@id":"https:\/\/kibrisdakik.com\/?p=8950"},"author":{"name":"admin","@id":"https:\/\/kibrisdakik.com\/#\/schema\/person\/9cd9d437bbb44f72b73ba127e06d8e79"},"headline":"Polisiye olaylar\u2026\u015eahinler\u2019de telefon kablosu \u00e7al\u0131nmas\u0131 olay\u0131yla ba\u011flant\u0131l\u0131 iki ki\u015fiyi tutukland\u0131","datePublished":"2023-06-17T11:13:50+00:00","mainEntityOfPage":{"@id":"https:\/\/kibrisdakik.com\/?p=8950"},"wordCount":303,"commentCount":0,"image":{"@id":"https:\/\/kibrisdakik.com\/?p=8950#primaryimage"},"thumbnailUrl":"https:\/\/kibrisdakik.com\/wp-content\/uploads\/2023\/02\/polisiye-olaylar-5656.jpg","articleSection":["G\u00fcndem"],"inLanguage":"tr","potentialAction":[{"@type":"CommentAction","name":"Comment","target":["https:\/\/kibrisdakik.com\/?p=8950#respond"]}]},{"@type":"WebPage","@id":"https:\/\/kibrisdakik.com\/?p=8950","url":"https:\/\/kibrisdakik.com\/?p=8950","name":"Polisiye olaylar\u2026\u015eahinler\u2019de telefon kablosu \u00e7al\u0131nmas\u0131 olay\u0131yla ba\u011flant\u0131l\u0131 iki ki\u015fiyi tutukland\u0131 -","isPartOf":{"@id":"https:\/\/kibrisdakik.com\/#website"},"primaryImageOfPage":{"@id":"https:\/\/kibrisdakik.com\/?p=8950#primaryimage"},"image":{"@id":"https:\/\/kibrisdakik.com\/?p=8950#primaryimage"},"thumbnailUrl":"https:\/\/kibrisdakik.com\/wp-content\/uploads\/2023\/02\/polisiye-olaylar-5656.jpg","datePublished":"2023-06-17T11:13:50+00:00","author":{"@id":"https:\/\/kibrisdakik.com\/#\/schema\/person\/9cd9d437bbb44f72b73ba127e06d8e79"},"breadcrumb":{"@id":"https:\/\/kibrisdakik.com\/?p=8950#breadcrumb"},"inLanguage":"tr","potentialAction":[{"@type":"ReadAction","target":["https:\/\/kibrisdakik.com\/?p=8950"]}]},{"@type":"ImageObject","inLanguage":"tr","@id":"https:\/\/kibrisdakik.com\/?p=8950#primaryimage","url":"https:\/\/kibrisdakik.com\/wp-content\/uploads\/2023\/02\/polisiye-olaylar-5656.jpg","contentUrl":"https:\/\/kibrisdakik.com\/wp-content\/uploads\/2023\/02\/polisiye-olaylar-5656.jpg","width":330,"height":153},{"@type":"BreadcrumbList","@id":"https:\/\/kibrisdakik.com\/?p=8950#breadcrumb","itemListElement":[{"@type":"ListItem","position":1,"name":"Home","item":"https:\/\/kibrisdakik.com\/"},{"@type":"ListItem","position":2,"name":"Polisiye olaylar\u2026\u015eahinler\u2019de telefon kablosu \u00e7al\u0131nmas\u0131 olay\u0131yla ba\u011flant\u0131l\u0131 iki ki\u015fiyi tutukland\u0131"}]},{"@type":"WebSite","@id":"https:\/\/kibrisdakik.com\/#website","url":"https:\/\/kibrisdakik.com\/","name":"","description":"Tam vaktinde haber","potentialAction":[{"@type":"SearchAction","target":{"@type":"EntryPoint","urlTemplate":"https:\/\/kibrisdakik.com\/?s={search_term_string}"},"query-input":{"@type":"PropertyValueSpecification","valueRequired":true,"valueName":"search_term_string"}}],"inLanguage":"tr"},{"@type":"Person","@id":"https:\/\/kibrisdakik.com\/#\/schema\/person\/9cd9d437bbb44f72b73ba127e06d8e79","name":"admin","image":{"@type":"ImageObject","inLanguage":"tr","@id":"https:\/\/secure.gravatar.com\/avatar\/ccc17943b9d660506c869530f897617f7cb1c21a4bf30023f252596d83e1f007?s=96&d=mm&r=g","url":"https:\/\/secure.gravatar.com\/avatar\/ccc17943b9d660506c869530f897617f7cb1c21a4bf30023f252596d83e1f007?s=96&d=mm&r=g","contentUrl":"https:\/\/secure.gravatar.com\/avatar\/ccc17943b9d660506c869530f897617f7cb1c21a4bf30023f252596d83e1f007?s=96&d=mm&r=g","caption":"admin"},"sameAs":["https:\/\/kibrisdakik.com"],"url":"https:\/\/kibrisdakik.com\/?author=1"}]}},"_links":{"self":[{"href":"https:\/\/kibrisdakik.com\/index.php?rest_route=\/wp\/v2\/posts\/8950","targetHints":{"allow":["GET"]}}],"collection":[{"href":"https:\/\/kibrisdakik.com\/index.php?rest_route=\/wp\/v2\/posts"}],"about":[{"href":"https:\/\/kibrisdakik.com\/index.php?rest_route=\/wp\/v2\/types\/post"}],"author":[{"embeddable":true,"href":"https:\/\/kibrisdakik.com\/index.php?rest_route=\/wp\/v2\/users\/1"}],"replies":[{"embeddable":true,"href":"https:\/\/kibrisdakik.com\/index.php?rest_route=%2Fwp%2Fv2%2Fcomments&post=8950"}],"version-history":[{"count":0,"href":"https:\/\/kibrisdakik.com\/index.php?rest_route=\/wp\/v2\/posts\/8950\/revisions"}],"wp:featuredmedia":[{"embeddable":true,"href":"https:\/\/kibrisdakik.com\/index.php?rest_route=\/wp\/v2\/media\/2116"}],"wp:attachment":[{"href":"https:\/\/kibrisdakik.com\/index.php?rest_route=%2Fwp%2Fv2%2Fmedia&parent=8950"}],"wp:term":[{"taxonomy":"category","embeddable":true,"href":"https:\/\/kibrisdakik.com\/index.php?rest_route=%2Fwp%2Fv2%2Fcategories&post=8950"},{"taxonomy":"post_tag","embeddable":true,"href":"https:\/\/kibrisdakik.com\/index.php?rest_route=%2Fwp%2Fv2%2Ftags&post=8950"}],"curies":[{"name":"wp","href":"https:\/\/api.w.org\/{rel}","templated":true}]}}