{"id":89504,"date":"2025-08-20T20:22:01","date_gmt":"2025-08-20T17:22:01","guid":{"rendered":"https:\/\/kibrisdakik.com\/index.php\/2025\/08\/20\/cumhurbaskani-erdoganin-2011deki-somali-ziyareti-somalinin-donum-noktasi-oldu\/"},"modified":"2025-08-20T20:22:01","modified_gmt":"2025-08-20T17:22:01","slug":"cumhurbaskani-erdoganin-2011deki-somali-ziyareti-somalinin-donum-noktasi-oldu","status":"publish","type":"post","link":"https:\/\/kibrisdakik.com\/?p=89504","title":{"rendered":"Cumhurba\u015fkan\u0131 Erdo\u011fan&#8217;\u0131n 2011&#8217;deki Somali ziyareti, Somali&#8217;nin d\u00f6n\u00fcm noktas\u0131 oldu"},"content":{"rendered":"<p><\/p>\n<div>\n<p>&#13;<br \/>\n\tCumhurba\u015fkan\u0131 Erdo\u011fan&#8217;\u0131n A\u011fustos 2011&#8217;deki ziyareti, Somali&#8217;nin 1990&#8217;da devlet yap\u0131s\u0131n\u0131n \u00e7\u00f6kmesinden sonra ya\u015fad\u0131\u011f\u0131 en zor d\u00f6nemlerden birinde ger\u00e7ekle\u015fti.<\/p>\n<p>&#13;<br \/>\n\tErdo\u011fan&#8217;\u0131n e\u015fi, \u00e7ocuklar\u0131 ve bakanlarla Mogadi\u015fu&#8217;ya gitmesi, o d\u00f6nemde \u00fclke tarihindeki en \u015fiddetli kurakl\u0131kla m\u00fccadele eden Somali&#8217;de unutulmaz bir g\u00fcn olarak hat\u0131rlan\u0131yor.<\/p>\n<p>&#13;<br \/>\n\tSomalili yetkililer, bu ziyaretin \u00fclkenin yaln\u0131zl\u0131ktan \u00e7\u0131k\u0131p uluslararas\u0131 toplumun g\u00fcndemine girmesinde ve T\u00fcrkiye-Somali ili\u015fkilerinin stratejik boyuta ta\u015f\u0131nmas\u0131nda d\u00f6n\u00fcm noktas\u0131 oldu\u011funu ifade ediyor.<\/p>\n<h2>&#13;<br \/>\n\t&#8220;O g\u00fcn Somali&#8217;nin kaderi de\u011fi\u015fti&#8221;<\/h2>\n<p>&#13;<br \/>\n\tSomali Limanlar ve Deniz Ula\u015ft\u0131rma Bakan\u0131 Abd\u00fclkadir Muhammed Nur, Erdo\u011fan&#8217;\u0131n 2011&#8217;de Somali&#8217;ye d\u00fczenledi\u011fi ziyareti, \u00fclkenin kaderini de\u011fi\u015ftiren tarihi d\u00f6n\u00fcm noktas\u0131 olarak nitelendirdi.<\/p>\n<p>&#13;<br \/>\n\tNur, devletin 1990&#8217;daki \u00e7\u00f6k\u00fc\u015f\u00fcnden bu yana terk edilmi\u015f \u00fclke g\u00f6r\u00fcn\u00fcm\u00fcnde olan Somali&#8217;nin, o d\u00f6nemde tarihin en k\u00f6t\u00fc kurakl\u0131klar\u0131ndan birini ya\u015fad\u0131\u011f\u0131n\u0131 dile getirerek, \u015funlar\u0131 kaydetti:<\/p>\n<p>&#13;<br \/>\n\t&#8220;O g\u00fcnlerde Somali, d\u00fcnyadan kopmu\u015f ve yard\u0131ms\u0131z bir \u00fclkeydi. Say\u0131n Cumhurba\u015fkan\u0131 Erdo\u011fan, kabinesiyle, ailesiyle ve t\u00fcm yetkilileriyle Somali&#8217;ye geldi\u011finde d\u00fcnyada bir d\u00f6n\u00fcm noktas\u0131 ya\u015fand\u0131. Sadece T\u00fcrk halk\u0131n\u0131n yard\u0131m\u0131 de\u011fil t\u00fcm d\u00fcnyan\u0131n dikkati Somali&#8217;ye \u00e7evrildi.&#8221;<\/p>\n<p><\/p>\n<h2>&#13;<br \/>\n\t&#8220;T\u00fcrkiye, geri ad\u0131m atmad\u0131&#8221;<\/h2>\n<p>&#13;<br \/>\n\tErdo\u011fan&#8217;\u0131n ziyaretinden sonra T\u00fcrkiye&#8217;nin Somali&#8217;den hi\u00e7 geri ad\u0131m atmad\u0131\u011f\u0131n\u0131 vurgulayan Nur, &#8220;O g\u00fcnden bu yana her g\u00fcn daha iyiye gittik. Somali&#8217;nin yeniden in\u015fas\u0131nda T\u00fcrkiye&#8217;nin katk\u0131s\u0131 b\u00fcy\u00fckt\u00fcr.&#8221; dedi.<\/p>\n<p>&#13;<br \/>\n\tNur, T\u00fcrkiye&#8217;nin Somali&#8217;nin ter\u00f6rle m\u00fccadelesinde, geli\u015fmesinde ve halk\u0131n refaha kavu\u015fmas\u0131nda hep yan\u0131nda oldu\u011funu belirtti.<\/p>\n<p>&#13;<br \/>\n\tT\u00fcrkiye-Somali ili\u015fkilerinin insani yard\u0131mla ba\u015flad\u0131\u011f\u0131n\u0131 ancak bug\u00fcn stratejik d\u00fczeye ula\u015ft\u0131\u011f\u0131n\u0131 dile getiren Nur, petrol, bal\u0131k\u00e7\u0131l\u0131k hatta uzay \u00e7al\u0131\u015fmalar\u0131 gibi b\u00fcy\u00fck konularda i\u015fbirli\u011fi yapt\u0131klar\u0131n\u0131 s\u00f6yledi.<\/p>\n<p>&#13;<br \/>\n\tNur, T\u00fcrkiye&#8217;nin Somali&#8217;nin yan\u0131nda olmas\u0131n\u0131n yaln\u0131zca Somali halk\u0131n\u0131 de\u011fil dost t\u00fcm \u00fclkeleri de mutlu etti\u011fini vurgulad\u0131.<\/p>\n<h2>&#13;<br \/>\n\t\u2060&#8221;T\u00fcrkiye, her zaman mazlumlar\u0131n yan\u0131nda&#8221;<\/h2>\n<p>&#13;<br \/>\n\tT\u00fcrkiye&#8217;de 2011&#8217;de hem \u00f6\u011frenci hem de ikinci katip olarak g\u00f6rev yapt\u0131\u011f\u0131n\u0131 anlatan Nur, o g\u00fcnleri unutamad\u0131\u011f\u0131n\u0131 belirtti.<\/p>\n<p>&#13;<br \/>\n\tNur, &#8220;T\u00fcrk halk\u0131, her zaman mazlumlar\u0131n yan\u0131nda oldu ve olmaya da devam ediyor. Somali halk\u0131, o kara g\u00fcnlerden bug\u00fcnlere geldiyse bunda T\u00fcrkiye&#8217;nin, Say\u0131n Cumhurba\u015fkan\u0131 Erdo\u011fan&#8217;\u0131n ve T\u00fcrk halk\u0131n\u0131n katk\u0131s\u0131 b\u00fcy\u00fckt\u00fcr. Bu vesileyle T\u00fcrkiye&#8217;ye, T\u00fcrk devletine ve T\u00fcrk halk\u0131na te\u015fekk\u00fcr ediyoruz.&#8221; ifadelerini kulland\u0131.<\/p>\n<h2>&#13;<br \/>\n\t&#8220;\u0130lk ziyaret insaniydi, ikinci ziyaret kalk\u0131nma ama\u00e7l\u0131yd\u0131&#8221;<\/h2>\n<p>&#13;<br \/>\n\tPlanlama, Yat\u0131r\u0131m ve Ekonomik Kalk\u0131nma Bakanl\u0131\u011f\u0131 Somali Yat\u0131r\u0131m Te\u015fvik Ofisi Direkt\u00f6r\u00fc Mohamed Dhuubow da Erdo\u011fan&#8217;\u0131n ziyaretlerine ili\u015fkin, &#8220;2011&#8217;deki ziyaret, insani yard\u0131m i\u00e7indi ancak 2016&#8217;daki ikinci ziyaret bir kalk\u0131nma gezisi oldu.&#8221; dedi.<\/p>\n<p>&#13;<br \/>\n\tDhuubow, T\u00fcrkiye&#8217;nin Somali&#8217;de \u00fcstlendi\u011fi rol\u00fcn yat\u0131r\u0131m ve altyap\u0131 alan\u0131na ta\u015f\u0131nd\u0131\u011f\u0131n\u0131 s\u00f6yledi.<\/p>\n<p>&#13;<br \/>\n\tT\u00fcrkiye-Somali ili\u015fkilerinde \u00f6nemli geli\u015fmeler kaydedildi\u011fini anlatan Dhuubow, &#8220;T\u00fcrk Hava Yollar\u0131n\u0131n Mogadi\u015fu&#8217;ya seferler ba\u015flatmas\u0131, ard\u0131ndan liman ve havaliman\u0131n\u0131n T\u00fcrk \u015firketleri taraf\u0131ndan i\u015fletilmeye ba\u015flamas\u0131, Somali ekonomisini d\u00f6n\u00fc\u015ft\u00fcrd\u00fc. Bug\u00fcn bankac\u0131l\u0131ktan in\u015faata kadar sekt\u00f6rlerde \u00e7ok say\u0131da T\u00fcrk yat\u0131r\u0131mc\u0131, Somali&#8217;de faaliyet g\u00f6steriyor.&#8221; ifadelerini kulland\u0131.<\/p>\n<p><img decoding=\"async\" alt=\"Cumhurba\u015fkan\u0131 Erdo\u011fan'\u0131n 2011'deki Somali ziyareti, Somali'nin d\u00f6n\u00fcm noktas\u0131 oldu\" src=\"https:\/\/www.trthaber.com\/dosyalar\/images\/AA-120826917(1).jpg\"\/><\/p>\n<p>&#13;<br \/>\n\tDhuubow, Somali&#8217;nin yeni \u015firketler kanunuyla yabanc\u0131 yat\u0131r\u0131mc\u0131lara m\u00fclkiyet imkan\u0131 tan\u0131d\u0131\u011f\u0131n\u0131 belirterek, T\u00fcrk i\u015f insanlar\u0131n\u0131n bu s\u00fcre\u00e7te \u00f6nc\u00fc rol \u00fcstlendi\u011fini kaydetti.<\/p>\n<h2>&#13;<br \/>\n\tT\u00fcrkiye-Somali ili\u015fkilerinde stratejik ortakl\u0131k<\/h2>\n<p>&#13;<br \/>\n\tErdo\u011fan&#8217;\u0131n 2011 ziyaretinden sonra T\u00fcrkiye&#8217;nin Somali&#8217;deki varl\u0131\u011f\u0131, yaln\u0131zca insani yard\u0131mlarla s\u0131n\u0131rl\u0131 kalmad\u0131.<\/p>\n<p>&#13;<br \/>\n\tMogadi\u015fu&#8217;da b\u00fcy\u00fckel\u00e7ilik a\u00e7\u0131lmas\u0131, T\u00fcrk \u0130\u015fbirli\u011fi ve Koordinasyon Ajans\u0131 Ba\u015fkanl\u0131\u011f\u0131 (T\u0130KA) Ofisinin kurulmas\u0131, T\u00fcrk okullar\u0131n\u0131n ve hastanelerinin hizmete girmesi, ili\u015fkilerin kurumsalla\u015fmas\u0131n\u0131 sa\u011flad\u0131.<\/p>\n<p>&#13;<br \/>\n\tBug\u00fcn Somali, T\u00fcrkiye&#8217;nin Afrika a\u00e7\u0131l\u0131m\u0131n\u0131n sembol \u00fclkesi haline gelmi\u015f durumda. T\u00fcrk \u015firketleri, Somali&#8217;nin altyap\u0131s\u0131nda ve g\u00fcnl\u00fck ya\u015fam\u0131nda g\u00f6r\u00fcn\u00fcr bir akt\u00f6r olurken iki \u00fclke, enerji, bal\u0131k\u00e7\u0131l\u0131k ve hatta uzay alan\u0131nda yeni i\u015f birliklerini g\u00fcndeme al\u0131yor.<\/p>\n<\/p><\/div>\n","protected":false},"excerpt":{"rendered":"<p>&#13; Cumhurba\u015fkan\u0131 Erdo\u011fan&#8217;\u0131n A\u011fustos 2011&#8217;deki ziyareti, Somali&#8217;nin 1990&#8217;da devlet yap\u0131s\u0131n\u0131n \u00e7\u00f6kmesinden sonra ya\u015fad\u0131\u011f\u0131 en zor d\u00f6nemlerden birinde ger\u00e7ekle\u015fti. &#13; Erdo\u011fan&#8217;\u0131n e\u015fi, \u00e7ocuklar\u0131 ve bakanlarla Mogadi\u015fu&#8217;ya gitmesi, o d\u00f6nemde \u00fclke tarihindeki en \u015fiddetli kurakl\u0131kla m\u00fccadele eden Somali&#8217;de unutulmaz bir g\u00fcn olarak hat\u0131rlan\u0131yor. &#13; Somalili yetkililer, bu ziyaretin \u00fclkenin yaln\u0131zl\u0131ktan \u00e7\u0131k\u0131p uluslararas\u0131 toplumun g\u00fcndemine girmesinde ve T\u00fcrkiye-Somali<\/p>\n","protected":false},"author":1,"featured_media":89505,"comment_status":"open","ping_status":"open","sticky":false,"template":"","format":"standard","meta":{"footnotes":""},"categories":[101,86],"tags":[],"class_list":["post-89504","post","type-post","status-publish","format-standard","has-post-thumbnail","hentry","category-manset","category-turkiye"],"yoast_head":"<!-- This site is optimized with the Yoast SEO plugin v27.4 - https:\/\/yoast.com\/product\/yoast-seo-wordpress\/ -->\n<title>Cumhurba\u015fkan\u0131 Erdo\u011fan&#039;\u0131n 2011&#039;deki Somali ziyareti, Somali&#039;nin d\u00f6n\u00fcm noktas\u0131 oldu -<\/title>\n<meta name=\"robots\" content=\"index, follow, max-snippet:-1, max-image-preview:large, max-video-preview:-1\" \/>\n<link rel=\"canonical\" href=\"https:\/\/kibrisdakik.com\/?p=89504\" \/>\n<meta property=\"og:locale\" content=\"tr_TR\" \/>\n<meta property=\"og:type\" content=\"article\" \/>\n<meta property=\"og:title\" content=\"Cumhurba\u015fkan\u0131 Erdo\u011fan&#039;\u0131n 2011&#039;deki Somali ziyareti, Somali&#039;nin d\u00f6n\u00fcm noktas\u0131 oldu -\" \/>\n<meta property=\"og:description\" content=\"&#013; Cumhurba\u015fkan\u0131 Erdo\u011fan&#8217;\u0131n A\u011fustos 2011&#8217;deki ziyareti, Somali&#8217;nin 1990&#8217;da devlet yap\u0131s\u0131n\u0131n \u00e7\u00f6kmesinden sonra ya\u015fad\u0131\u011f\u0131 en zor d\u00f6nemlerden birinde ger\u00e7ekle\u015fti. &#013; Erdo\u011fan&#8217;\u0131n e\u015fi, \u00e7ocuklar\u0131 ve bakanlarla Mogadi\u015fu&#8217;ya gitmesi, o d\u00f6nemde \u00fclke tarihindeki en \u015fiddetli kurakl\u0131kla m\u00fccadele eden Somali&#8217;de unutulmaz bir g\u00fcn olarak hat\u0131rlan\u0131yor. &#013; Somalili yetkililer, bu ziyaretin \u00fclkenin yaln\u0131zl\u0131ktan \u00e7\u0131k\u0131p uluslararas\u0131 toplumun g\u00fcndemine girmesinde ve T\u00fcrkiye-Somali\" \/>\n<meta property=\"og:url\" content=\"https:\/\/kibrisdakik.com\/?p=89504\" \/>\n<meta property=\"article:published_time\" content=\"2025-08-20T17:22:01+00:00\" \/>\n<meta property=\"og:image\" content=\"https:\/\/kibrisdakik.com\/wp-content\/uploads\/2025\/08\/erdogan-somali-aa-2389993-740x420.jpg\" \/>\n\t<meta property=\"og:image:width\" content=\"1280\" \/>\n\t<meta property=\"og:image:height\" content=\"720\" \/>\n\t<meta property=\"og:image:type\" content=\"image\/jpeg\" \/>\n<meta name=\"author\" content=\"admin\" \/>\n<meta name=\"twitter:card\" content=\"summary_large_image\" \/>\n<meta name=\"twitter:label1\" content=\"Yazan:\" \/>\n\t<meta name=\"twitter:data1\" content=\"admin\" \/>\n\t<meta name=\"twitter:label2\" content=\"Tahmini okuma s\u00fcresi\" \/>\n\t<meta name=\"twitter:data2\" content=\"4 dakika\" \/>\n<script type=\"application\/ld+json\" class=\"yoast-schema-graph\">{\"@context\":\"https:\\\/\\\/schema.org\",\"@graph\":[{\"@type\":\"Article\",\"@id\":\"https:\\\/\\\/kibrisdakik.com\\\/?p=89504#article\",\"isPartOf\":{\"@id\":\"https:\\\/\\\/kibrisdakik.com\\\/?p=89504\"},\"author\":{\"name\":\"admin\",\"@id\":\"https:\\\/\\\/kibrisdakik.com\\\/#\\\/schema\\\/person\\\/9cd9d437bbb44f72b73ba127e06d8e79\"},\"headline\":\"Cumhurba\u015fkan\u0131 Erdo\u011fan&#8217;\u0131n 2011&#8217;deki Somali ziyareti, Somali&#8217;nin d\u00f6n\u00fcm noktas\u0131 oldu\",\"datePublished\":\"2025-08-20T17:22:01+00:00\",\"mainEntityOfPage\":{\"@id\":\"https:\\\/\\\/kibrisdakik.com\\\/?p=89504\"},\"wordCount\":765,\"commentCount\":0,\"image\":{\"@id\":\"https:\\\/\\\/kibrisdakik.com\\\/?p=89504#primaryimage\"},\"thumbnailUrl\":\"https:\\\/\\\/kibrisdakik.com\\\/wp-content\\\/uploads\\\/2025\\\/08\\\/erdogan-somali-aa-2389993-740x420.jpg\",\"articleSection\":[\"Man\u015fet\",\"T\u00fcrkiye\"],\"inLanguage\":\"tr\",\"potentialAction\":[{\"@type\":\"CommentAction\",\"name\":\"Comment\",\"target\":[\"https:\\\/\\\/kibrisdakik.com\\\/?p=89504#respond\"]}]},{\"@type\":\"WebPage\",\"@id\":\"https:\\\/\\\/kibrisdakik.com\\\/?p=89504\",\"url\":\"https:\\\/\\\/kibrisdakik.com\\\/?p=89504\",\"name\":\"Cumhurba\u015fkan\u0131 Erdo\u011fan'\u0131n 2011'deki Somali ziyareti, Somali'nin d\u00f6n\u00fcm noktas\u0131 oldu -\",\"isPartOf\":{\"@id\":\"https:\\\/\\\/kibrisdakik.com\\\/#website\"},\"primaryImageOfPage\":{\"@id\":\"https:\\\/\\\/kibrisdakik.com\\\/?p=89504#primaryimage\"},\"image\":{\"@id\":\"https:\\\/\\\/kibrisdakik.com\\\/?p=89504#primaryimage\"},\"thumbnailUrl\":\"https:\\\/\\\/kibrisdakik.com\\\/wp-content\\\/uploads\\\/2025\\\/08\\\/erdogan-somali-aa-2389993-740x420.jpg\",\"datePublished\":\"2025-08-20T17:22:01+00:00\",\"author\":{\"@id\":\"https:\\\/\\\/kibrisdakik.com\\\/#\\\/schema\\\/person\\\/9cd9d437bbb44f72b73ba127e06d8e79\"},\"breadcrumb\":{\"@id\":\"https:\\\/\\\/kibrisdakik.com\\\/?p=89504#breadcrumb\"},\"inLanguage\":\"tr\",\"potentialAction\":[{\"@type\":\"ReadAction\",\"target\":[\"https:\\\/\\\/kibrisdakik.com\\\/?p=89504\"]}]},{\"@type\":\"ImageObject\",\"inLanguage\":\"tr\",\"@id\":\"https:\\\/\\\/kibrisdakik.com\\\/?p=89504#primaryimage\",\"url\":\"https:\\\/\\\/kibrisdakik.com\\\/wp-content\\\/uploads\\\/2025\\\/08\\\/erdogan-somali-aa-2389993-740x420.jpg\",\"contentUrl\":\"https:\\\/\\\/kibrisdakik.com\\\/wp-content\\\/uploads\\\/2025\\\/08\\\/erdogan-somali-aa-2389993-740x420.jpg\",\"width\":1280,\"height\":720},{\"@type\":\"BreadcrumbList\",\"@id\":\"https:\\\/\\\/kibrisdakik.com\\\/?p=89504#breadcrumb\",\"itemListElement\":[{\"@type\":\"ListItem\",\"position\":1,\"name\":\"Home\",\"item\":\"https:\\\/\\\/kibrisdakik.com\\\/\"},{\"@type\":\"ListItem\",\"position\":2,\"name\":\"Cumhurba\u015fkan\u0131 Erdo\u011fan&#8217;\u0131n 2011&#8217;deki Somali ziyareti, Somali&#8217;nin d\u00f6n\u00fcm noktas\u0131 oldu\"}]},{\"@type\":\"WebSite\",\"@id\":\"https:\\\/\\\/kibrisdakik.com\\\/#website\",\"url\":\"https:\\\/\\\/kibrisdakik.com\\\/\",\"name\":\"\",\"description\":\"Tam vaktinde haber\",\"potentialAction\":[{\"@type\":\"SearchAction\",\"target\":{\"@type\":\"EntryPoint\",\"urlTemplate\":\"https:\\\/\\\/kibrisdakik.com\\\/?s={search_term_string}\"},\"query-input\":{\"@type\":\"PropertyValueSpecification\",\"valueRequired\":true,\"valueName\":\"search_term_string\"}}],\"inLanguage\":\"tr\"},{\"@type\":\"Person\",\"@id\":\"https:\\\/\\\/kibrisdakik.com\\\/#\\\/schema\\\/person\\\/9cd9d437bbb44f72b73ba127e06d8e79\",\"name\":\"admin\",\"image\":{\"@type\":\"ImageObject\",\"inLanguage\":\"tr\",\"@id\":\"https:\\\/\\\/secure.gravatar.com\\\/avatar\\\/ccc17943b9d660506c869530f897617f7cb1c21a4bf30023f252596d83e1f007?s=96&d=mm&r=g\",\"url\":\"https:\\\/\\\/secure.gravatar.com\\\/avatar\\\/ccc17943b9d660506c869530f897617f7cb1c21a4bf30023f252596d83e1f007?s=96&d=mm&r=g\",\"contentUrl\":\"https:\\\/\\\/secure.gravatar.com\\\/avatar\\\/ccc17943b9d660506c869530f897617f7cb1c21a4bf30023f252596d83e1f007?s=96&d=mm&r=g\",\"caption\":\"admin\"},\"sameAs\":[\"https:\\\/\\\/kibrisdakik.com\"],\"url\":\"https:\\\/\\\/kibrisdakik.com\\\/?author=1\"}]}<\/script>\n<!-- \/ Yoast SEO plugin. -->","yoast_head_json":{"title":"Cumhurba\u015fkan\u0131 Erdo\u011fan'\u0131n 2011'deki Somali ziyareti, Somali'nin d\u00f6n\u00fcm noktas\u0131 oldu -","robots":{"index":"index","follow":"follow","max-snippet":"max-snippet:-1","max-image-preview":"max-image-preview:large","max-video-preview":"max-video-preview:-1"},"canonical":"https:\/\/kibrisdakik.com\/?p=89504","og_locale":"tr_TR","og_type":"article","og_title":"Cumhurba\u015fkan\u0131 Erdo\u011fan'\u0131n 2011'deki Somali ziyareti, Somali'nin d\u00f6n\u00fcm noktas\u0131 oldu -","og_description":"&#13; Cumhurba\u015fkan\u0131 Erdo\u011fan&#8217;\u0131n A\u011fustos 2011&#8217;deki ziyareti, Somali&#8217;nin 1990&#8217;da devlet yap\u0131s\u0131n\u0131n \u00e7\u00f6kmesinden sonra ya\u015fad\u0131\u011f\u0131 en zor d\u00f6nemlerden birinde ger\u00e7ekle\u015fti. &#13; Erdo\u011fan&#8217;\u0131n e\u015fi, \u00e7ocuklar\u0131 ve bakanlarla Mogadi\u015fu&#8217;ya gitmesi, o d\u00f6nemde \u00fclke tarihindeki en \u015fiddetli kurakl\u0131kla m\u00fccadele eden Somali&#8217;de unutulmaz bir g\u00fcn olarak hat\u0131rlan\u0131yor. &#13; Somalili yetkililer, bu ziyaretin \u00fclkenin yaln\u0131zl\u0131ktan \u00e7\u0131k\u0131p uluslararas\u0131 toplumun g\u00fcndemine girmesinde ve T\u00fcrkiye-Somali","og_url":"https:\/\/kibrisdakik.com\/?p=89504","article_published_time":"2025-08-20T17:22:01+00:00","og_image":[{"width":1280,"height":720,"url":"https:\/\/kibrisdakik.com\/wp-content\/uploads\/2025\/08\/erdogan-somali-aa-2389993-740x420.jpg","type":"image\/jpeg"}],"author":"admin","twitter_card":"summary_large_image","twitter_misc":{"Yazan:":"admin","Tahmini okuma s\u00fcresi":"4 dakika"},"schema":{"@context":"https:\/\/schema.org","@graph":[{"@type":"Article","@id":"https:\/\/kibrisdakik.com\/?p=89504#article","isPartOf":{"@id":"https:\/\/kibrisdakik.com\/?p=89504"},"author":{"name":"admin","@id":"https:\/\/kibrisdakik.com\/#\/schema\/person\/9cd9d437bbb44f72b73ba127e06d8e79"},"headline":"Cumhurba\u015fkan\u0131 Erdo\u011fan&#8217;\u0131n 2011&#8217;deki Somali ziyareti, Somali&#8217;nin d\u00f6n\u00fcm noktas\u0131 oldu","datePublished":"2025-08-20T17:22:01+00:00","mainEntityOfPage":{"@id":"https:\/\/kibrisdakik.com\/?p=89504"},"wordCount":765,"commentCount":0,"image":{"@id":"https:\/\/kibrisdakik.com\/?p=89504#primaryimage"},"thumbnailUrl":"https:\/\/kibrisdakik.com\/wp-content\/uploads\/2025\/08\/erdogan-somali-aa-2389993-740x420.jpg","articleSection":["Man\u015fet","T\u00fcrkiye"],"inLanguage":"tr","potentialAction":[{"@type":"CommentAction","name":"Comment","target":["https:\/\/kibrisdakik.com\/?p=89504#respond"]}]},{"@type":"WebPage","@id":"https:\/\/kibrisdakik.com\/?p=89504","url":"https:\/\/kibrisdakik.com\/?p=89504","name":"Cumhurba\u015fkan\u0131 Erdo\u011fan'\u0131n 2011'deki Somali ziyareti, Somali'nin d\u00f6n\u00fcm noktas\u0131 oldu -","isPartOf":{"@id":"https:\/\/kibrisdakik.com\/#website"},"primaryImageOfPage":{"@id":"https:\/\/kibrisdakik.com\/?p=89504#primaryimage"},"image":{"@id":"https:\/\/kibrisdakik.com\/?p=89504#primaryimage"},"thumbnailUrl":"https:\/\/kibrisdakik.com\/wp-content\/uploads\/2025\/08\/erdogan-somali-aa-2389993-740x420.jpg","datePublished":"2025-08-20T17:22:01+00:00","author":{"@id":"https:\/\/kibrisdakik.com\/#\/schema\/person\/9cd9d437bbb44f72b73ba127e06d8e79"},"breadcrumb":{"@id":"https:\/\/kibrisdakik.com\/?p=89504#breadcrumb"},"inLanguage":"tr","potentialAction":[{"@type":"ReadAction","target":["https:\/\/kibrisdakik.com\/?p=89504"]}]},{"@type":"ImageObject","inLanguage":"tr","@id":"https:\/\/kibrisdakik.com\/?p=89504#primaryimage","url":"https:\/\/kibrisdakik.com\/wp-content\/uploads\/2025\/08\/erdogan-somali-aa-2389993-740x420.jpg","contentUrl":"https:\/\/kibrisdakik.com\/wp-content\/uploads\/2025\/08\/erdogan-somali-aa-2389993-740x420.jpg","width":1280,"height":720},{"@type":"BreadcrumbList","@id":"https:\/\/kibrisdakik.com\/?p=89504#breadcrumb","itemListElement":[{"@type":"ListItem","position":1,"name":"Home","item":"https:\/\/kibrisdakik.com\/"},{"@type":"ListItem","position":2,"name":"Cumhurba\u015fkan\u0131 Erdo\u011fan&#8217;\u0131n 2011&#8217;deki Somali ziyareti, Somali&#8217;nin d\u00f6n\u00fcm noktas\u0131 oldu"}]},{"@type":"WebSite","@id":"https:\/\/kibrisdakik.com\/#website","url":"https:\/\/kibrisdakik.com\/","name":"","description":"Tam vaktinde haber","potentialAction":[{"@type":"SearchAction","target":{"@type":"EntryPoint","urlTemplate":"https:\/\/kibrisdakik.com\/?s={search_term_string}"},"query-input":{"@type":"PropertyValueSpecification","valueRequired":true,"valueName":"search_term_string"}}],"inLanguage":"tr"},{"@type":"Person","@id":"https:\/\/kibrisdakik.com\/#\/schema\/person\/9cd9d437bbb44f72b73ba127e06d8e79","name":"admin","image":{"@type":"ImageObject","inLanguage":"tr","@id":"https:\/\/secure.gravatar.com\/avatar\/ccc17943b9d660506c869530f897617f7cb1c21a4bf30023f252596d83e1f007?s=96&d=mm&r=g","url":"https:\/\/secure.gravatar.com\/avatar\/ccc17943b9d660506c869530f897617f7cb1c21a4bf30023f252596d83e1f007?s=96&d=mm&r=g","contentUrl":"https:\/\/secure.gravatar.com\/avatar\/ccc17943b9d660506c869530f897617f7cb1c21a4bf30023f252596d83e1f007?s=96&d=mm&r=g","caption":"admin"},"sameAs":["https:\/\/kibrisdakik.com"],"url":"https:\/\/kibrisdakik.com\/?author=1"}]}},"_links":{"self":[{"href":"https:\/\/kibrisdakik.com\/index.php?rest_route=\/wp\/v2\/posts\/89504","targetHints":{"allow":["GET"]}}],"collection":[{"href":"https:\/\/kibrisdakik.com\/index.php?rest_route=\/wp\/v2\/posts"}],"about":[{"href":"https:\/\/kibrisdakik.com\/index.php?rest_route=\/wp\/v2\/types\/post"}],"author":[{"embeddable":true,"href":"https:\/\/kibrisdakik.com\/index.php?rest_route=\/wp\/v2\/users\/1"}],"replies":[{"embeddable":true,"href":"https:\/\/kibrisdakik.com\/index.php?rest_route=%2Fwp%2Fv2%2Fcomments&post=89504"}],"version-history":[{"count":0,"href":"https:\/\/kibrisdakik.com\/index.php?rest_route=\/wp\/v2\/posts\/89504\/revisions"}],"wp:featuredmedia":[{"embeddable":true,"href":"https:\/\/kibrisdakik.com\/index.php?rest_route=\/wp\/v2\/media\/89505"}],"wp:attachment":[{"href":"https:\/\/kibrisdakik.com\/index.php?rest_route=%2Fwp%2Fv2%2Fmedia&parent=89504"}],"wp:term":[{"taxonomy":"category","embeddable":true,"href":"https:\/\/kibrisdakik.com\/index.php?rest_route=%2Fwp%2Fv2%2Fcategories&post=89504"},{"taxonomy":"post_tag","embeddable":true,"href":"https:\/\/kibrisdakik.com\/index.php?rest_route=%2Fwp%2Fv2%2Ftags&post=89504"}],"curies":[{"name":"wp","href":"https:\/\/api.w.org\/{rel}","templated":true}]}}