{"id":89520,"date":"2025-08-20T21:50:16","date_gmt":"2025-08-20T18:50:16","guid":{"rendered":"https:\/\/kibrisdakik.com\/index.php\/2025\/08\/20\/hamastan-gazze-icin-kuresel-grev-cagrisi\/"},"modified":"2025-08-20T21:50:16","modified_gmt":"2025-08-20T18:50:16","slug":"hamastan-gazze-icin-kuresel-grev-cagrisi","status":"publish","type":"post","link":"https:\/\/kibrisdakik.com\/?p=89520","title":{"rendered":"Hamas\u2019tan \u201cGazze i\u00e7in k\u00fcresel grev\u201d \u00e7a\u011fr\u0131s\u0131"},"content":{"rendered":"<p><\/p>\n<div>\n<p>&#13;<br \/>\n\tHamas yapt\u0131\u011f\u0131 a\u00e7\u0131klamada, \u201cArap ve \u0130slam \u00fcmmeti ile d\u00fcnyan\u0131n \u00f6zg\u00fcr insanlar\u0131n\u0131, Gazze\u2019ye destek i\u00e7in yar\u0131n ger\u00e7ekle\u015ftirilecek k\u00fcresel greve g\u00fc\u00e7l\u00fc \u015fekilde kat\u0131lmaya davet ediyoruz.\u201d ifadesini kulland\u0131.<\/p>\n<p>&#13;<br \/>\n\tGrevin Gazze&#8217;de 22 ayd\u0131r devam eden \u0130srail sald\u0131r\u0131lar\u0131na kar\u015f\u0131 dayan\u0131\u015fma amac\u0131 ta\u015f\u0131d\u0131\u011f\u0131 belirtilen a\u00e7\u0131klamada, eylemin &#8220;K\u00fcresel \u00d6fke G\u00fcn\u00fc&#8221; ba\u015fl\u0131\u011f\u0131 alt\u0131nda organize edilece\u011fi kaydedildi.<\/p>\n<p>&#13;<br \/>\n\tHamas, grevin d\u0131\u015f\u0131nda ayr\u0131ca cuma, cumartesi ve pazar g\u00fcnleri (22-24 A\u011fustos) ise, d\u00fcnya genelindeki \u015fehirlerde ve ba\u015fkentlerde kitlesel y\u00fcr\u00fcy\u00fc\u015f ve g\u00f6sterilerin s\u00fcrd\u00fcr\u00fclmesini talep etti.<\/p>\n<p>&#13;<br \/>\n\tA\u00e7\u0131klamada, \u201cABD, \u0130srail ve Tel Aviv\u2019i destekleyen \u00fclkelerin b\u00fcy\u00fckel\u00e7ilikleri \u00f6n\u00fcnde g\u00f6steri ve oturma eylemleri art\u0131r\u0131lmal\u0131d\u0131r.\u201d ifadeleri yer ald\u0131.<\/p>\n<p>&#13;<br \/>\n\tHamas ayr\u0131ca, \u0130srail ordusunun Gazze kentini yeniden i\u015fgal ederek bir milyondan fazla Filistinliyi zorla g\u00f6\u00e7 ettirmeyi planlad\u0131\u011f\u0131n\u0131 ve bunun \u201csoyk\u0131r\u0131m sava\u015f\u0131n\u0131n yeni bir a\u015famas\u0131\u201d oldu\u011funu kaydetti.<\/p>\n<p>&#13;<br \/>\n\tHareket, uluslararas\u0131 topluma \u201ckatliamlar\u0131n durdurulmas\u0131, ablukaya ve sistematik a\u00e7 b\u0131rakmaya son verilmesi i\u00e7in acil harekete ge\u00e7me\u201d \u00e7a\u011fr\u0131s\u0131 yapt\u0131.<\/p>\n<\/p><\/div>\n","protected":false},"excerpt":{"rendered":"<p>&#13; Hamas yapt\u0131\u011f\u0131 a\u00e7\u0131klamada, \u201cArap ve \u0130slam \u00fcmmeti ile d\u00fcnyan\u0131n \u00f6zg\u00fcr insanlar\u0131n\u0131, Gazze\u2019ye destek i\u00e7in yar\u0131n ger\u00e7ekle\u015ftirilecek k\u00fcresel greve g\u00fc\u00e7l\u00fc \u015fekilde kat\u0131lmaya davet ediyoruz.\u201d ifadesini kulland\u0131. &#13; Grevin Gazze&#8217;de 22 ayd\u0131r devam eden \u0130srail sald\u0131r\u0131lar\u0131na kar\u015f\u0131 dayan\u0131\u015fma amac\u0131 ta\u015f\u0131d\u0131\u011f\u0131 belirtilen a\u00e7\u0131klamada, eylemin &#8220;K\u00fcresel \u00d6fke G\u00fcn\u00fc&#8221; ba\u015fl\u0131\u011f\u0131 alt\u0131nda organize edilece\u011fi kaydedildi. &#13; Hamas, grevin d\u0131\u015f\u0131nda ayr\u0131ca<\/p>\n","protected":false},"author":1,"featured_media":89521,"comment_status":"open","ping_status":"open","sticky":false,"template":"","format":"standard","meta":{"footnotes":""},"categories":[101,86],"tags":[],"class_list":["post-89520","post","type-post","status-publish","format-standard","has-post-thumbnail","hentry","category-manset","category-turkiye"],"yoast_head":"<!-- This site is optimized with the Yoast SEO plugin v27.4 - https:\/\/yoast.com\/product\/yoast-seo-wordpress\/ -->\n<title>Hamas\u2019tan \u201cGazze i\u00e7in k\u00fcresel grev\u201d \u00e7a\u011fr\u0131s\u0131 -<\/title>\n<meta name=\"robots\" content=\"index, follow, max-snippet:-1, max-image-preview:large, max-video-preview:-1\" \/>\n<link rel=\"canonical\" href=\"https:\/\/kibrisdakik.com\/?p=89520\" \/>\n<meta property=\"og:locale\" content=\"tr_TR\" \/>\n<meta property=\"og:type\" content=\"article\" \/>\n<meta property=\"og:title\" content=\"Hamas\u2019tan \u201cGazze i\u00e7in k\u00fcresel grev\u201d \u00e7a\u011fr\u0131s\u0131 -\" \/>\n<meta property=\"og:description\" content=\"&#013; Hamas yapt\u0131\u011f\u0131 a\u00e7\u0131klamada, \u201cArap ve \u0130slam \u00fcmmeti ile d\u00fcnyan\u0131n \u00f6zg\u00fcr insanlar\u0131n\u0131, Gazze\u2019ye destek i\u00e7in yar\u0131n ger\u00e7ekle\u015ftirilecek k\u00fcresel greve g\u00fc\u00e7l\u00fc \u015fekilde kat\u0131lmaya davet ediyoruz.\u201d ifadesini kulland\u0131. &#013; Grevin Gazze&#8217;de 22 ayd\u0131r devam eden \u0130srail sald\u0131r\u0131lar\u0131na kar\u015f\u0131 dayan\u0131\u015fma amac\u0131 ta\u015f\u0131d\u0131\u011f\u0131 belirtilen a\u00e7\u0131klamada, eylemin &#8220;K\u00fcresel \u00d6fke G\u00fcn\u00fc&#8221; ba\u015fl\u0131\u011f\u0131 alt\u0131nda organize edilece\u011fi kaydedildi. &#013; Hamas, grevin d\u0131\u015f\u0131nda ayr\u0131ca\" \/>\n<meta property=\"og:url\" content=\"https:\/\/kibrisdakik.com\/?p=89520\" \/>\n<meta property=\"article:published_time\" content=\"2025-08-20T18:50:16+00:00\" \/>\n<meta property=\"og:image\" content=\"https:\/\/kibrisdakik.com\/wp-content\/uploads\/2025\/08\/1755715823_gazze-gunluk-yasam-a-2387923-740x420.jpg\" \/>\n\t<meta property=\"og:image:width\" content=\"1280\" \/>\n\t<meta property=\"og:image:height\" content=\"720\" \/>\n\t<meta property=\"og:image:type\" content=\"image\/jpeg\" \/>\n<meta name=\"author\" content=\"admin\" \/>\n<meta name=\"twitter:card\" content=\"summary_large_image\" \/>\n<meta name=\"twitter:label1\" content=\"Yazan:\" \/>\n\t<meta name=\"twitter:data1\" content=\"admin\" \/>\n\t<meta name=\"twitter:label2\" content=\"Tahmini okuma s\u00fcresi\" \/>\n\t<meta name=\"twitter:data2\" content=\"1 dakika\" \/>\n<script type=\"application\/ld+json\" class=\"yoast-schema-graph\">{\"@context\":\"https:\\\/\\\/schema.org\",\"@graph\":[{\"@type\":\"Article\",\"@id\":\"https:\\\/\\\/kibrisdakik.com\\\/?p=89520#article\",\"isPartOf\":{\"@id\":\"https:\\\/\\\/kibrisdakik.com\\\/?p=89520\"},\"author\":{\"name\":\"admin\",\"@id\":\"https:\\\/\\\/kibrisdakik.com\\\/#\\\/schema\\\/person\\\/9cd9d437bbb44f72b73ba127e06d8e79\"},\"headline\":\"Hamas\u2019tan \u201cGazze i\u00e7in k\u00fcresel grev\u201d \u00e7a\u011fr\u0131s\u0131\",\"datePublished\":\"2025-08-20T18:50:16+00:00\",\"mainEntityOfPage\":{\"@id\":\"https:\\\/\\\/kibrisdakik.com\\\/?p=89520\"},\"wordCount\":207,\"commentCount\":0,\"image\":{\"@id\":\"https:\\\/\\\/kibrisdakik.com\\\/?p=89520#primaryimage\"},\"thumbnailUrl\":\"https:\\\/\\\/kibrisdakik.com\\\/wp-content\\\/uploads\\\/2025\\\/08\\\/1755715823_gazze-gunluk-yasam-a-2387923-740x420.jpg\",\"articleSection\":[\"Man\u015fet\",\"T\u00fcrkiye\"],\"inLanguage\":\"tr\",\"potentialAction\":[{\"@type\":\"CommentAction\",\"name\":\"Comment\",\"target\":[\"https:\\\/\\\/kibrisdakik.com\\\/?p=89520#respond\"]}]},{\"@type\":\"WebPage\",\"@id\":\"https:\\\/\\\/kibrisdakik.com\\\/?p=89520\",\"url\":\"https:\\\/\\\/kibrisdakik.com\\\/?p=89520\",\"name\":\"Hamas\u2019tan \u201cGazze i\u00e7in k\u00fcresel grev\u201d \u00e7a\u011fr\u0131s\u0131 -\",\"isPartOf\":{\"@id\":\"https:\\\/\\\/kibrisdakik.com\\\/#website\"},\"primaryImageOfPage\":{\"@id\":\"https:\\\/\\\/kibrisdakik.com\\\/?p=89520#primaryimage\"},\"image\":{\"@id\":\"https:\\\/\\\/kibrisdakik.com\\\/?p=89520#primaryimage\"},\"thumbnailUrl\":\"https:\\\/\\\/kibrisdakik.com\\\/wp-content\\\/uploads\\\/2025\\\/08\\\/1755715823_gazze-gunluk-yasam-a-2387923-740x420.jpg\",\"datePublished\":\"2025-08-20T18:50:16+00:00\",\"author\":{\"@id\":\"https:\\\/\\\/kibrisdakik.com\\\/#\\\/schema\\\/person\\\/9cd9d437bbb44f72b73ba127e06d8e79\"},\"breadcrumb\":{\"@id\":\"https:\\\/\\\/kibrisdakik.com\\\/?p=89520#breadcrumb\"},\"inLanguage\":\"tr\",\"potentialAction\":[{\"@type\":\"ReadAction\",\"target\":[\"https:\\\/\\\/kibrisdakik.com\\\/?p=89520\"]}]},{\"@type\":\"ImageObject\",\"inLanguage\":\"tr\",\"@id\":\"https:\\\/\\\/kibrisdakik.com\\\/?p=89520#primaryimage\",\"url\":\"https:\\\/\\\/kibrisdakik.com\\\/wp-content\\\/uploads\\\/2025\\\/08\\\/1755715823_gazze-gunluk-yasam-a-2387923-740x420.jpg\",\"contentUrl\":\"https:\\\/\\\/kibrisdakik.com\\\/wp-content\\\/uploads\\\/2025\\\/08\\\/1755715823_gazze-gunluk-yasam-a-2387923-740x420.jpg\",\"width\":1280,\"height\":720},{\"@type\":\"BreadcrumbList\",\"@id\":\"https:\\\/\\\/kibrisdakik.com\\\/?p=89520#breadcrumb\",\"itemListElement\":[{\"@type\":\"ListItem\",\"position\":1,\"name\":\"Home\",\"item\":\"https:\\\/\\\/kibrisdakik.com\\\/\"},{\"@type\":\"ListItem\",\"position\":2,\"name\":\"Hamas\u2019tan \u201cGazze i\u00e7in k\u00fcresel grev\u201d \u00e7a\u011fr\u0131s\u0131\"}]},{\"@type\":\"WebSite\",\"@id\":\"https:\\\/\\\/kibrisdakik.com\\\/#website\",\"url\":\"https:\\\/\\\/kibrisdakik.com\\\/\",\"name\":\"\",\"description\":\"Tam vaktinde haber\",\"potentialAction\":[{\"@type\":\"SearchAction\",\"target\":{\"@type\":\"EntryPoint\",\"urlTemplate\":\"https:\\\/\\\/kibrisdakik.com\\\/?s={search_term_string}\"},\"query-input\":{\"@type\":\"PropertyValueSpecification\",\"valueRequired\":true,\"valueName\":\"search_term_string\"}}],\"inLanguage\":\"tr\"},{\"@type\":\"Person\",\"@id\":\"https:\\\/\\\/kibrisdakik.com\\\/#\\\/schema\\\/person\\\/9cd9d437bbb44f72b73ba127e06d8e79\",\"name\":\"admin\",\"image\":{\"@type\":\"ImageObject\",\"inLanguage\":\"tr\",\"@id\":\"https:\\\/\\\/secure.gravatar.com\\\/avatar\\\/ccc17943b9d660506c869530f897617f7cb1c21a4bf30023f252596d83e1f007?s=96&d=mm&r=g\",\"url\":\"https:\\\/\\\/secure.gravatar.com\\\/avatar\\\/ccc17943b9d660506c869530f897617f7cb1c21a4bf30023f252596d83e1f007?s=96&d=mm&r=g\",\"contentUrl\":\"https:\\\/\\\/secure.gravatar.com\\\/avatar\\\/ccc17943b9d660506c869530f897617f7cb1c21a4bf30023f252596d83e1f007?s=96&d=mm&r=g\",\"caption\":\"admin\"},\"sameAs\":[\"https:\\\/\\\/kibrisdakik.com\"],\"url\":\"https:\\\/\\\/kibrisdakik.com\\\/?author=1\"}]}<\/script>\n<!-- \/ Yoast SEO plugin. -->","yoast_head_json":{"title":"Hamas\u2019tan \u201cGazze i\u00e7in k\u00fcresel grev\u201d \u00e7a\u011fr\u0131s\u0131 -","robots":{"index":"index","follow":"follow","max-snippet":"max-snippet:-1","max-image-preview":"max-image-preview:large","max-video-preview":"max-video-preview:-1"},"canonical":"https:\/\/kibrisdakik.com\/?p=89520","og_locale":"tr_TR","og_type":"article","og_title":"Hamas\u2019tan \u201cGazze i\u00e7in k\u00fcresel grev\u201d \u00e7a\u011fr\u0131s\u0131 -","og_description":"&#13; Hamas yapt\u0131\u011f\u0131 a\u00e7\u0131klamada, \u201cArap ve \u0130slam \u00fcmmeti ile d\u00fcnyan\u0131n \u00f6zg\u00fcr insanlar\u0131n\u0131, Gazze\u2019ye destek i\u00e7in yar\u0131n ger\u00e7ekle\u015ftirilecek k\u00fcresel greve g\u00fc\u00e7l\u00fc \u015fekilde kat\u0131lmaya davet ediyoruz.\u201d ifadesini kulland\u0131. &#13; Grevin Gazze&#8217;de 22 ayd\u0131r devam eden \u0130srail sald\u0131r\u0131lar\u0131na kar\u015f\u0131 dayan\u0131\u015fma amac\u0131 ta\u015f\u0131d\u0131\u011f\u0131 belirtilen a\u00e7\u0131klamada, eylemin &#8220;K\u00fcresel \u00d6fke G\u00fcn\u00fc&#8221; ba\u015fl\u0131\u011f\u0131 alt\u0131nda organize edilece\u011fi kaydedildi. &#13; Hamas, grevin d\u0131\u015f\u0131nda ayr\u0131ca","og_url":"https:\/\/kibrisdakik.com\/?p=89520","article_published_time":"2025-08-20T18:50:16+00:00","og_image":[{"width":1280,"height":720,"url":"https:\/\/kibrisdakik.com\/wp-content\/uploads\/2025\/08\/1755715823_gazze-gunluk-yasam-a-2387923-740x420.jpg","type":"image\/jpeg"}],"author":"admin","twitter_card":"summary_large_image","twitter_misc":{"Yazan:":"admin","Tahmini okuma s\u00fcresi":"1 dakika"},"schema":{"@context":"https:\/\/schema.org","@graph":[{"@type":"Article","@id":"https:\/\/kibrisdakik.com\/?p=89520#article","isPartOf":{"@id":"https:\/\/kibrisdakik.com\/?p=89520"},"author":{"name":"admin","@id":"https:\/\/kibrisdakik.com\/#\/schema\/person\/9cd9d437bbb44f72b73ba127e06d8e79"},"headline":"Hamas\u2019tan \u201cGazze i\u00e7in k\u00fcresel grev\u201d \u00e7a\u011fr\u0131s\u0131","datePublished":"2025-08-20T18:50:16+00:00","mainEntityOfPage":{"@id":"https:\/\/kibrisdakik.com\/?p=89520"},"wordCount":207,"commentCount":0,"image":{"@id":"https:\/\/kibrisdakik.com\/?p=89520#primaryimage"},"thumbnailUrl":"https:\/\/kibrisdakik.com\/wp-content\/uploads\/2025\/08\/1755715823_gazze-gunluk-yasam-a-2387923-740x420.jpg","articleSection":["Man\u015fet","T\u00fcrkiye"],"inLanguage":"tr","potentialAction":[{"@type":"CommentAction","name":"Comment","target":["https:\/\/kibrisdakik.com\/?p=89520#respond"]}]},{"@type":"WebPage","@id":"https:\/\/kibrisdakik.com\/?p=89520","url":"https:\/\/kibrisdakik.com\/?p=89520","name":"Hamas\u2019tan \u201cGazze i\u00e7in k\u00fcresel grev\u201d \u00e7a\u011fr\u0131s\u0131 -","isPartOf":{"@id":"https:\/\/kibrisdakik.com\/#website"},"primaryImageOfPage":{"@id":"https:\/\/kibrisdakik.com\/?p=89520#primaryimage"},"image":{"@id":"https:\/\/kibrisdakik.com\/?p=89520#primaryimage"},"thumbnailUrl":"https:\/\/kibrisdakik.com\/wp-content\/uploads\/2025\/08\/1755715823_gazze-gunluk-yasam-a-2387923-740x420.jpg","datePublished":"2025-08-20T18:50:16+00:00","author":{"@id":"https:\/\/kibrisdakik.com\/#\/schema\/person\/9cd9d437bbb44f72b73ba127e06d8e79"},"breadcrumb":{"@id":"https:\/\/kibrisdakik.com\/?p=89520#breadcrumb"},"inLanguage":"tr","potentialAction":[{"@type":"ReadAction","target":["https:\/\/kibrisdakik.com\/?p=89520"]}]},{"@type":"ImageObject","inLanguage":"tr","@id":"https:\/\/kibrisdakik.com\/?p=89520#primaryimage","url":"https:\/\/kibrisdakik.com\/wp-content\/uploads\/2025\/08\/1755715823_gazze-gunluk-yasam-a-2387923-740x420.jpg","contentUrl":"https:\/\/kibrisdakik.com\/wp-content\/uploads\/2025\/08\/1755715823_gazze-gunluk-yasam-a-2387923-740x420.jpg","width":1280,"height":720},{"@type":"BreadcrumbList","@id":"https:\/\/kibrisdakik.com\/?p=89520#breadcrumb","itemListElement":[{"@type":"ListItem","position":1,"name":"Home","item":"https:\/\/kibrisdakik.com\/"},{"@type":"ListItem","position":2,"name":"Hamas\u2019tan \u201cGazze i\u00e7in k\u00fcresel grev\u201d \u00e7a\u011fr\u0131s\u0131"}]},{"@type":"WebSite","@id":"https:\/\/kibrisdakik.com\/#website","url":"https:\/\/kibrisdakik.com\/","name":"","description":"Tam vaktinde haber","potentialAction":[{"@type":"SearchAction","target":{"@type":"EntryPoint","urlTemplate":"https:\/\/kibrisdakik.com\/?s={search_term_string}"},"query-input":{"@type":"PropertyValueSpecification","valueRequired":true,"valueName":"search_term_string"}}],"inLanguage":"tr"},{"@type":"Person","@id":"https:\/\/kibrisdakik.com\/#\/schema\/person\/9cd9d437bbb44f72b73ba127e06d8e79","name":"admin","image":{"@type":"ImageObject","inLanguage":"tr","@id":"https:\/\/secure.gravatar.com\/avatar\/ccc17943b9d660506c869530f897617f7cb1c21a4bf30023f252596d83e1f007?s=96&d=mm&r=g","url":"https:\/\/secure.gravatar.com\/avatar\/ccc17943b9d660506c869530f897617f7cb1c21a4bf30023f252596d83e1f007?s=96&d=mm&r=g","contentUrl":"https:\/\/secure.gravatar.com\/avatar\/ccc17943b9d660506c869530f897617f7cb1c21a4bf30023f252596d83e1f007?s=96&d=mm&r=g","caption":"admin"},"sameAs":["https:\/\/kibrisdakik.com"],"url":"https:\/\/kibrisdakik.com\/?author=1"}]}},"_links":{"self":[{"href":"https:\/\/kibrisdakik.com\/index.php?rest_route=\/wp\/v2\/posts\/89520","targetHints":{"allow":["GET"]}}],"collection":[{"href":"https:\/\/kibrisdakik.com\/index.php?rest_route=\/wp\/v2\/posts"}],"about":[{"href":"https:\/\/kibrisdakik.com\/index.php?rest_route=\/wp\/v2\/types\/post"}],"author":[{"embeddable":true,"href":"https:\/\/kibrisdakik.com\/index.php?rest_route=\/wp\/v2\/users\/1"}],"replies":[{"embeddable":true,"href":"https:\/\/kibrisdakik.com\/index.php?rest_route=%2Fwp%2Fv2%2Fcomments&post=89520"}],"version-history":[{"count":0,"href":"https:\/\/kibrisdakik.com\/index.php?rest_route=\/wp\/v2\/posts\/89520\/revisions"}],"wp:featuredmedia":[{"embeddable":true,"href":"https:\/\/kibrisdakik.com\/index.php?rest_route=\/wp\/v2\/media\/89521"}],"wp:attachment":[{"href":"https:\/\/kibrisdakik.com\/index.php?rest_route=%2Fwp%2Fv2%2Fmedia&parent=89520"}],"wp:term":[{"taxonomy":"category","embeddable":true,"href":"https:\/\/kibrisdakik.com\/index.php?rest_route=%2Fwp%2Fv2%2Fcategories&post=89520"},{"taxonomy":"post_tag","embeddable":true,"href":"https:\/\/kibrisdakik.com\/index.php?rest_route=%2Fwp%2Fv2%2Ftags&post=89520"}],"curies":[{"name":"wp","href":"https:\/\/api.w.org\/{rel}","templated":true}]}}