{"id":89672,"date":"2025-08-21T14:43:12","date_gmt":"2025-08-21T11:43:12","guid":{"rendered":"https:\/\/kibrisdakik.com\/index.php\/2025\/08\/21\/narin-kabri-basinda-anildi-son-dakika-haberleri\/"},"modified":"2025-08-21T14:43:12","modified_gmt":"2025-08-21T11:43:12","slug":"narin-kabri-basinda-anildi-son-dakika-haberleri","status":"publish","type":"post","link":"https:\/\/kibrisdakik.com\/?p=89672","title":{"rendered":"Narin kabri ba\u015f\u0131nda an\u0131ld\u0131 &#8211; Son Dakika Haberleri"},"content":{"rendered":"<p><\/p>\n<div>\n<p>&#13;<br \/>\n\tMerkez Ba\u011flar il\u00e7esine ba\u011fl\u0131 k\u0131rsal Tav\u015fantepe Mahallesi&#8217;nde 21 A\u011fustos&#8217;ta kaybolan ve 8 Eyl\u00fcl&#8217;de E\u011fertutmaz Deresi&#8217;nde cans\u0131z bedenine ula\u015f\u0131lan Narin G\u00fcran&#8217;\u0131n kabrinde, \u00f6ld\u00fcr\u00fclmesinin 1. y\u0131l\u0131nda G\u00fcran ailesi ve yak\u0131nlar\u0131 taraf\u0131ndan anma program\u0131 d\u00fczenlendi.<\/p>\n<p>&#13;<br \/>\n\tProgramda baz\u0131 kad\u0131nlar, Narin&#8217;in mezar\u0131 ba\u015f\u0131nda K\u00fcrt\u00e7e a\u011f\u0131t yakt\u0131. Mevlit okunan programda, baz\u0131 ziyaret\u00e7iler Narin&#8217;in mezar\u0131na karanfil b\u0131rakt\u0131, g\u00f6zya\u015f\u0131 d\u00f6kt\u00fc.<\/p>\n<h2>&#13;<br \/>\n\tArif ve Baran G\u00fcran ile avukatlar\u0131 a\u00e7\u0131klama yapt\u0131<\/h2>\n<p>&#13;<br \/>\n\tBaba Arif G\u00fcran, bas\u0131n mensuplar\u0131na yapt\u0131\u011f\u0131 a\u00e7\u0131klamada, aradan bir y\u0131l ge\u00e7se de ac\u0131s\u0131n\u0131n ilk g\u00fcnk\u00fc gibi taze oldu\u011funu dile getirdi.<\/p>\n<p>&#13;<br \/>\n\t&#8220;Adalet&#8221; amac\u0131yla k\u0131z\u0131n\u0131n mezar\u0131 ba\u015f\u0131nda topland\u0131klar\u0131n\u0131 belirten G\u00fcran, \u015funlar\u0131 s\u00f6yledi:<\/p>\n<p>&#13;<br \/>\n\t&#8220;8 ya\u015f\u0131ndaki k\u0131z\u0131m vah\u015fice katledildi. Bu s\u00fcre\u00e7te st\u00fcdyodakiler taraf olarak saatlerce, g\u00fcnlerce, aylarca konu\u015ftu. Tav\u015fantepe&#8217;ye hi\u00e7 gelmeyen insanlar binlerce yorum yaparak bir aileyi katil sayd\u0131. E\u011fer katil bu aileyse bu ailenin k\u00f6k\u00fcn\u00fc bitirin ama katil aile de\u011filse bu zulm\u00fc de bitirin art\u0131k. Bir anne \u015fu an kendi evlad\u0131n\u0131n mezar\u0131n\u0131n ba\u015f\u0131na dahi gelmedi. Bize sosyal medya cezas\u0131 verildi, ba\u015fka bir \u015fey de\u011fil. Hangi delil, tespit, yarg\u0131lamayla bu cezalar verildi?&#8221;<\/p>\n<p>&#13;<br \/>\n\tK\u0131z\u0131n\u0131n san\u0131k Nevzat Bahtiyar taraf\u0131ndan \u00f6ld\u00fcr\u00fcld\u00fc\u011f\u00fcn\u00fc iddia eden G\u00fcran, ailesinin su\u00e7suz oldu\u011funu savunarak, k\u0131z\u0131n\u0131n mezar\u0131 ba\u015f\u0131nda &#8220;adalet n\u00f6beti&#8221;ne ba\u015flayaca\u011f\u0131n\u0131 belirtti.<\/p>\n<p>&#13;<br \/>\n\tNarin&#8217;in a\u011fabeyi Baran G\u00fcran da karde\u015finin \u00f6l\u00fcm\u00fcn\u00fcn \u00fczerinden bir y\u0131l ge\u00e7ti\u011fini an\u0131msatt\u0131.<\/p>\n<p>&#13;<br \/>\n\t\u00c7ekti\u011fi ac\u0131n\u0131n tarifinin olamayaca\u011f\u0131n\u0131 belirten G\u00fcran, &#8220;Narin hepimizin y\u00fcre\u011fini s\u0131zlatt\u0131. Narin&#8217;e bir hakikat borcumuz var. Her \u015feyin en ayr\u0131nt\u0131s\u0131na kadar incelenmesi laz\u0131m. H\u0131zl\u0131 bir yarg\u0131lama olmaz. Bu \u00fclkede bilirki\u015filer var neden bunlara ba\u015fvurulmuyor? B\u00fct\u00fcn delillerin k\u0131l\u0131 k\u0131rk yararak ara\u015ft\u0131r\u0131lmas\u0131 laz\u0131md\u0131 ama biz h\u0131zl\u0131 bir yarg\u0131lamaya maruz kald\u0131k. Narin i\u00e7in en b\u00fcy\u00fck borcumuz hakikat ve adalettir. Herkesi k\u00f6ye davet ediyorum, buyurun gelin bu senaryo (Nevzat Bahtiyar&#8217;\u0131n iddialar\u0131) uyuyorsa biz size sayg\u0131 duyaca\u011f\u0131z&#8221; dedi.<\/p>\n<p>&#13;<br \/>\n\tNarin&#8217;in annesi Y\u00fcksel G\u00fcran\u2019\u0131n avukat\u0131 Y\u0131lmaz Demiro\u011flu, bir y\u0131l \u00f6nce Narin&#8217;i kaybettiklerini, insanl\u0131ktan utand\u0131klar\u0131 bir g\u00fcn ya\u015fad\u0131klar\u0131n\u0131 ifade etti.<\/p>\n<p>&#13;<br \/>\n\tDemiro\u011flu, \u015funlar\u0131 s\u00f6yledi:<\/p>\n<p>&#13;<br \/>\n\t&#8220;Narin i\u00e7in adaletin sa\u011flanmas\u0131 i\u00e7in hukuki m\u00fccadelemizi halen s\u00fcrd\u00fcr\u00fcyoruz. Narin&#8217;i dereye g\u00f6menin, cans\u0131z bedenine temas edenin s\u00f6z\u00fc ile adaletin sa\u011flanamayaca\u011f\u0131n\u0131 biliyoruz. Bu ki\u015finin bug\u00fcne kadar verdi\u011fi hi\u00e7bir ifade, hi\u00e7bir maddi ve dijital delillerle do\u011frulanmam\u0131\u015ft\u0131r. A\u015fama a\u015fama ger\u00e7e\u011fe ula\u015fma ve Narin davas\u0131n\u0131n karanl\u0131kta kalmamas\u0131 i\u00e7in her \u015feyi yapt\u0131k. Y\u00fcksel G\u00fcran&#8217;\u0131n k\u0131z\u0131n\u0131n topra\u011f\u0131na dokunmas\u0131 ve bu mezar\u0131n ba\u015f\u0131nda olmas\u0131 gerekti\u011fini d\u00fc\u015f\u00fcn\u00fcyorduk ama maalesef demir parmakl\u0131klar aras\u0131nda. Y\u00fcksel ve ailesi masumdur ve bu masumiyetinin ispat\u0131 i\u00e7in m\u00fccadelemiz devam ediyor. Cans\u0131z bedene dokunan\u0131n s\u00f6z\u00fcne itimat edilmez. Adaletin bir an \u00f6nce tecellisi i\u00e7in ve Narin&#8217;imizin ruhunun huzura kavu\u015fmas\u0131 i\u00e7in m\u00fccadelemizi s\u00fcrd\u00fcrece\u011fiz.&#8221;<\/p>\n<p>&#13;<br \/>\n\t\u00d6te yandan, Diyarbak\u0131r B\u00fcy\u00fck\u015fehir Belediye Ba\u015fkan\u0131 Ay\u015fe Serra Bucak K\u00fc\u00e7\u00fck de Narin&#8217;in kabrini ziyaret etti.<\/p>\n<p>&#13;<br \/>\n\tK\u00fc\u00e7\u00fck, Narin&#8217;in \u015fahs\u0131nda \u00e7ocuklara y\u00f6nelik \u015fiddeti k\u0131nad\u0131\u011f\u0131n\u0131 belirterek, &#8220;Hayat\u0131n\u0131 kaydeden t\u00fcm \u00e7ocuklar i\u00e7in Narin&#8217;in \u015fahs\u0131nda hepsini sayg\u0131yla an\u0131yorum&#8221; dedi.<\/p>\n<p>&#13;<br \/>\n\tNarin G\u00fcran&#8217;\u0131n \u00f6ld\u00fcr\u00fclmesine ili\u015fkin davada, anne Y\u00fcksel, a\u011fabey Enes ve amca Salim G\u00fcran&#8217;a &#8220;i\u015ftirak halinde \u00e7ocu\u011fa kar\u015f\u0131 kasten \u00f6ld\u00fcrme&#8221; su\u00e7undan ayr\u0131 ayr\u0131 a\u011f\u0131rla\u015ft\u0131r\u0131lm\u0131\u015f m\u00fcebbet, Nevzat Bahtiyar&#8217;a ise &#8220;su\u00e7 delillerini yok etme, gizleme veya de\u011fi\u015ftirme&#8221; su\u00e7undan 4 y\u0131l 6 ay hapis cezas\u0131 verilmi\u015fti.<\/p>\n<\/p><\/div>\n","protected":false},"excerpt":{"rendered":"<p>&#13; Merkez Ba\u011flar il\u00e7esine ba\u011fl\u0131 k\u0131rsal Tav\u015fantepe Mahallesi&#8217;nde 21 A\u011fustos&#8217;ta kaybolan ve 8 Eyl\u00fcl&#8217;de E\u011fertutmaz Deresi&#8217;nde cans\u0131z bedenine ula\u015f\u0131lan Narin G\u00fcran&#8217;\u0131n kabrinde, \u00f6ld\u00fcr\u00fclmesinin 1. y\u0131l\u0131nda G\u00fcran ailesi ve yak\u0131nlar\u0131 taraf\u0131ndan anma program\u0131 d\u00fczenlendi. &#13; Programda baz\u0131 kad\u0131nlar, Narin&#8217;in mezar\u0131 ba\u015f\u0131nda K\u00fcrt\u00e7e a\u011f\u0131t yakt\u0131. Mevlit okunan programda, baz\u0131 ziyaret\u00e7iler Narin&#8217;in mezar\u0131na karanfil b\u0131rakt\u0131, g\u00f6zya\u015f\u0131 d\u00f6kt\u00fc. &#13;<\/p>\n","protected":false},"author":1,"featured_media":89673,"comment_status":"open","ping_status":"open","sticky":false,"template":"","format":"standard","meta":{"footnotes":""},"categories":[101,86],"tags":[],"class_list":["post-89672","post","type-post","status-publish","format-standard","has-post-thumbnail","hentry","category-manset","category-turkiye"],"yoast_head":"<!-- This site is optimized with the Yoast SEO plugin v27.5 - https:\/\/yoast.com\/product\/yoast-seo-wordpress\/ -->\n<title>Narin kabri ba\u015f\u0131nda an\u0131ld\u0131 - Son Dakika Haberleri -<\/title>\n<meta name=\"robots\" content=\"index, follow, max-snippet:-1, max-image-preview:large, max-video-preview:-1\" \/>\n<link rel=\"canonical\" href=\"https:\/\/kibrisdakik.com\/?p=89672\" \/>\n<meta property=\"og:locale\" content=\"tr_TR\" \/>\n<meta property=\"og:type\" content=\"article\" \/>\n<meta property=\"og:title\" content=\"Narin kabri ba\u015f\u0131nda an\u0131ld\u0131 - Son Dakika Haberleri -\" \/>\n<meta property=\"og:description\" content=\"&#013; Merkez Ba\u011flar il\u00e7esine ba\u011fl\u0131 k\u0131rsal Tav\u015fantepe Mahallesi&#8217;nde 21 A\u011fustos&#8217;ta kaybolan ve 8 Eyl\u00fcl&#8217;de E\u011fertutmaz Deresi&#8217;nde cans\u0131z bedenine ula\u015f\u0131lan Narin G\u00fcran&#8217;\u0131n kabrinde, \u00f6ld\u00fcr\u00fclmesinin 1. y\u0131l\u0131nda G\u00fcran ailesi ve yak\u0131nlar\u0131 taraf\u0131ndan anma program\u0131 d\u00fczenlendi. &#013; Programda baz\u0131 kad\u0131nlar, Narin&#8217;in mezar\u0131 ba\u015f\u0131nda K\u00fcrt\u00e7e a\u011f\u0131t yakt\u0131. Mevlit okunan programda, baz\u0131 ziyaret\u00e7iler Narin&#8217;in mezar\u0131na karanfil b\u0131rakt\u0131, g\u00f6zya\u015f\u0131 d\u00f6kt\u00fc. &#013;\" \/>\n<meta property=\"og:url\" content=\"https:\/\/kibrisdakik.com\/?p=89672\" \/>\n<meta property=\"article:published_time\" content=\"2025-08-21T11:43:12+00:00\" \/>\n<meta property=\"og:image\" content=\"https:\/\/kibrisdakik.com\/wp-content\/uploads\/2025\/08\/narin-aa-2390466-740x420.jpg\" \/>\n\t<meta property=\"og:image:width\" content=\"1280\" \/>\n\t<meta property=\"og:image:height\" content=\"720\" \/>\n\t<meta property=\"og:image:type\" content=\"image\/jpeg\" \/>\n<meta name=\"author\" content=\"admin\" \/>\n<meta name=\"twitter:card\" content=\"summary_large_image\" \/>\n<meta name=\"twitter:label1\" content=\"Yazan:\" \/>\n\t<meta name=\"twitter:data1\" content=\"admin\" \/>\n\t<meta name=\"twitter:label2\" content=\"Tahmini okuma s\u00fcresi\" \/>\n\t<meta name=\"twitter:data2\" content=\"3 dakika\" \/>\n<script type=\"application\/ld+json\" class=\"yoast-schema-graph\">{\"@context\":\"https:\\\/\\\/schema.org\",\"@graph\":[{\"@type\":\"Article\",\"@id\":\"https:\\\/\\\/kibrisdakik.com\\\/?p=89672#article\",\"isPartOf\":{\"@id\":\"https:\\\/\\\/kibrisdakik.com\\\/?p=89672\"},\"author\":{\"name\":\"admin\",\"@id\":\"https:\\\/\\\/kibrisdakik.com\\\/#\\\/schema\\\/person\\\/9cd9d437bbb44f72b73ba127e06d8e79\"},\"headline\":\"Narin kabri ba\u015f\u0131nda an\u0131ld\u0131 &#8211; Son Dakika Haberleri\",\"datePublished\":\"2025-08-21T11:43:12+00:00\",\"mainEntityOfPage\":{\"@id\":\"https:\\\/\\\/kibrisdakik.com\\\/?p=89672\"},\"wordCount\":709,\"commentCount\":0,\"image\":{\"@id\":\"https:\\\/\\\/kibrisdakik.com\\\/?p=89672#primaryimage\"},\"thumbnailUrl\":\"https:\\\/\\\/kibrisdakik.com\\\/wp-content\\\/uploads\\\/2025\\\/08\\\/narin-aa-2390466-740x420.jpg\",\"articleSection\":[\"Man\u015fet\",\"T\u00fcrkiye\"],\"inLanguage\":\"tr\",\"potentialAction\":[{\"@type\":\"CommentAction\",\"name\":\"Comment\",\"target\":[\"https:\\\/\\\/kibrisdakik.com\\\/?p=89672#respond\"]}]},{\"@type\":\"WebPage\",\"@id\":\"https:\\\/\\\/kibrisdakik.com\\\/?p=89672\",\"url\":\"https:\\\/\\\/kibrisdakik.com\\\/?p=89672\",\"name\":\"Narin kabri ba\u015f\u0131nda an\u0131ld\u0131 - Son Dakika Haberleri -\",\"isPartOf\":{\"@id\":\"https:\\\/\\\/kibrisdakik.com\\\/#website\"},\"primaryImageOfPage\":{\"@id\":\"https:\\\/\\\/kibrisdakik.com\\\/?p=89672#primaryimage\"},\"image\":{\"@id\":\"https:\\\/\\\/kibrisdakik.com\\\/?p=89672#primaryimage\"},\"thumbnailUrl\":\"https:\\\/\\\/kibrisdakik.com\\\/wp-content\\\/uploads\\\/2025\\\/08\\\/narin-aa-2390466-740x420.jpg\",\"datePublished\":\"2025-08-21T11:43:12+00:00\",\"author\":{\"@id\":\"https:\\\/\\\/kibrisdakik.com\\\/#\\\/schema\\\/person\\\/9cd9d437bbb44f72b73ba127e06d8e79\"},\"breadcrumb\":{\"@id\":\"https:\\\/\\\/kibrisdakik.com\\\/?p=89672#breadcrumb\"},\"inLanguage\":\"tr\",\"potentialAction\":[{\"@type\":\"ReadAction\",\"target\":[\"https:\\\/\\\/kibrisdakik.com\\\/?p=89672\"]}]},{\"@type\":\"ImageObject\",\"inLanguage\":\"tr\",\"@id\":\"https:\\\/\\\/kibrisdakik.com\\\/?p=89672#primaryimage\",\"url\":\"https:\\\/\\\/kibrisdakik.com\\\/wp-content\\\/uploads\\\/2025\\\/08\\\/narin-aa-2390466-740x420.jpg\",\"contentUrl\":\"https:\\\/\\\/kibrisdakik.com\\\/wp-content\\\/uploads\\\/2025\\\/08\\\/narin-aa-2390466-740x420.jpg\",\"width\":1280,\"height\":720},{\"@type\":\"BreadcrumbList\",\"@id\":\"https:\\\/\\\/kibrisdakik.com\\\/?p=89672#breadcrumb\",\"itemListElement\":[{\"@type\":\"ListItem\",\"position\":1,\"name\":\"Home\",\"item\":\"https:\\\/\\\/kibrisdakik.com\\\/\"},{\"@type\":\"ListItem\",\"position\":2,\"name\":\"Narin kabri ba\u015f\u0131nda an\u0131ld\u0131 &#8211; Son Dakika Haberleri\"}]},{\"@type\":\"WebSite\",\"@id\":\"https:\\\/\\\/kibrisdakik.com\\\/#website\",\"url\":\"https:\\\/\\\/kibrisdakik.com\\\/\",\"name\":\"\",\"description\":\"Tam vaktinde haber\",\"potentialAction\":[{\"@type\":\"SearchAction\",\"target\":{\"@type\":\"EntryPoint\",\"urlTemplate\":\"https:\\\/\\\/kibrisdakik.com\\\/?s={search_term_string}\"},\"query-input\":{\"@type\":\"PropertyValueSpecification\",\"valueRequired\":true,\"valueName\":\"search_term_string\"}}],\"inLanguage\":\"tr\"},{\"@type\":\"Person\",\"@id\":\"https:\\\/\\\/kibrisdakik.com\\\/#\\\/schema\\\/person\\\/9cd9d437bbb44f72b73ba127e06d8e79\",\"name\":\"admin\",\"image\":{\"@type\":\"ImageObject\",\"inLanguage\":\"tr\",\"@id\":\"https:\\\/\\\/secure.gravatar.com\\\/avatar\\\/ccc17943b9d660506c869530f897617f7cb1c21a4bf30023f252596d83e1f007?s=96&d=mm&r=g\",\"url\":\"https:\\\/\\\/secure.gravatar.com\\\/avatar\\\/ccc17943b9d660506c869530f897617f7cb1c21a4bf30023f252596d83e1f007?s=96&d=mm&r=g\",\"contentUrl\":\"https:\\\/\\\/secure.gravatar.com\\\/avatar\\\/ccc17943b9d660506c869530f897617f7cb1c21a4bf30023f252596d83e1f007?s=96&d=mm&r=g\",\"caption\":\"admin\"},\"sameAs\":[\"https:\\\/\\\/kibrisdakik.com\"],\"url\":\"https:\\\/\\\/kibrisdakik.com\\\/?author=1\"}]}<\/script>\n<!-- \/ Yoast SEO plugin. -->","yoast_head_json":{"title":"Narin kabri ba\u015f\u0131nda an\u0131ld\u0131 - Son Dakika Haberleri -","robots":{"index":"index","follow":"follow","max-snippet":"max-snippet:-1","max-image-preview":"max-image-preview:large","max-video-preview":"max-video-preview:-1"},"canonical":"https:\/\/kibrisdakik.com\/?p=89672","og_locale":"tr_TR","og_type":"article","og_title":"Narin kabri ba\u015f\u0131nda an\u0131ld\u0131 - Son Dakika Haberleri -","og_description":"&#13; Merkez Ba\u011flar il\u00e7esine ba\u011fl\u0131 k\u0131rsal Tav\u015fantepe Mahallesi&#8217;nde 21 A\u011fustos&#8217;ta kaybolan ve 8 Eyl\u00fcl&#8217;de E\u011fertutmaz Deresi&#8217;nde cans\u0131z bedenine ula\u015f\u0131lan Narin G\u00fcran&#8217;\u0131n kabrinde, \u00f6ld\u00fcr\u00fclmesinin 1. y\u0131l\u0131nda G\u00fcran ailesi ve yak\u0131nlar\u0131 taraf\u0131ndan anma program\u0131 d\u00fczenlendi. &#13; Programda baz\u0131 kad\u0131nlar, Narin&#8217;in mezar\u0131 ba\u015f\u0131nda K\u00fcrt\u00e7e a\u011f\u0131t yakt\u0131. Mevlit okunan programda, baz\u0131 ziyaret\u00e7iler Narin&#8217;in mezar\u0131na karanfil b\u0131rakt\u0131, g\u00f6zya\u015f\u0131 d\u00f6kt\u00fc. &#13;","og_url":"https:\/\/kibrisdakik.com\/?p=89672","article_published_time":"2025-08-21T11:43:12+00:00","og_image":[{"width":1280,"height":720,"url":"https:\/\/kibrisdakik.com\/wp-content\/uploads\/2025\/08\/narin-aa-2390466-740x420.jpg","type":"image\/jpeg"}],"author":"admin","twitter_card":"summary_large_image","twitter_misc":{"Yazan:":"admin","Tahmini okuma s\u00fcresi":"3 dakika"},"schema":{"@context":"https:\/\/schema.org","@graph":[{"@type":"Article","@id":"https:\/\/kibrisdakik.com\/?p=89672#article","isPartOf":{"@id":"https:\/\/kibrisdakik.com\/?p=89672"},"author":{"name":"admin","@id":"https:\/\/kibrisdakik.com\/#\/schema\/person\/9cd9d437bbb44f72b73ba127e06d8e79"},"headline":"Narin kabri ba\u015f\u0131nda an\u0131ld\u0131 &#8211; Son Dakika Haberleri","datePublished":"2025-08-21T11:43:12+00:00","mainEntityOfPage":{"@id":"https:\/\/kibrisdakik.com\/?p=89672"},"wordCount":709,"commentCount":0,"image":{"@id":"https:\/\/kibrisdakik.com\/?p=89672#primaryimage"},"thumbnailUrl":"https:\/\/kibrisdakik.com\/wp-content\/uploads\/2025\/08\/narin-aa-2390466-740x420.jpg","articleSection":["Man\u015fet","T\u00fcrkiye"],"inLanguage":"tr","potentialAction":[{"@type":"CommentAction","name":"Comment","target":["https:\/\/kibrisdakik.com\/?p=89672#respond"]}]},{"@type":"WebPage","@id":"https:\/\/kibrisdakik.com\/?p=89672","url":"https:\/\/kibrisdakik.com\/?p=89672","name":"Narin kabri ba\u015f\u0131nda an\u0131ld\u0131 - Son Dakika Haberleri -","isPartOf":{"@id":"https:\/\/kibrisdakik.com\/#website"},"primaryImageOfPage":{"@id":"https:\/\/kibrisdakik.com\/?p=89672#primaryimage"},"image":{"@id":"https:\/\/kibrisdakik.com\/?p=89672#primaryimage"},"thumbnailUrl":"https:\/\/kibrisdakik.com\/wp-content\/uploads\/2025\/08\/narin-aa-2390466-740x420.jpg","datePublished":"2025-08-21T11:43:12+00:00","author":{"@id":"https:\/\/kibrisdakik.com\/#\/schema\/person\/9cd9d437bbb44f72b73ba127e06d8e79"},"breadcrumb":{"@id":"https:\/\/kibrisdakik.com\/?p=89672#breadcrumb"},"inLanguage":"tr","potentialAction":[{"@type":"ReadAction","target":["https:\/\/kibrisdakik.com\/?p=89672"]}]},{"@type":"ImageObject","inLanguage":"tr","@id":"https:\/\/kibrisdakik.com\/?p=89672#primaryimage","url":"https:\/\/kibrisdakik.com\/wp-content\/uploads\/2025\/08\/narin-aa-2390466-740x420.jpg","contentUrl":"https:\/\/kibrisdakik.com\/wp-content\/uploads\/2025\/08\/narin-aa-2390466-740x420.jpg","width":1280,"height":720},{"@type":"BreadcrumbList","@id":"https:\/\/kibrisdakik.com\/?p=89672#breadcrumb","itemListElement":[{"@type":"ListItem","position":1,"name":"Home","item":"https:\/\/kibrisdakik.com\/"},{"@type":"ListItem","position":2,"name":"Narin kabri ba\u015f\u0131nda an\u0131ld\u0131 &#8211; Son Dakika Haberleri"}]},{"@type":"WebSite","@id":"https:\/\/kibrisdakik.com\/#website","url":"https:\/\/kibrisdakik.com\/","name":"","description":"Tam vaktinde haber","potentialAction":[{"@type":"SearchAction","target":{"@type":"EntryPoint","urlTemplate":"https:\/\/kibrisdakik.com\/?s={search_term_string}"},"query-input":{"@type":"PropertyValueSpecification","valueRequired":true,"valueName":"search_term_string"}}],"inLanguage":"tr"},{"@type":"Person","@id":"https:\/\/kibrisdakik.com\/#\/schema\/person\/9cd9d437bbb44f72b73ba127e06d8e79","name":"admin","image":{"@type":"ImageObject","inLanguage":"tr","@id":"https:\/\/secure.gravatar.com\/avatar\/ccc17943b9d660506c869530f897617f7cb1c21a4bf30023f252596d83e1f007?s=96&d=mm&r=g","url":"https:\/\/secure.gravatar.com\/avatar\/ccc17943b9d660506c869530f897617f7cb1c21a4bf30023f252596d83e1f007?s=96&d=mm&r=g","contentUrl":"https:\/\/secure.gravatar.com\/avatar\/ccc17943b9d660506c869530f897617f7cb1c21a4bf30023f252596d83e1f007?s=96&d=mm&r=g","caption":"admin"},"sameAs":["https:\/\/kibrisdakik.com"],"url":"https:\/\/kibrisdakik.com\/?author=1"}]}},"_links":{"self":[{"href":"https:\/\/kibrisdakik.com\/index.php?rest_route=\/wp\/v2\/posts\/89672","targetHints":{"allow":["GET"]}}],"collection":[{"href":"https:\/\/kibrisdakik.com\/index.php?rest_route=\/wp\/v2\/posts"}],"about":[{"href":"https:\/\/kibrisdakik.com\/index.php?rest_route=\/wp\/v2\/types\/post"}],"author":[{"embeddable":true,"href":"https:\/\/kibrisdakik.com\/index.php?rest_route=\/wp\/v2\/users\/1"}],"replies":[{"embeddable":true,"href":"https:\/\/kibrisdakik.com\/index.php?rest_route=%2Fwp%2Fv2%2Fcomments&post=89672"}],"version-history":[{"count":0,"href":"https:\/\/kibrisdakik.com\/index.php?rest_route=\/wp\/v2\/posts\/89672\/revisions"}],"wp:featuredmedia":[{"embeddable":true,"href":"https:\/\/kibrisdakik.com\/index.php?rest_route=\/wp\/v2\/media\/89673"}],"wp:attachment":[{"href":"https:\/\/kibrisdakik.com\/index.php?rest_route=%2Fwp%2Fv2%2Fmedia&parent=89672"}],"wp:term":[{"taxonomy":"category","embeddable":true,"href":"https:\/\/kibrisdakik.com\/index.php?rest_route=%2Fwp%2Fv2%2Fcategories&post=89672"},{"taxonomy":"post_tag","embeddable":true,"href":"https:\/\/kibrisdakik.com\/index.php?rest_route=%2Fwp%2Fv2%2Ftags&post=89672"}],"curies":[{"name":"wp","href":"https:\/\/api.w.org\/{rel}","templated":true}]}}