{"id":89730,"date":"2025-08-21T17:50:25","date_gmt":"2025-08-21T14:50:25","guid":{"rendered":"https:\/\/kibrisdakik.com\/index.php\/2025\/08\/21\/surec-icerisinde-teror-orgutuyle-hicbir-pazarlik-yapilmamis-ve-bundan-sonra-da-yapilmayacaktir\/"},"modified":"2025-08-21T17:50:25","modified_gmt":"2025-08-21T14:50:25","slug":"surec-icerisinde-teror-orgutuyle-hicbir-pazarlik-yapilmamis-ve-bundan-sonra-da-yapilmayacaktir","status":"publish","type":"post","link":"https:\/\/kibrisdakik.com\/?p=89730","title":{"rendered":"S\u00fcre\u00e7 i\u00e7erisinde ter\u00f6r \u00f6rg\u00fct\u00fcyle hi\u00e7bir pazarl\u0131k yap\u0131lmam\u0131\u015f ve bundan sonra da yap\u0131lmayacakt\u0131r"},"content":{"rendered":"<p><\/p>\n<div>\n<p>&#13;<br \/>\n\tTBMM Ba\u015fkan\u0131 Numan Kurtulmu\u015f, TBMM \u015eeref Hol\u00fc&#8217;nde d\u00fczenlenen Trabzon&#8217;a \u0130stiklal Madalyas\u0131 Takdim T\u00f6reni&#8217;nde yapt\u0131\u011f\u0131 konu\u015fmada, b\u00f6ylesine \u00f6nemli bir t\u00f6renin par\u00e7as\u0131 olmaktan duydu\u011fu memnuniyeti dile getirdi.<\/p>\n<p>&#13;<br \/>\n\tBug\u00fcnk\u00fc t\u00f6renle gecikmi\u015f bir vefan\u0131n ve takdirin ortaya konuldu\u011funa i\u015faret eden Kurtulmu\u015f, 101 y\u0131l \u00f6nce imzalanm\u0131\u015f bir berat\u0131n, \u0130stiklal Madalyas\u0131&#8217;yla Trabzon&#8217;a teslim edilmesinin kendileri i\u00e7in de tarihi bir sorumlulu\u011fun tamamlanmas\u0131 oldu\u011funu s\u00f6yledi.<\/p>\n<p>&#13;<br \/>\n\tKurtulmu\u015f, bu vesileyle Gazi Mustafa Kemal Atat\u00fcrk ba\u015fta olmak \u00fczere Milli M\u00fccadele&#8217;nin b\u00fct\u00fcn kahramanlar\u0131n\u0131 rahmetle ve minnetle anarak, &#8220;\u0130stiklal Harbi&#8217;mizin ve arkas\u0131ndan milli kurtulu\u015f m\u00fccadelemizin bize \u00f6\u011frettikleriyle yolumuza devam ediyoruz.&#8221; ifadesini kulland\u0131.<\/p>\n<p>&#13;<br \/>\n\tSamsun&#8217;a da iki hafta \u00f6nce d\u00fczenlenen t\u00f6renle \u0130stiklal Madalyas\u0131 tevdi edildi\u011fini an\u0131msatan Kurtulmu\u015f, Trabzon&#8217;a da \u0130stiklal Madalyas\u0131&#8217;n\u0131n verilmesiyle bir halkan\u0131n daha tamamland\u0131\u011f\u0131n\u0131 kaydetti.<\/p>\n<p><\/p>\n<p>&#13;<br \/>\n\tTBMM Ba\u015fkan\u0131 Kurtulmu\u015f, tarihi, bug\u00fcn\u00fcn \u015fartlar\u0131nda okuman\u0131n ve anlamaya \u00e7al\u0131\u015fman\u0131n kolay oldu\u011funa, o g\u00fcn\u00fcn \u015fartlar\u0131nda anlaman\u0131n gereklili\u011fine dikkati \u00e7ekerek, \u015funlar\u0131 s\u00f6yledi:<\/p>\n<p>&#13;<br \/>\n\t&#8220;Nice yokluklar\u0131n, nice yoksulluklar\u0131n oldu\u011fu bir d\u00f6nemde, ger\u00e7ekten her \u015feyi bir tarafa b\u0131rakarak, \u0130stiklal M\u00fccadele&#8217;mize omuz vermi\u015f, Milli M\u00fccadele&#8217;mize destek vermi\u015f her bir b\u00fcy\u00fc\u011f\u00fcm\u00fcz\u00fc hakikaten rahmetle, \u015f\u00fckranla her g\u00fcn yad etmek durumunday\u0131z. O zor \u015fartlar i\u00e7erisinde, imkans\u0131z\u0131 m\u00fcmk\u00fcn hale getiren o b\u00fcy\u00fck iradeyi ortaya koyduklar\u0131 i\u00e7in her birisinin hat\u0131ras\u0131 \u00f6n\u00fcnde sayg\u0131yla e\u011filiyoruz.&#8221;<\/p>\n<p>&#13;<br \/>\n\tMilli M\u00fccadele&#8217;nin bir\u00e7ok \u00f6zelli\u011fi oldu\u011funa ve bunlar\u0131n i\u00e7erisindeki temel \u00f6zelliklere de\u011finen Kurtulmu\u015f, \u015f\u00f6yle devam etti:<\/p>\n<p>&#13;<br \/>\n\t&#8220;Bunlardan birincisi, birlik ruhu, dayan\u0131\u015fma ruhudur. Trabzon M\u00fcdafaai Hukuki Milliye Cemiyeti ba\u015fta olmak \u00fczere, Anadolu&#8217;nun d\u00f6rt bir taraf\u0131nda kurulmu\u015f m\u00fcdafaai hukuk cemiyetlerinin en temel \u00f6zelli\u011fi, vatan topraklar\u0131n\u0131n birli\u011fini, b\u00fct\u00fcnl\u00fc\u011f\u00fcn\u00fc savunmak ve m\u00fccadeleyi birlikte organize ederek yola devam etmekti. Bu \u00e7er\u00e7evede birlik ruhu her zaman bizim i\u00e7in millet olarak \u00f6nde tutmam\u0131z, \u00f6nemsememiz gereken en temel hususlardan birisidir. Bu birlik ruhu oldu\u011fu i\u00e7in nihayetinde ba\u011f\u0131ms\u0131zl\u0131\u011fa giden yolun daha kolay a\u015f\u0131ld\u0131\u011f\u0131n\u0131 g\u00f6r\u00fcyoruz.&#8221;<\/p>\n<h2>&#13;<br \/>\n\t&#8220;Bu milletin \u00f6zg\u00fcrl\u00fc\u011f\u00fc en temel milli karakteristiklerinden birisidir&#8221;<\/h2>\n<p>&#13;<br \/>\n\tKurtulmu\u015f, Milli M\u00fccadele&#8217;nin bir di\u011fer \u00f6zelli\u011finin ise \u00f6zg\u00fcrl\u00fck oldu\u011funu s\u00f6yleyerek, &#8220;Hi\u00e7bir \u015fart alt\u0131nda \u00f6zg\u00fcrl\u00fc\u011f\u00fcnden \u00f6d\u00fcn vermemi\u015f, ba\u015fkas\u0131na kul, k\u00f6le olmam\u0131\u015f bir milletiz. Onun i\u00e7in bu milletin \u00f6zg\u00fcrl\u00fc\u011f\u00fc en temel milli karakteristiklerinden birisidir. E\u011fer \u00f6yle olmasayd\u0131, bir\u00e7ok ba\u015fka millet gibi o zor \u015fartlar alt\u0131nda, yedi d\u00fcvele boyun e\u011fer, onlar\u0131n \u00f6n\u00fcnde diz \u00e7\u00f6ker ve kurtulu\u015f m\u00fccadelemizi veremezdik.&#8221; diye konu\u015ftu.<\/p>\n<p>&#13;<br \/>\n\tMilli ruhun en temel hasletlerinden \u00f6zg\u00fcrl\u00fc\u011fe d\u00fc\u015fk\u00fcnl\u00fc\u011f\u00fcn siyasal alanda da emperyalizme kar\u015f\u0131 bir m\u00fccadele olarak ortaya \u00e7\u0131kt\u0131\u011f\u0131n\u0131 ve ba\u011f\u0131ms\u0131z T\u00fcrkiye Cumhuriyeti Devleti&#8217;ne giden yolu k\u0131saltt\u0131\u011f\u0131n\u0131 kaydeden Kurtulmu\u015f, s\u00f6zlerini \u015f\u00f6yle s\u00fcrd\u00fcrd\u00fc:<\/p>\n<p>&#13;<br \/>\n\t&#8220;Bu \u00e7er\u00e7evede o g\u00fcn\u00fcn zor \u015fartlar\u0131 alt\u0131nda sadece bir milli kurtulu\u015f m\u00fccadelesi vermedik, Trabzon&#8217;un, Samsun&#8217;un, \u0130nebolu&#8217;nun mavnac\u0131lar\u0131 o zor \u015fartlar alt\u0131nda, o muazzam lojistik deste\u011fi ortaya koyarken, asl\u0131nda b\u00fct\u00fcn d\u00fcnya milletlerine, emperyalizmin, m\u00fcstevlilerin boyunduru\u011fu alt\u0131nda ya\u015fayan b\u00fct\u00fcn d\u00fcnya milletlerine \u00f6rnek olacak bir \u00e7aban\u0131n da ate\u015fini yakt\u0131lar. Onun i\u00e7in bu b\u00fcy\u00fck fedakarl\u0131\u011f\u0131n sadece bizim milletimiz bak\u0131m\u0131ndan de\u011fil, emperyalizme kar\u015f\u0131 m\u00fccadele veren b\u00fct\u00fcn milletler i\u00e7in de unutulmaz bir alt\u0131n sayfa olarak tarihteki yerini ald\u0131\u011f\u0131n\u0131 biliyoruz.&#8221;<\/p>\n<p><img decoding=\"async\" alt=\"TBMM Ba\u015fkan\u0131 Kurtulmu\u015f: S\u00fcre\u00e7 i\u00e7erisinde ter\u00f6r \u00f6rg\u00fct\u00fcyle hi\u00e7bir pazarl\u0131k yap\u0131lmam\u0131\u015f ve bundan sonra da yap\u0131lmayacakt\u0131r\" src=\"https:\/\/www.trthaber.com\/dosyalar\/images\/aa_picture_20250821_38886430.jpg\"\/><\/p>\n<p>&#13;<br \/>\n\tKurtulmu\u015f, bir ba\u015fka \u00f6nemli \u00f6zelli\u011fin &#8220;milli egemenli\u011fi \u00f6nemseme ruhunu \u00f6ne \u00e7\u0131kartmak&#8221; oldu\u011funa de\u011finerek, o g\u00fcn\u00fcn zor \u015fartlar\u0131nda kendi kendini y\u00f6netme hissiyat\u0131na sahip olabilmenin kolay bir haslet olmad\u0131\u011f\u0131na dikkati \u00e7ekti.<\/p>\n<p>&#13;<br \/>\n\tO g\u00fcn\u00fcn \u015fartlar\u0131nda, birilerinin mandac\u0131l\u0131\u011f\u0131 teklif etti\u011fi d\u00f6nemde Anadolu insan\u0131n\u0131n buna asla f\u0131rsat vermedi\u011fini vurgulayan Kurtulmu\u015f, &#8220;&#8216;\u0130\u015fimiz kolay olur, falanca b\u00fcy\u00fck devletin dediklerini yapal\u0131m&#8217; diyerek ahkam kesen o g\u00fcn\u00fcn nice ad\u0131 b\u00fcy\u00fck isimleri vard\u0131 ama onlara bu millet asla pabu\u00e7 b\u0131rakmam\u0131\u015f, mandac\u0131l\u0131\u011f\u0131, esaretin en k\u00f6t\u00fc halkas\u0131 olarak kabul etmi\u015ftir.&#8221; s\u00f6zlerini sarf etti.<\/p>\n<p>&#13;<br \/>\n\tKurtulmu\u015f, bunlar ger\u00e7ekle\u015ftirildi\u011fi i\u00e7in yedi d\u00fcvele kar\u015f\u0131 m\u00fccadele edildi\u011fini ve ba\u011f\u0131ms\u0131zl\u0131\u011f\u0131n ortaya \u00e7\u0131kabildi\u011fini anlatarak, &#8220;\u0130n\u015fallah bu d\u00f6rt temel \u00f6zelli\u011fimizi hi\u00e7 unutmadan yolumuza devam edece\u011fiz. \u00d6n\u00fcm\u00fcze hangi engel \u00e7\u0131karsa \u00e7\u0131ks\u0131n bu engelleri a\u015farak Allah&#8217;\u0131n izniyle T\u00fcrkiye&#8217;yi daha g\u00fc\u00e7l\u00fc, daha b\u00fcy\u00fck ve daha m\u00fcreffeh bir \u00fclke haline getirmek i\u00e7in gayretimizi art\u0131raca\u011f\u0131z.&#8221; dedi.<\/p>\n<p>&#13;<br \/>\n\tTarihin belli aral\u0131klarla bir tekrardan ibaret oldu\u011funa dikkati \u00e7eken Kurtulmu\u015f, bir as\u0131r \u00f6nceki \u015fartlar ne kadar zor ve keskin birtak\u0131m sonu\u00e7lar\u0131 ortaya \u00e7\u0131kar\u0131yorsa, bug\u00fcnk\u00fc d\u00f6nemin de o g\u00fcnlerin \u015fartlar\u0131na benzedi\u011fini anlatt\u0131.<\/p>\n<p>&#13;<br \/>\n\tTBMM Ba\u015fkan\u0131 Kurtulmu\u015f, Anadolu&#8217;yu tarih boyunca herkesin g\u00f6z\u00fcn\u00fc dikti\u011fi &#8220;d\u00fcnyan\u0131n alt\u0131n halkalar\u0131ndan biri&#8221; \u015feklinde niteleyerek, \u015fu ifadeleri kulland\u0131:<\/p>\n<p>&#13;<br \/>\n\t&#8220;\u015eimdi yine ayn\u0131 \u015fekilde \u00e7evremizin ate\u015f \u00e7emberi haline d\u00f6nd\u00fc\u011f\u00fc, hatta maalesef ate\u015f \u00e7emberi laf\u0131n\u0131n da art\u0131k yetersiz kald\u0131\u011f\u0131, \u00f6zellikle Orta Do\u011fu&#8217;daki geli\u015fmeler \u00e7er\u00e7evesinde siyonist y\u00f6netimin ak\u0131lalmaz oyunlar\u0131 ve i\u015fgal stratejileriyle bir cehennem \u00e7ukuruna d\u00f6nd\u00fcr\u00fcld\u00fc\u011f\u00fc bu Orta Do\u011fu&#8217;da dimdik ayakta durmak mecburiyetindeyiz. Bunun yolu 101 sene evvelki ecdad\u0131m\u0131z\u0131n sahip oldu\u011fu o ruha sahip olmaktan ge\u00e7iyor. \u00d6zg\u00fcrl\u00fc\u011f\u00fcm\u00fcze d\u00fc\u015fk\u00fcn olmaktan, emperyalizme hi\u00e7bir \u015fekilde yol vermemekten, birlikten, beraberlikten, vahdetten ve hep birlikte ayn\u0131 hedefe y\u00fcr\u00fcmekten ge\u00e7iyor. Belki b\u00fct\u00fcn bunlarla birlikte milli egemenlikten ba\u015fka hi\u00e7bir egemenli\u011fe boyun e\u011fmemekten ge\u00e7iyor.&#8221;<\/p>\n<h2>&#13;<br \/>\n\t&#8220;B\u00fcy\u00fck \u00e7aban\u0131n i\u00e7erisindeyiz&#8221;<\/h2>\n<p>&#13;<br \/>\n\t\u0130stiklal Mar\u015f\u0131 \u015fairi Mehmet Akif Ersoy&#8217;un &#8220;Toplu vurduk\u00e7a y\u00fcrekler, onu top sindiremez&#8221; dizelerinden hareketle Kurtulmu\u015f, &#8220;Bu millet, birlikte hareket etmek, birlikte olmak, aras\u0131ndaki ayr\u0131l\u0131klar\u0131, ihtilaflar\u0131 gidermek mecburiyetindedir. Bu \u00e7er\u00e7evede Ter\u00f6rs\u00fcz T\u00fcrkiye olarak ortaya koydu\u011fumuz, 100 y\u0131ll\u0131k Cumhuriyet tarihimizin 50 y\u0131l\u0131n\u0131 i\u015fgal eden ve maalesef T\u00fcrkiye&#8217;nin ayaklar\u0131na bir pranga gibi vurulan ter\u00f6r\u00fcn sona erdirilmesi, T\u00fcrkiye&#8217;de tam manas\u0131yla birli\u011fin, beraberli\u011fin, karde\u015fli\u011fin sa\u011flanmas\u0131 i\u00e7in bir b\u00fcy\u00fck \u00e7aban\u0131n i\u00e7erisindeyiz.&#8221; diye konu\u015ftu.<\/p>\n<p>&#13;<br \/>\n\tTrabzonlular\u0131n milli konulardaki hassasiyetini bildi\u011fini belirten Kurtulmu\u015f, \u015funlar\u0131 kaydetti:<\/p>\n<p>&#13;<br \/>\n\t&#8220;\u015eundan rahat olun, emin olun. Birilerinin kafa kar\u0131\u015ft\u0131rmas\u0131na m\u00fcsaade etmeyin. Bu s\u00fcre\u00e7 i\u00e7erisinde ter\u00f6r \u00f6rg\u00fct\u00fcyle hi\u00e7bir pazarl\u0131k yap\u0131lmam\u0131\u015f ve bundan sonra da yap\u0131lmayacakt\u0131r. \u015eehitlerimizin ruhunu muazzep edecek hi\u00e7bir ad\u0131m at\u0131lmam\u0131\u015f ve at\u0131lmayacakt\u0131r. Trabzon&#8217;un unutulmaz evlad\u0131 Eren B\u00fclb\u00fcl&#8217;\u00fcn hakk\u0131n\u0131, hukukunu ihlal edecek hi\u00e7bir s\u00f6ze f\u0131rsat verilmeyecektir.&#8221;<\/p>\n<p>&#13;<br \/>\n\tKurtulmu\u015f, ter\u00f6r \u00f6rg\u00fct\u00fcn\u00fcn kendini feshini ilan etmesi ve silahlar\u0131n\u0131 b\u0131rakmaya ba\u015flamas\u0131yla TBMM olarak \u00fczerlerine d\u00fc\u015fen sorumlulu\u011fu yerine getirerek, T\u00fcrkiye&#8217;de oy veren yurtta\u015flar\u0131n yakla\u015f\u0131k y\u00fczde 95&#8217;inin temsil edildi\u011fi, 11 siyasi partinin i\u00e7inde oldu\u011fu bir komisyonla millet ad\u0131na duruma vaziyet etmeye gayret ettiklerini dile getirdi.<\/p>\n<p>&#13;<br \/>\n\t\u0130\u015flerinin zor oldu\u011funun fark\u0131nda olduklar\u0131na dikkati \u00e7eken Kurtulmu\u015f, &#8220;T\u00fcrkiye bir daha ter\u00f6r belas\u0131yla u\u011fra\u015fmayacak. Elin o\u011flu bu \u00fclkenin evlatlar\u0131na kar\u015f\u0131 sinsi planlar i\u00e7erisinde olmayacak, olamayacak. Bunun i\u00e7in gayret sarf ediyoruz. D\u00fcnk\u00fc toplant\u0131lardan birisinde dinledi\u011fimiz STK&#8217;lerden birisinin temsilcisi bir han\u0131mefendi \u015funu s\u00f6yledi, &#8216;Biz evlatlar\u0131m\u0131z\u0131 g\u00f6mmek yerine silahlar\u0131 g\u00f6mmeyi esas almak zorunday\u0131z.&#8217; \u0130n\u015fallah bu milletin \u00e7ocuklar\u0131 daha \u015fehit olmayacak, bu milletin \u00e7ocuklar\u0131 \u00f6lmeyecek.&#8221; s\u00f6zlerini sarf etti.<\/p>\n<h2>&#13;<br \/>\n\t&#8220;Biz bir olduk\u00e7a bu \u00fclkenin s\u0131rt\u0131n\u0131 yere getirecek hi\u00e7bir g\u00fc\u00e7 yoktur&#8221;<\/h2>\n<p>&#13;<br \/>\n\tTBMM Ba\u015fkan\u0131 Kurtulmu\u015f, bu tarihi d\u00f6neme\u00e7te hep birlikte olmak, T\u00fcrkiye&#8217;deki birli\u011fi ve beraberli\u011fi \u00e7ok daha g\u00fc\u00e7l\u00fc bir hale getirmek i\u00e7in herkese sorumluluklar d\u00fc\u015ft\u00fc\u011f\u00fcn\u00fc vurgulad\u0131.<\/p>\n<p>&#13;<br \/>\n\tBu s\u00fcreci geride b\u0131rakarak bundan sonraki d\u00f6nemde de istiklal ruhunu demokratikle\u015fmeyle ta\u00e7land\u0131racaklar\u0131n\u0131 aktararak, \u015f\u00f6yle devam etti:<\/p>\n<p>&#13;<br \/>\n\t&#8220;\u0130stiklal ruhumuzu tam manas\u0131yla demokratik standartlar\u0131 y\u00fcksek bir T\u00fcrkiye&#8217;yi in\u015fa ederek daha g\u00fc\u00e7l\u00fc bir hale getirece\u011fiz. Direni\u015f miras\u0131m\u0131z\u0131 kalk\u0131nma ile ta\u00e7land\u0131raca\u011f\u0131z. Ba\u011f\u0131ms\u0131zl\u0131k idealimizi, \u00f6zg\u00fcrl\u00fcklerimizi art\u0131rarak ta\u00e7land\u0131raca\u011f\u0131z ve b\u00fct\u00fcn bunlar\u0131n \u00fczerinde birle\u015fen, b\u00fct\u00fcnle\u015fen g\u00fc\u00e7l\u00fc bir T\u00fcrkiye olarak yolumuza devam edece\u011fiz. \u015eunu s\u00f6ylemek istiyorum \u00f6zetle&#8230; Bu co\u011frafyada d\u00fcn de g\u00fc\u00e7s\u00fcz oldu\u011funuz zaman ayakta durman\u0131z m\u00fcmk\u00fcn de\u011fildi, bug\u00fcn de g\u00fc\u00e7s\u00fcz olursan\u0131z ayakta durman\u0131z m\u00fcmk\u00fcn de\u011fildir. G\u00fc\u00e7l\u00fc olman\u0131n ilk \u015fart\u0131 da i\u00e7 cepheyi tahkim etmek, \u00f6zg\u00fcrl\u00fcklere, milli egemenli\u011fe sahip \u00e7\u0131kmak ama birlik ve beraberli\u011fimizi tahkim etmektir. Biz bir olduk\u00e7a, beraber olduk\u00e7a, bu \u00fclkenin her bir yerinde insanlar\u0131m\u0131z huzur ve g\u00fcvenlik i\u00e7erisinde olduk\u00e7a, Allah&#8217;\u0131n izniyle bu \u00fclkenin s\u0131rt\u0131n\u0131 yere getirecek hi\u00e7bir g\u00fc\u00e7 yoktur.&#8221;<\/p>\n<p>&#13;<br \/>\n\tKurtulmu\u015f, Gazi Mustafa Kemal Atat\u00fcrk ba\u015fta olmak \u00fczere ba\u011f\u0131ms\u0131zl\u0131k m\u00fccadelesinin kahramanlar\u0131n\u0131 minnetle ve \u015f\u00fckranla yad etti.<\/p>\n<p>&#13;<br \/>\n\t&#8220;Onlar\u0131n m\u00fccadelesi olmasayd\u0131 biz bug\u00fcn burada oturuyor olmayacakt\u0131k, TBMM burada, egemen bir T\u00fcrkiye&#8217;nin sesi olarak var olmayacakt\u0131.&#8221; diyen Kurtulmu\u015f, &#8220;Onun i\u00e7in diyoruz ki, hep beraber ge\u00e7mi\u015ften getirdi\u011fimiz bu ruha sahip \u00e7\u0131kaca\u011f\u0131z, \u00fclkemizi daha ileriye ta\u015f\u0131yaca\u011f\u0131z, birli\u011fimizi b\u00fcy\u00fctece\u011fiz, \u00fclkemizi g\u00fc\u00e7lendirece\u011fiz ve hep birlikte yolumuza daha g\u00fc\u00e7l\u00fc bir \u015fekilde devam edece\u011fiz.&#8221; ifadelerini kulland\u0131.<\/p>\n<p>&#13;<br \/>\n\tTBMM Ba\u015fkan\u0131 Kurtulmu\u015f, programda eme\u011fi ge\u00e7enlere te\u015fekk\u00fcr ederek, \u0130stiklal Madalyas\u0131&#8217;n\u0131n Trabzon&#8217;a hay\u0131rl\u0131 ve u\u011furlu olmas\u0131n\u0131 diledi.<\/p>\n<h2>&#13;<br \/>\n\tNotlar<\/h2>\n<p>&#13;<br \/>\n\tTBMM \u015eeref Hol\u00fc&#8217;nde d\u00fczenlenen program sayg\u0131 duru\u015fu ve \u0130stiklal Mar\u015f\u0131 ile ba\u015flad\u0131. Kur&#8217;an-\u0131 Kerim tilavetinin ard\u0131ndan dua edildi.<\/p>\n<p>&#13;<br \/>\n\tKonu\u015fmalar\u0131n ard\u0131ndan TBMM Ba\u015fkan\u0131 Kurtulmu\u015f, Milli Savunma Bakan\u0131 Ya\u015far G\u00fcler ve Ula\u015ft\u0131rma ve Altyap\u0131 Bakan\u0131 Abdulkadir Uralo\u011flu taraf\u0131ndan Trabzon Valisi Aziz Y\u0131ld\u0131r\u0131m&#8217;a, Trabzon&#8217;un \u0130stiklal Madalyas\u0131 Berat\u0131 ile \u0130stiklal Madalyas\u0131 verildi.<\/p>\n<p>&#13;<br \/>\n\tT\u00f6rene, TBMM Ba\u015fkanvekili Tekin Bing\u00f6l, TBMM Bay\u0131nd\u0131rl\u0131k, \u0130mar, Ula\u015ft\u0131rma ve Turizm Komisyonu Ba\u015fkan\u0131 Adil Karaismailo\u011flu, AK Parti Grup Ba\u015fkanvekili Abdulhamit G\u00fcl, Trabzon milletvekilleri ve il protokol\u00fc, \u015fehit aileleri ile gaziler ve yak\u0131nlar\u0131 kat\u0131ld\u0131.<\/p>\n<\/p><\/div>\n","protected":false},"excerpt":{"rendered":"<p>&#13; TBMM Ba\u015fkan\u0131 Numan Kurtulmu\u015f, TBMM \u015eeref Hol\u00fc&#8217;nde d\u00fczenlenen Trabzon&#8217;a \u0130stiklal Madalyas\u0131 Takdim T\u00f6reni&#8217;nde yapt\u0131\u011f\u0131 konu\u015fmada, b\u00f6ylesine \u00f6nemli bir t\u00f6renin par\u00e7as\u0131 olmaktan duydu\u011fu memnuniyeti dile getirdi. &#13; Bug\u00fcnk\u00fc t\u00f6renle gecikmi\u015f bir vefan\u0131n ve takdirin ortaya konuldu\u011funa i\u015faret eden Kurtulmu\u015f, 101 y\u0131l \u00f6nce imzalanm\u0131\u015f bir berat\u0131n, \u0130stiklal Madalyas\u0131&#8217;yla Trabzon&#8217;a teslim edilmesinin kendileri i\u00e7in de tarihi bir<\/p>\n","protected":false},"author":1,"featured_media":89731,"comment_status":"open","ping_status":"open","sticky":false,"template":"","format":"standard","meta":{"footnotes":""},"categories":[101,86],"tags":[],"class_list":["post-89730","post","type-post","status-publish","format-standard","has-post-thumbnail","hentry","category-manset","category-turkiye"],"yoast_head":"<!-- This site is optimized with the Yoast SEO plugin v27.5 - https:\/\/yoast.com\/product\/yoast-seo-wordpress\/ -->\n<title>S\u00fcre\u00e7 i\u00e7erisinde ter\u00f6r \u00f6rg\u00fct\u00fcyle hi\u00e7bir pazarl\u0131k yap\u0131lmam\u0131\u015f ve bundan sonra da yap\u0131lmayacakt\u0131r -<\/title>\n<meta name=\"robots\" content=\"index, follow, max-snippet:-1, max-image-preview:large, max-video-preview:-1\" \/>\n<link rel=\"canonical\" href=\"https:\/\/kibrisdakik.com\/?p=89730\" \/>\n<meta property=\"og:locale\" content=\"tr_TR\" \/>\n<meta property=\"og:type\" content=\"article\" \/>\n<meta property=\"og:title\" content=\"S\u00fcre\u00e7 i\u00e7erisinde ter\u00f6r \u00f6rg\u00fct\u00fcyle hi\u00e7bir pazarl\u0131k yap\u0131lmam\u0131\u015f ve bundan sonra da yap\u0131lmayacakt\u0131r -\" \/>\n<meta property=\"og:description\" content=\"&#013; TBMM Ba\u015fkan\u0131 Numan Kurtulmu\u015f, TBMM \u015eeref Hol\u00fc&#8217;nde d\u00fczenlenen Trabzon&#8217;a \u0130stiklal Madalyas\u0131 Takdim T\u00f6reni&#8217;nde yapt\u0131\u011f\u0131 konu\u015fmada, b\u00f6ylesine \u00f6nemli bir t\u00f6renin par\u00e7as\u0131 olmaktan duydu\u011fu memnuniyeti dile getirdi. &#013; Bug\u00fcnk\u00fc t\u00f6renle gecikmi\u015f bir vefan\u0131n ve takdirin ortaya konuldu\u011funa i\u015faret eden Kurtulmu\u015f, 101 y\u0131l \u00f6nce imzalanm\u0131\u015f bir berat\u0131n, \u0130stiklal Madalyas\u0131&#8217;yla Trabzon&#8217;a teslim edilmesinin kendileri i\u00e7in de tarihi bir\" \/>\n<meta property=\"og:url\" content=\"https:\/\/kibrisdakik.com\/?p=89730\" \/>\n<meta property=\"article:published_time\" content=\"2025-08-21T14:50:25+00:00\" \/>\n<meta property=\"og:image\" content=\"https:\/\/kibrisdakik.com\/wp-content\/uploads\/2025\/08\/numan-kurtulmus-aa-2390585-740x420.jpg\" \/>\n\t<meta property=\"og:image:width\" content=\"1280\" \/>\n\t<meta property=\"og:image:height\" content=\"720\" \/>\n\t<meta property=\"og:image:type\" content=\"image\/jpeg\" \/>\n<meta name=\"author\" content=\"admin\" \/>\n<meta name=\"twitter:card\" content=\"summary_large_image\" \/>\n<meta name=\"twitter:label1\" content=\"Yazan:\" \/>\n\t<meta name=\"twitter:data1\" content=\"admin\" \/>\n\t<meta name=\"twitter:label2\" content=\"Tahmini okuma s\u00fcresi\" \/>\n\t<meta name=\"twitter:data2\" content=\"9 dakika\" \/>\n<script type=\"application\/ld+json\" class=\"yoast-schema-graph\">{\"@context\":\"https:\\\/\\\/schema.org\",\"@graph\":[{\"@type\":\"Article\",\"@id\":\"https:\\\/\\\/kibrisdakik.com\\\/?p=89730#article\",\"isPartOf\":{\"@id\":\"https:\\\/\\\/kibrisdakik.com\\\/?p=89730\"},\"author\":{\"name\":\"admin\",\"@id\":\"https:\\\/\\\/kibrisdakik.com\\\/#\\\/schema\\\/person\\\/9cd9d437bbb44f72b73ba127e06d8e79\"},\"headline\":\"S\u00fcre\u00e7 i\u00e7erisinde ter\u00f6r \u00f6rg\u00fct\u00fcyle hi\u00e7bir pazarl\u0131k yap\u0131lmam\u0131\u015f ve bundan sonra da yap\u0131lmayacakt\u0131r\",\"datePublished\":\"2025-08-21T14:50:25+00:00\",\"mainEntityOfPage\":{\"@id\":\"https:\\\/\\\/kibrisdakik.com\\\/?p=89730\"},\"wordCount\":1839,\"commentCount\":0,\"image\":{\"@id\":\"https:\\\/\\\/kibrisdakik.com\\\/?p=89730#primaryimage\"},\"thumbnailUrl\":\"https:\\\/\\\/kibrisdakik.com\\\/wp-content\\\/uploads\\\/2025\\\/08\\\/numan-kurtulmus-aa-2390585-740x420.jpg\",\"articleSection\":[\"Man\u015fet\",\"T\u00fcrkiye\"],\"inLanguage\":\"tr\",\"potentialAction\":[{\"@type\":\"CommentAction\",\"name\":\"Comment\",\"target\":[\"https:\\\/\\\/kibrisdakik.com\\\/?p=89730#respond\"]}]},{\"@type\":\"WebPage\",\"@id\":\"https:\\\/\\\/kibrisdakik.com\\\/?p=89730\",\"url\":\"https:\\\/\\\/kibrisdakik.com\\\/?p=89730\",\"name\":\"S\u00fcre\u00e7 i\u00e7erisinde ter\u00f6r \u00f6rg\u00fct\u00fcyle hi\u00e7bir pazarl\u0131k yap\u0131lmam\u0131\u015f ve bundan sonra da yap\u0131lmayacakt\u0131r -\",\"isPartOf\":{\"@id\":\"https:\\\/\\\/kibrisdakik.com\\\/#website\"},\"primaryImageOfPage\":{\"@id\":\"https:\\\/\\\/kibrisdakik.com\\\/?p=89730#primaryimage\"},\"image\":{\"@id\":\"https:\\\/\\\/kibrisdakik.com\\\/?p=89730#primaryimage\"},\"thumbnailUrl\":\"https:\\\/\\\/kibrisdakik.com\\\/wp-content\\\/uploads\\\/2025\\\/08\\\/numan-kurtulmus-aa-2390585-740x420.jpg\",\"datePublished\":\"2025-08-21T14:50:25+00:00\",\"author\":{\"@id\":\"https:\\\/\\\/kibrisdakik.com\\\/#\\\/schema\\\/person\\\/9cd9d437bbb44f72b73ba127e06d8e79\"},\"breadcrumb\":{\"@id\":\"https:\\\/\\\/kibrisdakik.com\\\/?p=89730#breadcrumb\"},\"inLanguage\":\"tr\",\"potentialAction\":[{\"@type\":\"ReadAction\",\"target\":[\"https:\\\/\\\/kibrisdakik.com\\\/?p=89730\"]}]},{\"@type\":\"ImageObject\",\"inLanguage\":\"tr\",\"@id\":\"https:\\\/\\\/kibrisdakik.com\\\/?p=89730#primaryimage\",\"url\":\"https:\\\/\\\/kibrisdakik.com\\\/wp-content\\\/uploads\\\/2025\\\/08\\\/numan-kurtulmus-aa-2390585-740x420.jpg\",\"contentUrl\":\"https:\\\/\\\/kibrisdakik.com\\\/wp-content\\\/uploads\\\/2025\\\/08\\\/numan-kurtulmus-aa-2390585-740x420.jpg\",\"width\":1280,\"height\":720},{\"@type\":\"BreadcrumbList\",\"@id\":\"https:\\\/\\\/kibrisdakik.com\\\/?p=89730#breadcrumb\",\"itemListElement\":[{\"@type\":\"ListItem\",\"position\":1,\"name\":\"Home\",\"item\":\"https:\\\/\\\/kibrisdakik.com\\\/\"},{\"@type\":\"ListItem\",\"position\":2,\"name\":\"S\u00fcre\u00e7 i\u00e7erisinde ter\u00f6r \u00f6rg\u00fct\u00fcyle hi\u00e7bir pazarl\u0131k yap\u0131lmam\u0131\u015f ve bundan sonra da yap\u0131lmayacakt\u0131r\"}]},{\"@type\":\"WebSite\",\"@id\":\"https:\\\/\\\/kibrisdakik.com\\\/#website\",\"url\":\"https:\\\/\\\/kibrisdakik.com\\\/\",\"name\":\"\",\"description\":\"Tam vaktinde haber\",\"potentialAction\":[{\"@type\":\"SearchAction\",\"target\":{\"@type\":\"EntryPoint\",\"urlTemplate\":\"https:\\\/\\\/kibrisdakik.com\\\/?s={search_term_string}\"},\"query-input\":{\"@type\":\"PropertyValueSpecification\",\"valueRequired\":true,\"valueName\":\"search_term_string\"}}],\"inLanguage\":\"tr\"},{\"@type\":\"Person\",\"@id\":\"https:\\\/\\\/kibrisdakik.com\\\/#\\\/schema\\\/person\\\/9cd9d437bbb44f72b73ba127e06d8e79\",\"name\":\"admin\",\"image\":{\"@type\":\"ImageObject\",\"inLanguage\":\"tr\",\"@id\":\"https:\\\/\\\/secure.gravatar.com\\\/avatar\\\/ccc17943b9d660506c869530f897617f7cb1c21a4bf30023f252596d83e1f007?s=96&d=mm&r=g\",\"url\":\"https:\\\/\\\/secure.gravatar.com\\\/avatar\\\/ccc17943b9d660506c869530f897617f7cb1c21a4bf30023f252596d83e1f007?s=96&d=mm&r=g\",\"contentUrl\":\"https:\\\/\\\/secure.gravatar.com\\\/avatar\\\/ccc17943b9d660506c869530f897617f7cb1c21a4bf30023f252596d83e1f007?s=96&d=mm&r=g\",\"caption\":\"admin\"},\"sameAs\":[\"https:\\\/\\\/kibrisdakik.com\"],\"url\":\"https:\\\/\\\/kibrisdakik.com\\\/?author=1\"}]}<\/script>\n<!-- \/ Yoast SEO plugin. -->","yoast_head_json":{"title":"S\u00fcre\u00e7 i\u00e7erisinde ter\u00f6r \u00f6rg\u00fct\u00fcyle hi\u00e7bir pazarl\u0131k yap\u0131lmam\u0131\u015f ve bundan sonra da yap\u0131lmayacakt\u0131r -","robots":{"index":"index","follow":"follow","max-snippet":"max-snippet:-1","max-image-preview":"max-image-preview:large","max-video-preview":"max-video-preview:-1"},"canonical":"https:\/\/kibrisdakik.com\/?p=89730","og_locale":"tr_TR","og_type":"article","og_title":"S\u00fcre\u00e7 i\u00e7erisinde ter\u00f6r \u00f6rg\u00fct\u00fcyle hi\u00e7bir pazarl\u0131k yap\u0131lmam\u0131\u015f ve bundan sonra da yap\u0131lmayacakt\u0131r -","og_description":"&#13; TBMM Ba\u015fkan\u0131 Numan Kurtulmu\u015f, TBMM \u015eeref Hol\u00fc&#8217;nde d\u00fczenlenen Trabzon&#8217;a \u0130stiklal Madalyas\u0131 Takdim T\u00f6reni&#8217;nde yapt\u0131\u011f\u0131 konu\u015fmada, b\u00f6ylesine \u00f6nemli bir t\u00f6renin par\u00e7as\u0131 olmaktan duydu\u011fu memnuniyeti dile getirdi. &#13; Bug\u00fcnk\u00fc t\u00f6renle gecikmi\u015f bir vefan\u0131n ve takdirin ortaya konuldu\u011funa i\u015faret eden Kurtulmu\u015f, 101 y\u0131l \u00f6nce imzalanm\u0131\u015f bir berat\u0131n, \u0130stiklal Madalyas\u0131&#8217;yla Trabzon&#8217;a teslim edilmesinin kendileri i\u00e7in de tarihi bir","og_url":"https:\/\/kibrisdakik.com\/?p=89730","article_published_time":"2025-08-21T14:50:25+00:00","og_image":[{"width":1280,"height":720,"url":"https:\/\/kibrisdakik.com\/wp-content\/uploads\/2025\/08\/numan-kurtulmus-aa-2390585-740x420.jpg","type":"image\/jpeg"}],"author":"admin","twitter_card":"summary_large_image","twitter_misc":{"Yazan:":"admin","Tahmini okuma s\u00fcresi":"9 dakika"},"schema":{"@context":"https:\/\/schema.org","@graph":[{"@type":"Article","@id":"https:\/\/kibrisdakik.com\/?p=89730#article","isPartOf":{"@id":"https:\/\/kibrisdakik.com\/?p=89730"},"author":{"name":"admin","@id":"https:\/\/kibrisdakik.com\/#\/schema\/person\/9cd9d437bbb44f72b73ba127e06d8e79"},"headline":"S\u00fcre\u00e7 i\u00e7erisinde ter\u00f6r \u00f6rg\u00fct\u00fcyle hi\u00e7bir pazarl\u0131k yap\u0131lmam\u0131\u015f ve bundan sonra da yap\u0131lmayacakt\u0131r","datePublished":"2025-08-21T14:50:25+00:00","mainEntityOfPage":{"@id":"https:\/\/kibrisdakik.com\/?p=89730"},"wordCount":1839,"commentCount":0,"image":{"@id":"https:\/\/kibrisdakik.com\/?p=89730#primaryimage"},"thumbnailUrl":"https:\/\/kibrisdakik.com\/wp-content\/uploads\/2025\/08\/numan-kurtulmus-aa-2390585-740x420.jpg","articleSection":["Man\u015fet","T\u00fcrkiye"],"inLanguage":"tr","potentialAction":[{"@type":"CommentAction","name":"Comment","target":["https:\/\/kibrisdakik.com\/?p=89730#respond"]}]},{"@type":"WebPage","@id":"https:\/\/kibrisdakik.com\/?p=89730","url":"https:\/\/kibrisdakik.com\/?p=89730","name":"S\u00fcre\u00e7 i\u00e7erisinde ter\u00f6r \u00f6rg\u00fct\u00fcyle hi\u00e7bir pazarl\u0131k yap\u0131lmam\u0131\u015f ve bundan sonra da yap\u0131lmayacakt\u0131r -","isPartOf":{"@id":"https:\/\/kibrisdakik.com\/#website"},"primaryImageOfPage":{"@id":"https:\/\/kibrisdakik.com\/?p=89730#primaryimage"},"image":{"@id":"https:\/\/kibrisdakik.com\/?p=89730#primaryimage"},"thumbnailUrl":"https:\/\/kibrisdakik.com\/wp-content\/uploads\/2025\/08\/numan-kurtulmus-aa-2390585-740x420.jpg","datePublished":"2025-08-21T14:50:25+00:00","author":{"@id":"https:\/\/kibrisdakik.com\/#\/schema\/person\/9cd9d437bbb44f72b73ba127e06d8e79"},"breadcrumb":{"@id":"https:\/\/kibrisdakik.com\/?p=89730#breadcrumb"},"inLanguage":"tr","potentialAction":[{"@type":"ReadAction","target":["https:\/\/kibrisdakik.com\/?p=89730"]}]},{"@type":"ImageObject","inLanguage":"tr","@id":"https:\/\/kibrisdakik.com\/?p=89730#primaryimage","url":"https:\/\/kibrisdakik.com\/wp-content\/uploads\/2025\/08\/numan-kurtulmus-aa-2390585-740x420.jpg","contentUrl":"https:\/\/kibrisdakik.com\/wp-content\/uploads\/2025\/08\/numan-kurtulmus-aa-2390585-740x420.jpg","width":1280,"height":720},{"@type":"BreadcrumbList","@id":"https:\/\/kibrisdakik.com\/?p=89730#breadcrumb","itemListElement":[{"@type":"ListItem","position":1,"name":"Home","item":"https:\/\/kibrisdakik.com\/"},{"@type":"ListItem","position":2,"name":"S\u00fcre\u00e7 i\u00e7erisinde ter\u00f6r \u00f6rg\u00fct\u00fcyle hi\u00e7bir pazarl\u0131k yap\u0131lmam\u0131\u015f ve bundan sonra da yap\u0131lmayacakt\u0131r"}]},{"@type":"WebSite","@id":"https:\/\/kibrisdakik.com\/#website","url":"https:\/\/kibrisdakik.com\/","name":"","description":"Tam vaktinde haber","potentialAction":[{"@type":"SearchAction","target":{"@type":"EntryPoint","urlTemplate":"https:\/\/kibrisdakik.com\/?s={search_term_string}"},"query-input":{"@type":"PropertyValueSpecification","valueRequired":true,"valueName":"search_term_string"}}],"inLanguage":"tr"},{"@type":"Person","@id":"https:\/\/kibrisdakik.com\/#\/schema\/person\/9cd9d437bbb44f72b73ba127e06d8e79","name":"admin","image":{"@type":"ImageObject","inLanguage":"tr","@id":"https:\/\/secure.gravatar.com\/avatar\/ccc17943b9d660506c869530f897617f7cb1c21a4bf30023f252596d83e1f007?s=96&d=mm&r=g","url":"https:\/\/secure.gravatar.com\/avatar\/ccc17943b9d660506c869530f897617f7cb1c21a4bf30023f252596d83e1f007?s=96&d=mm&r=g","contentUrl":"https:\/\/secure.gravatar.com\/avatar\/ccc17943b9d660506c869530f897617f7cb1c21a4bf30023f252596d83e1f007?s=96&d=mm&r=g","caption":"admin"},"sameAs":["https:\/\/kibrisdakik.com"],"url":"https:\/\/kibrisdakik.com\/?author=1"}]}},"_links":{"self":[{"href":"https:\/\/kibrisdakik.com\/index.php?rest_route=\/wp\/v2\/posts\/89730","targetHints":{"allow":["GET"]}}],"collection":[{"href":"https:\/\/kibrisdakik.com\/index.php?rest_route=\/wp\/v2\/posts"}],"about":[{"href":"https:\/\/kibrisdakik.com\/index.php?rest_route=\/wp\/v2\/types\/post"}],"author":[{"embeddable":true,"href":"https:\/\/kibrisdakik.com\/index.php?rest_route=\/wp\/v2\/users\/1"}],"replies":[{"embeddable":true,"href":"https:\/\/kibrisdakik.com\/index.php?rest_route=%2Fwp%2Fv2%2Fcomments&post=89730"}],"version-history":[{"count":0,"href":"https:\/\/kibrisdakik.com\/index.php?rest_route=\/wp\/v2\/posts\/89730\/revisions"}],"wp:featuredmedia":[{"embeddable":true,"href":"https:\/\/kibrisdakik.com\/index.php?rest_route=\/wp\/v2\/media\/89731"}],"wp:attachment":[{"href":"https:\/\/kibrisdakik.com\/index.php?rest_route=%2Fwp%2Fv2%2Fmedia&parent=89730"}],"wp:term":[{"taxonomy":"category","embeddable":true,"href":"https:\/\/kibrisdakik.com\/index.php?rest_route=%2Fwp%2Fv2%2Fcategories&post=89730"},{"taxonomy":"post_tag","embeddable":true,"href":"https:\/\/kibrisdakik.com\/index.php?rest_route=%2Fwp%2Fv2%2Ftags&post=89730"}],"curies":[{"name":"wp","href":"https:\/\/api.w.org\/{rel}","templated":true}]}}